{"id":3125,"date":"2007-03-13T00:00:00","date_gmt":"2007-03-13T03:00:00","guid":{"rendered":"https:\/\/clam.fw2web.com.br\/es\/2007\/03\/13\/en-el-dia-de-la-mujer-los-derechos-y-la-equidad-de-genero-tienen-la-palabra\/"},"modified":"2023-06-14T07:49:36","modified_gmt":"2023-06-14T10:49:36","slug":"en-el-dia-de-la-mujer-los-derechos-y-la-equidad-de-genero-tienen-la-palabra","status":"publish","type":"post","link":"https:\/\/clam.org.br\/es\/en-los-medios\/en-el-dia-de-la-mujer-los-derechos-y-la-equidad-de-genero-tienen-la-palabra\/3125\/","title":{"rendered":"En el d\u00eda de la mujer, los derechos y la equidad de g\u00e9nero tienen la palabra"},"content":{"rendered":"<p>Con conciertos, marchas, eventos culturales y acad\u00e9micos, las organizaciones de mujeres recuerdan que a pesar de los avances, las cosas no son tan f\u00e1ciles todav\u00eda. Para que mejore la situaci\u00f3n, se debatir\u00e1 en el Senado un proyecto de ley contra la violencia de g\u00e9nero, una de las mayores amenazas para las colombianas.<BR> <a href=\"http:\/\/www.semana.com\/wf_InfoArticulo.aspx?idArt=101412\" target=\"_blank\" rel=\"noopener\">Texto completo<\/A><\/p>\n","protected":false},"excerpt":{"rendered":"<p>Con conciertos, marchas, eventos culturales y acad\u00e9micos, las organizaciones de mujeres recuerdan que a pesar de los avances, las cosas no son tan f\u00e1ciles todav\u00eda. Para que mejore la situaci\u00f3n, se debatir\u00e1 en el Senado un proyecto de ley contra la violencia de g\u00e9nero, una de las mayores amenazas para las colombianas.<\/p>\n","protected":false},"author":1,"featured_media":0,"comment_status":"open","ping_status":"open","sticky":false,"template":"","format":"standard","meta":{"_acf_changed":false,"site-sidebar-layout":"default","site-content-layout":"default","ast-global-header-display":"","ast-main-header-display":"","ast-hfb-above-header-display":"","ast-hfb-below-header-display":"","ast-hfb-mobile-header-display":"","site-post-title":"","ast-breadcrumbs-content":"","ast-featured-img":"","footer-sml-layout":"","theme-transparent-header-meta":"","adv-header-id-meta":"","stick-header-meta":"","header-above-stick-meta":"","header-main-stick-meta":"","header-below-stick-meta":"","_jetpack_memberships_contains_paid_content":false,"footnotes":""},"categories":[27],"tags":[],"class_list":["post-3125","post","type-post","status-publish","format-standard","hentry","category-en-los-medios"],"acf":[],"yoast_head":"<!-- This site is optimized with the Yoast SEO plugin v26.1.1 - https:\/\/yoast.com\/wordpress\/plugins\/seo\/ -->\n<title>En el d\u00eda de la mujer, los derechos y la equidad de g\u00e9nero tienen la palabra - CLAM - ES<\/title>\n<meta name=\"robots\" content=\"index, follow, max-snippet:-1, max-image-preview:large, max-video-preview:-1\" \/>\n<link rel=\"canonical\" href=\"https:\/\/clam.org.br\/es\/en-los-medios\/en-el-dia-de-la-mujer-los-derechos-y-la-equidad-de-genero-tienen-la-palabra\/3125\/\" \/>\n<meta property=\"og:locale\" content=\"es_ES\" \/>\n<meta property=\"og:type\" content=\"article\" \/>\n<meta property=\"og:title\" content=\"En el d\u00eda de la mujer, los derechos y la equidad de g\u00e9nero tienen la palabra - CLAM - ES\" \/>\n<meta property=\"og:description\" content=\"Con conciertos, marchas, eventos culturales y acad\u00e9micos, las organizaciones de mujeres recuerdan que a pesar de los avances, las cosas no son tan f\u00e1ciles todav\u00eda. Para que mejore la situaci\u00f3n, se debatir\u00e1 en el Senado un proyecto de ley contra la violencia de g\u00e9nero, una de las mayores amenazas para las colombianas.\" \/>\n<meta property=\"og:url\" content=\"https:\/\/clam.org.br\/es\/en-los-medios\/en-el-dia-de-la-mujer-los-derechos-y-la-equidad-de-genero-tienen-la-palabra\/3125\/\" \/>\n<meta property=\"og:site_name\" content=\"CLAM - ES\" \/>\n<meta property=\"article:published_time\" content=\"2007-03-13T03:00:00+00:00\" \/>\n<meta property=\"article:modified_time\" content=\"2023-06-14T10:49:36+00:00\" \/>\n<meta name=\"author\" content=\"fw2\" \/>\n<meta name=\"twitter:card\" content=\"summary_large_image\" \/>\n<meta name=\"twitter:label1\" content=\"Escrito por\" \/>\n\t<meta name=\"twitter:data1\" content=\"fw2\" \/>\n<script type=\"application\/ld+json\" class=\"yoast-schema-graph\">{\"@context\":\"https:\/\/schema.org\",\"@graph\":[{\"@type\":\"WebPage\",\"@id\":\"https:\/\/clam.org.br\/es\/en-los-medios\/en-el-dia-de-la-mujer-los-derechos-y-la-equidad-de-genero-tienen-la-palabra\/3125\/\",\"url\":\"https:\/\/clam.org.br\/es\/en-los-medios\/en-el-dia-de-la-mujer-los-derechos-y-la-equidad-de-genero-tienen-la-palabra\/3125\/\",\"name\":\"En el d\u00eda de la mujer, los derechos y la equidad de g\u00e9nero tienen la palabra - CLAM - ES\",\"isPartOf\":{\"@id\":\"https:\/\/clam.org.br\/es\/#website\"},\"datePublished\":\"2007-03-13T03:00:00+00:00\",\"dateModified\":\"2023-06-14T10:49:36+00:00\",\"author\":{\"@id\":\"https:\/\/clam.org.br\/es\/#\/schema\/person\/fbd9a86032bf7479f94b0ded196f1010\"},\"breadcrumb\":{\"@id\":\"https:\/\/clam.org.br\/es\/en-los-medios\/en-el-dia-de-la-mujer-los-derechos-y-la-equidad-de-genero-tienen-la-palabra\/3125\/#breadcrumb\"},\"inLanguage\":\"es\",\"potentialAction\":[{\"@type\":\"ReadAction\",\"target\":[\"https:\/\/clam.org.br\/es\/en-los-medios\/en-el-dia-de-la-mujer-los-derechos-y-la-equidad-de-genero-tienen-la-palabra\/3125\/\"]}]},{\"@type\":\"BreadcrumbList\",\"@id\":\"https:\/\/clam.org.br\/es\/en-los-medios\/en-el-dia-de-la-mujer-los-derechos-y-la-equidad-de-genero-tienen-la-palabra\/3125\/#breadcrumb\",\"itemListElement\":[{\"@type\":\"ListItem\",\"position\":1,\"name\":\"In\u00edcio\",\"item\":\"https:\/\/clam.org.br\/es\/\"},{\"@type\":\"ListItem\",\"position\":2,\"name\":\"En el d\u00eda de la mujer, los derechos y la equidad de g\u00e9nero tienen la palabra\"}]},{\"@type\":\"WebSite\",\"@id\":\"https:\/\/clam.org.br\/es\/#website\",\"url\":\"https:\/\/clam.org.br\/es\/\",\"name\":\"CLAM - ES\",\"description\":\"S\u00f3 mais um site CLAM - Centro Latino-Americano em Sexualidade e Direitos Humanos sites\",\"potentialAction\":[{\"@type\":\"SearchAction\",\"target\":{\"@type\":\"EntryPoint\",\"urlTemplate\":\"https:\/\/clam.org.br\/es\/?s={search_term_string}\"},\"query-input\":{\"@type\":\"PropertyValueSpecification\",\"valueRequired\":true,\"valueName\":\"search_term_string\"}}],\"inLanguage\":\"es\"},{\"@type\":\"Person\",\"@id\":\"https:\/\/clam.org.br\/es\/#\/schema\/person\/fbd9a86032bf7479f94b0ded196f1010\",\"name\":\"fw2\",\"image\":{\"@type\":\"ImageObject\",\"inLanguage\":\"es\",\"@id\":\"https:\/\/clam.org.br\/es\/#\/schema\/person\/image\/\",\"url\":\"https:\/\/secure.gravatar.com\/avatar\/c38472c0cdbde82d9b6fcc26adb3779d?s=96&d=mm&r=g\",\"contentUrl\":\"https:\/\/secure.gravatar.com\/avatar\/c38472c0cdbde82d9b6fcc26adb3779d?s=96&d=mm&r=g\",\"caption\":\"fw2\"},\"sameAs\":[\"https:\/\/clam.fw2web.com.br\"],\"url\":\"https:\/\/clam.org.br\/es\/author\/fw2\/\"}]}<\/script>\n<!-- \/ Yoast SEO plugin. -->","yoast_head_json":{"title":"En el d\u00eda de la mujer, los derechos y la equidad de g\u00e9nero tienen la palabra - CLAM - ES","robots":{"index":"index","follow":"follow","max-snippet":"max-snippet:-1","max-image-preview":"max-image-preview:large","max-video-preview":"max-video-preview:-1"},"canonical":"https:\/\/clam.org.br\/es\/en-los-medios\/en-el-dia-de-la-mujer-los-derechos-y-la-equidad-de-genero-tienen-la-palabra\/3125\/","og_locale":"es_ES","og_type":"article","og_title":"En el d\u00eda de la mujer, los derechos y la equidad de g\u00e9nero tienen la palabra - CLAM - ES","og_description":"Con conciertos, marchas, eventos culturales y acad\u00e9micos, las organizaciones de mujeres recuerdan que a pesar de los avances, las cosas no son tan f\u00e1ciles todav\u00eda. Para que mejore la situaci\u00f3n, se debatir\u00e1 en el Senado un proyecto de ley contra la violencia de g\u00e9nero, una de las mayores amenazas para las colombianas.","og_url":"https:\/\/clam.org.br\/es\/en-los-medios\/en-el-dia-de-la-mujer-los-derechos-y-la-equidad-de-genero-tienen-la-palabra\/3125\/","og_site_name":"CLAM - ES","article_published_time":"2007-03-13T03:00:00+00:00","article_modified_time":"2023-06-14T10:49:36+00:00","author":"fw2","twitter_card":"summary_large_image","twitter_misc":{"Escrito por":"fw2"},"schema":{"@context":"https:\/\/schema.org","@graph":[{"@type":"WebPage","@id":"https:\/\/clam.org.br\/es\/en-los-medios\/en-el-dia-de-la-mujer-los-derechos-y-la-equidad-de-genero-tienen-la-palabra\/3125\/","url":"https:\/\/clam.org.br\/es\/en-los-medios\/en-el-dia-de-la-mujer-los-derechos-y-la-equidad-de-genero-tienen-la-palabra\/3125\/","name":"En el d\u00eda de la mujer, los derechos y la equidad de g\u00e9nero tienen la palabra - CLAM - ES","isPartOf":{"@id":"https:\/\/clam.org.br\/es\/#website"},"datePublished":"2007-03-13T03:00:00+00:00","dateModified":"2023-06-14T10:49:36+00:00","author":{"@id":"https:\/\/clam.org.br\/es\/#\/schema\/person\/fbd9a86032bf7479f94b0ded196f1010"},"breadcrumb":{"@id":"https:\/\/clam.org.br\/es\/en-los-medios\/en-el-dia-de-la-mujer-los-derechos-y-la-equidad-de-genero-tienen-la-palabra\/3125\/#breadcrumb"},"inLanguage":"es","potentialAction":[{"@type":"ReadAction","target":["https:\/\/clam.org.br\/es\/en-los-medios\/en-el-dia-de-la-mujer-los-derechos-y-la-equidad-de-genero-tienen-la-palabra\/3125\/"]}]},{"@type":"BreadcrumbList","@id":"https:\/\/clam.org.br\/es\/en-los-medios\/en-el-dia-de-la-mujer-los-derechos-y-la-equidad-de-genero-tienen-la-palabra\/3125\/#breadcrumb","itemListElement":[{"@type":"ListItem","position":1,"name":"In\u00edcio","item":"https:\/\/clam.org.br\/es\/"},{"@type":"ListItem","position":2,"name":"En el d\u00eda de la mujer, los derechos y la equidad de g\u00e9nero tienen la palabra"}]},{"@type":"WebSite","@id":"https:\/\/clam.org.br\/es\/#website","url":"https:\/\/clam.org.br\/es\/","name":"CLAM - ES","description":"S\u00f3 mais um site CLAM - Centro Latino-Americano em Sexualidade e Direitos Humanos sites","potentialAction":[{"@type":"SearchAction","target":{"@type":"EntryPoint","urlTemplate":"https:\/\/clam.org.br\/es\/?s={search_term_string}"},"query-input":{"@type":"PropertyValueSpecification","valueRequired":true,"valueName":"search_term_string"}}],"inLanguage":"es"},{"@type":"Person","@id":"https:\/\/clam.org.br\/es\/#\/schema\/person\/fbd9a86032bf7479f94b0ded196f1010","name":"fw2","image":{"@type":"ImageObject","inLanguage":"es","@id":"https:\/\/clam.org.br\/es\/#\/schema\/person\/image\/","url":"https:\/\/secure.gravatar.com\/avatar\/c38472c0cdbde82d9b6fcc26adb3779d?s=96&d=mm&r=g","contentUrl":"https:\/\/secure.gravatar.com\/avatar\/c38472c0cdbde82d9b6fcc26adb3779d?s=96&d=mm&r=g","caption":"fw2"},"sameAs":["https:\/\/clam.fw2web.com.br"],"url":"https:\/\/clam.org.br\/es\/author\/fw2\/"}]}},"jetpack_featured_media_url":"","jetpack_sharing_enabled":true,"_links":{"self":[{"href":"https:\/\/clam.org.br\/es\/wp-json\/wp\/v2\/posts\/3125","targetHints":{"allow":["GET"]}}],"collection":[{"href":"https:\/\/clam.org.br\/es\/wp-json\/wp\/v2\/posts"}],"about":[{"href":"https:\/\/clam.org.br\/es\/wp-json\/wp\/v2\/types\/post"}],"author":[{"embeddable":true,"href":"https:\/\/clam.org.br\/es\/wp-json\/wp\/v2\/users\/1"}],"replies":[{"embeddable":true,"href":"https:\/\/clam.org.br\/es\/wp-json\/wp\/v2\/comments?post=3125"}],"version-history":[{"count":1,"href":"https:\/\/clam.org.br\/es\/wp-json\/wp\/v2\/posts\/3125\/revisions"}],"predecessor-version":[{"id":28625,"href":"https:\/\/clam.org.br\/es\/wp-json\/wp\/v2\/posts\/3125\/revisions\/28625"}],"wp:attachment":[{"href":"https:\/\/clam.org.br\/es\/wp-json\/wp\/v2\/media?parent=3125"}],"wp:term":[{"taxonomy":"category","embeddable":true,"href":"https:\/\/clam.org.br\/es\/wp-json\/wp\/v2\/categories?post=3125"},{"taxonomy":"post_tag","embeddable":true,"href":"https:\/\/clam.org.br\/es\/wp-json\/wp\/v2\/tags?post=3125"}],"curies":[{"name":"wp","href":"https:\/\/api.w.org\/{rel}","templated":true}]}}