{"id":31589,"date":"2010-08-18T00:00:00","date_gmt":"2010-08-18T03:00:00","guid":{"rendered":"https:\/\/clam.fw2web.com.br\/es\/2010\/08\/18\/magistrado-nilson-pinilla-considera-que-la-homosexualidad-es-una-enfermedad\/"},"modified":"2010-08-18T00:00:00","modified_gmt":"2010-08-18T03:00:00","slug":"magistrado-nilson-pinilla-considera-que-la-homosexualidad-es-una-enfermedad","status":"publish","type":"post","link":"https:\/\/clam.org.br\/es\/en-los-medios\/magistrado-nilson-pinilla-considera-que-la-homosexualidad-es-una-enfermedad\/31589\/","title":{"rendered":"Magistrado Nilson Pinilla considera que la homosexualidad es una enfermedad"},"content":{"rendered":"<p><P>Siempre cre\u00ed que esto era cierto pero no se me ocurr\u00eda como probarlo. De repente record\u00e9 que tal vez ser\u00eda buena idea pedir las actas de las sesiones de sala plena. Con pocas esperanzas de encontrar algo ped\u00ed las actas, las cuales por cierto son p\u00fablicas.<BR> Eureka!!! Nilson Pinilla no s\u00f3lo dijo eso, dijo tambi\u00e9n cosas peores. A continuaci\u00f3n transcribo la posici\u00f3n homof\u00f3bica del magistrado en la discusi\u00f3n sobre el derecho a la pensi\u00f3n de sobreviviente entre compa\u00f1eros permanentes del mismo sexo (Sentencia C-336 de 2008, Acta 17 sesi\u00f3n sala plena Corte Constitucional, Abril 17 de 2008):<\/P> <P><a href=\"http:\/\/malbarracinc.blogspot.com\/2010\/08\/magistrado-nilson-pinilla-considera-que.html\" target=\"_blank\" rel=\"noopener\">Texto completo<\/A><\/P><\/p>\n","protected":false},"excerpt":{"rendered":"<p>Siempre cre\u00ed que esto era cierto pero no se me ocurr\u00eda como probarlo. De repente record\u00e9 que tal vez ser\u00eda buena idea pedir las actas de las sesiones de sala plena. Con pocas esperanzas de encontrar algo ped\u00ed las actas, las cuales por cierto son p\u00fablicas. Eureka!!! Nilson Pinilla no s\u00f3lo dijo eso, dijo tambi\u00e9n cosas peores. A continuaci\u00f3n transcribo la posici\u00f3n homof\u00f3bica del magistrado en la discusi\u00f3n sobre el derecho a la pensi\u00f3n de sobreviviente entre compa\u00f1eros permanentes del mismo sexo (Sentencia C-336 de 2008, Acta 17 sesi\u00f3n sala plena Corte Constitucional, Abril 17 de 2008):<\/p>\n","protected":false},"author":1,"featured_media":0,"comment_status":"open","ping_status":"open","sticky":false,"template":"","format":"standard","meta":{"_acf_changed":false,"site-sidebar-layout":"default","site-content-layout":"default","ast-global-header-display":"","ast-main-header-display":"","ast-hfb-above-header-display":"","ast-hfb-below-header-display":"","ast-hfb-mobile-header-display":"","site-post-title":"","ast-breadcrumbs-content":"","ast-featured-img":"","footer-sml-layout":"","theme-transparent-header-meta":"","adv-header-id-meta":"","stick-header-meta":"","header-above-stick-meta":"","header-main-stick-meta":"","header-below-stick-meta":"","_jetpack_memberships_contains_paid_content":false,"footnotes":""},"categories":[27],"tags":[],"class_list":["post-31589","post","type-post","status-publish","format-standard","hentry","category-en-los-medios"],"acf":[],"yoast_head":"<!-- This site is optimized with the Yoast SEO plugin v26.1.1 - https:\/\/yoast.com\/wordpress\/plugins\/seo\/ -->\n<title>Magistrado Nilson Pinilla considera que la homosexualidad es una enfermedad - CLAM - ES<\/title>\n<meta name=\"robots\" content=\"index, follow, max-snippet:-1, max-image-preview:large, max-video-preview:-1\" \/>\n<link rel=\"canonical\" href=\"https:\/\/clam.org.br\/es\/en-los-medios\/magistrado-nilson-pinilla-considera-que-la-homosexualidad-es-una-enfermedad\/31589\/\" \/>\n<meta property=\"og:locale\" content=\"es_ES\" \/>\n<meta property=\"og:type\" content=\"article\" \/>\n<meta property=\"og:title\" content=\"Magistrado Nilson Pinilla considera que la homosexualidad es una enfermedad - CLAM - ES\" \/>\n<meta property=\"og:description\" content=\"Siempre cre\u00ed que esto era cierto pero no se me ocurr\u00eda como probarlo. De repente record\u00e9 que tal vez ser\u00eda buena idea pedir las actas de las sesiones de sala plena. Con pocas esperanzas de encontrar algo ped\u00ed las actas, las cuales por cierto son p\u00fablicas. Eureka!!! Nilson Pinilla no s\u00f3lo dijo eso, dijo tambi\u00e9n cosas peores. A continuaci\u00f3n transcribo la posici\u00f3n homof\u00f3bica del magistrado en la discusi\u00f3n sobre el derecho a la pensi\u00f3n de sobreviviente entre compa\u00f1eros permanentes del mismo sexo (Sentencia C-336 de 2008, Acta 17 sesi\u00f3n sala plena Corte Constitucional, Abril 17 de 2008):\" \/>\n<meta property=\"og:url\" content=\"https:\/\/clam.org.br\/es\/en-los-medios\/magistrado-nilson-pinilla-considera-que-la-homosexualidad-es-una-enfermedad\/31589\/\" \/>\n<meta property=\"og:site_name\" content=\"CLAM - ES\" \/>\n<meta property=\"article:published_time\" content=\"2010-08-18T03:00:00+00:00\" \/>\n<meta name=\"author\" content=\"fw2\" \/>\n<meta name=\"twitter:card\" content=\"summary_large_image\" \/>\n<meta name=\"twitter:label1\" content=\"Escrito por\" \/>\n\t<meta name=\"twitter:data1\" content=\"fw2\" \/>\n\t<meta name=\"twitter:label2\" content=\"Tiempo de lectura\" \/>\n\t<meta name=\"twitter:data2\" content=\"1 minuto\" \/>\n<script type=\"application\/ld+json\" class=\"yoast-schema-graph\">{\"@context\":\"https:\/\/schema.org\",\"@graph\":[{\"@type\":\"WebPage\",\"@id\":\"https:\/\/clam.org.br\/es\/en-los-medios\/magistrado-nilson-pinilla-considera-que-la-homosexualidad-es-una-enfermedad\/31589\/\",\"url\":\"https:\/\/clam.org.br\/es\/en-los-medios\/magistrado-nilson-pinilla-considera-que-la-homosexualidad-es-una-enfermedad\/31589\/\",\"name\":\"Magistrado Nilson Pinilla considera que la homosexualidad es una enfermedad - CLAM - ES\",\"isPartOf\":{\"@id\":\"https:\/\/clam.org.br\/es\/#website\"},\"datePublished\":\"2010-08-18T03:00:00+00:00\",\"author\":{\"@id\":\"https:\/\/clam.org.br\/es\/#\/schema\/person\/fbd9a86032bf7479f94b0ded196f1010\"},\"breadcrumb\":{\"@id\":\"https:\/\/clam.org.br\/es\/en-los-medios\/magistrado-nilson-pinilla-considera-que-la-homosexualidad-es-una-enfermedad\/31589\/#breadcrumb\"},\"inLanguage\":\"es\",\"potentialAction\":[{\"@type\":\"ReadAction\",\"target\":[\"https:\/\/clam.org.br\/es\/en-los-medios\/magistrado-nilson-pinilla-considera-que-la-homosexualidad-es-una-enfermedad\/31589\/\"]}]},{\"@type\":\"BreadcrumbList\",\"@id\":\"https:\/\/clam.org.br\/es\/en-los-medios\/magistrado-nilson-pinilla-considera-que-la-homosexualidad-es-una-enfermedad\/31589\/#breadcrumb\",\"itemListElement\":[{\"@type\":\"ListItem\",\"position\":1,\"name\":\"In\u00edcio\",\"item\":\"https:\/\/clam.org.br\/es\/\"},{\"@type\":\"ListItem\",\"position\":2,\"name\":\"Magistrado Nilson Pinilla considera que la homosexualidad es una enfermedad\"}]},{\"@type\":\"WebSite\",\"@id\":\"https:\/\/clam.org.br\/es\/#website\",\"url\":\"https:\/\/clam.org.br\/es\/\",\"name\":\"CLAM - ES\",\"description\":\"S\u00f3 mais um site CLAM - Centro Latino-Americano em Sexualidade e Direitos Humanos sites\",\"potentialAction\":[{\"@type\":\"SearchAction\",\"target\":{\"@type\":\"EntryPoint\",\"urlTemplate\":\"https:\/\/clam.org.br\/es\/?s={search_term_string}\"},\"query-input\":{\"@type\":\"PropertyValueSpecification\",\"valueRequired\":true,\"valueName\":\"search_term_string\"}}],\"inLanguage\":\"es\"},{\"@type\":\"Person\",\"@id\":\"https:\/\/clam.org.br\/es\/#\/schema\/person\/fbd9a86032bf7479f94b0ded196f1010\",\"name\":\"fw2\",\"image\":{\"@type\":\"ImageObject\",\"inLanguage\":\"es\",\"@id\":\"https:\/\/clam.org.br\/es\/#\/schema\/person\/image\/\",\"url\":\"https:\/\/secure.gravatar.com\/avatar\/c38472c0cdbde82d9b6fcc26adb3779d?s=96&d=mm&r=g\",\"contentUrl\":\"https:\/\/secure.gravatar.com\/avatar\/c38472c0cdbde82d9b6fcc26adb3779d?s=96&d=mm&r=g\",\"caption\":\"fw2\"},\"sameAs\":[\"https:\/\/clam.fw2web.com.br\"],\"url\":\"https:\/\/clam.org.br\/es\/author\/fw2\/\"}]}<\/script>\n<!-- \/ Yoast SEO plugin. -->","yoast_head_json":{"title":"Magistrado Nilson Pinilla considera que la homosexualidad es una enfermedad - CLAM - ES","robots":{"index":"index","follow":"follow","max-snippet":"max-snippet:-1","max-image-preview":"max-image-preview:large","max-video-preview":"max-video-preview:-1"},"canonical":"https:\/\/clam.org.br\/es\/en-los-medios\/magistrado-nilson-pinilla-considera-que-la-homosexualidad-es-una-enfermedad\/31589\/","og_locale":"es_ES","og_type":"article","og_title":"Magistrado Nilson Pinilla considera que la homosexualidad es una enfermedad - CLAM - ES","og_description":"Siempre cre\u00ed que esto era cierto pero no se me ocurr\u00eda como probarlo. De repente record\u00e9 que tal vez ser\u00eda buena idea pedir las actas de las sesiones de sala plena. Con pocas esperanzas de encontrar algo ped\u00ed las actas, las cuales por cierto son p\u00fablicas. Eureka!!! Nilson Pinilla no s\u00f3lo dijo eso, dijo tambi\u00e9n cosas peores. A continuaci\u00f3n transcribo la posici\u00f3n homof\u00f3bica del magistrado en la discusi\u00f3n sobre el derecho a la pensi\u00f3n de sobreviviente entre compa\u00f1eros permanentes del mismo sexo (Sentencia C-336 de 2008, Acta 17 sesi\u00f3n sala plena Corte Constitucional, Abril 17 de 2008):","og_url":"https:\/\/clam.org.br\/es\/en-los-medios\/magistrado-nilson-pinilla-considera-que-la-homosexualidad-es-una-enfermedad\/31589\/","og_site_name":"CLAM - ES","article_published_time":"2010-08-18T03:00:00+00:00","author":"fw2","twitter_card":"summary_large_image","twitter_misc":{"Escrito por":"fw2","Tiempo de lectura":"1 minuto"},"schema":{"@context":"https:\/\/schema.org","@graph":[{"@type":"WebPage","@id":"https:\/\/clam.org.br\/es\/en-los-medios\/magistrado-nilson-pinilla-considera-que-la-homosexualidad-es-una-enfermedad\/31589\/","url":"https:\/\/clam.org.br\/es\/en-los-medios\/magistrado-nilson-pinilla-considera-que-la-homosexualidad-es-una-enfermedad\/31589\/","name":"Magistrado Nilson Pinilla considera que la homosexualidad es una enfermedad - CLAM - ES","isPartOf":{"@id":"https:\/\/clam.org.br\/es\/#website"},"datePublished":"2010-08-18T03:00:00+00:00","author":{"@id":"https:\/\/clam.org.br\/es\/#\/schema\/person\/fbd9a86032bf7479f94b0ded196f1010"},"breadcrumb":{"@id":"https:\/\/clam.org.br\/es\/en-los-medios\/magistrado-nilson-pinilla-considera-que-la-homosexualidad-es-una-enfermedad\/31589\/#breadcrumb"},"inLanguage":"es","potentialAction":[{"@type":"ReadAction","target":["https:\/\/clam.org.br\/es\/en-los-medios\/magistrado-nilson-pinilla-considera-que-la-homosexualidad-es-una-enfermedad\/31589\/"]}]},{"@type":"BreadcrumbList","@id":"https:\/\/clam.org.br\/es\/en-los-medios\/magistrado-nilson-pinilla-considera-que-la-homosexualidad-es-una-enfermedad\/31589\/#breadcrumb","itemListElement":[{"@type":"ListItem","position":1,"name":"In\u00edcio","item":"https:\/\/clam.org.br\/es\/"},{"@type":"ListItem","position":2,"name":"Magistrado Nilson Pinilla considera que la homosexualidad es una enfermedad"}]},{"@type":"WebSite","@id":"https:\/\/clam.org.br\/es\/#website","url":"https:\/\/clam.org.br\/es\/","name":"CLAM - ES","description":"S\u00f3 mais um site CLAM - Centro Latino-Americano em Sexualidade e Direitos Humanos sites","potentialAction":[{"@type":"SearchAction","target":{"@type":"EntryPoint","urlTemplate":"https:\/\/clam.org.br\/es\/?s={search_term_string}"},"query-input":{"@type":"PropertyValueSpecification","valueRequired":true,"valueName":"search_term_string"}}],"inLanguage":"es"},{"@type":"Person","@id":"https:\/\/clam.org.br\/es\/#\/schema\/person\/fbd9a86032bf7479f94b0ded196f1010","name":"fw2","image":{"@type":"ImageObject","inLanguage":"es","@id":"https:\/\/clam.org.br\/es\/#\/schema\/person\/image\/","url":"https:\/\/secure.gravatar.com\/avatar\/c38472c0cdbde82d9b6fcc26adb3779d?s=96&d=mm&r=g","contentUrl":"https:\/\/secure.gravatar.com\/avatar\/c38472c0cdbde82d9b6fcc26adb3779d?s=96&d=mm&r=g","caption":"fw2"},"sameAs":["https:\/\/clam.fw2web.com.br"],"url":"https:\/\/clam.org.br\/es\/author\/fw2\/"}]}},"jetpack_featured_media_url":"","jetpack_sharing_enabled":true,"_links":{"self":[{"href":"https:\/\/clam.org.br\/es\/wp-json\/wp\/v2\/posts\/31589","targetHints":{"allow":["GET"]}}],"collection":[{"href":"https:\/\/clam.org.br\/es\/wp-json\/wp\/v2\/posts"}],"about":[{"href":"https:\/\/clam.org.br\/es\/wp-json\/wp\/v2\/types\/post"}],"author":[{"embeddable":true,"href":"https:\/\/clam.org.br\/es\/wp-json\/wp\/v2\/users\/1"}],"replies":[{"embeddable":true,"href":"https:\/\/clam.org.br\/es\/wp-json\/wp\/v2\/comments?post=31589"}],"version-history":[{"count":0,"href":"https:\/\/clam.org.br\/es\/wp-json\/wp\/v2\/posts\/31589\/revisions"}],"wp:attachment":[{"href":"https:\/\/clam.org.br\/es\/wp-json\/wp\/v2\/media?parent=31589"}],"wp:term":[{"taxonomy":"category","embeddable":true,"href":"https:\/\/clam.org.br\/es\/wp-json\/wp\/v2\/categories?post=31589"},{"taxonomy":"post_tag","embeddable":true,"href":"https:\/\/clam.org.br\/es\/wp-json\/wp\/v2\/tags?post=31589"}],"curies":[{"name":"wp","href":"https:\/\/api.w.org\/{rel}","templated":true}]}}