{"id":3164,"date":"2007-04-10T00:00:00","date_gmt":"2007-04-10T03:00:00","guid":{"rendered":"https:\/\/clam.fw2web.com.br\/es\/2007\/04\/10\/cardenal-errazuriz-dice-que-chile-debe-sentirse-honrado-por-no-permitir-aborto\/"},"modified":"2023-06-14T07:49:55","modified_gmt":"2023-06-14T10:49:55","slug":"cardenal-errazuriz-dice-que-chile-debe-sentirse-honrado-por-no-permitir-aborto","status":"publish","type":"post","link":"https:\/\/clam.org.br\/es\/en-los-medios\/cardenal-errazuriz-dice-que-chile-debe-sentirse-honrado-por-no-permitir-aborto\/3164\/","title":{"rendered":"Cardenal Err\u00e1zuriz dice que Chile debe sentirse \u00abhonrado\u00bb por no permitir aborto"},"content":{"rendered":"<p>El cardenal Francisco Javier Err\u00e1zuriz se refiri\u00f3 esta noche a diversos temas val\u00f3ricos y afirm\u00f3 que Chile debe sentirse \u00abhonrado\u00bb por ser uno de los tres pa\u00edses en el mundo que no permite bajo ninguna circunstancia el aborto, si es que se despenaliza en M\u00e9xico.<BR> <a href=\"http:\/\/www.emol.com\/noticias\/nacional\/detalle\/detallenoticias.asp?idnoticia=252034\" target=\"_blank\" rel=\"noopener\">Texto completo<\/A><\/p>\n","protected":false},"excerpt":{"rendered":"<p>El cardenal Francisco Javier Err\u00e1zuriz se refiri\u00f3 esta noche a diversos temas val\u00f3ricos y afirm\u00f3 que Chile debe sentirse \u00abhonrado\u00bb por ser uno de los tres pa\u00edses en el mundo que no permite bajo ninguna circunstancia el aborto, si es que se despenaliza en M\u00e9xico.<\/p>\n","protected":false},"author":1,"featured_media":0,"comment_status":"open","ping_status":"open","sticky":false,"template":"","format":"standard","meta":{"_acf_changed":false,"site-sidebar-layout":"default","site-content-layout":"default","ast-global-header-display":"","ast-main-header-display":"","ast-hfb-above-header-display":"","ast-hfb-below-header-display":"","ast-hfb-mobile-header-display":"","site-post-title":"","ast-breadcrumbs-content":"","ast-featured-img":"","footer-sml-layout":"","theme-transparent-header-meta":"","adv-header-id-meta":"","stick-header-meta":"","header-above-stick-meta":"","header-main-stick-meta":"","header-below-stick-meta":"","_jetpack_memberships_contains_paid_content":false,"footnotes":""},"categories":[27],"tags":[],"class_list":["post-3164","post","type-post","status-publish","format-standard","hentry","category-en-los-medios"],"acf":[],"yoast_head":"<!-- This site is optimized with the Yoast SEO plugin v26.1.1 - https:\/\/yoast.com\/wordpress\/plugins\/seo\/ -->\n<title>Cardenal Err\u00e1zuriz dice que Chile debe sentirse &quot;honrado&quot; por no permitir aborto - CLAM - ES<\/title>\n<meta name=\"robots\" content=\"index, follow, max-snippet:-1, max-image-preview:large, max-video-preview:-1\" \/>\n<link rel=\"canonical\" href=\"https:\/\/clam.org.br\/es\/en-los-medios\/cardenal-errazuriz-dice-que-chile-debe-sentirse-honrado-por-no-permitir-aborto\/3164\/\" \/>\n<meta property=\"og:locale\" content=\"es_ES\" \/>\n<meta property=\"og:type\" content=\"article\" \/>\n<meta property=\"og:title\" content=\"Cardenal Err\u00e1zuriz dice que Chile debe sentirse &quot;honrado&quot; por no permitir aborto - CLAM - ES\" \/>\n<meta property=\"og:description\" content=\"El cardenal Francisco Javier Err\u00e1zuriz se refiri\u00f3 esta noche a diversos temas val\u00f3ricos y afirm\u00f3 que Chile debe sentirse &quot;honrado&quot; por ser uno de los tres pa\u00edses en el mundo que no permite bajo ninguna circunstancia el aborto, si es que se despenaliza en M\u00e9xico.\" \/>\n<meta property=\"og:url\" content=\"https:\/\/clam.org.br\/es\/en-los-medios\/cardenal-errazuriz-dice-que-chile-debe-sentirse-honrado-por-no-permitir-aborto\/3164\/\" \/>\n<meta property=\"og:site_name\" content=\"CLAM - ES\" \/>\n<meta property=\"article:published_time\" content=\"2007-04-10T03:00:00+00:00\" \/>\n<meta property=\"article:modified_time\" content=\"2023-06-14T10:49:55+00:00\" \/>\n<meta name=\"author\" content=\"fw2\" \/>\n<meta name=\"twitter:card\" content=\"summary_large_image\" \/>\n<meta name=\"twitter:label1\" content=\"Escrito por\" \/>\n\t<meta name=\"twitter:data1\" content=\"fw2\" \/>\n<script type=\"application\/ld+json\" class=\"yoast-schema-graph\">{\"@context\":\"https:\/\/schema.org\",\"@graph\":[{\"@type\":\"WebPage\",\"@id\":\"https:\/\/clam.org.br\/es\/en-los-medios\/cardenal-errazuriz-dice-que-chile-debe-sentirse-honrado-por-no-permitir-aborto\/3164\/\",\"url\":\"https:\/\/clam.org.br\/es\/en-los-medios\/cardenal-errazuriz-dice-que-chile-debe-sentirse-honrado-por-no-permitir-aborto\/3164\/\",\"name\":\"Cardenal Err\u00e1zuriz dice que Chile debe sentirse \\\"honrado\\\" por no permitir aborto - CLAM - ES\",\"isPartOf\":{\"@id\":\"https:\/\/clam.org.br\/es\/#website\"},\"datePublished\":\"2007-04-10T03:00:00+00:00\",\"dateModified\":\"2023-06-14T10:49:55+00:00\",\"author\":{\"@id\":\"https:\/\/clam.org.br\/es\/#\/schema\/person\/fbd9a86032bf7479f94b0ded196f1010\"},\"breadcrumb\":{\"@id\":\"https:\/\/clam.org.br\/es\/en-los-medios\/cardenal-errazuriz-dice-que-chile-debe-sentirse-honrado-por-no-permitir-aborto\/3164\/#breadcrumb\"},\"inLanguage\":\"es\",\"potentialAction\":[{\"@type\":\"ReadAction\",\"target\":[\"https:\/\/clam.org.br\/es\/en-los-medios\/cardenal-errazuriz-dice-que-chile-debe-sentirse-honrado-por-no-permitir-aborto\/3164\/\"]}]},{\"@type\":\"BreadcrumbList\",\"@id\":\"https:\/\/clam.org.br\/es\/en-los-medios\/cardenal-errazuriz-dice-que-chile-debe-sentirse-honrado-por-no-permitir-aborto\/3164\/#breadcrumb\",\"itemListElement\":[{\"@type\":\"ListItem\",\"position\":1,\"name\":\"In\u00edcio\",\"item\":\"https:\/\/clam.org.br\/es\/\"},{\"@type\":\"ListItem\",\"position\":2,\"name\":\"Cardenal Err\u00e1zuriz dice que Chile debe sentirse \u00abhonrado\u00bb por no permitir aborto\"}]},{\"@type\":\"WebSite\",\"@id\":\"https:\/\/clam.org.br\/es\/#website\",\"url\":\"https:\/\/clam.org.br\/es\/\",\"name\":\"CLAM - ES\",\"description\":\"S\u00f3 mais um site CLAM - Centro Latino-Americano em Sexualidade e Direitos Humanos sites\",\"potentialAction\":[{\"@type\":\"SearchAction\",\"target\":{\"@type\":\"EntryPoint\",\"urlTemplate\":\"https:\/\/clam.org.br\/es\/?s={search_term_string}\"},\"query-input\":{\"@type\":\"PropertyValueSpecification\",\"valueRequired\":true,\"valueName\":\"search_term_string\"}}],\"inLanguage\":\"es\"},{\"@type\":\"Person\",\"@id\":\"https:\/\/clam.org.br\/es\/#\/schema\/person\/fbd9a86032bf7479f94b0ded196f1010\",\"name\":\"fw2\",\"image\":{\"@type\":\"ImageObject\",\"inLanguage\":\"es\",\"@id\":\"https:\/\/clam.org.br\/es\/#\/schema\/person\/image\/\",\"url\":\"https:\/\/secure.gravatar.com\/avatar\/c38472c0cdbde82d9b6fcc26adb3779d?s=96&d=mm&r=g\",\"contentUrl\":\"https:\/\/secure.gravatar.com\/avatar\/c38472c0cdbde82d9b6fcc26adb3779d?s=96&d=mm&r=g\",\"caption\":\"fw2\"},\"sameAs\":[\"https:\/\/clam.fw2web.com.br\"],\"url\":\"https:\/\/clam.org.br\/es\/author\/fw2\/\"}]}<\/script>\n<!-- \/ Yoast SEO plugin. -->","yoast_head_json":{"title":"Cardenal Err\u00e1zuriz dice que Chile debe sentirse \"honrado\" por no permitir aborto - CLAM - ES","robots":{"index":"index","follow":"follow","max-snippet":"max-snippet:-1","max-image-preview":"max-image-preview:large","max-video-preview":"max-video-preview:-1"},"canonical":"https:\/\/clam.org.br\/es\/en-los-medios\/cardenal-errazuriz-dice-que-chile-debe-sentirse-honrado-por-no-permitir-aborto\/3164\/","og_locale":"es_ES","og_type":"article","og_title":"Cardenal Err\u00e1zuriz dice que Chile debe sentirse \"honrado\" por no permitir aborto - CLAM - ES","og_description":"El cardenal Francisco Javier Err\u00e1zuriz se refiri\u00f3 esta noche a diversos temas val\u00f3ricos y afirm\u00f3 que Chile debe sentirse \"honrado\" por ser uno de los tres pa\u00edses en el mundo que no permite bajo ninguna circunstancia el aborto, si es que se despenaliza en M\u00e9xico.","og_url":"https:\/\/clam.org.br\/es\/en-los-medios\/cardenal-errazuriz-dice-que-chile-debe-sentirse-honrado-por-no-permitir-aborto\/3164\/","og_site_name":"CLAM - ES","article_published_time":"2007-04-10T03:00:00+00:00","article_modified_time":"2023-06-14T10:49:55+00:00","author":"fw2","twitter_card":"summary_large_image","twitter_misc":{"Escrito por":"fw2"},"schema":{"@context":"https:\/\/schema.org","@graph":[{"@type":"WebPage","@id":"https:\/\/clam.org.br\/es\/en-los-medios\/cardenal-errazuriz-dice-que-chile-debe-sentirse-honrado-por-no-permitir-aborto\/3164\/","url":"https:\/\/clam.org.br\/es\/en-los-medios\/cardenal-errazuriz-dice-que-chile-debe-sentirse-honrado-por-no-permitir-aborto\/3164\/","name":"Cardenal Err\u00e1zuriz dice que Chile debe sentirse \"honrado\" por no permitir aborto - CLAM - ES","isPartOf":{"@id":"https:\/\/clam.org.br\/es\/#website"},"datePublished":"2007-04-10T03:00:00+00:00","dateModified":"2023-06-14T10:49:55+00:00","author":{"@id":"https:\/\/clam.org.br\/es\/#\/schema\/person\/fbd9a86032bf7479f94b0ded196f1010"},"breadcrumb":{"@id":"https:\/\/clam.org.br\/es\/en-los-medios\/cardenal-errazuriz-dice-que-chile-debe-sentirse-honrado-por-no-permitir-aborto\/3164\/#breadcrumb"},"inLanguage":"es","potentialAction":[{"@type":"ReadAction","target":["https:\/\/clam.org.br\/es\/en-los-medios\/cardenal-errazuriz-dice-que-chile-debe-sentirse-honrado-por-no-permitir-aborto\/3164\/"]}]},{"@type":"BreadcrumbList","@id":"https:\/\/clam.org.br\/es\/en-los-medios\/cardenal-errazuriz-dice-que-chile-debe-sentirse-honrado-por-no-permitir-aborto\/3164\/#breadcrumb","itemListElement":[{"@type":"ListItem","position":1,"name":"In\u00edcio","item":"https:\/\/clam.org.br\/es\/"},{"@type":"ListItem","position":2,"name":"Cardenal Err\u00e1zuriz dice que Chile debe sentirse \u00abhonrado\u00bb por no permitir aborto"}]},{"@type":"WebSite","@id":"https:\/\/clam.org.br\/es\/#website","url":"https:\/\/clam.org.br\/es\/","name":"CLAM - ES","description":"S\u00f3 mais um site CLAM - Centro Latino-Americano em Sexualidade e Direitos Humanos sites","potentialAction":[{"@type":"SearchAction","target":{"@type":"EntryPoint","urlTemplate":"https:\/\/clam.org.br\/es\/?s={search_term_string}"},"query-input":{"@type":"PropertyValueSpecification","valueRequired":true,"valueName":"search_term_string"}}],"inLanguage":"es"},{"@type":"Person","@id":"https:\/\/clam.org.br\/es\/#\/schema\/person\/fbd9a86032bf7479f94b0ded196f1010","name":"fw2","image":{"@type":"ImageObject","inLanguage":"es","@id":"https:\/\/clam.org.br\/es\/#\/schema\/person\/image\/","url":"https:\/\/secure.gravatar.com\/avatar\/c38472c0cdbde82d9b6fcc26adb3779d?s=96&d=mm&r=g","contentUrl":"https:\/\/secure.gravatar.com\/avatar\/c38472c0cdbde82d9b6fcc26adb3779d?s=96&d=mm&r=g","caption":"fw2"},"sameAs":["https:\/\/clam.fw2web.com.br"],"url":"https:\/\/clam.org.br\/es\/author\/fw2\/"}]}},"jetpack_featured_media_url":"","jetpack_sharing_enabled":true,"_links":{"self":[{"href":"https:\/\/clam.org.br\/es\/wp-json\/wp\/v2\/posts\/3164","targetHints":{"allow":["GET"]}}],"collection":[{"href":"https:\/\/clam.org.br\/es\/wp-json\/wp\/v2\/posts"}],"about":[{"href":"https:\/\/clam.org.br\/es\/wp-json\/wp\/v2\/types\/post"}],"author":[{"embeddable":true,"href":"https:\/\/clam.org.br\/es\/wp-json\/wp\/v2\/users\/1"}],"replies":[{"embeddable":true,"href":"https:\/\/clam.org.br\/es\/wp-json\/wp\/v2\/comments?post=3164"}],"version-history":[{"count":1,"href":"https:\/\/clam.org.br\/es\/wp-json\/wp\/v2\/posts\/3164\/revisions"}],"predecessor-version":[{"id":28664,"href":"https:\/\/clam.org.br\/es\/wp-json\/wp\/v2\/posts\/3164\/revisions\/28664"}],"wp:attachment":[{"href":"https:\/\/clam.org.br\/es\/wp-json\/wp\/v2\/media?parent=3164"}],"wp:term":[{"taxonomy":"category","embeddable":true,"href":"https:\/\/clam.org.br\/es\/wp-json\/wp\/v2\/categories?post=3164"},{"taxonomy":"post_tag","embeddable":true,"href":"https:\/\/clam.org.br\/es\/wp-json\/wp\/v2\/tags?post=3164"}],"curies":[{"name":"wp","href":"https:\/\/api.w.org\/{rel}","templated":true}]}}