{"id":31716,"date":"2010-11-10T00:00:00","date_gmt":"2010-11-10T02:00:00","guid":{"rendered":"https:\/\/clam.fw2web.com.br\/es\/2010\/11\/10\/nuevo-presidente-del-partido-conservador-anuncia-proyecto-contra-el-aborto\/"},"modified":"2010-11-10T00:00:00","modified_gmt":"2010-11-10T02:00:00","slug":"nuevo-presidente-del-partido-conservador-anuncia-proyecto-contra-el-aborto","status":"publish","type":"post","link":"https:\/\/clam.org.br\/es\/en-los-medios\/nuevo-presidente-del-partido-conservador-anuncia-proyecto-contra-el-aborto\/31716\/","title":{"rendered":"Nuevo presidente del Partido Conservador anuncia proyecto contra el aborto"},"content":{"rendered":"<p><P>El senador Jos\u00e9 Dar\u00edo Salazar fue elegido este mi\u00e9rcoles como nuevo presidente del Directorio Nacional Conservador.<BR> El nuevo jefe de las &lsquo;toldas azules&rsquo; se estren\u00f3 con el anuncio de una iniciativa que el partido llevar\u00e1 al Congreso el pr\u00f3ximo mes de marzo. Se trata de un proyecto de acto legislativo para penalizar la pr\u00e1ctica del aborto.<BR> Salazar dijo que el proyecto ya fue concertado al interior del Partido Conservador y la Conferencia Episcopal. Adem\u00e1s resalt\u00f3 que la iniciativa est\u00e1 en consecuencia con el ideario del partido de proteger la vida en todas sus etapas.<\/P> <P><U><a href=\"http:\/\/www.semana.com\/noticias-politica\/nuevo-presidente-del-partido-conservador-anuncia-proyecto-contra-aborto\/147106.aspx\" target=\"_blank\" rel=\"noopener\">Texto completo<\/A><\/U><\/P><\/p>\n","protected":false},"excerpt":{"rendered":"<p>El senador Jos\u00e9 Dar\u00edo Salazar fue elegido este mi\u00e9rcoles como nuevo presidente del Directorio Nacional Conservador. El nuevo jefe de las &lsquo;toldas azules&rsquo; se estren\u00f3 con el anuncio de una iniciativa que el partido llevar\u00e1 al Congreso el pr\u00f3ximo mes de marzo. Se trata de un proyecto de acto legislativo para penalizar la pr\u00e1ctica del aborto. Salazar dijo que el proyecto ya fue concertado al interior del Partido Conservador y la Conferencia Episcopal. Adem\u00e1s resalt\u00f3 que la iniciativa est\u00e1 en consecuencia con el ideario del partido de proteger la vida en todas sus etapas.<\/p>\n","protected":false},"author":1,"featured_media":0,"comment_status":"open","ping_status":"open","sticky":false,"template":"","format":"standard","meta":{"_acf_changed":false,"site-sidebar-layout":"default","site-content-layout":"default","ast-global-header-display":"","ast-main-header-display":"","ast-hfb-above-header-display":"","ast-hfb-below-header-display":"","ast-hfb-mobile-header-display":"","site-post-title":"","ast-breadcrumbs-content":"","ast-featured-img":"","footer-sml-layout":"","theme-transparent-header-meta":"","adv-header-id-meta":"","stick-header-meta":"","header-above-stick-meta":"","header-main-stick-meta":"","header-below-stick-meta":"","_jetpack_memberships_contains_paid_content":false,"footnotes":""},"categories":[27],"tags":[],"class_list":["post-31716","post","type-post","status-publish","format-standard","hentry","category-en-los-medios"],"acf":[],"yoast_head":"<!-- This site is optimized with the Yoast SEO plugin v26.1.1 - https:\/\/yoast.com\/wordpress\/plugins\/seo\/ -->\n<title>Nuevo presidente del Partido Conservador anuncia proyecto contra el aborto - CLAM - ES<\/title>\n<meta name=\"robots\" content=\"index, follow, max-snippet:-1, max-image-preview:large, max-video-preview:-1\" \/>\n<link rel=\"canonical\" href=\"https:\/\/clam.org.br\/es\/en-los-medios\/nuevo-presidente-del-partido-conservador-anuncia-proyecto-contra-el-aborto\/31716\/\" \/>\n<meta property=\"og:locale\" content=\"es_ES\" \/>\n<meta property=\"og:type\" content=\"article\" \/>\n<meta property=\"og:title\" content=\"Nuevo presidente del Partido Conservador anuncia proyecto contra el aborto - CLAM - ES\" \/>\n<meta property=\"og:description\" content=\"El senador Jos\u00e9 Dar\u00edo Salazar fue elegido este mi\u00e9rcoles como nuevo presidente del Directorio Nacional Conservador. El nuevo jefe de las &lsquo;toldas azules&rsquo; se estren\u00f3 con el anuncio de una iniciativa que el partido llevar\u00e1 al Congreso el pr\u00f3ximo mes de marzo. Se trata de un proyecto de acto legislativo para penalizar la pr\u00e1ctica del aborto. Salazar dijo que el proyecto ya fue concertado al interior del Partido Conservador y la Conferencia Episcopal. Adem\u00e1s resalt\u00f3 que la iniciativa est\u00e1 en consecuencia con el ideario del partido de proteger la vida en todas sus etapas.\" \/>\n<meta property=\"og:url\" content=\"https:\/\/clam.org.br\/es\/en-los-medios\/nuevo-presidente-del-partido-conservador-anuncia-proyecto-contra-el-aborto\/31716\/\" \/>\n<meta property=\"og:site_name\" content=\"CLAM - ES\" \/>\n<meta property=\"article:published_time\" content=\"2010-11-10T02:00:00+00:00\" \/>\n<meta name=\"author\" content=\"fw2\" \/>\n<meta name=\"twitter:card\" content=\"summary_large_image\" \/>\n<meta name=\"twitter:label1\" content=\"Escrito por\" \/>\n\t<meta name=\"twitter:data1\" content=\"fw2\" \/>\n\t<meta name=\"twitter:label2\" content=\"Tiempo de lectura\" \/>\n\t<meta name=\"twitter:data2\" content=\"1 minuto\" \/>\n<script type=\"application\/ld+json\" class=\"yoast-schema-graph\">{\"@context\":\"https:\/\/schema.org\",\"@graph\":[{\"@type\":\"WebPage\",\"@id\":\"https:\/\/clam.org.br\/es\/en-los-medios\/nuevo-presidente-del-partido-conservador-anuncia-proyecto-contra-el-aborto\/31716\/\",\"url\":\"https:\/\/clam.org.br\/es\/en-los-medios\/nuevo-presidente-del-partido-conservador-anuncia-proyecto-contra-el-aborto\/31716\/\",\"name\":\"Nuevo presidente del Partido Conservador anuncia proyecto contra el aborto - CLAM - ES\",\"isPartOf\":{\"@id\":\"https:\/\/clam.org.br\/es\/#website\"},\"datePublished\":\"2010-11-10T02:00:00+00:00\",\"author\":{\"@id\":\"https:\/\/clam.org.br\/es\/#\/schema\/person\/fbd9a86032bf7479f94b0ded196f1010\"},\"breadcrumb\":{\"@id\":\"https:\/\/clam.org.br\/es\/en-los-medios\/nuevo-presidente-del-partido-conservador-anuncia-proyecto-contra-el-aborto\/31716\/#breadcrumb\"},\"inLanguage\":\"es\",\"potentialAction\":[{\"@type\":\"ReadAction\",\"target\":[\"https:\/\/clam.org.br\/es\/en-los-medios\/nuevo-presidente-del-partido-conservador-anuncia-proyecto-contra-el-aborto\/31716\/\"]}]},{\"@type\":\"BreadcrumbList\",\"@id\":\"https:\/\/clam.org.br\/es\/en-los-medios\/nuevo-presidente-del-partido-conservador-anuncia-proyecto-contra-el-aborto\/31716\/#breadcrumb\",\"itemListElement\":[{\"@type\":\"ListItem\",\"position\":1,\"name\":\"In\u00edcio\",\"item\":\"https:\/\/clam.org.br\/es\/\"},{\"@type\":\"ListItem\",\"position\":2,\"name\":\"Nuevo presidente del Partido Conservador anuncia proyecto contra el aborto\"}]},{\"@type\":\"WebSite\",\"@id\":\"https:\/\/clam.org.br\/es\/#website\",\"url\":\"https:\/\/clam.org.br\/es\/\",\"name\":\"CLAM - ES\",\"description\":\"S\u00f3 mais um site CLAM - Centro Latino-Americano em Sexualidade e Direitos Humanos sites\",\"potentialAction\":[{\"@type\":\"SearchAction\",\"target\":{\"@type\":\"EntryPoint\",\"urlTemplate\":\"https:\/\/clam.org.br\/es\/?s={search_term_string}\"},\"query-input\":{\"@type\":\"PropertyValueSpecification\",\"valueRequired\":true,\"valueName\":\"search_term_string\"}}],\"inLanguage\":\"es\"},{\"@type\":\"Person\",\"@id\":\"https:\/\/clam.org.br\/es\/#\/schema\/person\/fbd9a86032bf7479f94b0ded196f1010\",\"name\":\"fw2\",\"image\":{\"@type\":\"ImageObject\",\"inLanguage\":\"es\",\"@id\":\"https:\/\/clam.org.br\/es\/#\/schema\/person\/image\/\",\"url\":\"https:\/\/secure.gravatar.com\/avatar\/c38472c0cdbde82d9b6fcc26adb3779d?s=96&d=mm&r=g\",\"contentUrl\":\"https:\/\/secure.gravatar.com\/avatar\/c38472c0cdbde82d9b6fcc26adb3779d?s=96&d=mm&r=g\",\"caption\":\"fw2\"},\"sameAs\":[\"https:\/\/clam.fw2web.com.br\"],\"url\":\"https:\/\/clam.org.br\/es\/author\/fw2\/\"}]}<\/script>\n<!-- \/ Yoast SEO plugin. -->","yoast_head_json":{"title":"Nuevo presidente del Partido Conservador anuncia proyecto contra el aborto - CLAM - ES","robots":{"index":"index","follow":"follow","max-snippet":"max-snippet:-1","max-image-preview":"max-image-preview:large","max-video-preview":"max-video-preview:-1"},"canonical":"https:\/\/clam.org.br\/es\/en-los-medios\/nuevo-presidente-del-partido-conservador-anuncia-proyecto-contra-el-aborto\/31716\/","og_locale":"es_ES","og_type":"article","og_title":"Nuevo presidente del Partido Conservador anuncia proyecto contra el aborto - CLAM - ES","og_description":"El senador Jos\u00e9 Dar\u00edo Salazar fue elegido este mi\u00e9rcoles como nuevo presidente del Directorio Nacional Conservador. El nuevo jefe de las &lsquo;toldas azules&rsquo; se estren\u00f3 con el anuncio de una iniciativa que el partido llevar\u00e1 al Congreso el pr\u00f3ximo mes de marzo. Se trata de un proyecto de acto legislativo para penalizar la pr\u00e1ctica del aborto. Salazar dijo que el proyecto ya fue concertado al interior del Partido Conservador y la Conferencia Episcopal. Adem\u00e1s resalt\u00f3 que la iniciativa est\u00e1 en consecuencia con el ideario del partido de proteger la vida en todas sus etapas.","og_url":"https:\/\/clam.org.br\/es\/en-los-medios\/nuevo-presidente-del-partido-conservador-anuncia-proyecto-contra-el-aborto\/31716\/","og_site_name":"CLAM - ES","article_published_time":"2010-11-10T02:00:00+00:00","author":"fw2","twitter_card":"summary_large_image","twitter_misc":{"Escrito por":"fw2","Tiempo de lectura":"1 minuto"},"schema":{"@context":"https:\/\/schema.org","@graph":[{"@type":"WebPage","@id":"https:\/\/clam.org.br\/es\/en-los-medios\/nuevo-presidente-del-partido-conservador-anuncia-proyecto-contra-el-aborto\/31716\/","url":"https:\/\/clam.org.br\/es\/en-los-medios\/nuevo-presidente-del-partido-conservador-anuncia-proyecto-contra-el-aborto\/31716\/","name":"Nuevo presidente del Partido Conservador anuncia proyecto contra el aborto - CLAM - ES","isPartOf":{"@id":"https:\/\/clam.org.br\/es\/#website"},"datePublished":"2010-11-10T02:00:00+00:00","author":{"@id":"https:\/\/clam.org.br\/es\/#\/schema\/person\/fbd9a86032bf7479f94b0ded196f1010"},"breadcrumb":{"@id":"https:\/\/clam.org.br\/es\/en-los-medios\/nuevo-presidente-del-partido-conservador-anuncia-proyecto-contra-el-aborto\/31716\/#breadcrumb"},"inLanguage":"es","potentialAction":[{"@type":"ReadAction","target":["https:\/\/clam.org.br\/es\/en-los-medios\/nuevo-presidente-del-partido-conservador-anuncia-proyecto-contra-el-aborto\/31716\/"]}]},{"@type":"BreadcrumbList","@id":"https:\/\/clam.org.br\/es\/en-los-medios\/nuevo-presidente-del-partido-conservador-anuncia-proyecto-contra-el-aborto\/31716\/#breadcrumb","itemListElement":[{"@type":"ListItem","position":1,"name":"In\u00edcio","item":"https:\/\/clam.org.br\/es\/"},{"@type":"ListItem","position":2,"name":"Nuevo presidente del Partido Conservador anuncia proyecto contra el aborto"}]},{"@type":"WebSite","@id":"https:\/\/clam.org.br\/es\/#website","url":"https:\/\/clam.org.br\/es\/","name":"CLAM - ES","description":"S\u00f3 mais um site CLAM - Centro Latino-Americano em Sexualidade e Direitos Humanos sites","potentialAction":[{"@type":"SearchAction","target":{"@type":"EntryPoint","urlTemplate":"https:\/\/clam.org.br\/es\/?s={search_term_string}"},"query-input":{"@type":"PropertyValueSpecification","valueRequired":true,"valueName":"search_term_string"}}],"inLanguage":"es"},{"@type":"Person","@id":"https:\/\/clam.org.br\/es\/#\/schema\/person\/fbd9a86032bf7479f94b0ded196f1010","name":"fw2","image":{"@type":"ImageObject","inLanguage":"es","@id":"https:\/\/clam.org.br\/es\/#\/schema\/person\/image\/","url":"https:\/\/secure.gravatar.com\/avatar\/c38472c0cdbde82d9b6fcc26adb3779d?s=96&d=mm&r=g","contentUrl":"https:\/\/secure.gravatar.com\/avatar\/c38472c0cdbde82d9b6fcc26adb3779d?s=96&d=mm&r=g","caption":"fw2"},"sameAs":["https:\/\/clam.fw2web.com.br"],"url":"https:\/\/clam.org.br\/es\/author\/fw2\/"}]}},"jetpack_featured_media_url":"","jetpack_sharing_enabled":true,"_links":{"self":[{"href":"https:\/\/clam.org.br\/es\/wp-json\/wp\/v2\/posts\/31716","targetHints":{"allow":["GET"]}}],"collection":[{"href":"https:\/\/clam.org.br\/es\/wp-json\/wp\/v2\/posts"}],"about":[{"href":"https:\/\/clam.org.br\/es\/wp-json\/wp\/v2\/types\/post"}],"author":[{"embeddable":true,"href":"https:\/\/clam.org.br\/es\/wp-json\/wp\/v2\/users\/1"}],"replies":[{"embeddable":true,"href":"https:\/\/clam.org.br\/es\/wp-json\/wp\/v2\/comments?post=31716"}],"version-history":[{"count":0,"href":"https:\/\/clam.org.br\/es\/wp-json\/wp\/v2\/posts\/31716\/revisions"}],"wp:attachment":[{"href":"https:\/\/clam.org.br\/es\/wp-json\/wp\/v2\/media?parent=31716"}],"wp:term":[{"taxonomy":"category","embeddable":true,"href":"https:\/\/clam.org.br\/es\/wp-json\/wp\/v2\/categories?post=31716"},{"taxonomy":"post_tag","embeddable":true,"href":"https:\/\/clam.org.br\/es\/wp-json\/wp\/v2\/tags?post=31716"}],"curies":[{"name":"wp","href":"https:\/\/api.w.org\/{rel}","templated":true}]}}