{"id":3172,"date":"2007-04-17T00:00:00","date_gmt":"2007-04-17T03:00:00","guid":{"rendered":"https:\/\/clam.fw2web.com.br\/es\/2007\/04\/17\/propuesta-del-gobierno-propone-terminar-con-toda-discriminacion-en-la-educacion\/"},"modified":"2023-06-14T07:49:59","modified_gmt":"2023-06-14T10:49:59","slug":"propuesta-del-gobierno-propone-terminar-con-toda-discriminacion-en-la-educacion","status":"publish","type":"post","link":"https:\/\/clam.org.br\/es\/en-los-medios\/propuesta-del-gobierno-propone-terminar-con-toda-discriminacion-en-la-educacion\/3172\/","title":{"rendered":"Propuesta del gobierno propone terminar con toda discriminaci\u00f3n en la educaci\u00f3n"},"content":{"rendered":"<p><P>Un nuevo marco regulatorio para la educaci\u00f3n con un fuerte contenido contra toda forma de discriminaci\u00f3n es el que anunci\u00f3 este lunes la Presidenta Michelle Bachelet, en compa\u00f1\u00eda de la ministra de Educaci\u00f3n, Yasna Provoste, y parte importante de los miembros del Consejo Asesor que se form\u00f3 tras las protestas secundarias del a\u00f1o pasado. <P><a href=\"http:\/\/www.diarioelgong.cl\/news\/one_news.asp?IDNews=56547\" target=\"_blank\" rel=\"noopener\">Texto completo<\/A><\/P><\/p>\n","protected":false},"excerpt":{"rendered":"<p>Un nuevo marco regulatorio para la educaci\u00f3n con un fuerte contenido contra toda forma de discriminaci\u00f3n es el que anunci\u00f3 este lunes la Presidenta Michelle Bachelet, en compa\u00f1\u00eda de la ministra de Educaci\u00f3n, Yasna Provoste, y parte importante de los miembros del Consejo Asesor que se form\u00f3 tras las protestas secundarias del a\u00f1o pasado.<\/p>\n","protected":false},"author":1,"featured_media":0,"comment_status":"open","ping_status":"open","sticky":false,"template":"","format":"standard","meta":{"_acf_changed":false,"site-sidebar-layout":"default","site-content-layout":"default","ast-global-header-display":"","ast-main-header-display":"","ast-hfb-above-header-display":"","ast-hfb-below-header-display":"","ast-hfb-mobile-header-display":"","site-post-title":"","ast-breadcrumbs-content":"","ast-featured-img":"","footer-sml-layout":"","theme-transparent-header-meta":"","adv-header-id-meta":"","stick-header-meta":"","header-above-stick-meta":"","header-main-stick-meta":"","header-below-stick-meta":"","_jetpack_memberships_contains_paid_content":false,"footnotes":""},"categories":[27],"tags":[],"class_list":["post-3172","post","type-post","status-publish","format-standard","hentry","category-en-los-medios"],"acf":[],"yoast_head":"<!-- This site is optimized with the Yoast SEO plugin v26.1.1 - https:\/\/yoast.com\/wordpress\/plugins\/seo\/ -->\n<title>Propuesta del gobierno propone terminar con toda discriminaci\u00f3n en la educaci\u00f3n - CLAM - ES<\/title>\n<meta name=\"robots\" content=\"index, follow, max-snippet:-1, max-image-preview:large, max-video-preview:-1\" \/>\n<link rel=\"canonical\" href=\"https:\/\/clam.org.br\/es\/en-los-medios\/propuesta-del-gobierno-propone-terminar-con-toda-discriminacion-en-la-educacion\/3172\/\" \/>\n<meta property=\"og:locale\" content=\"es_ES\" \/>\n<meta property=\"og:type\" content=\"article\" \/>\n<meta property=\"og:title\" content=\"Propuesta del gobierno propone terminar con toda discriminaci\u00f3n en la educaci\u00f3n - CLAM - ES\" \/>\n<meta property=\"og:description\" content=\"Un nuevo marco regulatorio para la educaci\u00f3n con un fuerte contenido contra toda forma de discriminaci\u00f3n es el que anunci\u00f3 este lunes la Presidenta Michelle Bachelet, en compa\u00f1\u00eda de la ministra de Educaci\u00f3n, Yasna Provoste, y parte importante de los miembros del Consejo Asesor que se form\u00f3 tras las protestas secundarias del a\u00f1o pasado.\" \/>\n<meta property=\"og:url\" content=\"https:\/\/clam.org.br\/es\/en-los-medios\/propuesta-del-gobierno-propone-terminar-con-toda-discriminacion-en-la-educacion\/3172\/\" \/>\n<meta property=\"og:site_name\" content=\"CLAM - ES\" \/>\n<meta property=\"article:published_time\" content=\"2007-04-17T03:00:00+00:00\" \/>\n<meta property=\"article:modified_time\" content=\"2023-06-14T10:49:59+00:00\" \/>\n<meta name=\"author\" content=\"fw2\" \/>\n<meta name=\"twitter:card\" content=\"summary_large_image\" \/>\n<meta name=\"twitter:label1\" content=\"Escrito por\" \/>\n\t<meta name=\"twitter:data1\" content=\"fw2\" \/>\n<script type=\"application\/ld+json\" class=\"yoast-schema-graph\">{\"@context\":\"https:\/\/schema.org\",\"@graph\":[{\"@type\":\"WebPage\",\"@id\":\"https:\/\/clam.org.br\/es\/en-los-medios\/propuesta-del-gobierno-propone-terminar-con-toda-discriminacion-en-la-educacion\/3172\/\",\"url\":\"https:\/\/clam.org.br\/es\/en-los-medios\/propuesta-del-gobierno-propone-terminar-con-toda-discriminacion-en-la-educacion\/3172\/\",\"name\":\"Propuesta del gobierno propone terminar con toda discriminaci\u00f3n en la educaci\u00f3n - CLAM - ES\",\"isPartOf\":{\"@id\":\"https:\/\/clam.org.br\/es\/#website\"},\"datePublished\":\"2007-04-17T03:00:00+00:00\",\"dateModified\":\"2023-06-14T10:49:59+00:00\",\"author\":{\"@id\":\"https:\/\/clam.org.br\/es\/#\/schema\/person\/fbd9a86032bf7479f94b0ded196f1010\"},\"breadcrumb\":{\"@id\":\"https:\/\/clam.org.br\/es\/en-los-medios\/propuesta-del-gobierno-propone-terminar-con-toda-discriminacion-en-la-educacion\/3172\/#breadcrumb\"},\"inLanguage\":\"es\",\"potentialAction\":[{\"@type\":\"ReadAction\",\"target\":[\"https:\/\/clam.org.br\/es\/en-los-medios\/propuesta-del-gobierno-propone-terminar-con-toda-discriminacion-en-la-educacion\/3172\/\"]}]},{\"@type\":\"BreadcrumbList\",\"@id\":\"https:\/\/clam.org.br\/es\/en-los-medios\/propuesta-del-gobierno-propone-terminar-con-toda-discriminacion-en-la-educacion\/3172\/#breadcrumb\",\"itemListElement\":[{\"@type\":\"ListItem\",\"position\":1,\"name\":\"In\u00edcio\",\"item\":\"https:\/\/clam.org.br\/es\/\"},{\"@type\":\"ListItem\",\"position\":2,\"name\":\"Propuesta del gobierno propone terminar con toda discriminaci\u00f3n en la educaci\u00f3n\"}]},{\"@type\":\"WebSite\",\"@id\":\"https:\/\/clam.org.br\/es\/#website\",\"url\":\"https:\/\/clam.org.br\/es\/\",\"name\":\"CLAM - ES\",\"description\":\"S\u00f3 mais um site CLAM - Centro Latino-Americano em Sexualidade e Direitos Humanos sites\",\"potentialAction\":[{\"@type\":\"SearchAction\",\"target\":{\"@type\":\"EntryPoint\",\"urlTemplate\":\"https:\/\/clam.org.br\/es\/?s={search_term_string}\"},\"query-input\":{\"@type\":\"PropertyValueSpecification\",\"valueRequired\":true,\"valueName\":\"search_term_string\"}}],\"inLanguage\":\"es\"},{\"@type\":\"Person\",\"@id\":\"https:\/\/clam.org.br\/es\/#\/schema\/person\/fbd9a86032bf7479f94b0ded196f1010\",\"name\":\"fw2\",\"image\":{\"@type\":\"ImageObject\",\"inLanguage\":\"es\",\"@id\":\"https:\/\/clam.org.br\/es\/#\/schema\/person\/image\/\",\"url\":\"https:\/\/secure.gravatar.com\/avatar\/c38472c0cdbde82d9b6fcc26adb3779d?s=96&d=mm&r=g\",\"contentUrl\":\"https:\/\/secure.gravatar.com\/avatar\/c38472c0cdbde82d9b6fcc26adb3779d?s=96&d=mm&r=g\",\"caption\":\"fw2\"},\"sameAs\":[\"https:\/\/clam.fw2web.com.br\"],\"url\":\"https:\/\/clam.org.br\/es\/author\/fw2\/\"}]}<\/script>\n<!-- \/ Yoast SEO plugin. -->","yoast_head_json":{"title":"Propuesta del gobierno propone terminar con toda discriminaci\u00f3n en la educaci\u00f3n - CLAM - ES","robots":{"index":"index","follow":"follow","max-snippet":"max-snippet:-1","max-image-preview":"max-image-preview:large","max-video-preview":"max-video-preview:-1"},"canonical":"https:\/\/clam.org.br\/es\/en-los-medios\/propuesta-del-gobierno-propone-terminar-con-toda-discriminacion-en-la-educacion\/3172\/","og_locale":"es_ES","og_type":"article","og_title":"Propuesta del gobierno propone terminar con toda discriminaci\u00f3n en la educaci\u00f3n - CLAM - ES","og_description":"Un nuevo marco regulatorio para la educaci\u00f3n con un fuerte contenido contra toda forma de discriminaci\u00f3n es el que anunci\u00f3 este lunes la Presidenta Michelle Bachelet, en compa\u00f1\u00eda de la ministra de Educaci\u00f3n, Yasna Provoste, y parte importante de los miembros del Consejo Asesor que se form\u00f3 tras las protestas secundarias del a\u00f1o pasado.","og_url":"https:\/\/clam.org.br\/es\/en-los-medios\/propuesta-del-gobierno-propone-terminar-con-toda-discriminacion-en-la-educacion\/3172\/","og_site_name":"CLAM - ES","article_published_time":"2007-04-17T03:00:00+00:00","article_modified_time":"2023-06-14T10:49:59+00:00","author":"fw2","twitter_card":"summary_large_image","twitter_misc":{"Escrito por":"fw2"},"schema":{"@context":"https:\/\/schema.org","@graph":[{"@type":"WebPage","@id":"https:\/\/clam.org.br\/es\/en-los-medios\/propuesta-del-gobierno-propone-terminar-con-toda-discriminacion-en-la-educacion\/3172\/","url":"https:\/\/clam.org.br\/es\/en-los-medios\/propuesta-del-gobierno-propone-terminar-con-toda-discriminacion-en-la-educacion\/3172\/","name":"Propuesta del gobierno propone terminar con toda discriminaci\u00f3n en la educaci\u00f3n - CLAM - ES","isPartOf":{"@id":"https:\/\/clam.org.br\/es\/#website"},"datePublished":"2007-04-17T03:00:00+00:00","dateModified":"2023-06-14T10:49:59+00:00","author":{"@id":"https:\/\/clam.org.br\/es\/#\/schema\/person\/fbd9a86032bf7479f94b0ded196f1010"},"breadcrumb":{"@id":"https:\/\/clam.org.br\/es\/en-los-medios\/propuesta-del-gobierno-propone-terminar-con-toda-discriminacion-en-la-educacion\/3172\/#breadcrumb"},"inLanguage":"es","potentialAction":[{"@type":"ReadAction","target":["https:\/\/clam.org.br\/es\/en-los-medios\/propuesta-del-gobierno-propone-terminar-con-toda-discriminacion-en-la-educacion\/3172\/"]}]},{"@type":"BreadcrumbList","@id":"https:\/\/clam.org.br\/es\/en-los-medios\/propuesta-del-gobierno-propone-terminar-con-toda-discriminacion-en-la-educacion\/3172\/#breadcrumb","itemListElement":[{"@type":"ListItem","position":1,"name":"In\u00edcio","item":"https:\/\/clam.org.br\/es\/"},{"@type":"ListItem","position":2,"name":"Propuesta del gobierno propone terminar con toda discriminaci\u00f3n en la educaci\u00f3n"}]},{"@type":"WebSite","@id":"https:\/\/clam.org.br\/es\/#website","url":"https:\/\/clam.org.br\/es\/","name":"CLAM - ES","description":"S\u00f3 mais um site CLAM - Centro Latino-Americano em Sexualidade e Direitos Humanos sites","potentialAction":[{"@type":"SearchAction","target":{"@type":"EntryPoint","urlTemplate":"https:\/\/clam.org.br\/es\/?s={search_term_string}"},"query-input":{"@type":"PropertyValueSpecification","valueRequired":true,"valueName":"search_term_string"}}],"inLanguage":"es"},{"@type":"Person","@id":"https:\/\/clam.org.br\/es\/#\/schema\/person\/fbd9a86032bf7479f94b0ded196f1010","name":"fw2","image":{"@type":"ImageObject","inLanguage":"es","@id":"https:\/\/clam.org.br\/es\/#\/schema\/person\/image\/","url":"https:\/\/secure.gravatar.com\/avatar\/c38472c0cdbde82d9b6fcc26adb3779d?s=96&d=mm&r=g","contentUrl":"https:\/\/secure.gravatar.com\/avatar\/c38472c0cdbde82d9b6fcc26adb3779d?s=96&d=mm&r=g","caption":"fw2"},"sameAs":["https:\/\/clam.fw2web.com.br"],"url":"https:\/\/clam.org.br\/es\/author\/fw2\/"}]}},"jetpack_featured_media_url":"","jetpack_sharing_enabled":true,"_links":{"self":[{"href":"https:\/\/clam.org.br\/es\/wp-json\/wp\/v2\/posts\/3172","targetHints":{"allow":["GET"]}}],"collection":[{"href":"https:\/\/clam.org.br\/es\/wp-json\/wp\/v2\/posts"}],"about":[{"href":"https:\/\/clam.org.br\/es\/wp-json\/wp\/v2\/types\/post"}],"author":[{"embeddable":true,"href":"https:\/\/clam.org.br\/es\/wp-json\/wp\/v2\/users\/1"}],"replies":[{"embeddable":true,"href":"https:\/\/clam.org.br\/es\/wp-json\/wp\/v2\/comments?post=3172"}],"version-history":[{"count":1,"href":"https:\/\/clam.org.br\/es\/wp-json\/wp\/v2\/posts\/3172\/revisions"}],"predecessor-version":[{"id":28672,"href":"https:\/\/clam.org.br\/es\/wp-json\/wp\/v2\/posts\/3172\/revisions\/28672"}],"wp:attachment":[{"href":"https:\/\/clam.org.br\/es\/wp-json\/wp\/v2\/media?parent=3172"}],"wp:term":[{"taxonomy":"category","embeddable":true,"href":"https:\/\/clam.org.br\/es\/wp-json\/wp\/v2\/categories?post=3172"},{"taxonomy":"post_tag","embeddable":true,"href":"https:\/\/clam.org.br\/es\/wp-json\/wp\/v2\/tags?post=3172"}],"curies":[{"name":"wp","href":"https:\/\/api.w.org\/{rel}","templated":true}]}}