{"id":31953,"date":"2011-03-24T00:00:00","date_gmt":"2011-03-24T03:00:00","guid":{"rendered":"https:\/\/clam.fw2web.com.br\/es\/2011\/03\/24\/stf-decide-que-condenacoes-da-lei-maria-da-penha-nao-podem-ser-suspensas-em-caso-de-agressoes-leves\/"},"modified":"2011-03-24T00:00:00","modified_gmt":"2011-03-24T03:00:00","slug":"stf-decide-que-condenacoes-da-lei-maria-da-penha-nao-podem-ser-suspensas-em-caso-de-agressoes-leves","status":"publish","type":"post","link":"https:\/\/clam.org.br\/es\/en-los-medios\/stf-decide-que-condenacoes-da-lei-maria-da-penha-nao-podem-ser-suspensas-em-caso-de-agressoes-leves\/31953\/","title":{"rendered":"STF decide que condena\u00e7\u00f5es da Lei Maria da Penha n\u00e3o podem ser suspensas em caso de agress\u00f5es leves"},"content":{"rendered":"<p><P>O Supremo Tribunal Federal (STF) decidiu hoje (24), por unanimidade, que a Lei Maria da Penha n\u00e3o pode ser submetida \u00e0 Lei dos Juizados Especiais. Isso significa que as condena\u00e7\u00f5es por agress\u00e3o \u00e0s mulheres, mesmo no caso de menor potencial ofensivo, n\u00e3o podem ser substitu\u00eddas por medidas alternativas. Tamb\u00e9m significa que as condena\u00e7\u00f5es com pena inferior a um ano n\u00e3o podem deixar de ser aplicadas, mesmo que o r\u00e9u n\u00e3o responda a outro processo.<\/P> <P><U><a href=\"http:\/\/noticias.uol.com.br\/cotidiano\/2011\/03\/24\/stf-decide-que-condenacoes-da-lei-maria-da-penha-nao-podem-ser-suspensas-em-caso-de-agressoes-leves.jhtm\" target=\"_blank\" rel=\"noopener\">Texto completo<\/A><\/U><\/P><\/p>\n","protected":false},"excerpt":{"rendered":"<p>O Supremo Tribunal Federal (STF) decidiu hoje (24), por unanimidade, que a Lei Maria da Penha n\u00e3o pode ser submetida \u00e0 Lei dos Juizados Especiais. Isso significa que as condena\u00e7\u00f5es por agress\u00e3o \u00e0s mulheres, mesmo no caso de menor potencial ofensivo, n\u00e3o podem ser substitu\u00eddas por medidas alternativas. Tamb\u00e9m significa que as condena\u00e7\u00f5es com pena inferior a um ano n\u00e3o podem deixar de ser aplicadas, mesmo que o r\u00e9u n\u00e3o responda a outro processo.<\/p>\n","protected":false},"author":1,"featured_media":0,"comment_status":"open","ping_status":"open","sticky":false,"template":"","format":"standard","meta":{"_acf_changed":false,"site-sidebar-layout":"default","site-content-layout":"default","ast-global-header-display":"","ast-main-header-display":"","ast-hfb-above-header-display":"","ast-hfb-below-header-display":"","ast-hfb-mobile-header-display":"","site-post-title":"","ast-breadcrumbs-content":"","ast-featured-img":"","footer-sml-layout":"","theme-transparent-header-meta":"","adv-header-id-meta":"","stick-header-meta":"","header-above-stick-meta":"","header-main-stick-meta":"","header-below-stick-meta":"","_jetpack_memberships_contains_paid_content":false,"footnotes":""},"categories":[27],"tags":[],"class_list":["post-31953","post","type-post","status-publish","format-standard","hentry","category-en-los-medios"],"acf":[],"yoast_head":"<!-- This site is optimized with the Yoast SEO plugin v26.1.1 - https:\/\/yoast.com\/wordpress\/plugins\/seo\/ -->\n<title>STF decide que condena\u00e7\u00f5es da Lei Maria da Penha n\u00e3o podem ser suspensas em caso de agress\u00f5es leves - CLAM - ES<\/title>\n<meta name=\"robots\" content=\"index, follow, max-snippet:-1, max-image-preview:large, max-video-preview:-1\" \/>\n<link rel=\"canonical\" href=\"https:\/\/clam.org.br\/es\/en-los-medios\/stf-decide-que-condenacoes-da-lei-maria-da-penha-nao-podem-ser-suspensas-em-caso-de-agressoes-leves\/31953\/\" \/>\n<meta property=\"og:locale\" content=\"es_ES\" \/>\n<meta property=\"og:type\" content=\"article\" \/>\n<meta property=\"og:title\" content=\"STF decide que condena\u00e7\u00f5es da Lei Maria da Penha n\u00e3o podem ser suspensas em caso de agress\u00f5es leves - CLAM - ES\" \/>\n<meta property=\"og:description\" content=\"O Supremo Tribunal Federal (STF) decidiu hoje (24), por unanimidade, que a Lei Maria da Penha n\u00e3o pode ser submetida \u00e0 Lei dos Juizados Especiais. Isso significa que as condena\u00e7\u00f5es por agress\u00e3o \u00e0s mulheres, mesmo no caso de menor potencial ofensivo, n\u00e3o podem ser substitu\u00eddas por medidas alternativas. Tamb\u00e9m significa que as condena\u00e7\u00f5es com pena inferior a um ano n\u00e3o podem deixar de ser aplicadas, mesmo que o r\u00e9u n\u00e3o responda a outro processo.\" \/>\n<meta property=\"og:url\" content=\"https:\/\/clam.org.br\/es\/en-los-medios\/stf-decide-que-condenacoes-da-lei-maria-da-penha-nao-podem-ser-suspensas-em-caso-de-agressoes-leves\/31953\/\" \/>\n<meta property=\"og:site_name\" content=\"CLAM - ES\" \/>\n<meta property=\"article:published_time\" content=\"2011-03-24T03:00:00+00:00\" \/>\n<meta name=\"author\" content=\"fw2\" \/>\n<meta name=\"twitter:card\" content=\"summary_large_image\" \/>\n<meta name=\"twitter:label1\" content=\"Escrito por\" \/>\n\t<meta name=\"twitter:data1\" content=\"fw2\" \/>\n<script type=\"application\/ld+json\" class=\"yoast-schema-graph\">{\"@context\":\"https:\/\/schema.org\",\"@graph\":[{\"@type\":\"WebPage\",\"@id\":\"https:\/\/clam.org.br\/es\/en-los-medios\/stf-decide-que-condenacoes-da-lei-maria-da-penha-nao-podem-ser-suspensas-em-caso-de-agressoes-leves\/31953\/\",\"url\":\"https:\/\/clam.org.br\/es\/en-los-medios\/stf-decide-que-condenacoes-da-lei-maria-da-penha-nao-podem-ser-suspensas-em-caso-de-agressoes-leves\/31953\/\",\"name\":\"STF decide que condena\u00e7\u00f5es da Lei Maria da Penha n\u00e3o podem ser suspensas em caso de agress\u00f5es leves - CLAM - ES\",\"isPartOf\":{\"@id\":\"https:\/\/clam.org.br\/es\/#website\"},\"datePublished\":\"2011-03-24T03:00:00+00:00\",\"author\":{\"@id\":\"https:\/\/clam.org.br\/es\/#\/schema\/person\/fbd9a86032bf7479f94b0ded196f1010\"},\"breadcrumb\":{\"@id\":\"https:\/\/clam.org.br\/es\/en-los-medios\/stf-decide-que-condenacoes-da-lei-maria-da-penha-nao-podem-ser-suspensas-em-caso-de-agressoes-leves\/31953\/#breadcrumb\"},\"inLanguage\":\"es\",\"potentialAction\":[{\"@type\":\"ReadAction\",\"target\":[\"https:\/\/clam.org.br\/es\/en-los-medios\/stf-decide-que-condenacoes-da-lei-maria-da-penha-nao-podem-ser-suspensas-em-caso-de-agressoes-leves\/31953\/\"]}]},{\"@type\":\"BreadcrumbList\",\"@id\":\"https:\/\/clam.org.br\/es\/en-los-medios\/stf-decide-que-condenacoes-da-lei-maria-da-penha-nao-podem-ser-suspensas-em-caso-de-agressoes-leves\/31953\/#breadcrumb\",\"itemListElement\":[{\"@type\":\"ListItem\",\"position\":1,\"name\":\"In\u00edcio\",\"item\":\"https:\/\/clam.org.br\/es\/\"},{\"@type\":\"ListItem\",\"position\":2,\"name\":\"STF decide que condena\u00e7\u00f5es da Lei Maria da Penha n\u00e3o podem ser suspensas em caso de agress\u00f5es leves\"}]},{\"@type\":\"WebSite\",\"@id\":\"https:\/\/clam.org.br\/es\/#website\",\"url\":\"https:\/\/clam.org.br\/es\/\",\"name\":\"CLAM - ES\",\"description\":\"S\u00f3 mais um site CLAM - Centro Latino-Americano em Sexualidade e Direitos Humanos sites\",\"potentialAction\":[{\"@type\":\"SearchAction\",\"target\":{\"@type\":\"EntryPoint\",\"urlTemplate\":\"https:\/\/clam.org.br\/es\/?s={search_term_string}\"},\"query-input\":{\"@type\":\"PropertyValueSpecification\",\"valueRequired\":true,\"valueName\":\"search_term_string\"}}],\"inLanguage\":\"es\"},{\"@type\":\"Person\",\"@id\":\"https:\/\/clam.org.br\/es\/#\/schema\/person\/fbd9a86032bf7479f94b0ded196f1010\",\"name\":\"fw2\",\"image\":{\"@type\":\"ImageObject\",\"inLanguage\":\"es\",\"@id\":\"https:\/\/clam.org.br\/es\/#\/schema\/person\/image\/\",\"url\":\"https:\/\/secure.gravatar.com\/avatar\/c38472c0cdbde82d9b6fcc26adb3779d?s=96&d=mm&r=g\",\"contentUrl\":\"https:\/\/secure.gravatar.com\/avatar\/c38472c0cdbde82d9b6fcc26adb3779d?s=96&d=mm&r=g\",\"caption\":\"fw2\"},\"sameAs\":[\"https:\/\/clam.fw2web.com.br\"],\"url\":\"https:\/\/clam.org.br\/es\/author\/fw2\/\"}]}<\/script>\n<!-- \/ Yoast SEO plugin. -->","yoast_head_json":{"title":"STF decide que condena\u00e7\u00f5es da Lei Maria da Penha n\u00e3o podem ser suspensas em caso de agress\u00f5es leves - CLAM - ES","robots":{"index":"index","follow":"follow","max-snippet":"max-snippet:-1","max-image-preview":"max-image-preview:large","max-video-preview":"max-video-preview:-1"},"canonical":"https:\/\/clam.org.br\/es\/en-los-medios\/stf-decide-que-condenacoes-da-lei-maria-da-penha-nao-podem-ser-suspensas-em-caso-de-agressoes-leves\/31953\/","og_locale":"es_ES","og_type":"article","og_title":"STF decide que condena\u00e7\u00f5es da Lei Maria da Penha n\u00e3o podem ser suspensas em caso de agress\u00f5es leves - CLAM - ES","og_description":"O Supremo Tribunal Federal (STF) decidiu hoje (24), por unanimidade, que a Lei Maria da Penha n\u00e3o pode ser submetida \u00e0 Lei dos Juizados Especiais. Isso significa que as condena\u00e7\u00f5es por agress\u00e3o \u00e0s mulheres, mesmo no caso de menor potencial ofensivo, n\u00e3o podem ser substitu\u00eddas por medidas alternativas. Tamb\u00e9m significa que as condena\u00e7\u00f5es com pena inferior a um ano n\u00e3o podem deixar de ser aplicadas, mesmo que o r\u00e9u n\u00e3o responda a outro processo.","og_url":"https:\/\/clam.org.br\/es\/en-los-medios\/stf-decide-que-condenacoes-da-lei-maria-da-penha-nao-podem-ser-suspensas-em-caso-de-agressoes-leves\/31953\/","og_site_name":"CLAM - ES","article_published_time":"2011-03-24T03:00:00+00:00","author":"fw2","twitter_card":"summary_large_image","twitter_misc":{"Escrito por":"fw2"},"schema":{"@context":"https:\/\/schema.org","@graph":[{"@type":"WebPage","@id":"https:\/\/clam.org.br\/es\/en-los-medios\/stf-decide-que-condenacoes-da-lei-maria-da-penha-nao-podem-ser-suspensas-em-caso-de-agressoes-leves\/31953\/","url":"https:\/\/clam.org.br\/es\/en-los-medios\/stf-decide-que-condenacoes-da-lei-maria-da-penha-nao-podem-ser-suspensas-em-caso-de-agressoes-leves\/31953\/","name":"STF decide que condena\u00e7\u00f5es da Lei Maria da Penha n\u00e3o podem ser suspensas em caso de agress\u00f5es leves - CLAM - ES","isPartOf":{"@id":"https:\/\/clam.org.br\/es\/#website"},"datePublished":"2011-03-24T03:00:00+00:00","author":{"@id":"https:\/\/clam.org.br\/es\/#\/schema\/person\/fbd9a86032bf7479f94b0ded196f1010"},"breadcrumb":{"@id":"https:\/\/clam.org.br\/es\/en-los-medios\/stf-decide-que-condenacoes-da-lei-maria-da-penha-nao-podem-ser-suspensas-em-caso-de-agressoes-leves\/31953\/#breadcrumb"},"inLanguage":"es","potentialAction":[{"@type":"ReadAction","target":["https:\/\/clam.org.br\/es\/en-los-medios\/stf-decide-que-condenacoes-da-lei-maria-da-penha-nao-podem-ser-suspensas-em-caso-de-agressoes-leves\/31953\/"]}]},{"@type":"BreadcrumbList","@id":"https:\/\/clam.org.br\/es\/en-los-medios\/stf-decide-que-condenacoes-da-lei-maria-da-penha-nao-podem-ser-suspensas-em-caso-de-agressoes-leves\/31953\/#breadcrumb","itemListElement":[{"@type":"ListItem","position":1,"name":"In\u00edcio","item":"https:\/\/clam.org.br\/es\/"},{"@type":"ListItem","position":2,"name":"STF decide que condena\u00e7\u00f5es da Lei Maria da Penha n\u00e3o podem ser suspensas em caso de agress\u00f5es leves"}]},{"@type":"WebSite","@id":"https:\/\/clam.org.br\/es\/#website","url":"https:\/\/clam.org.br\/es\/","name":"CLAM - ES","description":"S\u00f3 mais um site CLAM - Centro Latino-Americano em Sexualidade e Direitos Humanos sites","potentialAction":[{"@type":"SearchAction","target":{"@type":"EntryPoint","urlTemplate":"https:\/\/clam.org.br\/es\/?s={search_term_string}"},"query-input":{"@type":"PropertyValueSpecification","valueRequired":true,"valueName":"search_term_string"}}],"inLanguage":"es"},{"@type":"Person","@id":"https:\/\/clam.org.br\/es\/#\/schema\/person\/fbd9a86032bf7479f94b0ded196f1010","name":"fw2","image":{"@type":"ImageObject","inLanguage":"es","@id":"https:\/\/clam.org.br\/es\/#\/schema\/person\/image\/","url":"https:\/\/secure.gravatar.com\/avatar\/c38472c0cdbde82d9b6fcc26adb3779d?s=96&d=mm&r=g","contentUrl":"https:\/\/secure.gravatar.com\/avatar\/c38472c0cdbde82d9b6fcc26adb3779d?s=96&d=mm&r=g","caption":"fw2"},"sameAs":["https:\/\/clam.fw2web.com.br"],"url":"https:\/\/clam.org.br\/es\/author\/fw2\/"}]}},"jetpack_featured_media_url":"","jetpack_sharing_enabled":true,"_links":{"self":[{"href":"https:\/\/clam.org.br\/es\/wp-json\/wp\/v2\/posts\/31953","targetHints":{"allow":["GET"]}}],"collection":[{"href":"https:\/\/clam.org.br\/es\/wp-json\/wp\/v2\/posts"}],"about":[{"href":"https:\/\/clam.org.br\/es\/wp-json\/wp\/v2\/types\/post"}],"author":[{"embeddable":true,"href":"https:\/\/clam.org.br\/es\/wp-json\/wp\/v2\/users\/1"}],"replies":[{"embeddable":true,"href":"https:\/\/clam.org.br\/es\/wp-json\/wp\/v2\/comments?post=31953"}],"version-history":[{"count":0,"href":"https:\/\/clam.org.br\/es\/wp-json\/wp\/v2\/posts\/31953\/revisions"}],"wp:attachment":[{"href":"https:\/\/clam.org.br\/es\/wp-json\/wp\/v2\/media?parent=31953"}],"wp:term":[{"taxonomy":"category","embeddable":true,"href":"https:\/\/clam.org.br\/es\/wp-json\/wp\/v2\/categories?post=31953"},{"taxonomy":"post_tag","embeddable":true,"href":"https:\/\/clam.org.br\/es\/wp-json\/wp\/v2\/tags?post=31953"}],"curies":[{"name":"wp","href":"https:\/\/api.w.org\/{rel}","templated":true}]}}