{"id":3209,"date":"2007-05-09T00:00:00","date_gmt":"2007-05-09T03:00:00","guid":{"rendered":"https:\/\/clam.fw2web.com.br\/es\/2007\/05\/09\/rosario-abre-la-primera-area-de-diversidad-sexual-del-pais\/"},"modified":"2023-06-14T07:50:32","modified_gmt":"2023-06-14T10:50:32","slug":"rosario-abre-la-primera-area-de-diversidad-sexual-del-pais","status":"publish","type":"post","link":"https:\/\/clam.org.br\/es\/en-los-medios\/rosario-abre-la-primera-area-de-diversidad-sexual-del-pais\/3209\/","title":{"rendered":"Rosario abre la primera \u00e1rea de diversidad sexual del pa\u00eds"},"content":{"rendered":"<p>Depender\u00e1 de Promoci\u00f3n Social del municipio y apuntar\u00e1 a la igualdad y la no discriminaci\u00f3n. Gays, lesbianas, bisexuales y transexuales de Rosario contar\u00e1n desde ma\u00f1ana con un \u00e1rea espec\u00edfica en el municipio. El tema no es menor para una poblaci\u00f3n que representa el 10 por ciento de los habitantes de la ciudad y que, si bien ha trabajado con distintos organismos abocados su problem\u00e1tica, no ten\u00eda hasta ahora \u00abun reconocimiento del Estado en sus pol\u00edticas p\u00fablicas\u00bb. As\u00ed lo resalt\u00f3 el flamante coordinador del \u00e1rea, Esteban Paul\u00f3n. La repartici\u00f3n ser\u00e1 la primera de su tipo en el pa\u00eds y depender\u00e1 de la Secretar\u00eda de Promoci\u00f3n Social. Se inaugurar\u00e1 ma\u00f1ana, a las 9.30, en el sal\u00f3n Carrasco del Palacio municipal (Buenos Aires 711).<BR> <a href=\"http:\/\/www.lacapital.com.ar\/2007\/05\/02\/ciudad\/noticia_385642.shtml\" target=\"_blank\" rel=\"noopener\">Texto completo <\/A><\/p>\n","protected":false},"excerpt":{"rendered":"<p>Depender\u00e1 de Promoci\u00f3n Social del municipio y apuntar\u00e1 a la igualdad y la no discriminaci\u00f3n. Gays, lesbianas, bisexuales y transexuales de Rosario contar\u00e1n desde ma\u00f1ana con un \u00e1rea espec\u00edfica en el municipio. El tema no es menor para una poblaci\u00f3n que representa el 10 por ciento de los habitantes de la ciudad y que, si bien ha trabajado con distintos organismos abocados su problem\u00e1tica, no ten\u00eda hasta ahora \u00abun reconocimiento del Estado en sus pol\u00edticas p\u00fablicas\u00bb. As\u00ed lo resalt\u00f3 el flamante coordinador del \u00e1rea, Esteban Paul\u00f3n. La repartici\u00f3n ser\u00e1 la primera de su tipo en el pa\u00eds y depender\u00e1 de la Secretar\u00eda de Promoci\u00f3n Social. Se inaugurar\u00e1 ma\u00f1ana, a las 9.30, en el sal\u00f3n Carrasco del Palacio municipal (Buenos Aires 711).<\/p>\n","protected":false},"author":1,"featured_media":0,"comment_status":"open","ping_status":"open","sticky":false,"template":"","format":"standard","meta":{"_acf_changed":false,"site-sidebar-layout":"default","site-content-layout":"default","ast-global-header-display":"","ast-main-header-display":"","ast-hfb-above-header-display":"","ast-hfb-below-header-display":"","ast-hfb-mobile-header-display":"","site-post-title":"","ast-breadcrumbs-content":"","ast-featured-img":"","footer-sml-layout":"","theme-transparent-header-meta":"","adv-header-id-meta":"","stick-header-meta":"","header-above-stick-meta":"","header-main-stick-meta":"","header-below-stick-meta":"","_jetpack_memberships_contains_paid_content":false,"footnotes":""},"categories":[27],"tags":[],"class_list":["post-3209","post","type-post","status-publish","format-standard","hentry","category-en-los-medios"],"acf":[],"yoast_head":"<!-- This site is optimized with the Yoast SEO plugin v26.1.1 - https:\/\/yoast.com\/wordpress\/plugins\/seo\/ -->\n<title>Rosario abre la primera \u00e1rea de diversidad sexual del pa\u00eds - CLAM - ES<\/title>\n<meta name=\"robots\" content=\"index, follow, max-snippet:-1, max-image-preview:large, max-video-preview:-1\" \/>\n<link rel=\"canonical\" href=\"https:\/\/clam.org.br\/es\/en-los-medios\/rosario-abre-la-primera-area-de-diversidad-sexual-del-pais\/3209\/\" \/>\n<meta property=\"og:locale\" content=\"es_ES\" \/>\n<meta property=\"og:type\" content=\"article\" \/>\n<meta property=\"og:title\" content=\"Rosario abre la primera \u00e1rea de diversidad sexual del pa\u00eds - CLAM - ES\" \/>\n<meta property=\"og:description\" content=\"Depender\u00e1 de Promoci\u00f3n Social del municipio y apuntar\u00e1 a la igualdad y la no discriminaci\u00f3n. Gays, lesbianas, bisexuales y transexuales de Rosario contar\u00e1n desde ma\u00f1ana con un \u00e1rea espec\u00edfica en el municipio. El tema no es menor para una poblaci\u00f3n que representa el 10 por ciento de los habitantes de la ciudad y que, si bien ha trabajado con distintos organismos abocados su problem\u00e1tica, no ten\u00eda hasta ahora &quot;un reconocimiento del Estado en sus pol\u00edticas p\u00fablicas&quot;. As\u00ed lo resalt\u00f3 el flamante coordinador del \u00e1rea, Esteban Paul\u00f3n. La repartici\u00f3n ser\u00e1 la primera de su tipo en el pa\u00eds y depender\u00e1 de la Secretar\u00eda de Promoci\u00f3n Social. Se inaugurar\u00e1 ma\u00f1ana, a las 9.30, en el sal\u00f3n Carrasco del Palacio municipal (Buenos Aires 711).\" \/>\n<meta property=\"og:url\" content=\"https:\/\/clam.org.br\/es\/en-los-medios\/rosario-abre-la-primera-area-de-diversidad-sexual-del-pais\/3209\/\" \/>\n<meta property=\"og:site_name\" content=\"CLAM - ES\" \/>\n<meta property=\"article:published_time\" content=\"2007-05-09T03:00:00+00:00\" \/>\n<meta property=\"article:modified_time\" content=\"2023-06-14T10:50:32+00:00\" \/>\n<meta name=\"author\" content=\"fw2\" \/>\n<meta name=\"twitter:card\" content=\"summary_large_image\" \/>\n<meta name=\"twitter:label1\" content=\"Escrito por\" \/>\n\t<meta name=\"twitter:data1\" content=\"fw2\" \/>\n\t<meta name=\"twitter:label2\" content=\"Tiempo de lectura\" \/>\n\t<meta name=\"twitter:data2\" content=\"1 minuto\" \/>\n<script type=\"application\/ld+json\" class=\"yoast-schema-graph\">{\"@context\":\"https:\/\/schema.org\",\"@graph\":[{\"@type\":\"WebPage\",\"@id\":\"https:\/\/clam.org.br\/es\/en-los-medios\/rosario-abre-la-primera-area-de-diversidad-sexual-del-pais\/3209\/\",\"url\":\"https:\/\/clam.org.br\/es\/en-los-medios\/rosario-abre-la-primera-area-de-diversidad-sexual-del-pais\/3209\/\",\"name\":\"Rosario abre la primera \u00e1rea de diversidad sexual del pa\u00eds - CLAM - ES\",\"isPartOf\":{\"@id\":\"https:\/\/clam.org.br\/es\/#website\"},\"datePublished\":\"2007-05-09T03:00:00+00:00\",\"dateModified\":\"2023-06-14T10:50:32+00:00\",\"author\":{\"@id\":\"https:\/\/clam.org.br\/es\/#\/schema\/person\/fbd9a86032bf7479f94b0ded196f1010\"},\"breadcrumb\":{\"@id\":\"https:\/\/clam.org.br\/es\/en-los-medios\/rosario-abre-la-primera-area-de-diversidad-sexual-del-pais\/3209\/#breadcrumb\"},\"inLanguage\":\"es\",\"potentialAction\":[{\"@type\":\"ReadAction\",\"target\":[\"https:\/\/clam.org.br\/es\/en-los-medios\/rosario-abre-la-primera-area-de-diversidad-sexual-del-pais\/3209\/\"]}]},{\"@type\":\"BreadcrumbList\",\"@id\":\"https:\/\/clam.org.br\/es\/en-los-medios\/rosario-abre-la-primera-area-de-diversidad-sexual-del-pais\/3209\/#breadcrumb\",\"itemListElement\":[{\"@type\":\"ListItem\",\"position\":1,\"name\":\"In\u00edcio\",\"item\":\"https:\/\/clam.org.br\/es\/\"},{\"@type\":\"ListItem\",\"position\":2,\"name\":\"Rosario abre la primera \u00e1rea de diversidad sexual del pa\u00eds\"}]},{\"@type\":\"WebSite\",\"@id\":\"https:\/\/clam.org.br\/es\/#website\",\"url\":\"https:\/\/clam.org.br\/es\/\",\"name\":\"CLAM - ES\",\"description\":\"S\u00f3 mais um site CLAM - Centro Latino-Americano em Sexualidade e Direitos Humanos sites\",\"potentialAction\":[{\"@type\":\"SearchAction\",\"target\":{\"@type\":\"EntryPoint\",\"urlTemplate\":\"https:\/\/clam.org.br\/es\/?s={search_term_string}\"},\"query-input\":{\"@type\":\"PropertyValueSpecification\",\"valueRequired\":true,\"valueName\":\"search_term_string\"}}],\"inLanguage\":\"es\"},{\"@type\":\"Person\",\"@id\":\"https:\/\/clam.org.br\/es\/#\/schema\/person\/fbd9a86032bf7479f94b0ded196f1010\",\"name\":\"fw2\",\"image\":{\"@type\":\"ImageObject\",\"inLanguage\":\"es\",\"@id\":\"https:\/\/clam.org.br\/es\/#\/schema\/person\/image\/\",\"url\":\"https:\/\/secure.gravatar.com\/avatar\/c38472c0cdbde82d9b6fcc26adb3779d?s=96&d=mm&r=g\",\"contentUrl\":\"https:\/\/secure.gravatar.com\/avatar\/c38472c0cdbde82d9b6fcc26adb3779d?s=96&d=mm&r=g\",\"caption\":\"fw2\"},\"sameAs\":[\"https:\/\/clam.fw2web.com.br\"],\"url\":\"https:\/\/clam.org.br\/es\/author\/fw2\/\"}]}<\/script>\n<!-- \/ Yoast SEO plugin. -->","yoast_head_json":{"title":"Rosario abre la primera \u00e1rea de diversidad sexual del pa\u00eds - CLAM - ES","robots":{"index":"index","follow":"follow","max-snippet":"max-snippet:-1","max-image-preview":"max-image-preview:large","max-video-preview":"max-video-preview:-1"},"canonical":"https:\/\/clam.org.br\/es\/en-los-medios\/rosario-abre-la-primera-area-de-diversidad-sexual-del-pais\/3209\/","og_locale":"es_ES","og_type":"article","og_title":"Rosario abre la primera \u00e1rea de diversidad sexual del pa\u00eds - CLAM - ES","og_description":"Depender\u00e1 de Promoci\u00f3n Social del municipio y apuntar\u00e1 a la igualdad y la no discriminaci\u00f3n. Gays, lesbianas, bisexuales y transexuales de Rosario contar\u00e1n desde ma\u00f1ana con un \u00e1rea espec\u00edfica en el municipio. El tema no es menor para una poblaci\u00f3n que representa el 10 por ciento de los habitantes de la ciudad y que, si bien ha trabajado con distintos organismos abocados su problem\u00e1tica, no ten\u00eda hasta ahora \"un reconocimiento del Estado en sus pol\u00edticas p\u00fablicas\". As\u00ed lo resalt\u00f3 el flamante coordinador del \u00e1rea, Esteban Paul\u00f3n. La repartici\u00f3n ser\u00e1 la primera de su tipo en el pa\u00eds y depender\u00e1 de la Secretar\u00eda de Promoci\u00f3n Social. Se inaugurar\u00e1 ma\u00f1ana, a las 9.30, en el sal\u00f3n Carrasco del Palacio municipal (Buenos Aires 711).","og_url":"https:\/\/clam.org.br\/es\/en-los-medios\/rosario-abre-la-primera-area-de-diversidad-sexual-del-pais\/3209\/","og_site_name":"CLAM - ES","article_published_time":"2007-05-09T03:00:00+00:00","article_modified_time":"2023-06-14T10:50:32+00:00","author":"fw2","twitter_card":"summary_large_image","twitter_misc":{"Escrito por":"fw2","Tiempo de lectura":"1 minuto"},"schema":{"@context":"https:\/\/schema.org","@graph":[{"@type":"WebPage","@id":"https:\/\/clam.org.br\/es\/en-los-medios\/rosario-abre-la-primera-area-de-diversidad-sexual-del-pais\/3209\/","url":"https:\/\/clam.org.br\/es\/en-los-medios\/rosario-abre-la-primera-area-de-diversidad-sexual-del-pais\/3209\/","name":"Rosario abre la primera \u00e1rea de diversidad sexual del pa\u00eds - CLAM - ES","isPartOf":{"@id":"https:\/\/clam.org.br\/es\/#website"},"datePublished":"2007-05-09T03:00:00+00:00","dateModified":"2023-06-14T10:50:32+00:00","author":{"@id":"https:\/\/clam.org.br\/es\/#\/schema\/person\/fbd9a86032bf7479f94b0ded196f1010"},"breadcrumb":{"@id":"https:\/\/clam.org.br\/es\/en-los-medios\/rosario-abre-la-primera-area-de-diversidad-sexual-del-pais\/3209\/#breadcrumb"},"inLanguage":"es","potentialAction":[{"@type":"ReadAction","target":["https:\/\/clam.org.br\/es\/en-los-medios\/rosario-abre-la-primera-area-de-diversidad-sexual-del-pais\/3209\/"]}]},{"@type":"BreadcrumbList","@id":"https:\/\/clam.org.br\/es\/en-los-medios\/rosario-abre-la-primera-area-de-diversidad-sexual-del-pais\/3209\/#breadcrumb","itemListElement":[{"@type":"ListItem","position":1,"name":"In\u00edcio","item":"https:\/\/clam.org.br\/es\/"},{"@type":"ListItem","position":2,"name":"Rosario abre la primera \u00e1rea de diversidad sexual del pa\u00eds"}]},{"@type":"WebSite","@id":"https:\/\/clam.org.br\/es\/#website","url":"https:\/\/clam.org.br\/es\/","name":"CLAM - ES","description":"S\u00f3 mais um site CLAM - Centro Latino-Americano em Sexualidade e Direitos Humanos sites","potentialAction":[{"@type":"SearchAction","target":{"@type":"EntryPoint","urlTemplate":"https:\/\/clam.org.br\/es\/?s={search_term_string}"},"query-input":{"@type":"PropertyValueSpecification","valueRequired":true,"valueName":"search_term_string"}}],"inLanguage":"es"},{"@type":"Person","@id":"https:\/\/clam.org.br\/es\/#\/schema\/person\/fbd9a86032bf7479f94b0ded196f1010","name":"fw2","image":{"@type":"ImageObject","inLanguage":"es","@id":"https:\/\/clam.org.br\/es\/#\/schema\/person\/image\/","url":"https:\/\/secure.gravatar.com\/avatar\/c38472c0cdbde82d9b6fcc26adb3779d?s=96&d=mm&r=g","contentUrl":"https:\/\/secure.gravatar.com\/avatar\/c38472c0cdbde82d9b6fcc26adb3779d?s=96&d=mm&r=g","caption":"fw2"},"sameAs":["https:\/\/clam.fw2web.com.br"],"url":"https:\/\/clam.org.br\/es\/author\/fw2\/"}]}},"jetpack_featured_media_url":"","jetpack_sharing_enabled":true,"_links":{"self":[{"href":"https:\/\/clam.org.br\/es\/wp-json\/wp\/v2\/posts\/3209","targetHints":{"allow":["GET"]}}],"collection":[{"href":"https:\/\/clam.org.br\/es\/wp-json\/wp\/v2\/posts"}],"about":[{"href":"https:\/\/clam.org.br\/es\/wp-json\/wp\/v2\/types\/post"}],"author":[{"embeddable":true,"href":"https:\/\/clam.org.br\/es\/wp-json\/wp\/v2\/users\/1"}],"replies":[{"embeddable":true,"href":"https:\/\/clam.org.br\/es\/wp-json\/wp\/v2\/comments?post=3209"}],"version-history":[{"count":1,"href":"https:\/\/clam.org.br\/es\/wp-json\/wp\/v2\/posts\/3209\/revisions"}],"predecessor-version":[{"id":28709,"href":"https:\/\/clam.org.br\/es\/wp-json\/wp\/v2\/posts\/3209\/revisions\/28709"}],"wp:attachment":[{"href":"https:\/\/clam.org.br\/es\/wp-json\/wp\/v2\/media?parent=3209"}],"wp:term":[{"taxonomy":"category","embeddable":true,"href":"https:\/\/clam.org.br\/es\/wp-json\/wp\/v2\/categories?post=3209"},{"taxonomy":"post_tag","embeddable":true,"href":"https:\/\/clam.org.br\/es\/wp-json\/wp\/v2\/tags?post=3209"}],"curies":[{"name":"wp","href":"https:\/\/api.w.org\/{rel}","templated":true}]}}