{"id":3232,"date":"2008-05-28T00:00:00","date_gmt":"2008-05-28T03:00:00","guid":{"rendered":"https:\/\/clam.fw2web.com.br\/es\/2007\/05\/29\/del-dicho-al-hecho-sin-tanto-trecho\/"},"modified":"2023-06-14T07:56:33","modified_gmt":"2023-06-14T10:56:33","slug":"del-dicho-al-hecho-sin-tanto-trecho","status":"publish","type":"post","link":"https:\/\/clam.org.br\/es\/en-los-medios\/del-dicho-al-hecho-sin-tanto-trecho\/3232\/","title":{"rendered":"Del dicho al hecho\u2026 sin tanto trecho"},"content":{"rendered":"<p>Alejandra Azuero analiza los efectos de la sentencia de la Corte que reconoce efectos jur\u00eddicos a las parejas homosexuales, una semana despu\u00e9s de su publicaci\u00f3n.  <P>El pasado 18 de mayo, tres meses despu\u00e9s de que la sala plena de la Corte Constitucional declarara la exequibilidad condicionada de la Ley 54 de 1990, se hizo p\u00fablico el fallo que reconoce efectos jur\u00eddicos a las parejas del mismo sexo en nuestro pa\u00eds. En una hist\u00f3rica decisi\u00f3n que fue votada a favor por ocho de los nueve magistrados que componen el tribunal constitucional colombiano, la Corte afirm\u00f3 que &ldquo;la falta de reconocimiento jur\u00eddico de la realidad conformada por las parejas homosexuales es un atentado contra la dignidad de sus integrantes\u2026&rdquo;. <P><a href=\"http:\/\/www.semana.com\/wf_InfoArticulo.aspx?idArt=103963\" target=\"_blank\" rel=\"noopener\">Texto completo<\/A><\/P><\/p>\n","protected":false},"excerpt":{"rendered":"<p>Alejandra Azuero analiza los efectos de la sentencia de la Corte que reconoce efectos jur\u00eddicos a las parejas homosexuales, una semana despu\u00e9s de su publicaci\u00f3n.  El pasado 18 de mayo, tres meses despu\u00e9s de que la sala plena de la Corte Constitucional declarara la exequibilidad condicionada de la Ley 54 de 1990, se hizo p\u00fablico el fallo que reconoce efectos jur\u00eddicos a las parejas del mismo sexo en nuestro pa\u00eds. En una hist\u00f3rica decisi\u00f3n que fue votada a favor por ocho de los nueve magistrados que componen el tribunal constitucional colombiano, la Corte afirm\u00f3 que &ldquo;la falta de reconocimiento jur\u00eddico de la realidad conformada por las parejas homosexuales es un atentado contra la dignidad de sus integrantes\u2026&rdquo;.<\/p>\n","protected":false},"author":1,"featured_media":0,"comment_status":"open","ping_status":"open","sticky":false,"template":"","format":"standard","meta":{"_acf_changed":false,"site-sidebar-layout":"default","site-content-layout":"default","ast-global-header-display":"","ast-main-header-display":"","ast-hfb-above-header-display":"","ast-hfb-below-header-display":"","ast-hfb-mobile-header-display":"","site-post-title":"","ast-breadcrumbs-content":"","ast-featured-img":"","footer-sml-layout":"","theme-transparent-header-meta":"","adv-header-id-meta":"","stick-header-meta":"","header-above-stick-meta":"","header-main-stick-meta":"","header-below-stick-meta":"","_jetpack_memberships_contains_paid_content":false,"footnotes":""},"categories":[27],"tags":[],"class_list":["post-3232","post","type-post","status-publish","format-standard","hentry","category-en-los-medios"],"acf":[],"yoast_head":"<!-- This site is optimized with the Yoast SEO plugin v26.1.1 - https:\/\/yoast.com\/wordpress\/plugins\/seo\/ -->\n<title>Del dicho al hecho\u2026 sin tanto trecho - CLAM - ES<\/title>\n<meta name=\"robots\" content=\"index, follow, max-snippet:-1, max-image-preview:large, max-video-preview:-1\" \/>\n<link rel=\"canonical\" href=\"https:\/\/clam.org.br\/es\/en-los-medios\/del-dicho-al-hecho-sin-tanto-trecho\/3232\/\" \/>\n<meta property=\"og:locale\" content=\"es_ES\" \/>\n<meta property=\"og:type\" content=\"article\" \/>\n<meta property=\"og:title\" content=\"Del dicho al hecho\u2026 sin tanto trecho - CLAM - ES\" \/>\n<meta property=\"og:description\" content=\"Alejandra Azuero analiza los efectos de la sentencia de la Corte que reconoce efectos jur\u00eddicos a las parejas homosexuales, una semana despu\u00e9s de su publicaci\u00f3n. El pasado 18 de mayo, tres meses despu\u00e9s de que la sala plena de la Corte Constitucional declarara la exequibilidad condicionada de la Ley 54 de 1990, se hizo p\u00fablico el fallo que reconoce efectos jur\u00eddicos a las parejas del mismo sexo en nuestro pa\u00eds. En una hist\u00f3rica decisi\u00f3n que fue votada a favor por ocho de los nueve magistrados que componen el tribunal constitucional colombiano, la Corte afirm\u00f3 que &ldquo;la falta de reconocimiento jur\u00eddico de la realidad conformada por las parejas homosexuales es un atentado contra la dignidad de sus integrantes\u2026&rdquo;.\" \/>\n<meta property=\"og:url\" content=\"https:\/\/clam.org.br\/es\/en-los-medios\/del-dicho-al-hecho-sin-tanto-trecho\/3232\/\" \/>\n<meta property=\"og:site_name\" content=\"CLAM - ES\" \/>\n<meta property=\"article:published_time\" content=\"2008-05-28T03:00:00+00:00\" \/>\n<meta property=\"article:modified_time\" content=\"2023-06-14T10:56:33+00:00\" \/>\n<meta name=\"author\" content=\"fw2\" \/>\n<meta name=\"twitter:card\" content=\"summary_large_image\" \/>\n<meta name=\"twitter:label1\" content=\"Escrito por\" \/>\n\t<meta name=\"twitter:data1\" content=\"fw2\" \/>\n\t<meta name=\"twitter:label2\" content=\"Tiempo de lectura\" \/>\n\t<meta name=\"twitter:data2\" content=\"1 minuto\" \/>\n<script type=\"application\/ld+json\" class=\"yoast-schema-graph\">{\"@context\":\"https:\/\/schema.org\",\"@graph\":[{\"@type\":\"WebPage\",\"@id\":\"https:\/\/clam.org.br\/es\/en-los-medios\/del-dicho-al-hecho-sin-tanto-trecho\/3232\/\",\"url\":\"https:\/\/clam.org.br\/es\/en-los-medios\/del-dicho-al-hecho-sin-tanto-trecho\/3232\/\",\"name\":\"Del dicho al hecho\u2026 sin tanto trecho - CLAM - ES\",\"isPartOf\":{\"@id\":\"https:\/\/clam.org.br\/es\/#website\"},\"datePublished\":\"2008-05-28T03:00:00+00:00\",\"dateModified\":\"2023-06-14T10:56:33+00:00\",\"author\":{\"@id\":\"https:\/\/clam.org.br\/es\/#\/schema\/person\/fbd9a86032bf7479f94b0ded196f1010\"},\"breadcrumb\":{\"@id\":\"https:\/\/clam.org.br\/es\/en-los-medios\/del-dicho-al-hecho-sin-tanto-trecho\/3232\/#breadcrumb\"},\"inLanguage\":\"es\",\"potentialAction\":[{\"@type\":\"ReadAction\",\"target\":[\"https:\/\/clam.org.br\/es\/en-los-medios\/del-dicho-al-hecho-sin-tanto-trecho\/3232\/\"]}]},{\"@type\":\"BreadcrumbList\",\"@id\":\"https:\/\/clam.org.br\/es\/en-los-medios\/del-dicho-al-hecho-sin-tanto-trecho\/3232\/#breadcrumb\",\"itemListElement\":[{\"@type\":\"ListItem\",\"position\":1,\"name\":\"In\u00edcio\",\"item\":\"https:\/\/clam.org.br\/es\/\"},{\"@type\":\"ListItem\",\"position\":2,\"name\":\"Del dicho al hecho\u2026 sin tanto trecho\"}]},{\"@type\":\"WebSite\",\"@id\":\"https:\/\/clam.org.br\/es\/#website\",\"url\":\"https:\/\/clam.org.br\/es\/\",\"name\":\"CLAM - ES\",\"description\":\"S\u00f3 mais um site CLAM - Centro Latino-Americano em Sexualidade e Direitos Humanos sites\",\"potentialAction\":[{\"@type\":\"SearchAction\",\"target\":{\"@type\":\"EntryPoint\",\"urlTemplate\":\"https:\/\/clam.org.br\/es\/?s={search_term_string}\"},\"query-input\":{\"@type\":\"PropertyValueSpecification\",\"valueRequired\":true,\"valueName\":\"search_term_string\"}}],\"inLanguage\":\"es\"},{\"@type\":\"Person\",\"@id\":\"https:\/\/clam.org.br\/es\/#\/schema\/person\/fbd9a86032bf7479f94b0ded196f1010\",\"name\":\"fw2\",\"image\":{\"@type\":\"ImageObject\",\"inLanguage\":\"es\",\"@id\":\"https:\/\/clam.org.br\/es\/#\/schema\/person\/image\/\",\"url\":\"https:\/\/secure.gravatar.com\/avatar\/c38472c0cdbde82d9b6fcc26adb3779d?s=96&d=mm&r=g\",\"contentUrl\":\"https:\/\/secure.gravatar.com\/avatar\/c38472c0cdbde82d9b6fcc26adb3779d?s=96&d=mm&r=g\",\"caption\":\"fw2\"},\"sameAs\":[\"https:\/\/clam.fw2web.com.br\"],\"url\":\"https:\/\/clam.org.br\/es\/author\/fw2\/\"}]}<\/script>\n<!-- \/ Yoast SEO plugin. -->","yoast_head_json":{"title":"Del dicho al hecho\u2026 sin tanto trecho - CLAM - ES","robots":{"index":"index","follow":"follow","max-snippet":"max-snippet:-1","max-image-preview":"max-image-preview:large","max-video-preview":"max-video-preview:-1"},"canonical":"https:\/\/clam.org.br\/es\/en-los-medios\/del-dicho-al-hecho-sin-tanto-trecho\/3232\/","og_locale":"es_ES","og_type":"article","og_title":"Del dicho al hecho\u2026 sin tanto trecho - CLAM - ES","og_description":"Alejandra Azuero analiza los efectos de la sentencia de la Corte que reconoce efectos jur\u00eddicos a las parejas homosexuales, una semana despu\u00e9s de su publicaci\u00f3n. El pasado 18 de mayo, tres meses despu\u00e9s de que la sala plena de la Corte Constitucional declarara la exequibilidad condicionada de la Ley 54 de 1990, se hizo p\u00fablico el fallo que reconoce efectos jur\u00eddicos a las parejas del mismo sexo en nuestro pa\u00eds. En una hist\u00f3rica decisi\u00f3n que fue votada a favor por ocho de los nueve magistrados que componen el tribunal constitucional colombiano, la Corte afirm\u00f3 que &ldquo;la falta de reconocimiento jur\u00eddico de la realidad conformada por las parejas homosexuales es un atentado contra la dignidad de sus integrantes\u2026&rdquo;.","og_url":"https:\/\/clam.org.br\/es\/en-los-medios\/del-dicho-al-hecho-sin-tanto-trecho\/3232\/","og_site_name":"CLAM - ES","article_published_time":"2008-05-28T03:00:00+00:00","article_modified_time":"2023-06-14T10:56:33+00:00","author":"fw2","twitter_card":"summary_large_image","twitter_misc":{"Escrito por":"fw2","Tiempo de lectura":"1 minuto"},"schema":{"@context":"https:\/\/schema.org","@graph":[{"@type":"WebPage","@id":"https:\/\/clam.org.br\/es\/en-los-medios\/del-dicho-al-hecho-sin-tanto-trecho\/3232\/","url":"https:\/\/clam.org.br\/es\/en-los-medios\/del-dicho-al-hecho-sin-tanto-trecho\/3232\/","name":"Del dicho al hecho\u2026 sin tanto trecho - CLAM - ES","isPartOf":{"@id":"https:\/\/clam.org.br\/es\/#website"},"datePublished":"2008-05-28T03:00:00+00:00","dateModified":"2023-06-14T10:56:33+00:00","author":{"@id":"https:\/\/clam.org.br\/es\/#\/schema\/person\/fbd9a86032bf7479f94b0ded196f1010"},"breadcrumb":{"@id":"https:\/\/clam.org.br\/es\/en-los-medios\/del-dicho-al-hecho-sin-tanto-trecho\/3232\/#breadcrumb"},"inLanguage":"es","potentialAction":[{"@type":"ReadAction","target":["https:\/\/clam.org.br\/es\/en-los-medios\/del-dicho-al-hecho-sin-tanto-trecho\/3232\/"]}]},{"@type":"BreadcrumbList","@id":"https:\/\/clam.org.br\/es\/en-los-medios\/del-dicho-al-hecho-sin-tanto-trecho\/3232\/#breadcrumb","itemListElement":[{"@type":"ListItem","position":1,"name":"In\u00edcio","item":"https:\/\/clam.org.br\/es\/"},{"@type":"ListItem","position":2,"name":"Del dicho al hecho\u2026 sin tanto trecho"}]},{"@type":"WebSite","@id":"https:\/\/clam.org.br\/es\/#website","url":"https:\/\/clam.org.br\/es\/","name":"CLAM - ES","description":"S\u00f3 mais um site CLAM - Centro Latino-Americano em Sexualidade e Direitos Humanos sites","potentialAction":[{"@type":"SearchAction","target":{"@type":"EntryPoint","urlTemplate":"https:\/\/clam.org.br\/es\/?s={search_term_string}"},"query-input":{"@type":"PropertyValueSpecification","valueRequired":true,"valueName":"search_term_string"}}],"inLanguage":"es"},{"@type":"Person","@id":"https:\/\/clam.org.br\/es\/#\/schema\/person\/fbd9a86032bf7479f94b0ded196f1010","name":"fw2","image":{"@type":"ImageObject","inLanguage":"es","@id":"https:\/\/clam.org.br\/es\/#\/schema\/person\/image\/","url":"https:\/\/secure.gravatar.com\/avatar\/c38472c0cdbde82d9b6fcc26adb3779d?s=96&d=mm&r=g","contentUrl":"https:\/\/secure.gravatar.com\/avatar\/c38472c0cdbde82d9b6fcc26adb3779d?s=96&d=mm&r=g","caption":"fw2"},"sameAs":["https:\/\/clam.fw2web.com.br"],"url":"https:\/\/clam.org.br\/es\/author\/fw2\/"}]}},"jetpack_featured_media_url":"","jetpack_sharing_enabled":true,"_links":{"self":[{"href":"https:\/\/clam.org.br\/es\/wp-json\/wp\/v2\/posts\/3232","targetHints":{"allow":["GET"]}}],"collection":[{"href":"https:\/\/clam.org.br\/es\/wp-json\/wp\/v2\/posts"}],"about":[{"href":"https:\/\/clam.org.br\/es\/wp-json\/wp\/v2\/types\/post"}],"author":[{"embeddable":true,"href":"https:\/\/clam.org.br\/es\/wp-json\/wp\/v2\/users\/1"}],"replies":[{"embeddable":true,"href":"https:\/\/clam.org.br\/es\/wp-json\/wp\/v2\/comments?post=3232"}],"version-history":[{"count":2,"href":"https:\/\/clam.org.br\/es\/wp-json\/wp\/v2\/posts\/3232\/revisions"}],"predecessor-version":[{"id":30198,"href":"https:\/\/clam.org.br\/es\/wp-json\/wp\/v2\/posts\/3232\/revisions\/30198"}],"wp:attachment":[{"href":"https:\/\/clam.org.br\/es\/wp-json\/wp\/v2\/media?parent=3232"}],"wp:term":[{"taxonomy":"category","embeddable":true,"href":"https:\/\/clam.org.br\/es\/wp-json\/wp\/v2\/categories?post=3232"},{"taxonomy":"post_tag","embeddable":true,"href":"https:\/\/clam.org.br\/es\/wp-json\/wp\/v2\/tags?post=3232"}],"curies":[{"name":"wp","href":"https:\/\/api.w.org\/{rel}","templated":true}]}}