{"id":32351,"date":"2011-11-08T00:00:00","date_gmt":"2011-11-08T02:00:00","guid":{"rendered":"https:\/\/clam.fw2web.com.br\/es\/2011\/11\/08\/un-debate-a-punto-de-naufragar\/"},"modified":"2011-11-08T00:00:00","modified_gmt":"2011-11-08T02:00:00","slug":"un-debate-a-punto-de-naufragar","status":"publish","type":"post","link":"https:\/\/clam.org.br\/es\/en-los-medios\/un-debate-a-punto-de-naufragar\/32351\/","title":{"rendered":"Un debate a punto de naufragar"},"content":{"rendered":"<p><P>El presidente de la Comisi\u00f3n de Legislaci\u00f3n Penal de la C\u00e1mara de Diputados, Juan Carlos Vega (Coalici\u00f3n C\u00edvica), todav\u00eda no sabe si se concretar\u00e1 la reuni\u00f3n plenaria con las comisiones de Salud y Familia que propone realizar el jueves para continuar con el debate de la despenalizaci\u00f3n y legalizaci\u00f3n del aborto. &ldquo;He invitado a las otras dos comisiones, pero a\u00fan no he tenido respuesta de sus presidentes&rdquo;. Por el momento, las posibilidades de que se concrete el plenario son escasas.<\/P> <P><U><a href=\"http:\/\/www.pagina12.com.ar\/diario\/sociedad\/3-180797-2011-11-08.html\" target=\"_blank\" rel=\"noopener\">Texto completo<\/A><\/U><\/P><\/p>\n","protected":false},"excerpt":{"rendered":"<p>El presidente de la Comisi\u00f3n de Legislaci\u00f3n Penal de la C\u00e1mara de Diputados, Juan Carlos Vega (Coalici\u00f3n C\u00edvica), todav\u00eda no sabe si se concretar\u00e1 la reuni\u00f3n plenaria con las comisiones de Salud y Familia que propone realizar el jueves para continuar con el debate de la despenalizaci\u00f3n y legalizaci\u00f3n del aborto. &ldquo;He invitado a las otras dos comisiones, pero a\u00fan no he tenido respuesta de sus presidentes&rdquo;. Por el momento, las posibilidades de que se concrete el plenario son escasas.<\/p>\n","protected":false},"author":1,"featured_media":0,"comment_status":"open","ping_status":"open","sticky":false,"template":"","format":"standard","meta":{"_acf_changed":false,"site-sidebar-layout":"default","site-content-layout":"default","ast-global-header-display":"","ast-main-header-display":"","ast-hfb-above-header-display":"","ast-hfb-below-header-display":"","ast-hfb-mobile-header-display":"","site-post-title":"","ast-breadcrumbs-content":"","ast-featured-img":"","footer-sml-layout":"","theme-transparent-header-meta":"","adv-header-id-meta":"","stick-header-meta":"","header-above-stick-meta":"","header-main-stick-meta":"","header-below-stick-meta":"","_jetpack_memberships_contains_paid_content":false,"footnotes":""},"categories":[27],"tags":[],"class_list":["post-32351","post","type-post","status-publish","format-standard","hentry","category-en-los-medios"],"acf":[],"yoast_head":"<!-- This site is optimized with the Yoast SEO plugin v26.1.1 - https:\/\/yoast.com\/wordpress\/plugins\/seo\/ -->\n<title>Un debate a punto de naufragar - CLAM - ES<\/title>\n<meta name=\"robots\" content=\"index, follow, max-snippet:-1, max-image-preview:large, max-video-preview:-1\" \/>\n<link rel=\"canonical\" href=\"https:\/\/clam.org.br\/es\/en-los-medios\/un-debate-a-punto-de-naufragar\/32351\/\" \/>\n<meta property=\"og:locale\" content=\"es_ES\" \/>\n<meta property=\"og:type\" content=\"article\" \/>\n<meta property=\"og:title\" content=\"Un debate a punto de naufragar - CLAM - ES\" \/>\n<meta property=\"og:description\" content=\"El presidente de la Comisi\u00f3n de Legislaci\u00f3n Penal de la C\u00e1mara de Diputados, Juan Carlos Vega (Coalici\u00f3n C\u00edvica), todav\u00eda no sabe si se concretar\u00e1 la reuni\u00f3n plenaria con las comisiones de Salud y Familia que propone realizar el jueves para continuar con el debate de la despenalizaci\u00f3n y legalizaci\u00f3n del aborto. &ldquo;He invitado a las otras dos comisiones, pero a\u00fan no he tenido respuesta de sus presidentes&rdquo;. Por el momento, las posibilidades de que se concrete el plenario son escasas.\" \/>\n<meta property=\"og:url\" content=\"https:\/\/clam.org.br\/es\/en-los-medios\/un-debate-a-punto-de-naufragar\/32351\/\" \/>\n<meta property=\"og:site_name\" content=\"CLAM - ES\" \/>\n<meta property=\"article:published_time\" content=\"2011-11-08T02:00:00+00:00\" \/>\n<meta name=\"author\" content=\"fw2\" \/>\n<meta name=\"twitter:card\" content=\"summary_large_image\" \/>\n<meta name=\"twitter:label1\" content=\"Escrito por\" \/>\n\t<meta name=\"twitter:data1\" content=\"fw2\" \/>\n<script type=\"application\/ld+json\" class=\"yoast-schema-graph\">{\"@context\":\"https:\/\/schema.org\",\"@graph\":[{\"@type\":\"WebPage\",\"@id\":\"https:\/\/clam.org.br\/es\/en-los-medios\/un-debate-a-punto-de-naufragar\/32351\/\",\"url\":\"https:\/\/clam.org.br\/es\/en-los-medios\/un-debate-a-punto-de-naufragar\/32351\/\",\"name\":\"Un debate a punto de naufragar - CLAM - ES\",\"isPartOf\":{\"@id\":\"https:\/\/clam.org.br\/es\/#website\"},\"datePublished\":\"2011-11-08T02:00:00+00:00\",\"author\":{\"@id\":\"https:\/\/clam.org.br\/es\/#\/schema\/person\/fbd9a86032bf7479f94b0ded196f1010\"},\"breadcrumb\":{\"@id\":\"https:\/\/clam.org.br\/es\/en-los-medios\/un-debate-a-punto-de-naufragar\/32351\/#breadcrumb\"},\"inLanguage\":\"es\",\"potentialAction\":[{\"@type\":\"ReadAction\",\"target\":[\"https:\/\/clam.org.br\/es\/en-los-medios\/un-debate-a-punto-de-naufragar\/32351\/\"]}]},{\"@type\":\"BreadcrumbList\",\"@id\":\"https:\/\/clam.org.br\/es\/en-los-medios\/un-debate-a-punto-de-naufragar\/32351\/#breadcrumb\",\"itemListElement\":[{\"@type\":\"ListItem\",\"position\":1,\"name\":\"In\u00edcio\",\"item\":\"https:\/\/clam.org.br\/es\/\"},{\"@type\":\"ListItem\",\"position\":2,\"name\":\"Un debate a punto de naufragar\"}]},{\"@type\":\"WebSite\",\"@id\":\"https:\/\/clam.org.br\/es\/#website\",\"url\":\"https:\/\/clam.org.br\/es\/\",\"name\":\"CLAM - ES\",\"description\":\"S\u00f3 mais um site CLAM - Centro Latino-Americano em Sexualidade e Direitos Humanos sites\",\"potentialAction\":[{\"@type\":\"SearchAction\",\"target\":{\"@type\":\"EntryPoint\",\"urlTemplate\":\"https:\/\/clam.org.br\/es\/?s={search_term_string}\"},\"query-input\":{\"@type\":\"PropertyValueSpecification\",\"valueRequired\":true,\"valueName\":\"search_term_string\"}}],\"inLanguage\":\"es\"},{\"@type\":\"Person\",\"@id\":\"https:\/\/clam.org.br\/es\/#\/schema\/person\/fbd9a86032bf7479f94b0ded196f1010\",\"name\":\"fw2\",\"image\":{\"@type\":\"ImageObject\",\"inLanguage\":\"es\",\"@id\":\"https:\/\/clam.org.br\/es\/#\/schema\/person\/image\/\",\"url\":\"https:\/\/secure.gravatar.com\/avatar\/c38472c0cdbde82d9b6fcc26adb3779d?s=96&d=mm&r=g\",\"contentUrl\":\"https:\/\/secure.gravatar.com\/avatar\/c38472c0cdbde82d9b6fcc26adb3779d?s=96&d=mm&r=g\",\"caption\":\"fw2\"},\"sameAs\":[\"https:\/\/clam.fw2web.com.br\"],\"url\":\"https:\/\/clam.org.br\/es\/author\/fw2\/\"}]}<\/script>\n<!-- \/ Yoast SEO plugin. -->","yoast_head_json":{"title":"Un debate a punto de naufragar - CLAM - ES","robots":{"index":"index","follow":"follow","max-snippet":"max-snippet:-1","max-image-preview":"max-image-preview:large","max-video-preview":"max-video-preview:-1"},"canonical":"https:\/\/clam.org.br\/es\/en-los-medios\/un-debate-a-punto-de-naufragar\/32351\/","og_locale":"es_ES","og_type":"article","og_title":"Un debate a punto de naufragar - CLAM - ES","og_description":"El presidente de la Comisi\u00f3n de Legislaci\u00f3n Penal de la C\u00e1mara de Diputados, Juan Carlos Vega (Coalici\u00f3n C\u00edvica), todav\u00eda no sabe si se concretar\u00e1 la reuni\u00f3n plenaria con las comisiones de Salud y Familia que propone realizar el jueves para continuar con el debate de la despenalizaci\u00f3n y legalizaci\u00f3n del aborto. &ldquo;He invitado a las otras dos comisiones, pero a\u00fan no he tenido respuesta de sus presidentes&rdquo;. Por el momento, las posibilidades de que se concrete el plenario son escasas.","og_url":"https:\/\/clam.org.br\/es\/en-los-medios\/un-debate-a-punto-de-naufragar\/32351\/","og_site_name":"CLAM - ES","article_published_time":"2011-11-08T02:00:00+00:00","author":"fw2","twitter_card":"summary_large_image","twitter_misc":{"Escrito por":"fw2"},"schema":{"@context":"https:\/\/schema.org","@graph":[{"@type":"WebPage","@id":"https:\/\/clam.org.br\/es\/en-los-medios\/un-debate-a-punto-de-naufragar\/32351\/","url":"https:\/\/clam.org.br\/es\/en-los-medios\/un-debate-a-punto-de-naufragar\/32351\/","name":"Un debate a punto de naufragar - CLAM - ES","isPartOf":{"@id":"https:\/\/clam.org.br\/es\/#website"},"datePublished":"2011-11-08T02:00:00+00:00","author":{"@id":"https:\/\/clam.org.br\/es\/#\/schema\/person\/fbd9a86032bf7479f94b0ded196f1010"},"breadcrumb":{"@id":"https:\/\/clam.org.br\/es\/en-los-medios\/un-debate-a-punto-de-naufragar\/32351\/#breadcrumb"},"inLanguage":"es","potentialAction":[{"@type":"ReadAction","target":["https:\/\/clam.org.br\/es\/en-los-medios\/un-debate-a-punto-de-naufragar\/32351\/"]}]},{"@type":"BreadcrumbList","@id":"https:\/\/clam.org.br\/es\/en-los-medios\/un-debate-a-punto-de-naufragar\/32351\/#breadcrumb","itemListElement":[{"@type":"ListItem","position":1,"name":"In\u00edcio","item":"https:\/\/clam.org.br\/es\/"},{"@type":"ListItem","position":2,"name":"Un debate a punto de naufragar"}]},{"@type":"WebSite","@id":"https:\/\/clam.org.br\/es\/#website","url":"https:\/\/clam.org.br\/es\/","name":"CLAM - ES","description":"S\u00f3 mais um site CLAM - Centro Latino-Americano em Sexualidade e Direitos Humanos sites","potentialAction":[{"@type":"SearchAction","target":{"@type":"EntryPoint","urlTemplate":"https:\/\/clam.org.br\/es\/?s={search_term_string}"},"query-input":{"@type":"PropertyValueSpecification","valueRequired":true,"valueName":"search_term_string"}}],"inLanguage":"es"},{"@type":"Person","@id":"https:\/\/clam.org.br\/es\/#\/schema\/person\/fbd9a86032bf7479f94b0ded196f1010","name":"fw2","image":{"@type":"ImageObject","inLanguage":"es","@id":"https:\/\/clam.org.br\/es\/#\/schema\/person\/image\/","url":"https:\/\/secure.gravatar.com\/avatar\/c38472c0cdbde82d9b6fcc26adb3779d?s=96&d=mm&r=g","contentUrl":"https:\/\/secure.gravatar.com\/avatar\/c38472c0cdbde82d9b6fcc26adb3779d?s=96&d=mm&r=g","caption":"fw2"},"sameAs":["https:\/\/clam.fw2web.com.br"],"url":"https:\/\/clam.org.br\/es\/author\/fw2\/"}]}},"jetpack_featured_media_url":"","jetpack_sharing_enabled":true,"_links":{"self":[{"href":"https:\/\/clam.org.br\/es\/wp-json\/wp\/v2\/posts\/32351","targetHints":{"allow":["GET"]}}],"collection":[{"href":"https:\/\/clam.org.br\/es\/wp-json\/wp\/v2\/posts"}],"about":[{"href":"https:\/\/clam.org.br\/es\/wp-json\/wp\/v2\/types\/post"}],"author":[{"embeddable":true,"href":"https:\/\/clam.org.br\/es\/wp-json\/wp\/v2\/users\/1"}],"replies":[{"embeddable":true,"href":"https:\/\/clam.org.br\/es\/wp-json\/wp\/v2\/comments?post=32351"}],"version-history":[{"count":0,"href":"https:\/\/clam.org.br\/es\/wp-json\/wp\/v2\/posts\/32351\/revisions"}],"wp:attachment":[{"href":"https:\/\/clam.org.br\/es\/wp-json\/wp\/v2\/media?parent=32351"}],"wp:term":[{"taxonomy":"category","embeddable":true,"href":"https:\/\/clam.org.br\/es\/wp-json\/wp\/v2\/categories?post=32351"},{"taxonomy":"post_tag","embeddable":true,"href":"https:\/\/clam.org.br\/es\/wp-json\/wp\/v2\/tags?post=32351"}],"curies":[{"name":"wp","href":"https:\/\/api.w.org\/{rel}","templated":true}]}}