{"id":3243,"date":"2007-05-31T00:00:00","date_gmt":"2007-05-31T03:00:00","guid":{"rendered":"https:\/\/clam.fw2web.com.br\/es\/2007\/05\/31\/ong-orientara-mulheres-que-querem-abortar\/"},"modified":"2023-06-14T07:50:49","modified_gmt":"2023-06-14T10:50:49","slug":"ong-orientara-mulheres-que-querem-abortar","status":"publish","type":"post","link":"https:\/\/clam.org.br\/es\/en-los-medios\/ong-orientara-mulheres-que-querem-abortar\/3243\/","title":{"rendered":"ONG orientar\u00e1 mulheres que querem abortar"},"content":{"rendered":"<p><P>Diante da demora na tramita\u00e7\u00e3o de projetos no Congresso Nacional sobre a legaliza\u00e7\u00e3o do aborto no pa\u00eds, a ONG Bem-Estar Familiar no Brasil (BemFam) inicia, em Campinas (SP), um projeto para orientar interessadas em interromper a gravidez sobre m\u00e9todos existentes e seus riscos. A BemFam diz que n\u00e3o est\u00e1 incentivando o aborto, e sim orientando as mulheres para que estas possam optar pelo m\u00e9todo mais seguro. \u00abSe a mulher est\u00e1 convicta, o m\u00ednimo que podemos fazer \u00e9 inform\u00e1-la,\u00bb afirma o secret\u00e1rio-executivo da organiza\u00e7\u00e3o, Ney Costa.<\/P> <P><BR> <A href=\"http:\/\/br.noticias.yahoo.com\/s\/30052007\/25\/manchetes-ong-orientara-mulheres-querem-abortar.html\">Leia texto completo em portugu\u00eas<\/A><\/P><\/p>\n","protected":false},"excerpt":{"rendered":"<p>Diante da demora na tramita\u00e7\u00e3o de projetos no Congresso Nacional sobre a legaliza\u00e7\u00e3o do aborto no pa\u00eds, a ONG Bem-Estar Familiar no Brasil (BemFam) inicia, em Campinas (SP), um projeto para orientar interessadas em interromper a gravidez sobre m\u00e9todos existentes e seus riscos. A BemFam diz que n\u00e3o est\u00e1 incentivando o aborto, e sim orientando as mulheres para que estas possam optar pelo m\u00e9todo mais seguro. \u00abSe a mulher est\u00e1 convicta, o m\u00ednimo que podemos fazer \u00e9 inform\u00e1-la,\u00bb afirma o secret\u00e1rio-executivo da organiza\u00e7\u00e3o, Ney Costa. (Texto en portugu\u00e9s)<\/p>\n","protected":false},"author":1,"featured_media":0,"comment_status":"open","ping_status":"open","sticky":false,"template":"","format":"standard","meta":{"_acf_changed":false,"site-sidebar-layout":"default","site-content-layout":"default","ast-global-header-display":"","ast-main-header-display":"","ast-hfb-above-header-display":"","ast-hfb-below-header-display":"","ast-hfb-mobile-header-display":"","site-post-title":"","ast-breadcrumbs-content":"","ast-featured-img":"","footer-sml-layout":"","theme-transparent-header-meta":"","adv-header-id-meta":"","stick-header-meta":"","header-above-stick-meta":"","header-main-stick-meta":"","header-below-stick-meta":"","_jetpack_memberships_contains_paid_content":false,"footnotes":""},"categories":[27],"tags":[],"class_list":["post-3243","post","type-post","status-publish","format-standard","hentry","category-en-los-medios"],"acf":[],"yoast_head":"<!-- This site is optimized with the Yoast SEO plugin v26.1.1 - https:\/\/yoast.com\/wordpress\/plugins\/seo\/ -->\n<title>ONG orientar\u00e1 mulheres que querem abortar - CLAM - ES<\/title>\n<meta name=\"robots\" content=\"index, follow, max-snippet:-1, max-image-preview:large, max-video-preview:-1\" \/>\n<link rel=\"canonical\" href=\"https:\/\/clam.org.br\/es\/en-los-medios\/ong-orientara-mulheres-que-querem-abortar\/3243\/\" \/>\n<meta property=\"og:locale\" content=\"es_ES\" \/>\n<meta property=\"og:type\" content=\"article\" \/>\n<meta property=\"og:title\" content=\"ONG orientar\u00e1 mulheres que querem abortar - CLAM - ES\" \/>\n<meta property=\"og:description\" content=\"Diante da demora na tramita\u00e7\u00e3o de projetos no Congresso Nacional sobre a legaliza\u00e7\u00e3o do aborto no pa\u00eds, a ONG Bem-Estar Familiar no Brasil (BemFam) inicia, em Campinas (SP), um projeto para orientar interessadas em interromper a gravidez sobre m\u00e9todos existentes e seus riscos. A BemFam diz que n\u00e3o est\u00e1 incentivando o aborto, e sim orientando as mulheres para que estas possam optar pelo m\u00e9todo mais seguro. &quot;Se a mulher est\u00e1 convicta, o m\u00ednimo que podemos fazer \u00e9 inform\u00e1-la,&quot; afirma o secret\u00e1rio-executivo da organiza\u00e7\u00e3o, Ney Costa. (Texto en portugu\u00e9s)\" \/>\n<meta property=\"og:url\" content=\"https:\/\/clam.org.br\/es\/en-los-medios\/ong-orientara-mulheres-que-querem-abortar\/3243\/\" \/>\n<meta property=\"og:site_name\" content=\"CLAM - ES\" \/>\n<meta property=\"article:published_time\" content=\"2007-05-31T03:00:00+00:00\" \/>\n<meta property=\"article:modified_time\" content=\"2023-06-14T10:50:49+00:00\" \/>\n<meta name=\"author\" content=\"fw2\" \/>\n<meta name=\"twitter:card\" content=\"summary_large_image\" \/>\n<meta name=\"twitter:label1\" content=\"Escrito por\" \/>\n\t<meta name=\"twitter:data1\" content=\"fw2\" \/>\n\t<meta name=\"twitter:label2\" content=\"Tiempo de lectura\" \/>\n\t<meta name=\"twitter:data2\" content=\"1 minuto\" \/>\n<script type=\"application\/ld+json\" class=\"yoast-schema-graph\">{\"@context\":\"https:\/\/schema.org\",\"@graph\":[{\"@type\":\"WebPage\",\"@id\":\"https:\/\/clam.org.br\/es\/en-los-medios\/ong-orientara-mulheres-que-querem-abortar\/3243\/\",\"url\":\"https:\/\/clam.org.br\/es\/en-los-medios\/ong-orientara-mulheres-que-querem-abortar\/3243\/\",\"name\":\"ONG orientar\u00e1 mulheres que querem abortar - CLAM - ES\",\"isPartOf\":{\"@id\":\"https:\/\/clam.org.br\/es\/#website\"},\"datePublished\":\"2007-05-31T03:00:00+00:00\",\"dateModified\":\"2023-06-14T10:50:49+00:00\",\"author\":{\"@id\":\"https:\/\/clam.org.br\/es\/#\/schema\/person\/fbd9a86032bf7479f94b0ded196f1010\"},\"breadcrumb\":{\"@id\":\"https:\/\/clam.org.br\/es\/en-los-medios\/ong-orientara-mulheres-que-querem-abortar\/3243\/#breadcrumb\"},\"inLanguage\":\"es\",\"potentialAction\":[{\"@type\":\"ReadAction\",\"target\":[\"https:\/\/clam.org.br\/es\/en-los-medios\/ong-orientara-mulheres-que-querem-abortar\/3243\/\"]}]},{\"@type\":\"BreadcrumbList\",\"@id\":\"https:\/\/clam.org.br\/es\/en-los-medios\/ong-orientara-mulheres-que-querem-abortar\/3243\/#breadcrumb\",\"itemListElement\":[{\"@type\":\"ListItem\",\"position\":1,\"name\":\"In\u00edcio\",\"item\":\"https:\/\/clam.org.br\/es\/\"},{\"@type\":\"ListItem\",\"position\":2,\"name\":\"ONG orientar\u00e1 mulheres que querem abortar\"}]},{\"@type\":\"WebSite\",\"@id\":\"https:\/\/clam.org.br\/es\/#website\",\"url\":\"https:\/\/clam.org.br\/es\/\",\"name\":\"CLAM - ES\",\"description\":\"S\u00f3 mais um site CLAM - Centro Latino-Americano em Sexualidade e Direitos Humanos sites\",\"potentialAction\":[{\"@type\":\"SearchAction\",\"target\":{\"@type\":\"EntryPoint\",\"urlTemplate\":\"https:\/\/clam.org.br\/es\/?s={search_term_string}\"},\"query-input\":{\"@type\":\"PropertyValueSpecification\",\"valueRequired\":true,\"valueName\":\"search_term_string\"}}],\"inLanguage\":\"es\"},{\"@type\":\"Person\",\"@id\":\"https:\/\/clam.org.br\/es\/#\/schema\/person\/fbd9a86032bf7479f94b0ded196f1010\",\"name\":\"fw2\",\"image\":{\"@type\":\"ImageObject\",\"inLanguage\":\"es\",\"@id\":\"https:\/\/clam.org.br\/es\/#\/schema\/person\/image\/\",\"url\":\"https:\/\/secure.gravatar.com\/avatar\/c38472c0cdbde82d9b6fcc26adb3779d?s=96&d=mm&r=g\",\"contentUrl\":\"https:\/\/secure.gravatar.com\/avatar\/c38472c0cdbde82d9b6fcc26adb3779d?s=96&d=mm&r=g\",\"caption\":\"fw2\"},\"sameAs\":[\"https:\/\/clam.fw2web.com.br\"],\"url\":\"https:\/\/clam.org.br\/es\/author\/fw2\/\"}]}<\/script>\n<!-- \/ Yoast SEO plugin. -->","yoast_head_json":{"title":"ONG orientar\u00e1 mulheres que querem abortar - CLAM - ES","robots":{"index":"index","follow":"follow","max-snippet":"max-snippet:-1","max-image-preview":"max-image-preview:large","max-video-preview":"max-video-preview:-1"},"canonical":"https:\/\/clam.org.br\/es\/en-los-medios\/ong-orientara-mulheres-que-querem-abortar\/3243\/","og_locale":"es_ES","og_type":"article","og_title":"ONG orientar\u00e1 mulheres que querem abortar - CLAM - ES","og_description":"Diante da demora na tramita\u00e7\u00e3o de projetos no Congresso Nacional sobre a legaliza\u00e7\u00e3o do aborto no pa\u00eds, a ONG Bem-Estar Familiar no Brasil (BemFam) inicia, em Campinas (SP), um projeto para orientar interessadas em interromper a gravidez sobre m\u00e9todos existentes e seus riscos. A BemFam diz que n\u00e3o est\u00e1 incentivando o aborto, e sim orientando as mulheres para que estas possam optar pelo m\u00e9todo mais seguro. \"Se a mulher est\u00e1 convicta, o m\u00ednimo que podemos fazer \u00e9 inform\u00e1-la,\" afirma o secret\u00e1rio-executivo da organiza\u00e7\u00e3o, Ney Costa. (Texto en portugu\u00e9s)","og_url":"https:\/\/clam.org.br\/es\/en-los-medios\/ong-orientara-mulheres-que-querem-abortar\/3243\/","og_site_name":"CLAM - ES","article_published_time":"2007-05-31T03:00:00+00:00","article_modified_time":"2023-06-14T10:50:49+00:00","author":"fw2","twitter_card":"summary_large_image","twitter_misc":{"Escrito por":"fw2","Tiempo de lectura":"1 minuto"},"schema":{"@context":"https:\/\/schema.org","@graph":[{"@type":"WebPage","@id":"https:\/\/clam.org.br\/es\/en-los-medios\/ong-orientara-mulheres-que-querem-abortar\/3243\/","url":"https:\/\/clam.org.br\/es\/en-los-medios\/ong-orientara-mulheres-que-querem-abortar\/3243\/","name":"ONG orientar\u00e1 mulheres que querem abortar - CLAM - ES","isPartOf":{"@id":"https:\/\/clam.org.br\/es\/#website"},"datePublished":"2007-05-31T03:00:00+00:00","dateModified":"2023-06-14T10:50:49+00:00","author":{"@id":"https:\/\/clam.org.br\/es\/#\/schema\/person\/fbd9a86032bf7479f94b0ded196f1010"},"breadcrumb":{"@id":"https:\/\/clam.org.br\/es\/en-los-medios\/ong-orientara-mulheres-que-querem-abortar\/3243\/#breadcrumb"},"inLanguage":"es","potentialAction":[{"@type":"ReadAction","target":["https:\/\/clam.org.br\/es\/en-los-medios\/ong-orientara-mulheres-que-querem-abortar\/3243\/"]}]},{"@type":"BreadcrumbList","@id":"https:\/\/clam.org.br\/es\/en-los-medios\/ong-orientara-mulheres-que-querem-abortar\/3243\/#breadcrumb","itemListElement":[{"@type":"ListItem","position":1,"name":"In\u00edcio","item":"https:\/\/clam.org.br\/es\/"},{"@type":"ListItem","position":2,"name":"ONG orientar\u00e1 mulheres que querem abortar"}]},{"@type":"WebSite","@id":"https:\/\/clam.org.br\/es\/#website","url":"https:\/\/clam.org.br\/es\/","name":"CLAM - ES","description":"S\u00f3 mais um site CLAM - Centro Latino-Americano em Sexualidade e Direitos Humanos sites","potentialAction":[{"@type":"SearchAction","target":{"@type":"EntryPoint","urlTemplate":"https:\/\/clam.org.br\/es\/?s={search_term_string}"},"query-input":{"@type":"PropertyValueSpecification","valueRequired":true,"valueName":"search_term_string"}}],"inLanguage":"es"},{"@type":"Person","@id":"https:\/\/clam.org.br\/es\/#\/schema\/person\/fbd9a86032bf7479f94b0ded196f1010","name":"fw2","image":{"@type":"ImageObject","inLanguage":"es","@id":"https:\/\/clam.org.br\/es\/#\/schema\/person\/image\/","url":"https:\/\/secure.gravatar.com\/avatar\/c38472c0cdbde82d9b6fcc26adb3779d?s=96&d=mm&r=g","contentUrl":"https:\/\/secure.gravatar.com\/avatar\/c38472c0cdbde82d9b6fcc26adb3779d?s=96&d=mm&r=g","caption":"fw2"},"sameAs":["https:\/\/clam.fw2web.com.br"],"url":"https:\/\/clam.org.br\/es\/author\/fw2\/"}]}},"jetpack_featured_media_url":"","jetpack_sharing_enabled":true,"_links":{"self":[{"href":"https:\/\/clam.org.br\/es\/wp-json\/wp\/v2\/posts\/3243","targetHints":{"allow":["GET"]}}],"collection":[{"href":"https:\/\/clam.org.br\/es\/wp-json\/wp\/v2\/posts"}],"about":[{"href":"https:\/\/clam.org.br\/es\/wp-json\/wp\/v2\/types\/post"}],"author":[{"embeddable":true,"href":"https:\/\/clam.org.br\/es\/wp-json\/wp\/v2\/users\/1"}],"replies":[{"embeddable":true,"href":"https:\/\/clam.org.br\/es\/wp-json\/wp\/v2\/comments?post=3243"}],"version-history":[{"count":4,"href":"https:\/\/clam.org.br\/es\/wp-json\/wp\/v2\/posts\/3243\/revisions"}],"predecessor-version":[{"id":30072,"href":"https:\/\/clam.org.br\/es\/wp-json\/wp\/v2\/posts\/3243\/revisions\/30072"}],"wp:attachment":[{"href":"https:\/\/clam.org.br\/es\/wp-json\/wp\/v2\/media?parent=3243"}],"wp:term":[{"taxonomy":"category","embeddable":true,"href":"https:\/\/clam.org.br\/es\/wp-json\/wp\/v2\/categories?post=3243"},{"taxonomy":"post_tag","embeddable":true,"href":"https:\/\/clam.org.br\/es\/wp-json\/wp\/v2\/tags?post=3243"}],"curies":[{"name":"wp","href":"https:\/\/api.w.org\/{rel}","templated":true}]}}