{"id":32714,"date":"2012-09-19T00:00:00","date_gmt":"2012-09-19T03:00:00","guid":{"rendered":"https:\/\/clam.fw2web.com.br\/es\/2012\/09\/19\/beisbolista-que-se-pinto-maricon-bajo-sus-ojos-suspendido\/"},"modified":"2012-09-19T00:00:00","modified_gmt":"2012-09-19T03:00:00","slug":"beisbolista-que-se-pinto-maricon-bajo-sus-ojos-suspendido","status":"publish","type":"post","link":"https:\/\/clam.org.br\/es\/en-los-medios\/beisbolista-que-se-pinto-maricon-bajo-sus-ojos-suspendido\/32714\/","title":{"rendered":"Beisbolista que se pint\u00f3 Maric\u00f3n bajo sus ojos, suspendido"},"content":{"rendered":"<p>La organizaci&oacute;n de los Azulejos de Toronto inform&oacute; que hab&iacute;a suspendido al torpedero cubano Yunel Escobar con tres partidos por haberse puesto una expresi&oacute;n homof&oacute;bica en espa&ntilde;ol bajo sus ojos durante el partido que su equipo disput&oacute; el pasado s&aacute;bado ante los Medias Rojas de Boston.<\/p>\n<p><a href=\"http:\/\/www.elespectador.com\/deportes\/beisbol\/articulo-375892-beisbolista-se-pinto-maricon-bajo-sus-ojos-suspendido\">Texto completo<\/a><\/p>\n","protected":false},"excerpt":{"rendered":"<p>La organizaci\u00f3n de los Azulejos de Toronto inform\u00f3 que hab\u00eda suspendido al torpedero cubano Yunel Escobar con tres partidos por haberse puesto una expresi\u00f3n homof\u00f3bica en espa\u00f1ol bajo sus ojos durante el partido que su equipo disput\u00f3 el pasado s\u00e1bado ante los Medias Rojas de Boston.<\/p>\n","protected":false},"author":1,"featured_media":0,"comment_status":"open","ping_status":"open","sticky":false,"template":"","format":"standard","meta":{"_acf_changed":false,"site-sidebar-layout":"default","site-content-layout":"default","ast-global-header-display":"","ast-main-header-display":"","ast-hfb-above-header-display":"","ast-hfb-below-header-display":"","ast-hfb-mobile-header-display":"","site-post-title":"","ast-breadcrumbs-content":"","ast-featured-img":"","footer-sml-layout":"","theme-transparent-header-meta":"","adv-header-id-meta":"","stick-header-meta":"","header-above-stick-meta":"","header-main-stick-meta":"","header-below-stick-meta":"","_jetpack_memberships_contains_paid_content":false,"footnotes":""},"categories":[27],"tags":[],"class_list":["post-32714","post","type-post","status-publish","format-standard","hentry","category-en-los-medios"],"acf":[],"yoast_head":"<!-- This site is optimized with the Yoast SEO plugin v26.1.1 - https:\/\/yoast.com\/wordpress\/plugins\/seo\/ -->\n<title>Beisbolista que se pint\u00f3 Maric\u00f3n bajo sus ojos, suspendido - CLAM - ES<\/title>\n<meta name=\"robots\" content=\"index, follow, max-snippet:-1, max-image-preview:large, max-video-preview:-1\" \/>\n<link rel=\"canonical\" href=\"https:\/\/clam.org.br\/es\/en-los-medios\/beisbolista-que-se-pinto-maricon-bajo-sus-ojos-suspendido\/32714\/\" \/>\n<meta property=\"og:locale\" content=\"es_ES\" \/>\n<meta property=\"og:type\" content=\"article\" \/>\n<meta property=\"og:title\" content=\"Beisbolista que se pint\u00f3 Maric\u00f3n bajo sus ojos, suspendido - CLAM - ES\" \/>\n<meta property=\"og:description\" content=\"La organizaci\u00f3n de los Azulejos de Toronto inform\u00f3 que hab\u00eda suspendido al torpedero cubano Yunel Escobar con tres partidos por haberse puesto una expresi\u00f3n homof\u00f3bica en espa\u00f1ol bajo sus ojos durante el partido que su equipo disput\u00f3 el pasado s\u00e1bado ante los Medias Rojas de Boston.\" \/>\n<meta property=\"og:url\" content=\"https:\/\/clam.org.br\/es\/en-los-medios\/beisbolista-que-se-pinto-maricon-bajo-sus-ojos-suspendido\/32714\/\" \/>\n<meta property=\"og:site_name\" content=\"CLAM - ES\" \/>\n<meta property=\"article:published_time\" content=\"2012-09-19T03:00:00+00:00\" \/>\n<meta name=\"author\" content=\"fw2\" \/>\n<meta name=\"twitter:card\" content=\"summary_large_image\" \/>\n<meta name=\"twitter:label1\" content=\"Escrito por\" \/>\n\t<meta name=\"twitter:data1\" content=\"fw2\" \/>\n<script type=\"application\/ld+json\" class=\"yoast-schema-graph\">{\"@context\":\"https:\/\/schema.org\",\"@graph\":[{\"@type\":\"WebPage\",\"@id\":\"https:\/\/clam.org.br\/es\/en-los-medios\/beisbolista-que-se-pinto-maricon-bajo-sus-ojos-suspendido\/32714\/\",\"url\":\"https:\/\/clam.org.br\/es\/en-los-medios\/beisbolista-que-se-pinto-maricon-bajo-sus-ojos-suspendido\/32714\/\",\"name\":\"Beisbolista que se pint\u00f3 Maric\u00f3n bajo sus ojos, suspendido - CLAM - ES\",\"isPartOf\":{\"@id\":\"https:\/\/clam.org.br\/es\/#website\"},\"datePublished\":\"2012-09-19T03:00:00+00:00\",\"author\":{\"@id\":\"https:\/\/clam.org.br\/es\/#\/schema\/person\/fbd9a86032bf7479f94b0ded196f1010\"},\"breadcrumb\":{\"@id\":\"https:\/\/clam.org.br\/es\/en-los-medios\/beisbolista-que-se-pinto-maricon-bajo-sus-ojos-suspendido\/32714\/#breadcrumb\"},\"inLanguage\":\"es\",\"potentialAction\":[{\"@type\":\"ReadAction\",\"target\":[\"https:\/\/clam.org.br\/es\/en-los-medios\/beisbolista-que-se-pinto-maricon-bajo-sus-ojos-suspendido\/32714\/\"]}]},{\"@type\":\"BreadcrumbList\",\"@id\":\"https:\/\/clam.org.br\/es\/en-los-medios\/beisbolista-que-se-pinto-maricon-bajo-sus-ojos-suspendido\/32714\/#breadcrumb\",\"itemListElement\":[{\"@type\":\"ListItem\",\"position\":1,\"name\":\"In\u00edcio\",\"item\":\"https:\/\/clam.org.br\/es\/\"},{\"@type\":\"ListItem\",\"position\":2,\"name\":\"Beisbolista que se pint\u00f3 Maric\u00f3n bajo sus ojos, suspendido\"}]},{\"@type\":\"WebSite\",\"@id\":\"https:\/\/clam.org.br\/es\/#website\",\"url\":\"https:\/\/clam.org.br\/es\/\",\"name\":\"CLAM - ES\",\"description\":\"S\u00f3 mais um site CLAM - Centro Latino-Americano em Sexualidade e Direitos Humanos sites\",\"potentialAction\":[{\"@type\":\"SearchAction\",\"target\":{\"@type\":\"EntryPoint\",\"urlTemplate\":\"https:\/\/clam.org.br\/es\/?s={search_term_string}\"},\"query-input\":{\"@type\":\"PropertyValueSpecification\",\"valueRequired\":true,\"valueName\":\"search_term_string\"}}],\"inLanguage\":\"es\"},{\"@type\":\"Person\",\"@id\":\"https:\/\/clam.org.br\/es\/#\/schema\/person\/fbd9a86032bf7479f94b0ded196f1010\",\"name\":\"fw2\",\"image\":{\"@type\":\"ImageObject\",\"inLanguage\":\"es\",\"@id\":\"https:\/\/clam.org.br\/es\/#\/schema\/person\/image\/\",\"url\":\"https:\/\/secure.gravatar.com\/avatar\/c38472c0cdbde82d9b6fcc26adb3779d?s=96&d=mm&r=g\",\"contentUrl\":\"https:\/\/secure.gravatar.com\/avatar\/c38472c0cdbde82d9b6fcc26adb3779d?s=96&d=mm&r=g\",\"caption\":\"fw2\"},\"sameAs\":[\"https:\/\/clam.fw2web.com.br\"],\"url\":\"https:\/\/clam.org.br\/es\/author\/fw2\/\"}]}<\/script>\n<!-- \/ Yoast SEO plugin. -->","yoast_head_json":{"title":"Beisbolista que se pint\u00f3 Maric\u00f3n bajo sus ojos, suspendido - CLAM - ES","robots":{"index":"index","follow":"follow","max-snippet":"max-snippet:-1","max-image-preview":"max-image-preview:large","max-video-preview":"max-video-preview:-1"},"canonical":"https:\/\/clam.org.br\/es\/en-los-medios\/beisbolista-que-se-pinto-maricon-bajo-sus-ojos-suspendido\/32714\/","og_locale":"es_ES","og_type":"article","og_title":"Beisbolista que se pint\u00f3 Maric\u00f3n bajo sus ojos, suspendido - CLAM - ES","og_description":"La organizaci\u00f3n de los Azulejos de Toronto inform\u00f3 que hab\u00eda suspendido al torpedero cubano Yunel Escobar con tres partidos por haberse puesto una expresi\u00f3n homof\u00f3bica en espa\u00f1ol bajo sus ojos durante el partido que su equipo disput\u00f3 el pasado s\u00e1bado ante los Medias Rojas de Boston.","og_url":"https:\/\/clam.org.br\/es\/en-los-medios\/beisbolista-que-se-pinto-maricon-bajo-sus-ojos-suspendido\/32714\/","og_site_name":"CLAM - ES","article_published_time":"2012-09-19T03:00:00+00:00","author":"fw2","twitter_card":"summary_large_image","twitter_misc":{"Escrito por":"fw2"},"schema":{"@context":"https:\/\/schema.org","@graph":[{"@type":"WebPage","@id":"https:\/\/clam.org.br\/es\/en-los-medios\/beisbolista-que-se-pinto-maricon-bajo-sus-ojos-suspendido\/32714\/","url":"https:\/\/clam.org.br\/es\/en-los-medios\/beisbolista-que-se-pinto-maricon-bajo-sus-ojos-suspendido\/32714\/","name":"Beisbolista que se pint\u00f3 Maric\u00f3n bajo sus ojos, suspendido - CLAM - ES","isPartOf":{"@id":"https:\/\/clam.org.br\/es\/#website"},"datePublished":"2012-09-19T03:00:00+00:00","author":{"@id":"https:\/\/clam.org.br\/es\/#\/schema\/person\/fbd9a86032bf7479f94b0ded196f1010"},"breadcrumb":{"@id":"https:\/\/clam.org.br\/es\/en-los-medios\/beisbolista-que-se-pinto-maricon-bajo-sus-ojos-suspendido\/32714\/#breadcrumb"},"inLanguage":"es","potentialAction":[{"@type":"ReadAction","target":["https:\/\/clam.org.br\/es\/en-los-medios\/beisbolista-que-se-pinto-maricon-bajo-sus-ojos-suspendido\/32714\/"]}]},{"@type":"BreadcrumbList","@id":"https:\/\/clam.org.br\/es\/en-los-medios\/beisbolista-que-se-pinto-maricon-bajo-sus-ojos-suspendido\/32714\/#breadcrumb","itemListElement":[{"@type":"ListItem","position":1,"name":"In\u00edcio","item":"https:\/\/clam.org.br\/es\/"},{"@type":"ListItem","position":2,"name":"Beisbolista que se pint\u00f3 Maric\u00f3n bajo sus ojos, suspendido"}]},{"@type":"WebSite","@id":"https:\/\/clam.org.br\/es\/#website","url":"https:\/\/clam.org.br\/es\/","name":"CLAM - ES","description":"S\u00f3 mais um site CLAM - Centro Latino-Americano em Sexualidade e Direitos Humanos sites","potentialAction":[{"@type":"SearchAction","target":{"@type":"EntryPoint","urlTemplate":"https:\/\/clam.org.br\/es\/?s={search_term_string}"},"query-input":{"@type":"PropertyValueSpecification","valueRequired":true,"valueName":"search_term_string"}}],"inLanguage":"es"},{"@type":"Person","@id":"https:\/\/clam.org.br\/es\/#\/schema\/person\/fbd9a86032bf7479f94b0ded196f1010","name":"fw2","image":{"@type":"ImageObject","inLanguage":"es","@id":"https:\/\/clam.org.br\/es\/#\/schema\/person\/image\/","url":"https:\/\/secure.gravatar.com\/avatar\/c38472c0cdbde82d9b6fcc26adb3779d?s=96&d=mm&r=g","contentUrl":"https:\/\/secure.gravatar.com\/avatar\/c38472c0cdbde82d9b6fcc26adb3779d?s=96&d=mm&r=g","caption":"fw2"},"sameAs":["https:\/\/clam.fw2web.com.br"],"url":"https:\/\/clam.org.br\/es\/author\/fw2\/"}]}},"jetpack_featured_media_url":"","jetpack_sharing_enabled":true,"_links":{"self":[{"href":"https:\/\/clam.org.br\/es\/wp-json\/wp\/v2\/posts\/32714","targetHints":{"allow":["GET"]}}],"collection":[{"href":"https:\/\/clam.org.br\/es\/wp-json\/wp\/v2\/posts"}],"about":[{"href":"https:\/\/clam.org.br\/es\/wp-json\/wp\/v2\/types\/post"}],"author":[{"embeddable":true,"href":"https:\/\/clam.org.br\/es\/wp-json\/wp\/v2\/users\/1"}],"replies":[{"embeddable":true,"href":"https:\/\/clam.org.br\/es\/wp-json\/wp\/v2\/comments?post=32714"}],"version-history":[{"count":0,"href":"https:\/\/clam.org.br\/es\/wp-json\/wp\/v2\/posts\/32714\/revisions"}],"wp:attachment":[{"href":"https:\/\/clam.org.br\/es\/wp-json\/wp\/v2\/media?parent=32714"}],"wp:term":[{"taxonomy":"category","embeddable":true,"href":"https:\/\/clam.org.br\/es\/wp-json\/wp\/v2\/categories?post=32714"},{"taxonomy":"post_tag","embeddable":true,"href":"https:\/\/clam.org.br\/es\/wp-json\/wp\/v2\/tags?post=32714"}],"curies":[{"name":"wp","href":"https:\/\/api.w.org\/{rel}","templated":true}]}}