{"id":32805,"date":"2012-11-16T00:00:00","date_gmt":"2012-11-16T02:00:00","guid":{"rendered":"https:\/\/clam.fw2web.com.br\/es\/2012\/11\/16\/relaciones-carnales\/"},"modified":"2012-11-16T00:00:00","modified_gmt":"2012-11-16T02:00:00","slug":"relaciones-carnales","status":"publish","type":"post","link":"https:\/\/clam.org.br\/es\/en-los-medios\/relaciones-carnales\/32805\/","title":{"rendered":"Relaciones carnales"},"content":{"rendered":"<p>Que en la &uacute;ltima Marcha del Orgullo Lgbtiq &ndash;l&eacute;sbico, gay, bisexual, trans, intersex y queer&ndash; se haya incorporado, entre otras, la demanda por el acceso al aborto legal no tiene que ver s&oacute;lo con la insostenible postergaci&oacute;n de este debate en &aacute;mbitos legislativos donde ya se han conseguido logros hist&oacute;ricos como la ley de identidad de g&eacute;nero o el matrimonio y la filiaci&oacute;n plena para parejas del mismo sexo. Habla tambi&eacute;n de una alianza estrat&eacute;gica e hist&oacute;rica entre el feminismo y los distintos grupos que se identifican con la disidencia sexual y que en nuestro pa&iacute;s tiene un germen definido en el Grupo Pol&iacute;tica Sexual, impulsado, entre otros, por el poeta, ensayista y militante del deseo N&eacute;stor Perlongher. Al calor de las discusiones de GPS, donde la revoluci&oacute;n sexual y la revoluci&oacute;n socialista compet&iacute;an entre s&iacute; y se retroalimentaban, naci&oacute; un documento pionero que aqu&iacute; Las12 rese&ntilde;a en exclusiva.<\/p>\n<p><a href=\"http:\/\/www.pagina12.com.ar\/diario\/suplementos\/las12\/13-7651-2012-11-21.html\">Texto completo<\/a><\/p>\n","protected":false},"excerpt":{"rendered":"<p>Que en la \u00faltima Marcha del Orgullo Lgbtiq \u2013l\u00e9sbico, gay, bisexual, trans, intersex y queer\u2013 se haya incorporado, entre otras, la demanda por el acceso al aborto legal no tiene que ver s\u00f3lo con la insostenible postergaci\u00f3n de este debate en \u00e1mbitos legislativos donde ya se han conseguido logros hist\u00f3ricos como la ley de identidad de g\u00e9nero o el matrimonio y la filiaci\u00f3n plena\u2026<\/p>\n","protected":false},"author":1,"featured_media":0,"comment_status":"open","ping_status":"open","sticky":false,"template":"","format":"standard","meta":{"_acf_changed":false,"site-sidebar-layout":"default","site-content-layout":"default","ast-global-header-display":"","ast-main-header-display":"","ast-hfb-above-header-display":"","ast-hfb-below-header-display":"","ast-hfb-mobile-header-display":"","site-post-title":"","ast-breadcrumbs-content":"","ast-featured-img":"","footer-sml-layout":"","theme-transparent-header-meta":"","adv-header-id-meta":"","stick-header-meta":"","header-above-stick-meta":"","header-main-stick-meta":"","header-below-stick-meta":"","_jetpack_memberships_contains_paid_content":false,"footnotes":""},"categories":[27],"tags":[],"class_list":["post-32805","post","type-post","status-publish","format-standard","hentry","category-en-los-medios"],"acf":[],"yoast_head":"<!-- This site is optimized with the Yoast SEO plugin v26.1.1 - https:\/\/yoast.com\/wordpress\/plugins\/seo\/ -->\n<title>Relaciones carnales - CLAM - ES<\/title>\n<meta name=\"robots\" content=\"index, follow, max-snippet:-1, max-image-preview:large, max-video-preview:-1\" \/>\n<link rel=\"canonical\" href=\"https:\/\/clam.org.br\/es\/en-los-medios\/relaciones-carnales\/32805\/\" \/>\n<meta property=\"og:locale\" content=\"es_ES\" \/>\n<meta property=\"og:type\" content=\"article\" \/>\n<meta property=\"og:title\" content=\"Relaciones carnales - CLAM - ES\" \/>\n<meta property=\"og:description\" content=\"Que en la \u00faltima Marcha del Orgullo Lgbtiq \u2013l\u00e9sbico, gay, bisexual, trans, intersex y queer\u2013 se haya incorporado, entre otras, la demanda por el acceso al aborto legal no tiene que ver s\u00f3lo con la insostenible postergaci\u00f3n de este debate en \u00e1mbitos legislativos donde ya se han conseguido logros hist\u00f3ricos como la ley de identidad de g\u00e9nero o el matrimonio y la filiaci\u00f3n plena\u2026\" \/>\n<meta property=\"og:url\" content=\"https:\/\/clam.org.br\/es\/en-los-medios\/relaciones-carnales\/32805\/\" \/>\n<meta property=\"og:site_name\" content=\"CLAM - ES\" \/>\n<meta property=\"article:published_time\" content=\"2012-11-16T02:00:00+00:00\" \/>\n<meta name=\"author\" content=\"fw2\" \/>\n<meta name=\"twitter:card\" content=\"summary_large_image\" \/>\n<meta name=\"twitter:label1\" content=\"Escrito por\" \/>\n\t<meta name=\"twitter:data1\" content=\"fw2\" \/>\n\t<meta name=\"twitter:label2\" content=\"Tiempo de lectura\" \/>\n\t<meta name=\"twitter:data2\" content=\"1 minuto\" \/>\n<script type=\"application\/ld+json\" class=\"yoast-schema-graph\">{\"@context\":\"https:\/\/schema.org\",\"@graph\":[{\"@type\":\"WebPage\",\"@id\":\"https:\/\/clam.org.br\/es\/en-los-medios\/relaciones-carnales\/32805\/\",\"url\":\"https:\/\/clam.org.br\/es\/en-los-medios\/relaciones-carnales\/32805\/\",\"name\":\"Relaciones carnales - CLAM - ES\",\"isPartOf\":{\"@id\":\"https:\/\/clam.org.br\/es\/#website\"},\"datePublished\":\"2012-11-16T02:00:00+00:00\",\"author\":{\"@id\":\"https:\/\/clam.org.br\/es\/#\/schema\/person\/fbd9a86032bf7479f94b0ded196f1010\"},\"breadcrumb\":{\"@id\":\"https:\/\/clam.org.br\/es\/en-los-medios\/relaciones-carnales\/32805\/#breadcrumb\"},\"inLanguage\":\"es\",\"potentialAction\":[{\"@type\":\"ReadAction\",\"target\":[\"https:\/\/clam.org.br\/es\/en-los-medios\/relaciones-carnales\/32805\/\"]}]},{\"@type\":\"BreadcrumbList\",\"@id\":\"https:\/\/clam.org.br\/es\/en-los-medios\/relaciones-carnales\/32805\/#breadcrumb\",\"itemListElement\":[{\"@type\":\"ListItem\",\"position\":1,\"name\":\"In\u00edcio\",\"item\":\"https:\/\/clam.org.br\/es\/\"},{\"@type\":\"ListItem\",\"position\":2,\"name\":\"Relaciones carnales\"}]},{\"@type\":\"WebSite\",\"@id\":\"https:\/\/clam.org.br\/es\/#website\",\"url\":\"https:\/\/clam.org.br\/es\/\",\"name\":\"CLAM - ES\",\"description\":\"S\u00f3 mais um site CLAM - Centro Latino-Americano em Sexualidade e Direitos Humanos sites\",\"potentialAction\":[{\"@type\":\"SearchAction\",\"target\":{\"@type\":\"EntryPoint\",\"urlTemplate\":\"https:\/\/clam.org.br\/es\/?s={search_term_string}\"},\"query-input\":{\"@type\":\"PropertyValueSpecification\",\"valueRequired\":true,\"valueName\":\"search_term_string\"}}],\"inLanguage\":\"es\"},{\"@type\":\"Person\",\"@id\":\"https:\/\/clam.org.br\/es\/#\/schema\/person\/fbd9a86032bf7479f94b0ded196f1010\",\"name\":\"fw2\",\"image\":{\"@type\":\"ImageObject\",\"inLanguage\":\"es\",\"@id\":\"https:\/\/clam.org.br\/es\/#\/schema\/person\/image\/\",\"url\":\"https:\/\/secure.gravatar.com\/avatar\/c38472c0cdbde82d9b6fcc26adb3779d?s=96&d=mm&r=g\",\"contentUrl\":\"https:\/\/secure.gravatar.com\/avatar\/c38472c0cdbde82d9b6fcc26adb3779d?s=96&d=mm&r=g\",\"caption\":\"fw2\"},\"sameAs\":[\"https:\/\/clam.fw2web.com.br\"],\"url\":\"https:\/\/clam.org.br\/es\/author\/fw2\/\"}]}<\/script>\n<!-- \/ Yoast SEO plugin. -->","yoast_head_json":{"title":"Relaciones carnales - CLAM - ES","robots":{"index":"index","follow":"follow","max-snippet":"max-snippet:-1","max-image-preview":"max-image-preview:large","max-video-preview":"max-video-preview:-1"},"canonical":"https:\/\/clam.org.br\/es\/en-los-medios\/relaciones-carnales\/32805\/","og_locale":"es_ES","og_type":"article","og_title":"Relaciones carnales - CLAM - ES","og_description":"Que en la \u00faltima Marcha del Orgullo Lgbtiq \u2013l\u00e9sbico, gay, bisexual, trans, intersex y queer\u2013 se haya incorporado, entre otras, la demanda por el acceso al aborto legal no tiene que ver s\u00f3lo con la insostenible postergaci\u00f3n de este debate en \u00e1mbitos legislativos donde ya se han conseguido logros hist\u00f3ricos como la ley de identidad de g\u00e9nero o el matrimonio y la filiaci\u00f3n plena\u2026","og_url":"https:\/\/clam.org.br\/es\/en-los-medios\/relaciones-carnales\/32805\/","og_site_name":"CLAM - ES","article_published_time":"2012-11-16T02:00:00+00:00","author":"fw2","twitter_card":"summary_large_image","twitter_misc":{"Escrito por":"fw2","Tiempo de lectura":"1 minuto"},"schema":{"@context":"https:\/\/schema.org","@graph":[{"@type":"WebPage","@id":"https:\/\/clam.org.br\/es\/en-los-medios\/relaciones-carnales\/32805\/","url":"https:\/\/clam.org.br\/es\/en-los-medios\/relaciones-carnales\/32805\/","name":"Relaciones carnales - CLAM - ES","isPartOf":{"@id":"https:\/\/clam.org.br\/es\/#website"},"datePublished":"2012-11-16T02:00:00+00:00","author":{"@id":"https:\/\/clam.org.br\/es\/#\/schema\/person\/fbd9a86032bf7479f94b0ded196f1010"},"breadcrumb":{"@id":"https:\/\/clam.org.br\/es\/en-los-medios\/relaciones-carnales\/32805\/#breadcrumb"},"inLanguage":"es","potentialAction":[{"@type":"ReadAction","target":["https:\/\/clam.org.br\/es\/en-los-medios\/relaciones-carnales\/32805\/"]}]},{"@type":"BreadcrumbList","@id":"https:\/\/clam.org.br\/es\/en-los-medios\/relaciones-carnales\/32805\/#breadcrumb","itemListElement":[{"@type":"ListItem","position":1,"name":"In\u00edcio","item":"https:\/\/clam.org.br\/es\/"},{"@type":"ListItem","position":2,"name":"Relaciones carnales"}]},{"@type":"WebSite","@id":"https:\/\/clam.org.br\/es\/#website","url":"https:\/\/clam.org.br\/es\/","name":"CLAM - ES","description":"S\u00f3 mais um site CLAM - Centro Latino-Americano em Sexualidade e Direitos Humanos sites","potentialAction":[{"@type":"SearchAction","target":{"@type":"EntryPoint","urlTemplate":"https:\/\/clam.org.br\/es\/?s={search_term_string}"},"query-input":{"@type":"PropertyValueSpecification","valueRequired":true,"valueName":"search_term_string"}}],"inLanguage":"es"},{"@type":"Person","@id":"https:\/\/clam.org.br\/es\/#\/schema\/person\/fbd9a86032bf7479f94b0ded196f1010","name":"fw2","image":{"@type":"ImageObject","inLanguage":"es","@id":"https:\/\/clam.org.br\/es\/#\/schema\/person\/image\/","url":"https:\/\/secure.gravatar.com\/avatar\/c38472c0cdbde82d9b6fcc26adb3779d?s=96&d=mm&r=g","contentUrl":"https:\/\/secure.gravatar.com\/avatar\/c38472c0cdbde82d9b6fcc26adb3779d?s=96&d=mm&r=g","caption":"fw2"},"sameAs":["https:\/\/clam.fw2web.com.br"],"url":"https:\/\/clam.org.br\/es\/author\/fw2\/"}]}},"jetpack_featured_media_url":"","jetpack_sharing_enabled":true,"_links":{"self":[{"href":"https:\/\/clam.org.br\/es\/wp-json\/wp\/v2\/posts\/32805","targetHints":{"allow":["GET"]}}],"collection":[{"href":"https:\/\/clam.org.br\/es\/wp-json\/wp\/v2\/posts"}],"about":[{"href":"https:\/\/clam.org.br\/es\/wp-json\/wp\/v2\/types\/post"}],"author":[{"embeddable":true,"href":"https:\/\/clam.org.br\/es\/wp-json\/wp\/v2\/users\/1"}],"replies":[{"embeddable":true,"href":"https:\/\/clam.org.br\/es\/wp-json\/wp\/v2\/comments?post=32805"}],"version-history":[{"count":0,"href":"https:\/\/clam.org.br\/es\/wp-json\/wp\/v2\/posts\/32805\/revisions"}],"wp:attachment":[{"href":"https:\/\/clam.org.br\/es\/wp-json\/wp\/v2\/media?parent=32805"}],"wp:term":[{"taxonomy":"category","embeddable":true,"href":"https:\/\/clam.org.br\/es\/wp-json\/wp\/v2\/categories?post=32805"},{"taxonomy":"post_tag","embeddable":true,"href":"https:\/\/clam.org.br\/es\/wp-json\/wp\/v2\/tags?post=32805"}],"curies":[{"name":"wp","href":"https:\/\/api.w.org\/{rel}","templated":true}]}}