{"id":32973,"date":"2013-04-10T00:00:00","date_gmt":"2013-04-10T03:00:00","guid":{"rendered":"https:\/\/clam.fw2web.com.br\/es\/2013\/04\/10\/crean-brazalete-para-proteger-a-defensores-de-derechos-humanos\/"},"modified":"2013-04-10T00:00:00","modified_gmt":"2013-04-10T03:00:00","slug":"crean-brazalete-para-proteger-a-defensores-de-derechos-humanos","status":"publish","type":"post","link":"https:\/\/clam.org.br\/es\/en-los-medios\/crean-brazalete-para-proteger-a-defensores-de-derechos-humanos\/32973\/","title":{"rendered":"Crean brazalete para proteger a defensores de derechos humanos"},"content":{"rendered":"<p>En la larga lista de actividades de alto riesgo sobresale la defensa de derechos humanos. Uno de los casos emblem&aacute;ticos que alert&oacute; al mundo sobre las constantes amenazas que sufren quienes dedican sus d&iacute;as a esta tarea, ocurri&oacute; en 2009. Ese a&ntilde;o, la activista rusa Natalia Estemirova hab&iacute;a estado investigando cr&iacute;menes de lesa humanidad en Chechenia. En julio, desconocidos llegaron hasta su casa y se la llevaron en un vehiculo. Horas despu&eacute;s la encontraron sin vida en los alrededores.<\/p>\n<p>Con el fin de buscar estrategias para evitar que casos como este vuelvan a repetirse, y de disuadir los planes de secuestros a los defensores de derechos humanos, la ONG Civil Rights Defenders acaba de desarrollar un brazalete que se activa gracias a sistemas de navegaci&oacute;n satelital que permiten avisar cuado su portador est&aacute; en peligro. El mensaje, que contiene los datos de la pesona y su ubicaci&oacute;n, es enviado a Facebook, a Twitter y a los colegas ubicados en zonas aleda&ntilde;as.<\/p>\n<p><a href=\"http:\/\/www.elespectador.com\/noticias\/elmundo\/articulo-414966-crean-brazalete-proteger-defensores-de-derechos-humanos\">Texto completo<\/a><\/p>\n","protected":false},"excerpt":{"rendered":"<p>En la larga lista de actividades de alto riesgo sobresale la defensa de derechos humanos. Uno de los casos emblem\u00e1ticos que alert\u00f3 al mundo sobre las constantes amenazas que sufren quienes dedican sus d\u00edas a esta tarea, ocurri\u00f3 en 2009. Ese a\u00f1o, la activista rusa Natalia Estemirova hab\u00eda estado investigando cr\u00edmenes de lesa humanidad en Chechenia.<\/p>\n","protected":false},"author":1,"featured_media":0,"comment_status":"open","ping_status":"open","sticky":false,"template":"","format":"standard","meta":{"_acf_changed":false,"site-sidebar-layout":"default","site-content-layout":"default","ast-global-header-display":"","ast-main-header-display":"","ast-hfb-above-header-display":"","ast-hfb-below-header-display":"","ast-hfb-mobile-header-display":"","site-post-title":"","ast-breadcrumbs-content":"","ast-featured-img":"","footer-sml-layout":"","theme-transparent-header-meta":"","adv-header-id-meta":"","stick-header-meta":"","header-above-stick-meta":"","header-main-stick-meta":"","header-below-stick-meta":"","_jetpack_memberships_contains_paid_content":false,"footnotes":""},"categories":[27],"tags":[],"class_list":["post-32973","post","type-post","status-publish","format-standard","hentry","category-en-los-medios"],"acf":[],"yoast_head":"<!-- This site is optimized with the Yoast SEO plugin v26.1.1 - https:\/\/yoast.com\/wordpress\/plugins\/seo\/ -->\n<title>Crean brazalete para proteger a defensores de derechos humanos - CLAM - ES<\/title>\n<meta name=\"robots\" content=\"index, follow, max-snippet:-1, max-image-preview:large, max-video-preview:-1\" \/>\n<link rel=\"canonical\" href=\"https:\/\/clam.org.br\/es\/en-los-medios\/crean-brazalete-para-proteger-a-defensores-de-derechos-humanos\/32973\/\" \/>\n<meta property=\"og:locale\" content=\"es_ES\" \/>\n<meta property=\"og:type\" content=\"article\" \/>\n<meta property=\"og:title\" content=\"Crean brazalete para proteger a defensores de derechos humanos - CLAM - ES\" \/>\n<meta property=\"og:description\" content=\"En la larga lista de actividades de alto riesgo sobresale la defensa de derechos humanos. Uno de los casos emblem\u00e1ticos que alert\u00f3 al mundo sobre las constantes amenazas que sufren quienes dedican sus d\u00edas a esta tarea, ocurri\u00f3 en 2009. Ese a\u00f1o, la activista rusa Natalia Estemirova hab\u00eda estado investigando cr\u00edmenes de lesa humanidad en Chechenia.\" \/>\n<meta property=\"og:url\" content=\"https:\/\/clam.org.br\/es\/en-los-medios\/crean-brazalete-para-proteger-a-defensores-de-derechos-humanos\/32973\/\" \/>\n<meta property=\"og:site_name\" content=\"CLAM - ES\" \/>\n<meta property=\"article:published_time\" content=\"2013-04-10T03:00:00+00:00\" \/>\n<meta name=\"author\" content=\"fw2\" \/>\n<meta name=\"twitter:card\" content=\"summary_large_image\" \/>\n<meta name=\"twitter:label1\" content=\"Escrito por\" \/>\n\t<meta name=\"twitter:data1\" content=\"fw2\" \/>\n\t<meta name=\"twitter:label2\" content=\"Tiempo de lectura\" \/>\n\t<meta name=\"twitter:data2\" content=\"1 minuto\" \/>\n<script type=\"application\/ld+json\" class=\"yoast-schema-graph\">{\"@context\":\"https:\/\/schema.org\",\"@graph\":[{\"@type\":\"WebPage\",\"@id\":\"https:\/\/clam.org.br\/es\/en-los-medios\/crean-brazalete-para-proteger-a-defensores-de-derechos-humanos\/32973\/\",\"url\":\"https:\/\/clam.org.br\/es\/en-los-medios\/crean-brazalete-para-proteger-a-defensores-de-derechos-humanos\/32973\/\",\"name\":\"Crean brazalete para proteger a defensores de derechos humanos - CLAM - ES\",\"isPartOf\":{\"@id\":\"https:\/\/clam.org.br\/es\/#website\"},\"datePublished\":\"2013-04-10T03:00:00+00:00\",\"author\":{\"@id\":\"https:\/\/clam.org.br\/es\/#\/schema\/person\/fbd9a86032bf7479f94b0ded196f1010\"},\"breadcrumb\":{\"@id\":\"https:\/\/clam.org.br\/es\/en-los-medios\/crean-brazalete-para-proteger-a-defensores-de-derechos-humanos\/32973\/#breadcrumb\"},\"inLanguage\":\"es\",\"potentialAction\":[{\"@type\":\"ReadAction\",\"target\":[\"https:\/\/clam.org.br\/es\/en-los-medios\/crean-brazalete-para-proteger-a-defensores-de-derechos-humanos\/32973\/\"]}]},{\"@type\":\"BreadcrumbList\",\"@id\":\"https:\/\/clam.org.br\/es\/en-los-medios\/crean-brazalete-para-proteger-a-defensores-de-derechos-humanos\/32973\/#breadcrumb\",\"itemListElement\":[{\"@type\":\"ListItem\",\"position\":1,\"name\":\"In\u00edcio\",\"item\":\"https:\/\/clam.org.br\/es\/\"},{\"@type\":\"ListItem\",\"position\":2,\"name\":\"Crean brazalete para proteger a defensores de derechos humanos\"}]},{\"@type\":\"WebSite\",\"@id\":\"https:\/\/clam.org.br\/es\/#website\",\"url\":\"https:\/\/clam.org.br\/es\/\",\"name\":\"CLAM - ES\",\"description\":\"S\u00f3 mais um site CLAM - Centro Latino-Americano em Sexualidade e Direitos Humanos sites\",\"potentialAction\":[{\"@type\":\"SearchAction\",\"target\":{\"@type\":\"EntryPoint\",\"urlTemplate\":\"https:\/\/clam.org.br\/es\/?s={search_term_string}\"},\"query-input\":{\"@type\":\"PropertyValueSpecification\",\"valueRequired\":true,\"valueName\":\"search_term_string\"}}],\"inLanguage\":\"es\"},{\"@type\":\"Person\",\"@id\":\"https:\/\/clam.org.br\/es\/#\/schema\/person\/fbd9a86032bf7479f94b0ded196f1010\",\"name\":\"fw2\",\"image\":{\"@type\":\"ImageObject\",\"inLanguage\":\"es\",\"@id\":\"https:\/\/clam.org.br\/es\/#\/schema\/person\/image\/\",\"url\":\"https:\/\/secure.gravatar.com\/avatar\/c38472c0cdbde82d9b6fcc26adb3779d?s=96&d=mm&r=g\",\"contentUrl\":\"https:\/\/secure.gravatar.com\/avatar\/c38472c0cdbde82d9b6fcc26adb3779d?s=96&d=mm&r=g\",\"caption\":\"fw2\"},\"sameAs\":[\"https:\/\/clam.fw2web.com.br\"],\"url\":\"https:\/\/clam.org.br\/es\/author\/fw2\/\"}]}<\/script>\n<!-- \/ Yoast SEO plugin. -->","yoast_head_json":{"title":"Crean brazalete para proteger a defensores de derechos humanos - CLAM - ES","robots":{"index":"index","follow":"follow","max-snippet":"max-snippet:-1","max-image-preview":"max-image-preview:large","max-video-preview":"max-video-preview:-1"},"canonical":"https:\/\/clam.org.br\/es\/en-los-medios\/crean-brazalete-para-proteger-a-defensores-de-derechos-humanos\/32973\/","og_locale":"es_ES","og_type":"article","og_title":"Crean brazalete para proteger a defensores de derechos humanos - CLAM - ES","og_description":"En la larga lista de actividades de alto riesgo sobresale la defensa de derechos humanos. Uno de los casos emblem\u00e1ticos que alert\u00f3 al mundo sobre las constantes amenazas que sufren quienes dedican sus d\u00edas a esta tarea, ocurri\u00f3 en 2009. Ese a\u00f1o, la activista rusa Natalia Estemirova hab\u00eda estado investigando cr\u00edmenes de lesa humanidad en Chechenia.","og_url":"https:\/\/clam.org.br\/es\/en-los-medios\/crean-brazalete-para-proteger-a-defensores-de-derechos-humanos\/32973\/","og_site_name":"CLAM - ES","article_published_time":"2013-04-10T03:00:00+00:00","author":"fw2","twitter_card":"summary_large_image","twitter_misc":{"Escrito por":"fw2","Tiempo de lectura":"1 minuto"},"schema":{"@context":"https:\/\/schema.org","@graph":[{"@type":"WebPage","@id":"https:\/\/clam.org.br\/es\/en-los-medios\/crean-brazalete-para-proteger-a-defensores-de-derechos-humanos\/32973\/","url":"https:\/\/clam.org.br\/es\/en-los-medios\/crean-brazalete-para-proteger-a-defensores-de-derechos-humanos\/32973\/","name":"Crean brazalete para proteger a defensores de derechos humanos - CLAM - ES","isPartOf":{"@id":"https:\/\/clam.org.br\/es\/#website"},"datePublished":"2013-04-10T03:00:00+00:00","author":{"@id":"https:\/\/clam.org.br\/es\/#\/schema\/person\/fbd9a86032bf7479f94b0ded196f1010"},"breadcrumb":{"@id":"https:\/\/clam.org.br\/es\/en-los-medios\/crean-brazalete-para-proteger-a-defensores-de-derechos-humanos\/32973\/#breadcrumb"},"inLanguage":"es","potentialAction":[{"@type":"ReadAction","target":["https:\/\/clam.org.br\/es\/en-los-medios\/crean-brazalete-para-proteger-a-defensores-de-derechos-humanos\/32973\/"]}]},{"@type":"BreadcrumbList","@id":"https:\/\/clam.org.br\/es\/en-los-medios\/crean-brazalete-para-proteger-a-defensores-de-derechos-humanos\/32973\/#breadcrumb","itemListElement":[{"@type":"ListItem","position":1,"name":"In\u00edcio","item":"https:\/\/clam.org.br\/es\/"},{"@type":"ListItem","position":2,"name":"Crean brazalete para proteger a defensores de derechos humanos"}]},{"@type":"WebSite","@id":"https:\/\/clam.org.br\/es\/#website","url":"https:\/\/clam.org.br\/es\/","name":"CLAM - ES","description":"S\u00f3 mais um site CLAM - Centro Latino-Americano em Sexualidade e Direitos Humanos sites","potentialAction":[{"@type":"SearchAction","target":{"@type":"EntryPoint","urlTemplate":"https:\/\/clam.org.br\/es\/?s={search_term_string}"},"query-input":{"@type":"PropertyValueSpecification","valueRequired":true,"valueName":"search_term_string"}}],"inLanguage":"es"},{"@type":"Person","@id":"https:\/\/clam.org.br\/es\/#\/schema\/person\/fbd9a86032bf7479f94b0ded196f1010","name":"fw2","image":{"@type":"ImageObject","inLanguage":"es","@id":"https:\/\/clam.org.br\/es\/#\/schema\/person\/image\/","url":"https:\/\/secure.gravatar.com\/avatar\/c38472c0cdbde82d9b6fcc26adb3779d?s=96&d=mm&r=g","contentUrl":"https:\/\/secure.gravatar.com\/avatar\/c38472c0cdbde82d9b6fcc26adb3779d?s=96&d=mm&r=g","caption":"fw2"},"sameAs":["https:\/\/clam.fw2web.com.br"],"url":"https:\/\/clam.org.br\/es\/author\/fw2\/"}]}},"jetpack_featured_media_url":"","jetpack_sharing_enabled":true,"_links":{"self":[{"href":"https:\/\/clam.org.br\/es\/wp-json\/wp\/v2\/posts\/32973","targetHints":{"allow":["GET"]}}],"collection":[{"href":"https:\/\/clam.org.br\/es\/wp-json\/wp\/v2\/posts"}],"about":[{"href":"https:\/\/clam.org.br\/es\/wp-json\/wp\/v2\/types\/post"}],"author":[{"embeddable":true,"href":"https:\/\/clam.org.br\/es\/wp-json\/wp\/v2\/users\/1"}],"replies":[{"embeddable":true,"href":"https:\/\/clam.org.br\/es\/wp-json\/wp\/v2\/comments?post=32973"}],"version-history":[{"count":0,"href":"https:\/\/clam.org.br\/es\/wp-json\/wp\/v2\/posts\/32973\/revisions"}],"wp:attachment":[{"href":"https:\/\/clam.org.br\/es\/wp-json\/wp\/v2\/media?parent=32973"}],"wp:term":[{"taxonomy":"category","embeddable":true,"href":"https:\/\/clam.org.br\/es\/wp-json\/wp\/v2\/categories?post=32973"},{"taxonomy":"post_tag","embeddable":true,"href":"https:\/\/clam.org.br\/es\/wp-json\/wp\/v2\/tags?post=32973"}],"curies":[{"name":"wp","href":"https:\/\/api.w.org\/{rel}","templated":true}]}}