{"id":32998,"date":"2013-04-17T00:00:00","date_gmt":"2013-04-17T03:00:00","guid":{"rendered":"https:\/\/clam.fw2web.com.br\/es\/2013\/04\/17\/proyecto-contra-impunidad-en-casos-de-violencia-sexual-paso-a-tercer-debate\/"},"modified":"2013-04-17T00:00:00","modified_gmt":"2013-04-17T03:00:00","slug":"proyecto-contra-impunidad-en-casos-de-violencia-sexual-paso-a-tercer-debate","status":"publish","type":"post","link":"https:\/\/clam.org.br\/es\/en-los-medios\/proyecto-contra-impunidad-en-casos-de-violencia-sexual-paso-a-tercer-debate\/32998\/","title":{"rendered":"Proyecto contra impunidad en casos de violencia sexual pas\u00f3 a tercer debate"},"content":{"rendered":"<p>Los representantes &Aacute;ngela Robledo e Iv&aacute;n Cepeda, autores de la iniciativa, celebraron este mi&eacute;rcoles la probaci&oacute;n por parte de la plenaria de la C&aacute;mara, del proyecto de ley que busca evitar que se presenten casos de impunidad frente a la violencia sexual.<\/p>\n<p><a href=\"http:\/\/www.elespectador.com\/noticias\/politica\/articulo-416771-proyecto-contra-impunidad-casos-de-violencia-sexual-paso-tercer\">Texto completo<\/a><\/p>\n","protected":false},"excerpt":{"rendered":"<p>Los representantes \u00c1ngela Robledo e Iv\u00e1n Cepeda, autores de la iniciativa, celebraron este mi\u00e9rcoles la probaci\u00f3n por parte de la plenaria de la C\u00e1mara, del proyecto de ley que busca evitar que se presenten casos de impunidad frente a la violencia sexual.<\/p>\n","protected":false},"author":1,"featured_media":0,"comment_status":"open","ping_status":"open","sticky":false,"template":"","format":"standard","meta":{"_acf_changed":false,"site-sidebar-layout":"default","site-content-layout":"default","ast-global-header-display":"","ast-main-header-display":"","ast-hfb-above-header-display":"","ast-hfb-below-header-display":"","ast-hfb-mobile-header-display":"","site-post-title":"","ast-breadcrumbs-content":"","ast-featured-img":"","footer-sml-layout":"","theme-transparent-header-meta":"","adv-header-id-meta":"","stick-header-meta":"","header-above-stick-meta":"","header-main-stick-meta":"","header-below-stick-meta":"","_jetpack_memberships_contains_paid_content":false,"footnotes":""},"categories":[27],"tags":[],"class_list":["post-32998","post","type-post","status-publish","format-standard","hentry","category-en-los-medios"],"acf":[],"yoast_head":"<!-- This site is optimized with the Yoast SEO plugin v26.1.1 - https:\/\/yoast.com\/wordpress\/plugins\/seo\/ -->\n<title>Proyecto contra impunidad en casos de violencia sexual pas\u00f3 a tercer debate - CLAM - ES<\/title>\n<meta name=\"robots\" content=\"index, follow, max-snippet:-1, max-image-preview:large, max-video-preview:-1\" \/>\n<link rel=\"canonical\" href=\"https:\/\/clam.org.br\/es\/en-los-medios\/proyecto-contra-impunidad-en-casos-de-violencia-sexual-paso-a-tercer-debate\/32998\/\" \/>\n<meta property=\"og:locale\" content=\"es_ES\" \/>\n<meta property=\"og:type\" content=\"article\" \/>\n<meta property=\"og:title\" content=\"Proyecto contra impunidad en casos de violencia sexual pas\u00f3 a tercer debate - CLAM - ES\" \/>\n<meta property=\"og:description\" content=\"Los representantes \u00c1ngela Robledo e Iv\u00e1n Cepeda, autores de la iniciativa, celebraron este mi\u00e9rcoles la probaci\u00f3n por parte de la plenaria de la C\u00e1mara, del proyecto de ley que busca evitar que se presenten casos de impunidad frente a la violencia sexual.\" \/>\n<meta property=\"og:url\" content=\"https:\/\/clam.org.br\/es\/en-los-medios\/proyecto-contra-impunidad-en-casos-de-violencia-sexual-paso-a-tercer-debate\/32998\/\" \/>\n<meta property=\"og:site_name\" content=\"CLAM - ES\" \/>\n<meta property=\"article:published_time\" content=\"2013-04-17T03:00:00+00:00\" \/>\n<meta name=\"author\" content=\"fw2\" \/>\n<meta name=\"twitter:card\" content=\"summary_large_image\" \/>\n<meta name=\"twitter:label1\" content=\"Escrito por\" \/>\n\t<meta name=\"twitter:data1\" content=\"fw2\" \/>\n<script type=\"application\/ld+json\" class=\"yoast-schema-graph\">{\"@context\":\"https:\/\/schema.org\",\"@graph\":[{\"@type\":\"WebPage\",\"@id\":\"https:\/\/clam.org.br\/es\/en-los-medios\/proyecto-contra-impunidad-en-casos-de-violencia-sexual-paso-a-tercer-debate\/32998\/\",\"url\":\"https:\/\/clam.org.br\/es\/en-los-medios\/proyecto-contra-impunidad-en-casos-de-violencia-sexual-paso-a-tercer-debate\/32998\/\",\"name\":\"Proyecto contra impunidad en casos de violencia sexual pas\u00f3 a tercer debate - CLAM - ES\",\"isPartOf\":{\"@id\":\"https:\/\/clam.org.br\/es\/#website\"},\"datePublished\":\"2013-04-17T03:00:00+00:00\",\"author\":{\"@id\":\"https:\/\/clam.org.br\/es\/#\/schema\/person\/fbd9a86032bf7479f94b0ded196f1010\"},\"breadcrumb\":{\"@id\":\"https:\/\/clam.org.br\/es\/en-los-medios\/proyecto-contra-impunidad-en-casos-de-violencia-sexual-paso-a-tercer-debate\/32998\/#breadcrumb\"},\"inLanguage\":\"es\",\"potentialAction\":[{\"@type\":\"ReadAction\",\"target\":[\"https:\/\/clam.org.br\/es\/en-los-medios\/proyecto-contra-impunidad-en-casos-de-violencia-sexual-paso-a-tercer-debate\/32998\/\"]}]},{\"@type\":\"BreadcrumbList\",\"@id\":\"https:\/\/clam.org.br\/es\/en-los-medios\/proyecto-contra-impunidad-en-casos-de-violencia-sexual-paso-a-tercer-debate\/32998\/#breadcrumb\",\"itemListElement\":[{\"@type\":\"ListItem\",\"position\":1,\"name\":\"In\u00edcio\",\"item\":\"https:\/\/clam.org.br\/es\/\"},{\"@type\":\"ListItem\",\"position\":2,\"name\":\"Proyecto contra impunidad en casos de violencia sexual pas\u00f3 a tercer debate\"}]},{\"@type\":\"WebSite\",\"@id\":\"https:\/\/clam.org.br\/es\/#website\",\"url\":\"https:\/\/clam.org.br\/es\/\",\"name\":\"CLAM - ES\",\"description\":\"S\u00f3 mais um site CLAM - Centro Latino-Americano em Sexualidade e Direitos Humanos sites\",\"potentialAction\":[{\"@type\":\"SearchAction\",\"target\":{\"@type\":\"EntryPoint\",\"urlTemplate\":\"https:\/\/clam.org.br\/es\/?s={search_term_string}\"},\"query-input\":{\"@type\":\"PropertyValueSpecification\",\"valueRequired\":true,\"valueName\":\"search_term_string\"}}],\"inLanguage\":\"es\"},{\"@type\":\"Person\",\"@id\":\"https:\/\/clam.org.br\/es\/#\/schema\/person\/fbd9a86032bf7479f94b0ded196f1010\",\"name\":\"fw2\",\"image\":{\"@type\":\"ImageObject\",\"inLanguage\":\"es\",\"@id\":\"https:\/\/clam.org.br\/es\/#\/schema\/person\/image\/\",\"url\":\"https:\/\/secure.gravatar.com\/avatar\/c38472c0cdbde82d9b6fcc26adb3779d?s=96&d=mm&r=g\",\"contentUrl\":\"https:\/\/secure.gravatar.com\/avatar\/c38472c0cdbde82d9b6fcc26adb3779d?s=96&d=mm&r=g\",\"caption\":\"fw2\"},\"sameAs\":[\"https:\/\/clam.fw2web.com.br\"],\"url\":\"https:\/\/clam.org.br\/es\/author\/fw2\/\"}]}<\/script>\n<!-- \/ Yoast SEO plugin. -->","yoast_head_json":{"title":"Proyecto contra impunidad en casos de violencia sexual pas\u00f3 a tercer debate - CLAM - ES","robots":{"index":"index","follow":"follow","max-snippet":"max-snippet:-1","max-image-preview":"max-image-preview:large","max-video-preview":"max-video-preview:-1"},"canonical":"https:\/\/clam.org.br\/es\/en-los-medios\/proyecto-contra-impunidad-en-casos-de-violencia-sexual-paso-a-tercer-debate\/32998\/","og_locale":"es_ES","og_type":"article","og_title":"Proyecto contra impunidad en casos de violencia sexual pas\u00f3 a tercer debate - CLAM - ES","og_description":"Los representantes \u00c1ngela Robledo e Iv\u00e1n Cepeda, autores de la iniciativa, celebraron este mi\u00e9rcoles la probaci\u00f3n por parte de la plenaria de la C\u00e1mara, del proyecto de ley que busca evitar que se presenten casos de impunidad frente a la violencia sexual.","og_url":"https:\/\/clam.org.br\/es\/en-los-medios\/proyecto-contra-impunidad-en-casos-de-violencia-sexual-paso-a-tercer-debate\/32998\/","og_site_name":"CLAM - ES","article_published_time":"2013-04-17T03:00:00+00:00","author":"fw2","twitter_card":"summary_large_image","twitter_misc":{"Escrito por":"fw2"},"schema":{"@context":"https:\/\/schema.org","@graph":[{"@type":"WebPage","@id":"https:\/\/clam.org.br\/es\/en-los-medios\/proyecto-contra-impunidad-en-casos-de-violencia-sexual-paso-a-tercer-debate\/32998\/","url":"https:\/\/clam.org.br\/es\/en-los-medios\/proyecto-contra-impunidad-en-casos-de-violencia-sexual-paso-a-tercer-debate\/32998\/","name":"Proyecto contra impunidad en casos de violencia sexual pas\u00f3 a tercer debate - CLAM - ES","isPartOf":{"@id":"https:\/\/clam.org.br\/es\/#website"},"datePublished":"2013-04-17T03:00:00+00:00","author":{"@id":"https:\/\/clam.org.br\/es\/#\/schema\/person\/fbd9a86032bf7479f94b0ded196f1010"},"breadcrumb":{"@id":"https:\/\/clam.org.br\/es\/en-los-medios\/proyecto-contra-impunidad-en-casos-de-violencia-sexual-paso-a-tercer-debate\/32998\/#breadcrumb"},"inLanguage":"es","potentialAction":[{"@type":"ReadAction","target":["https:\/\/clam.org.br\/es\/en-los-medios\/proyecto-contra-impunidad-en-casos-de-violencia-sexual-paso-a-tercer-debate\/32998\/"]}]},{"@type":"BreadcrumbList","@id":"https:\/\/clam.org.br\/es\/en-los-medios\/proyecto-contra-impunidad-en-casos-de-violencia-sexual-paso-a-tercer-debate\/32998\/#breadcrumb","itemListElement":[{"@type":"ListItem","position":1,"name":"In\u00edcio","item":"https:\/\/clam.org.br\/es\/"},{"@type":"ListItem","position":2,"name":"Proyecto contra impunidad en casos de violencia sexual pas\u00f3 a tercer debate"}]},{"@type":"WebSite","@id":"https:\/\/clam.org.br\/es\/#website","url":"https:\/\/clam.org.br\/es\/","name":"CLAM - ES","description":"S\u00f3 mais um site CLAM - Centro Latino-Americano em Sexualidade e Direitos Humanos sites","potentialAction":[{"@type":"SearchAction","target":{"@type":"EntryPoint","urlTemplate":"https:\/\/clam.org.br\/es\/?s={search_term_string}"},"query-input":{"@type":"PropertyValueSpecification","valueRequired":true,"valueName":"search_term_string"}}],"inLanguage":"es"},{"@type":"Person","@id":"https:\/\/clam.org.br\/es\/#\/schema\/person\/fbd9a86032bf7479f94b0ded196f1010","name":"fw2","image":{"@type":"ImageObject","inLanguage":"es","@id":"https:\/\/clam.org.br\/es\/#\/schema\/person\/image\/","url":"https:\/\/secure.gravatar.com\/avatar\/c38472c0cdbde82d9b6fcc26adb3779d?s=96&d=mm&r=g","contentUrl":"https:\/\/secure.gravatar.com\/avatar\/c38472c0cdbde82d9b6fcc26adb3779d?s=96&d=mm&r=g","caption":"fw2"},"sameAs":["https:\/\/clam.fw2web.com.br"],"url":"https:\/\/clam.org.br\/es\/author\/fw2\/"}]}},"jetpack_featured_media_url":"","jetpack_sharing_enabled":true,"_links":{"self":[{"href":"https:\/\/clam.org.br\/es\/wp-json\/wp\/v2\/posts\/32998","targetHints":{"allow":["GET"]}}],"collection":[{"href":"https:\/\/clam.org.br\/es\/wp-json\/wp\/v2\/posts"}],"about":[{"href":"https:\/\/clam.org.br\/es\/wp-json\/wp\/v2\/types\/post"}],"author":[{"embeddable":true,"href":"https:\/\/clam.org.br\/es\/wp-json\/wp\/v2\/users\/1"}],"replies":[{"embeddable":true,"href":"https:\/\/clam.org.br\/es\/wp-json\/wp\/v2\/comments?post=32998"}],"version-history":[{"count":0,"href":"https:\/\/clam.org.br\/es\/wp-json\/wp\/v2\/posts\/32998\/revisions"}],"wp:attachment":[{"href":"https:\/\/clam.org.br\/es\/wp-json\/wp\/v2\/media?parent=32998"}],"wp:term":[{"taxonomy":"category","embeddable":true,"href":"https:\/\/clam.org.br\/es\/wp-json\/wp\/v2\/categories?post=32998"},{"taxonomy":"post_tag","embeddable":true,"href":"https:\/\/clam.org.br\/es\/wp-json\/wp\/v2\/tags?post=32998"}],"curies":[{"name":"wp","href":"https:\/\/api.w.org\/{rel}","templated":true}]}}