{"id":3311,"date":"2007-07-12T00:00:00","date_gmt":"2007-07-12T03:00:00","guid":{"rendered":"https:\/\/clam.fw2web.com.br\/es\/2007\/07\/12\/cientificos-logran-liberar-a-celulas-del-vih\/"},"modified":"2023-06-14T07:51:22","modified_gmt":"2023-06-14T10:51:22","slug":"cientificos-logran-liberar-a-celulas-del-vih","status":"publish","type":"post","link":"https:\/\/clam.org.br\/es\/en-los-medios\/cientificos-logran-liberar-a-celulas-del-vih\/3311\/","title":{"rendered":"Cient\u00edficos logran liberar a c\u00e9lulas del VIH"},"content":{"rendered":"<p><P class=MsoNormal style=\"MARGIN: 0cm 0cm 0pt; TEXT-ALIGN: justify\"><SPAN lang=ES style=\"FONT-SIZE: 10pt; FONT-FAMILY: Verdana; mso-bidi-font-family: 'Courier New'; mso-ansi-language: ES\">Cient\u00edficos alemanes lograron un &ldquo;hito biotecnol\u00f3gico&rdquo; al extraer por primera vez los genes del virus del sida de c\u00e9lulas humanas, en experimentos realizados en laboratorio, informa la revista estadounidense Science en su portal de Internet. El trabajo, implica esperanzas moderadas acerca del desarrollo de una terapia contra el sida, que no s\u00f3lo contenga la multiplicaci\u00f3n de los virus, sino cure la enfermedad considerada irreversible. Sin embargo, Luis Soto, investigador y co-presidente de la pr\u00f3xima Conferencia Internacional de Sida <?xml:namespace prefix = st1 ns = \"urn:schemas-microsoft-com:office:smarttags\" \/><st1_metricconverter ProductID=\"2008, a\" w_st=\"on\">2008, a<\/st1_metricconverter> celebrarse en M\u00e9xico, toma con reservas el descubrimiento.<?xml:namespace prefix = o ns = \"urn:schemas-microsoft-com:office:office\" \/><o_p><\/o_p><\/SPAN><\/P> <P class=MsoNormal style=\"MARGIN: 0cm 0cm 0pt; TEXT-ALIGN: justify\"><SPAN lang=ES style=\"FONT-SIZE: 10pt; FONT-FAMILY: Verdana; mso-bidi-font-family: 'Courier New'; mso-ansi-language: ES\"><o_p>&nbsp;<\/o_p><\/SPAN><\/P> <P class=MsoNormal style=\"MARGIN: 0cm 0cm 0pt; TEXT-ALIGN: justify\"><SPAN style=\"FONT-SIZE: 10pt; FONT-FAMILY: Verdana; mso-bidi-font-family: 'Courier New'\"><SPAN lang=ES style=\"mso-ansi-language: ES\"><a href=\"http:\/\/www.notiese.org\/interior.shtml?sh_itm=474157a92b7a3e606416a6117b34c707\" target=\"_blank\" rel=\"noopener\">Texto completo<\/A><\/SPAN><\/SPAN><\/P><\/p>\n","protected":false},"excerpt":{"rendered":"<p>Cient\u00edficos alemanes lograron un &ldquo;hito biotecnol\u00f3gico&rdquo; al extraer por primera vez los genes del virus del sida de c\u00e9lulas humanas, en experimentos realizados en laboratorio, informa la revista estadounidense Science en su portal de Internet. El trabajo, implica esperanzas moderadas acerca del desarrollo de una terapia contra el sida, que no s\u00f3lo contenga la multiplicaci\u00f3n de los virus, sino cure la enfermedad considerada irreversible. Sin embargo, Luis Soto, investigador y co-presidente de la pr\u00f3xima Conferencia Internacional de Sida 2008, a celebrarse en M\u00e9xico, toma con reservas el descubrimiento.<\/p>\n","protected":false},"author":1,"featured_media":0,"comment_status":"open","ping_status":"open","sticky":false,"template":"","format":"standard","meta":{"_acf_changed":false,"site-sidebar-layout":"default","site-content-layout":"default","ast-global-header-display":"","ast-main-header-display":"","ast-hfb-above-header-display":"","ast-hfb-below-header-display":"","ast-hfb-mobile-header-display":"","site-post-title":"","ast-breadcrumbs-content":"","ast-featured-img":"","footer-sml-layout":"","theme-transparent-header-meta":"","adv-header-id-meta":"","stick-header-meta":"","header-above-stick-meta":"","header-main-stick-meta":"","header-below-stick-meta":"","_jetpack_memberships_contains_paid_content":false,"footnotes":""},"categories":[27],"tags":[],"class_list":["post-3311","post","type-post","status-publish","format-standard","hentry","category-en-los-medios"],"acf":[],"yoast_head":"<!-- This site is optimized with the Yoast SEO plugin v26.1.1 - https:\/\/yoast.com\/wordpress\/plugins\/seo\/ -->\n<title>Cient\u00edficos logran liberar a c\u00e9lulas del VIH - CLAM - ES<\/title>\n<meta name=\"robots\" content=\"index, follow, max-snippet:-1, max-image-preview:large, max-video-preview:-1\" \/>\n<link rel=\"canonical\" href=\"https:\/\/clam.org.br\/es\/en-los-medios\/cientificos-logran-liberar-a-celulas-del-vih\/3311\/\" \/>\n<meta property=\"og:locale\" content=\"es_ES\" \/>\n<meta property=\"og:type\" content=\"article\" \/>\n<meta property=\"og:title\" content=\"Cient\u00edficos logran liberar a c\u00e9lulas del VIH - CLAM - ES\" \/>\n<meta property=\"og:description\" content=\"Cient\u00edficos alemanes lograron un &ldquo;hito biotecnol\u00f3gico&rdquo; al extraer por primera vez los genes del virus del sida de c\u00e9lulas humanas, en experimentos realizados en laboratorio, informa la revista estadounidense Science en su portal de Internet. El trabajo, implica esperanzas moderadas acerca del desarrollo de una terapia contra el sida, que no s\u00f3lo contenga la multiplicaci\u00f3n de los virus, sino cure la enfermedad considerada irreversible. Sin embargo, Luis Soto, investigador y co-presidente de la pr\u00f3xima Conferencia Internacional de Sida 2008, a celebrarse en M\u00e9xico, toma con reservas el descubrimiento.\" \/>\n<meta property=\"og:url\" content=\"https:\/\/clam.org.br\/es\/en-los-medios\/cientificos-logran-liberar-a-celulas-del-vih\/3311\/\" \/>\n<meta property=\"og:site_name\" content=\"CLAM - ES\" \/>\n<meta property=\"article:published_time\" content=\"2007-07-12T03:00:00+00:00\" \/>\n<meta property=\"article:modified_time\" content=\"2023-06-14T10:51:22+00:00\" \/>\n<meta name=\"author\" content=\"fw2\" \/>\n<meta name=\"twitter:card\" content=\"summary_large_image\" \/>\n<meta name=\"twitter:label1\" content=\"Escrito por\" \/>\n\t<meta name=\"twitter:data1\" content=\"fw2\" \/>\n<script type=\"application\/ld+json\" class=\"yoast-schema-graph\">{\"@context\":\"https:\/\/schema.org\",\"@graph\":[{\"@type\":\"WebPage\",\"@id\":\"https:\/\/clam.org.br\/es\/en-los-medios\/cientificos-logran-liberar-a-celulas-del-vih\/3311\/\",\"url\":\"https:\/\/clam.org.br\/es\/en-los-medios\/cientificos-logran-liberar-a-celulas-del-vih\/3311\/\",\"name\":\"Cient\u00edficos logran liberar a c\u00e9lulas del VIH - CLAM - ES\",\"isPartOf\":{\"@id\":\"https:\/\/clam.org.br\/es\/#website\"},\"datePublished\":\"2007-07-12T03:00:00+00:00\",\"dateModified\":\"2023-06-14T10:51:22+00:00\",\"author\":{\"@id\":\"https:\/\/clam.org.br\/es\/#\/schema\/person\/fbd9a86032bf7479f94b0ded196f1010\"},\"breadcrumb\":{\"@id\":\"https:\/\/clam.org.br\/es\/en-los-medios\/cientificos-logran-liberar-a-celulas-del-vih\/3311\/#breadcrumb\"},\"inLanguage\":\"es\",\"potentialAction\":[{\"@type\":\"ReadAction\",\"target\":[\"https:\/\/clam.org.br\/es\/en-los-medios\/cientificos-logran-liberar-a-celulas-del-vih\/3311\/\"]}]},{\"@type\":\"BreadcrumbList\",\"@id\":\"https:\/\/clam.org.br\/es\/en-los-medios\/cientificos-logran-liberar-a-celulas-del-vih\/3311\/#breadcrumb\",\"itemListElement\":[{\"@type\":\"ListItem\",\"position\":1,\"name\":\"In\u00edcio\",\"item\":\"https:\/\/clam.org.br\/es\/\"},{\"@type\":\"ListItem\",\"position\":2,\"name\":\"Cient\u00edficos logran liberar a c\u00e9lulas del VIH\"}]},{\"@type\":\"WebSite\",\"@id\":\"https:\/\/clam.org.br\/es\/#website\",\"url\":\"https:\/\/clam.org.br\/es\/\",\"name\":\"CLAM - ES\",\"description\":\"S\u00f3 mais um site CLAM - Centro Latino-Americano em Sexualidade e Direitos Humanos sites\",\"potentialAction\":[{\"@type\":\"SearchAction\",\"target\":{\"@type\":\"EntryPoint\",\"urlTemplate\":\"https:\/\/clam.org.br\/es\/?s={search_term_string}\"},\"query-input\":{\"@type\":\"PropertyValueSpecification\",\"valueRequired\":true,\"valueName\":\"search_term_string\"}}],\"inLanguage\":\"es\"},{\"@type\":\"Person\",\"@id\":\"https:\/\/clam.org.br\/es\/#\/schema\/person\/fbd9a86032bf7479f94b0ded196f1010\",\"name\":\"fw2\",\"image\":{\"@type\":\"ImageObject\",\"inLanguage\":\"es\",\"@id\":\"https:\/\/clam.org.br\/es\/#\/schema\/person\/image\/\",\"url\":\"https:\/\/secure.gravatar.com\/avatar\/c38472c0cdbde82d9b6fcc26adb3779d?s=96&d=mm&r=g\",\"contentUrl\":\"https:\/\/secure.gravatar.com\/avatar\/c38472c0cdbde82d9b6fcc26adb3779d?s=96&d=mm&r=g\",\"caption\":\"fw2\"},\"sameAs\":[\"https:\/\/clam.fw2web.com.br\"],\"url\":\"https:\/\/clam.org.br\/es\/author\/fw2\/\"}]}<\/script>\n<!-- \/ Yoast SEO plugin. -->","yoast_head_json":{"title":"Cient\u00edficos logran liberar a c\u00e9lulas del VIH - CLAM - ES","robots":{"index":"index","follow":"follow","max-snippet":"max-snippet:-1","max-image-preview":"max-image-preview:large","max-video-preview":"max-video-preview:-1"},"canonical":"https:\/\/clam.org.br\/es\/en-los-medios\/cientificos-logran-liberar-a-celulas-del-vih\/3311\/","og_locale":"es_ES","og_type":"article","og_title":"Cient\u00edficos logran liberar a c\u00e9lulas del VIH - CLAM - ES","og_description":"Cient\u00edficos alemanes lograron un &ldquo;hito biotecnol\u00f3gico&rdquo; al extraer por primera vez los genes del virus del sida de c\u00e9lulas humanas, en experimentos realizados en laboratorio, informa la revista estadounidense Science en su portal de Internet. El trabajo, implica esperanzas moderadas acerca del desarrollo de una terapia contra el sida, que no s\u00f3lo contenga la multiplicaci\u00f3n de los virus, sino cure la enfermedad considerada irreversible. Sin embargo, Luis Soto, investigador y co-presidente de la pr\u00f3xima Conferencia Internacional de Sida 2008, a celebrarse en M\u00e9xico, toma con reservas el descubrimiento.","og_url":"https:\/\/clam.org.br\/es\/en-los-medios\/cientificos-logran-liberar-a-celulas-del-vih\/3311\/","og_site_name":"CLAM - ES","article_published_time":"2007-07-12T03:00:00+00:00","article_modified_time":"2023-06-14T10:51:22+00:00","author":"fw2","twitter_card":"summary_large_image","twitter_misc":{"Escrito por":"fw2"},"schema":{"@context":"https:\/\/schema.org","@graph":[{"@type":"WebPage","@id":"https:\/\/clam.org.br\/es\/en-los-medios\/cientificos-logran-liberar-a-celulas-del-vih\/3311\/","url":"https:\/\/clam.org.br\/es\/en-los-medios\/cientificos-logran-liberar-a-celulas-del-vih\/3311\/","name":"Cient\u00edficos logran liberar a c\u00e9lulas del VIH - CLAM - ES","isPartOf":{"@id":"https:\/\/clam.org.br\/es\/#website"},"datePublished":"2007-07-12T03:00:00+00:00","dateModified":"2023-06-14T10:51:22+00:00","author":{"@id":"https:\/\/clam.org.br\/es\/#\/schema\/person\/fbd9a86032bf7479f94b0ded196f1010"},"breadcrumb":{"@id":"https:\/\/clam.org.br\/es\/en-los-medios\/cientificos-logran-liberar-a-celulas-del-vih\/3311\/#breadcrumb"},"inLanguage":"es","potentialAction":[{"@type":"ReadAction","target":["https:\/\/clam.org.br\/es\/en-los-medios\/cientificos-logran-liberar-a-celulas-del-vih\/3311\/"]}]},{"@type":"BreadcrumbList","@id":"https:\/\/clam.org.br\/es\/en-los-medios\/cientificos-logran-liberar-a-celulas-del-vih\/3311\/#breadcrumb","itemListElement":[{"@type":"ListItem","position":1,"name":"In\u00edcio","item":"https:\/\/clam.org.br\/es\/"},{"@type":"ListItem","position":2,"name":"Cient\u00edficos logran liberar a c\u00e9lulas del VIH"}]},{"@type":"WebSite","@id":"https:\/\/clam.org.br\/es\/#website","url":"https:\/\/clam.org.br\/es\/","name":"CLAM - ES","description":"S\u00f3 mais um site CLAM - Centro Latino-Americano em Sexualidade e Direitos Humanos sites","potentialAction":[{"@type":"SearchAction","target":{"@type":"EntryPoint","urlTemplate":"https:\/\/clam.org.br\/es\/?s={search_term_string}"},"query-input":{"@type":"PropertyValueSpecification","valueRequired":true,"valueName":"search_term_string"}}],"inLanguage":"es"},{"@type":"Person","@id":"https:\/\/clam.org.br\/es\/#\/schema\/person\/fbd9a86032bf7479f94b0ded196f1010","name":"fw2","image":{"@type":"ImageObject","inLanguage":"es","@id":"https:\/\/clam.org.br\/es\/#\/schema\/person\/image\/","url":"https:\/\/secure.gravatar.com\/avatar\/c38472c0cdbde82d9b6fcc26adb3779d?s=96&d=mm&r=g","contentUrl":"https:\/\/secure.gravatar.com\/avatar\/c38472c0cdbde82d9b6fcc26adb3779d?s=96&d=mm&r=g","caption":"fw2"},"sameAs":["https:\/\/clam.fw2web.com.br"],"url":"https:\/\/clam.org.br\/es\/author\/fw2\/"}]}},"jetpack_featured_media_url":"","jetpack_sharing_enabled":true,"_links":{"self":[{"href":"https:\/\/clam.org.br\/es\/wp-json\/wp\/v2\/posts\/3311","targetHints":{"allow":["GET"]}}],"collection":[{"href":"https:\/\/clam.org.br\/es\/wp-json\/wp\/v2\/posts"}],"about":[{"href":"https:\/\/clam.org.br\/es\/wp-json\/wp\/v2\/types\/post"}],"author":[{"embeddable":true,"href":"https:\/\/clam.org.br\/es\/wp-json\/wp\/v2\/users\/1"}],"replies":[{"embeddable":true,"href":"https:\/\/clam.org.br\/es\/wp-json\/wp\/v2\/comments?post=3311"}],"version-history":[{"count":1,"href":"https:\/\/clam.org.br\/es\/wp-json\/wp\/v2\/posts\/3311\/revisions"}],"predecessor-version":[{"id":28810,"href":"https:\/\/clam.org.br\/es\/wp-json\/wp\/v2\/posts\/3311\/revisions\/28810"}],"wp:attachment":[{"href":"https:\/\/clam.org.br\/es\/wp-json\/wp\/v2\/media?parent=3311"}],"wp:term":[{"taxonomy":"category","embeddable":true,"href":"https:\/\/clam.org.br\/es\/wp-json\/wp\/v2\/categories?post=3311"},{"taxonomy":"post_tag","embeddable":true,"href":"https:\/\/clam.org.br\/es\/wp-json\/wp\/v2\/tags?post=3311"}],"curies":[{"name":"wp","href":"https:\/\/api.w.org\/{rel}","templated":true}]}}