{"id":33182,"date":"2005-08-23T00:00:00","date_gmt":"2005-08-23T03:00:00","guid":{"rendered":"https:\/\/clam.fw2web.com.br\/es\/2005\/08\/23\/ii-coloquio-internacional-de-estudios-sobre-varones-y-masculinidades\/"},"modified":"2005-08-23T00:00:00","modified_gmt":"2005-08-23T03:00:00","slug":"ii-coloquio-internacional-de-estudios-sobre-varones-y-masculinidades","status":"publish","type":"post","link":"https:\/\/clam.org.br\/es\/agenda\/ii-coloquio-internacional-de-estudios-sobre-varones-y-masculinidades\/33182\/","title":{"rendered":"II Coloquio internacional de estudios sobre varones y masculinidades"},"content":{"rendered":"<p>El Comit\u00e9 Organizador del II Coloquio internacional de estudios sobre varones y masculinidades convoca a reflexionar sobre los fundamentos epistemol\u00f3gicos de estos estudios, las implicaciones en la pol\u00edtica p\u00fablica y proponen el eje tem\u00e1tico de la violencia como articulador de tales reflexiones. Se invita a presentar propuestas de ponencias que discutan los ejes centrales del coloquio:<BR> 1) epistemolog\u00eda en los estudios de varones y masculinidades,<BR> 2) pol\u00edticas p\u00fablicas en relaci\u00f3n a varones y masculinidades, y<BR> 3) violencia ejercida por varones.<BR> El tema propuesto en la ponencia puede ser subsidiario o central en funci\u00f3n de los siguientes \u00e1mbitos tem\u00e1ticos: cuerpo e ideolog\u00eda; democracia, Estado y masculinidades; deporte, tiempo libre y ocio; edad media y vejez; familias y paternidad; globalizaci\u00f3n; historia de las masculinidades; homo y hetero sociabilidad; hombres y feminismo; homofobia, prostituci\u00f3n, explotaci\u00f3n sexual; humor; identidad; intimidad, curaci\u00f3n y crecimiento personal; imaginarios socioculturales; movimientos de hombres, grupos y servicios (cambio social, activismo); raza y grupos \u00e9tnicos; salud de los hombres, grupos y servicios (cambio social, activismo); sexualidad, migraci\u00f3n transgen\u00e9rica; trabajo con ni\u00f1os y hombres; trabajo, subempleo, desempleo y cesant\u00eda.<BR> La fecha l\u00edmite para enviar ponencias es el 6 de enero de 2006.<BR> Informes: II Coloquio Internacional de Estudios sobre Varones y Masculinidades.<BR> Programa Interdisciplinario de Estudios de G\u00e9nero (PIEGE)<BR> Departamento de Estudios Regionales INESER<BR> Centro Universitario de Ciencias Econ\u00f3mico Administrativas (CUCEA)<BR> Universidad de Guadalajara Perif\u00e9rico Norte 799, Edif. \u00abM\u00bb 2 do piso N\u00facleo \u00abLos Belenes\u00bb (Apdo. Postal 2-43, Guadalajara) Zapopan, Jalisco, 4500<BR> M\u00e9xico<BR> Tel.: (52-33) 3770 &#8211; 3300 ext. 5562 Fax: (52 &#8211; 33 ) 3770 &ndash; 3404<BR> Email: <A href=\"mailto:informes@eljuegodelhombre.com.mx\">informes@eljuegodelhombre.com.mx<\/A><BR> <A href=\"http:\/\/www.eljuegodelhombre.com.mx\/\">http:\/\/www.eljuegodelhombre.com.mx\/<\/A><\/p>\n","protected":false},"excerpt":{"rendered":"<p>El Comit\u00e9 Organizador del II Coloquio internacional de estudios sobre varones y masculinidades convoca a reflexionar sobre los fundamentos epistemol\u00f3gicos de estos estudios, las implicaciones en la pol\u00edtica p\u00fablica y proponen el eje tem\u00e1tico de la violencia como articulador de tales reflexiones.<\/p>\n","protected":false},"author":1,"featured_media":0,"comment_status":"open","ping_status":"open","sticky":false,"template":"","format":"standard","meta":{"_acf_changed":false,"site-sidebar-layout":"default","site-content-layout":"default","ast-global-header-display":"","ast-main-header-display":"","ast-hfb-above-header-display":"","ast-hfb-below-header-display":"","ast-hfb-mobile-header-display":"","site-post-title":"","ast-breadcrumbs-content":"","ast-featured-img":"","footer-sml-layout":"","theme-transparent-header-meta":"","adv-header-id-meta":"","stick-header-meta":"","header-above-stick-meta":"","header-main-stick-meta":"","header-below-stick-meta":"","_jetpack_memberships_contains_paid_content":false,"footnotes":""},"categories":[28],"tags":[],"class_list":["post-33182","post","type-post","status-publish","format-standard","hentry","category-agenda"],"acf":[],"yoast_head":"<!-- This site is optimized with the Yoast SEO plugin v26.1.1 - https:\/\/yoast.com\/wordpress\/plugins\/seo\/ -->\n<title>II Coloquio internacional de estudios sobre varones y masculinidades - CLAM - ES<\/title>\n<meta name=\"robots\" content=\"index, follow, max-snippet:-1, max-image-preview:large, max-video-preview:-1\" \/>\n<link rel=\"canonical\" href=\"https:\/\/clam.org.br\/es\/agenda\/ii-coloquio-internacional-de-estudios-sobre-varones-y-masculinidades\/33182\/\" \/>\n<meta property=\"og:locale\" content=\"es_ES\" \/>\n<meta property=\"og:type\" content=\"article\" \/>\n<meta property=\"og:title\" content=\"II Coloquio internacional de estudios sobre varones y masculinidades - CLAM - ES\" \/>\n<meta property=\"og:description\" content=\"El Comit\u00e9 Organizador del II Coloquio internacional de estudios sobre varones y masculinidades convoca a reflexionar sobre los fundamentos epistemol\u00f3gicos de estos estudios, las implicaciones en la pol\u00edtica p\u00fablica y proponen el eje tem\u00e1tico de la violencia como articulador de tales reflexiones.\" \/>\n<meta property=\"og:url\" content=\"https:\/\/clam.org.br\/es\/agenda\/ii-coloquio-internacional-de-estudios-sobre-varones-y-masculinidades\/33182\/\" \/>\n<meta property=\"og:site_name\" content=\"CLAM - ES\" \/>\n<meta property=\"article:published_time\" content=\"2005-08-23T03:00:00+00:00\" \/>\n<meta name=\"author\" content=\"fw2\" \/>\n<meta name=\"twitter:card\" content=\"summary_large_image\" \/>\n<meta name=\"twitter:label1\" content=\"Escrito por\" \/>\n\t<meta name=\"twitter:data1\" content=\"fw2\" \/>\n\t<meta name=\"twitter:label2\" content=\"Tiempo de lectura\" \/>\n\t<meta name=\"twitter:data2\" content=\"1 minuto\" \/>\n<script type=\"application\/ld+json\" class=\"yoast-schema-graph\">{\"@context\":\"https:\/\/schema.org\",\"@graph\":[{\"@type\":\"WebPage\",\"@id\":\"https:\/\/clam.org.br\/es\/agenda\/ii-coloquio-internacional-de-estudios-sobre-varones-y-masculinidades\/33182\/\",\"url\":\"https:\/\/clam.org.br\/es\/agenda\/ii-coloquio-internacional-de-estudios-sobre-varones-y-masculinidades\/33182\/\",\"name\":\"II Coloquio internacional de estudios sobre varones y masculinidades - CLAM - ES\",\"isPartOf\":{\"@id\":\"https:\/\/clam.org.br\/es\/#website\"},\"datePublished\":\"2005-08-23T03:00:00+00:00\",\"author\":{\"@id\":\"https:\/\/clam.org.br\/es\/#\/schema\/person\/fbd9a86032bf7479f94b0ded196f1010\"},\"breadcrumb\":{\"@id\":\"https:\/\/clam.org.br\/es\/agenda\/ii-coloquio-internacional-de-estudios-sobre-varones-y-masculinidades\/33182\/#breadcrumb\"},\"inLanguage\":\"es\",\"potentialAction\":[{\"@type\":\"ReadAction\",\"target\":[\"https:\/\/clam.org.br\/es\/agenda\/ii-coloquio-internacional-de-estudios-sobre-varones-y-masculinidades\/33182\/\"]}]},{\"@type\":\"BreadcrumbList\",\"@id\":\"https:\/\/clam.org.br\/es\/agenda\/ii-coloquio-internacional-de-estudios-sobre-varones-y-masculinidades\/33182\/#breadcrumb\",\"itemListElement\":[{\"@type\":\"ListItem\",\"position\":1,\"name\":\"In\u00edcio\",\"item\":\"https:\/\/clam.org.br\/es\/\"},{\"@type\":\"ListItem\",\"position\":2,\"name\":\"II Coloquio internacional de estudios sobre varones y masculinidades\"}]},{\"@type\":\"WebSite\",\"@id\":\"https:\/\/clam.org.br\/es\/#website\",\"url\":\"https:\/\/clam.org.br\/es\/\",\"name\":\"CLAM - ES\",\"description\":\"S\u00f3 mais um site CLAM - Centro Latino-Americano em Sexualidade e Direitos Humanos sites\",\"potentialAction\":[{\"@type\":\"SearchAction\",\"target\":{\"@type\":\"EntryPoint\",\"urlTemplate\":\"https:\/\/clam.org.br\/es\/?s={search_term_string}\"},\"query-input\":{\"@type\":\"PropertyValueSpecification\",\"valueRequired\":true,\"valueName\":\"search_term_string\"}}],\"inLanguage\":\"es\"},{\"@type\":\"Person\",\"@id\":\"https:\/\/clam.org.br\/es\/#\/schema\/person\/fbd9a86032bf7479f94b0ded196f1010\",\"name\":\"fw2\",\"image\":{\"@type\":\"ImageObject\",\"inLanguage\":\"es\",\"@id\":\"https:\/\/clam.org.br\/es\/#\/schema\/person\/image\/\",\"url\":\"https:\/\/secure.gravatar.com\/avatar\/c38472c0cdbde82d9b6fcc26adb3779d?s=96&d=mm&r=g\",\"contentUrl\":\"https:\/\/secure.gravatar.com\/avatar\/c38472c0cdbde82d9b6fcc26adb3779d?s=96&d=mm&r=g\",\"caption\":\"fw2\"},\"sameAs\":[\"https:\/\/clam.fw2web.com.br\"],\"url\":\"https:\/\/clam.org.br\/es\/author\/fw2\/\"}]}<\/script>\n<!-- \/ Yoast SEO plugin. -->","yoast_head_json":{"title":"II Coloquio internacional de estudios sobre varones y masculinidades - CLAM - ES","robots":{"index":"index","follow":"follow","max-snippet":"max-snippet:-1","max-image-preview":"max-image-preview:large","max-video-preview":"max-video-preview:-1"},"canonical":"https:\/\/clam.org.br\/es\/agenda\/ii-coloquio-internacional-de-estudios-sobre-varones-y-masculinidades\/33182\/","og_locale":"es_ES","og_type":"article","og_title":"II Coloquio internacional de estudios sobre varones y masculinidades - CLAM - ES","og_description":"El Comit\u00e9 Organizador del II Coloquio internacional de estudios sobre varones y masculinidades convoca a reflexionar sobre los fundamentos epistemol\u00f3gicos de estos estudios, las implicaciones en la pol\u00edtica p\u00fablica y proponen el eje tem\u00e1tico de la violencia como articulador de tales reflexiones.","og_url":"https:\/\/clam.org.br\/es\/agenda\/ii-coloquio-internacional-de-estudios-sobre-varones-y-masculinidades\/33182\/","og_site_name":"CLAM - ES","article_published_time":"2005-08-23T03:00:00+00:00","author":"fw2","twitter_card":"summary_large_image","twitter_misc":{"Escrito por":"fw2","Tiempo de lectura":"1 minuto"},"schema":{"@context":"https:\/\/schema.org","@graph":[{"@type":"WebPage","@id":"https:\/\/clam.org.br\/es\/agenda\/ii-coloquio-internacional-de-estudios-sobre-varones-y-masculinidades\/33182\/","url":"https:\/\/clam.org.br\/es\/agenda\/ii-coloquio-internacional-de-estudios-sobre-varones-y-masculinidades\/33182\/","name":"II Coloquio internacional de estudios sobre varones y masculinidades - CLAM - ES","isPartOf":{"@id":"https:\/\/clam.org.br\/es\/#website"},"datePublished":"2005-08-23T03:00:00+00:00","author":{"@id":"https:\/\/clam.org.br\/es\/#\/schema\/person\/fbd9a86032bf7479f94b0ded196f1010"},"breadcrumb":{"@id":"https:\/\/clam.org.br\/es\/agenda\/ii-coloquio-internacional-de-estudios-sobre-varones-y-masculinidades\/33182\/#breadcrumb"},"inLanguage":"es","potentialAction":[{"@type":"ReadAction","target":["https:\/\/clam.org.br\/es\/agenda\/ii-coloquio-internacional-de-estudios-sobre-varones-y-masculinidades\/33182\/"]}]},{"@type":"BreadcrumbList","@id":"https:\/\/clam.org.br\/es\/agenda\/ii-coloquio-internacional-de-estudios-sobre-varones-y-masculinidades\/33182\/#breadcrumb","itemListElement":[{"@type":"ListItem","position":1,"name":"In\u00edcio","item":"https:\/\/clam.org.br\/es\/"},{"@type":"ListItem","position":2,"name":"II Coloquio internacional de estudios sobre varones y masculinidades"}]},{"@type":"WebSite","@id":"https:\/\/clam.org.br\/es\/#website","url":"https:\/\/clam.org.br\/es\/","name":"CLAM - ES","description":"S\u00f3 mais um site CLAM - Centro Latino-Americano em Sexualidade e Direitos Humanos sites","potentialAction":[{"@type":"SearchAction","target":{"@type":"EntryPoint","urlTemplate":"https:\/\/clam.org.br\/es\/?s={search_term_string}"},"query-input":{"@type":"PropertyValueSpecification","valueRequired":true,"valueName":"search_term_string"}}],"inLanguage":"es"},{"@type":"Person","@id":"https:\/\/clam.org.br\/es\/#\/schema\/person\/fbd9a86032bf7479f94b0ded196f1010","name":"fw2","image":{"@type":"ImageObject","inLanguage":"es","@id":"https:\/\/clam.org.br\/es\/#\/schema\/person\/image\/","url":"https:\/\/secure.gravatar.com\/avatar\/c38472c0cdbde82d9b6fcc26adb3779d?s=96&d=mm&r=g","contentUrl":"https:\/\/secure.gravatar.com\/avatar\/c38472c0cdbde82d9b6fcc26adb3779d?s=96&d=mm&r=g","caption":"fw2"},"sameAs":["https:\/\/clam.fw2web.com.br"],"url":"https:\/\/clam.org.br\/es\/author\/fw2\/"}]}},"jetpack_featured_media_url":"","jetpack_sharing_enabled":true,"_links":{"self":[{"href":"https:\/\/clam.org.br\/es\/wp-json\/wp\/v2\/posts\/33182","targetHints":{"allow":["GET"]}}],"collection":[{"href":"https:\/\/clam.org.br\/es\/wp-json\/wp\/v2\/posts"}],"about":[{"href":"https:\/\/clam.org.br\/es\/wp-json\/wp\/v2\/types\/post"}],"author":[{"embeddable":true,"href":"https:\/\/clam.org.br\/es\/wp-json\/wp\/v2\/users\/1"}],"replies":[{"embeddable":true,"href":"https:\/\/clam.org.br\/es\/wp-json\/wp\/v2\/comments?post=33182"}],"version-history":[{"count":0,"href":"https:\/\/clam.org.br\/es\/wp-json\/wp\/v2\/posts\/33182\/revisions"}],"wp:attachment":[{"href":"https:\/\/clam.org.br\/es\/wp-json\/wp\/v2\/media?parent=33182"}],"wp:term":[{"taxonomy":"category","embeddable":true,"href":"https:\/\/clam.org.br\/es\/wp-json\/wp\/v2\/categories?post=33182"},{"taxonomy":"post_tag","embeddable":true,"href":"https:\/\/clam.org.br\/es\/wp-json\/wp\/v2\/tags?post=33182"}],"curies":[{"name":"wp","href":"https:\/\/api.w.org\/{rel}","templated":true}]}}