{"id":33186,"date":"2005-08-25T00:00:00","date_gmt":"2005-08-25T03:00:00","guid":{"rendered":"https:\/\/clam.fw2web.com.br\/es\/2005\/08\/25\/por-justicia-y-reparacion-para-las-victimas-de-la-violencia-segundo-aniversario-de-la-entrega-del-informe-final-de-la-comision-de-la-verdad-y-la-reconciliacion\/"},"modified":"2005-08-25T00:00:00","modified_gmt":"2005-08-25T03:00:00","slug":"por-justicia-y-reparacion-para-las-victimas-de-la-violencia-segundo-aniversario-de-la-entrega-del-informe-final-de-la-comision-de-la-verdad-y-la-reconciliacion","status":"publish","type":"post","link":"https:\/\/clam.org.br\/es\/agenda\/por-justicia-y-reparacion-para-las-victimas-de-la-violencia-segundo-aniversario-de-la-entrega-del-informe-final-de-la-comision-de-la-verdad-y-la-reconciliacion\/33186\/","title":{"rendered":"Por justicia y reparaci\u00f3n para las v\u00edctimas de la violencia&#8217; Segundo aniversario de la entrega del Informe Final de la Comisi\u00f3n de la Verdad y la Reconciliaci\u00f3n"},"content":{"rendered":"<p>Viernes 26 de agosto, 6:00 p.m. Av. De la Peruanidad (Campo de Marte), Jes\u00fas Mar\u00eda, Lima<BR> <BR> Organizan: Mesa de concertaci\u00f3n para la lucha contra la pobreza<BR> Defensor\u00eda del pueblo<BR> Movimiento ciudadano &ldquo;para que no se repita&rdquo;<BR> <BR> Eventos asociados:<BR> <BR> <STRONG>Quipu de las mujeres.<BR> <\/STRONG>Jueves 25 de agosto, 7:00 p.m.<BR> Centro de la Mujer Peruana Flora Trist\u00e1n<BR> Parque Hern\u00e1n Velarde N\u00b0 42, Lima 1<BR> Informes: 433-1457\/ 433-2765<BR> <BR> Quipu de la memoria LGBT.<BR> Mi\u00e9rcoles 24 de agosto, 8:00 p.m.<BR> Movimiento Homosexual de Lima<BR> Mariscal Millar 822, Jes\u00fas Mar\u00eda<\/p>\n","protected":false},"excerpt":{"rendered":"<p>Viernes 26 de agosto, 6:00 p.m. Av. De la Peruanidad (Campo de Marte), Jes\u00fas Mar\u00eda, Lima.<\/p>\n","protected":false},"author":1,"featured_media":0,"comment_status":"open","ping_status":"open","sticky":false,"template":"","format":"standard","meta":{"_acf_changed":false,"site-sidebar-layout":"default","site-content-layout":"default","ast-global-header-display":"","ast-main-header-display":"","ast-hfb-above-header-display":"","ast-hfb-below-header-display":"","ast-hfb-mobile-header-display":"","site-post-title":"","ast-breadcrumbs-content":"","ast-featured-img":"","footer-sml-layout":"","theme-transparent-header-meta":"","adv-header-id-meta":"","stick-header-meta":"","header-above-stick-meta":"","header-main-stick-meta":"","header-below-stick-meta":"","_jetpack_memberships_contains_paid_content":false,"footnotes":""},"categories":[28],"tags":[],"class_list":["post-33186","post","type-post","status-publish","format-standard","hentry","category-agenda"],"acf":[],"yoast_head":"<!-- This site is optimized with the Yoast SEO plugin v26.1.1 - https:\/\/yoast.com\/wordpress\/plugins\/seo\/ -->\n<title>Por justicia y reparaci\u00f3n para las v\u00edctimas de la violencia&#039; Segundo aniversario de la entrega del Informe Final de la Comisi\u00f3n de la Verdad y la Reconciliaci\u00f3n - CLAM - ES<\/title>\n<meta name=\"robots\" content=\"index, follow, max-snippet:-1, max-image-preview:large, max-video-preview:-1\" \/>\n<link rel=\"canonical\" href=\"https:\/\/clam.org.br\/es\/agenda\/por-justicia-y-reparacion-para-las-victimas-de-la-violencia-segundo-aniversario-de-la-entrega-del-informe-final-de-la-comision-de-la-verdad-y-la-reconciliacion\/33186\/\" \/>\n<meta property=\"og:locale\" content=\"es_ES\" \/>\n<meta property=\"og:type\" content=\"article\" \/>\n<meta property=\"og:title\" content=\"Por justicia y reparaci\u00f3n para las v\u00edctimas de la violencia&#039; Segundo aniversario de la entrega del Informe Final de la Comisi\u00f3n de la Verdad y la Reconciliaci\u00f3n - CLAM - ES\" \/>\n<meta property=\"og:description\" content=\"Viernes 26 de agosto, 6:00 p.m. Av. De la Peruanidad (Campo de Marte), Jes\u00fas Mar\u00eda, Lima.\" \/>\n<meta property=\"og:url\" content=\"https:\/\/clam.org.br\/es\/agenda\/por-justicia-y-reparacion-para-las-victimas-de-la-violencia-segundo-aniversario-de-la-entrega-del-informe-final-de-la-comision-de-la-verdad-y-la-reconciliacion\/33186\/\" \/>\n<meta property=\"og:site_name\" content=\"CLAM - ES\" \/>\n<meta property=\"article:published_time\" content=\"2005-08-25T03:00:00+00:00\" \/>\n<meta name=\"author\" content=\"fw2\" \/>\n<meta name=\"twitter:card\" content=\"summary_large_image\" \/>\n<meta name=\"twitter:label1\" content=\"Escrito por\" \/>\n\t<meta name=\"twitter:data1\" content=\"fw2\" \/>\n<script type=\"application\/ld+json\" class=\"yoast-schema-graph\">{\"@context\":\"https:\/\/schema.org\",\"@graph\":[{\"@type\":\"WebPage\",\"@id\":\"https:\/\/clam.org.br\/es\/agenda\/por-justicia-y-reparacion-para-las-victimas-de-la-violencia-segundo-aniversario-de-la-entrega-del-informe-final-de-la-comision-de-la-verdad-y-la-reconciliacion\/33186\/\",\"url\":\"https:\/\/clam.org.br\/es\/agenda\/por-justicia-y-reparacion-para-las-victimas-de-la-violencia-segundo-aniversario-de-la-entrega-del-informe-final-de-la-comision-de-la-verdad-y-la-reconciliacion\/33186\/\",\"name\":\"Por justicia y reparaci\u00f3n para las v\u00edctimas de la violencia' Segundo aniversario de la entrega del Informe Final de la Comisi\u00f3n de la Verdad y la Reconciliaci\u00f3n - CLAM - ES\",\"isPartOf\":{\"@id\":\"https:\/\/clam.org.br\/es\/#website\"},\"datePublished\":\"2005-08-25T03:00:00+00:00\",\"author\":{\"@id\":\"https:\/\/clam.org.br\/es\/#\/schema\/person\/fbd9a86032bf7479f94b0ded196f1010\"},\"breadcrumb\":{\"@id\":\"https:\/\/clam.org.br\/es\/agenda\/por-justicia-y-reparacion-para-las-victimas-de-la-violencia-segundo-aniversario-de-la-entrega-del-informe-final-de-la-comision-de-la-verdad-y-la-reconciliacion\/33186\/#breadcrumb\"},\"inLanguage\":\"es\",\"potentialAction\":[{\"@type\":\"ReadAction\",\"target\":[\"https:\/\/clam.org.br\/es\/agenda\/por-justicia-y-reparacion-para-las-victimas-de-la-violencia-segundo-aniversario-de-la-entrega-del-informe-final-de-la-comision-de-la-verdad-y-la-reconciliacion\/33186\/\"]}]},{\"@type\":\"BreadcrumbList\",\"@id\":\"https:\/\/clam.org.br\/es\/agenda\/por-justicia-y-reparacion-para-las-victimas-de-la-violencia-segundo-aniversario-de-la-entrega-del-informe-final-de-la-comision-de-la-verdad-y-la-reconciliacion\/33186\/#breadcrumb\",\"itemListElement\":[{\"@type\":\"ListItem\",\"position\":1,\"name\":\"In\u00edcio\",\"item\":\"https:\/\/clam.org.br\/es\/\"},{\"@type\":\"ListItem\",\"position\":2,\"name\":\"Por justicia y reparaci\u00f3n para las v\u00edctimas de la violencia&#8217; Segundo aniversario de la entrega del Informe Final de la Comisi\u00f3n de la Verdad y la Reconciliaci\u00f3n\"}]},{\"@type\":\"WebSite\",\"@id\":\"https:\/\/clam.org.br\/es\/#website\",\"url\":\"https:\/\/clam.org.br\/es\/\",\"name\":\"CLAM - ES\",\"description\":\"S\u00f3 mais um site CLAM - Centro Latino-Americano em Sexualidade e Direitos Humanos sites\",\"potentialAction\":[{\"@type\":\"SearchAction\",\"target\":{\"@type\":\"EntryPoint\",\"urlTemplate\":\"https:\/\/clam.org.br\/es\/?s={search_term_string}\"},\"query-input\":{\"@type\":\"PropertyValueSpecification\",\"valueRequired\":true,\"valueName\":\"search_term_string\"}}],\"inLanguage\":\"es\"},{\"@type\":\"Person\",\"@id\":\"https:\/\/clam.org.br\/es\/#\/schema\/person\/fbd9a86032bf7479f94b0ded196f1010\",\"name\":\"fw2\",\"image\":{\"@type\":\"ImageObject\",\"inLanguage\":\"es\",\"@id\":\"https:\/\/clam.org.br\/es\/#\/schema\/person\/image\/\",\"url\":\"https:\/\/secure.gravatar.com\/avatar\/c38472c0cdbde82d9b6fcc26adb3779d?s=96&d=mm&r=g\",\"contentUrl\":\"https:\/\/secure.gravatar.com\/avatar\/c38472c0cdbde82d9b6fcc26adb3779d?s=96&d=mm&r=g\",\"caption\":\"fw2\"},\"sameAs\":[\"https:\/\/clam.fw2web.com.br\"],\"url\":\"https:\/\/clam.org.br\/es\/author\/fw2\/\"}]}<\/script>\n<!-- \/ Yoast SEO plugin. -->","yoast_head_json":{"title":"Por justicia y reparaci\u00f3n para las v\u00edctimas de la violencia' Segundo aniversario de la entrega del Informe Final de la Comisi\u00f3n de la Verdad y la Reconciliaci\u00f3n - CLAM - ES","robots":{"index":"index","follow":"follow","max-snippet":"max-snippet:-1","max-image-preview":"max-image-preview:large","max-video-preview":"max-video-preview:-1"},"canonical":"https:\/\/clam.org.br\/es\/agenda\/por-justicia-y-reparacion-para-las-victimas-de-la-violencia-segundo-aniversario-de-la-entrega-del-informe-final-de-la-comision-de-la-verdad-y-la-reconciliacion\/33186\/","og_locale":"es_ES","og_type":"article","og_title":"Por justicia y reparaci\u00f3n para las v\u00edctimas de la violencia' Segundo aniversario de la entrega del Informe Final de la Comisi\u00f3n de la Verdad y la Reconciliaci\u00f3n - CLAM - ES","og_description":"Viernes 26 de agosto, 6:00 p.m. Av. De la Peruanidad (Campo de Marte), Jes\u00fas Mar\u00eda, Lima.","og_url":"https:\/\/clam.org.br\/es\/agenda\/por-justicia-y-reparacion-para-las-victimas-de-la-violencia-segundo-aniversario-de-la-entrega-del-informe-final-de-la-comision-de-la-verdad-y-la-reconciliacion\/33186\/","og_site_name":"CLAM - ES","article_published_time":"2005-08-25T03:00:00+00:00","author":"fw2","twitter_card":"summary_large_image","twitter_misc":{"Escrito por":"fw2"},"schema":{"@context":"https:\/\/schema.org","@graph":[{"@type":"WebPage","@id":"https:\/\/clam.org.br\/es\/agenda\/por-justicia-y-reparacion-para-las-victimas-de-la-violencia-segundo-aniversario-de-la-entrega-del-informe-final-de-la-comision-de-la-verdad-y-la-reconciliacion\/33186\/","url":"https:\/\/clam.org.br\/es\/agenda\/por-justicia-y-reparacion-para-las-victimas-de-la-violencia-segundo-aniversario-de-la-entrega-del-informe-final-de-la-comision-de-la-verdad-y-la-reconciliacion\/33186\/","name":"Por justicia y reparaci\u00f3n para las v\u00edctimas de la violencia' Segundo aniversario de la entrega del Informe Final de la Comisi\u00f3n de la Verdad y la Reconciliaci\u00f3n - CLAM - ES","isPartOf":{"@id":"https:\/\/clam.org.br\/es\/#website"},"datePublished":"2005-08-25T03:00:00+00:00","author":{"@id":"https:\/\/clam.org.br\/es\/#\/schema\/person\/fbd9a86032bf7479f94b0ded196f1010"},"breadcrumb":{"@id":"https:\/\/clam.org.br\/es\/agenda\/por-justicia-y-reparacion-para-las-victimas-de-la-violencia-segundo-aniversario-de-la-entrega-del-informe-final-de-la-comision-de-la-verdad-y-la-reconciliacion\/33186\/#breadcrumb"},"inLanguage":"es","potentialAction":[{"@type":"ReadAction","target":["https:\/\/clam.org.br\/es\/agenda\/por-justicia-y-reparacion-para-las-victimas-de-la-violencia-segundo-aniversario-de-la-entrega-del-informe-final-de-la-comision-de-la-verdad-y-la-reconciliacion\/33186\/"]}]},{"@type":"BreadcrumbList","@id":"https:\/\/clam.org.br\/es\/agenda\/por-justicia-y-reparacion-para-las-victimas-de-la-violencia-segundo-aniversario-de-la-entrega-del-informe-final-de-la-comision-de-la-verdad-y-la-reconciliacion\/33186\/#breadcrumb","itemListElement":[{"@type":"ListItem","position":1,"name":"In\u00edcio","item":"https:\/\/clam.org.br\/es\/"},{"@type":"ListItem","position":2,"name":"Por justicia y reparaci\u00f3n para las v\u00edctimas de la violencia&#8217; Segundo aniversario de la entrega del Informe Final de la Comisi\u00f3n de la Verdad y la Reconciliaci\u00f3n"}]},{"@type":"WebSite","@id":"https:\/\/clam.org.br\/es\/#website","url":"https:\/\/clam.org.br\/es\/","name":"CLAM - ES","description":"S\u00f3 mais um site CLAM - Centro Latino-Americano em Sexualidade e Direitos Humanos sites","potentialAction":[{"@type":"SearchAction","target":{"@type":"EntryPoint","urlTemplate":"https:\/\/clam.org.br\/es\/?s={search_term_string}"},"query-input":{"@type":"PropertyValueSpecification","valueRequired":true,"valueName":"search_term_string"}}],"inLanguage":"es"},{"@type":"Person","@id":"https:\/\/clam.org.br\/es\/#\/schema\/person\/fbd9a86032bf7479f94b0ded196f1010","name":"fw2","image":{"@type":"ImageObject","inLanguage":"es","@id":"https:\/\/clam.org.br\/es\/#\/schema\/person\/image\/","url":"https:\/\/secure.gravatar.com\/avatar\/c38472c0cdbde82d9b6fcc26adb3779d?s=96&d=mm&r=g","contentUrl":"https:\/\/secure.gravatar.com\/avatar\/c38472c0cdbde82d9b6fcc26adb3779d?s=96&d=mm&r=g","caption":"fw2"},"sameAs":["https:\/\/clam.fw2web.com.br"],"url":"https:\/\/clam.org.br\/es\/author\/fw2\/"}]}},"jetpack_featured_media_url":"","jetpack_sharing_enabled":true,"_links":{"self":[{"href":"https:\/\/clam.org.br\/es\/wp-json\/wp\/v2\/posts\/33186","targetHints":{"allow":["GET"]}}],"collection":[{"href":"https:\/\/clam.org.br\/es\/wp-json\/wp\/v2\/posts"}],"about":[{"href":"https:\/\/clam.org.br\/es\/wp-json\/wp\/v2\/types\/post"}],"author":[{"embeddable":true,"href":"https:\/\/clam.org.br\/es\/wp-json\/wp\/v2\/users\/1"}],"replies":[{"embeddable":true,"href":"https:\/\/clam.org.br\/es\/wp-json\/wp\/v2\/comments?post=33186"}],"version-history":[{"count":0,"href":"https:\/\/clam.org.br\/es\/wp-json\/wp\/v2\/posts\/33186\/revisions"}],"wp:attachment":[{"href":"https:\/\/clam.org.br\/es\/wp-json\/wp\/v2\/media?parent=33186"}],"wp:term":[{"taxonomy":"category","embeddable":true,"href":"https:\/\/clam.org.br\/es\/wp-json\/wp\/v2\/categories?post=33186"},{"taxonomy":"post_tag","embeddable":true,"href":"https:\/\/clam.org.br\/es\/wp-json\/wp\/v2\/tags?post=33186"}],"curies":[{"name":"wp","href":"https:\/\/api.w.org\/{rel}","templated":true}]}}