{"id":33241,"date":"2005-10-20T00:00:00","date_gmt":"2005-10-20T02:00:00","guid":{"rendered":"https:\/\/clam.fw2web.com.br\/es\/2005\/10\/20\/seminario-internacional-si-hablamos-de-derechos-hablemos-de-aborto\/"},"modified":"2005-10-20T00:00:00","modified_gmt":"2005-10-20T02:00:00","slug":"seminario-internacional-si-hablamos-de-derechos-hablemos-de-aborto","status":"publish","type":"post","link":"https:\/\/clam.org.br\/es\/agenda\/seminario-internacional-si-hablamos-de-derechos-hablemos-de-aborto\/33241\/","title":{"rendered":"Seminario Internacional: &#8216;Si Hablamos de Derechos, Hablemos de Aborto&#8217;"},"content":{"rendered":"<p><P class=MsoNormal style=\"MARGIN: 0cm 0cm 0pt\"><SPAN style=\"FONT-SIZE: 10pt; FONT-FAMILY: Verdana\">27 de Octubre de 2005, de 9:00 a 19:00 hrs<?xml:namespace prefix = o ns = \"urn:schemas-microsoft-com:office:office\" \/><o_p><\/o_p><\/SPAN><\/P> <P class=MsoNormal style=\"MARGIN: 0cm 0cm 0pt\"><SPAN style=\"FONT-SIZE: 10pt; FONT-FAMILY: Verdana\">Centro de Congresos ubicado en Ricardo Lyon&nbsp; #1933, Providencia<o_p><\/o_p><\/SPAN><\/P> <P class=MsoNormal style=\"MARGIN: 0cm 0cm 0pt\"><SPAN style=\"FONT-SIZE: 10pt; FONT-FAMILY: Verdana\">Organiza El Foro Red de Salud y Derechos Sexuales y Reproductivos &#8211; Chile A. G<BR> <BR> El objetivo principal de esta iniciativa es abrir y generar debate como un ejercicio democr\u00e1tico,&nbsp; para la generaci\u00f3n de un nuevo marco jur\u00eddico que permita despenalizar el aborto en Chile, y que a la vez se establezcan protocolos de atenci\u00f3n humanizada para mujeres que han interrumpido sus embarazos en condiciones de riesgo.<BR> Hemos convocamos a representantes de la sociedad civil, movimiento de mujeres, el Estado y&nbsp; profesionales del \u00e1rea de la salud y las ciencias sociales.<BR> <BR> Fecha: 27 de Octubre de 2005, de 9:00 a 19:00 hrs<BR> Lugar: Centro de Congresos ubicado en Ricardo Lyon&nbsp; #1933, Providencia,&nbsp;Santiago.<BR> El evento no tiene costo.<BR> <BR> Para mayor informaci\u00f3n o confirmar su asistencia puede escribir a<BR> <\/SPAN><SPAN style=\"FONT-SIZE: 10pt; FONT-FAMILY: Verdana; mso-bidi-font-family: Arial\"><A href=\"\"><SPAN style=\"mso-bidi-font-family: 'Times New Roman'\">forosalud@forosalud.cl<\/SPAN><\/A><\/SPAN><SPAN style=\"FONT-SIZE: 10pt; FONT-FAMILY: Verdana\">, o llamar a: (02) 732 &#8211; 90 &#8211; 94 \u00f3 al (02) 732 &#8211; 29 &#8211; 69.<o_p><\/o_p><\/SPAN><\/P><\/p>\n","protected":false},"excerpt":{"rendered":"<p>27 de Octubre de 2005, de 9:00 a 19:00 hrs. Centro de Congresos ubicado en Ricardo Lyon #1933, Providencia. Organiza El Foro Red de Salud y Derechos Sexuales y Reproductivos &#8211; Chile A. G.<\/p>\n","protected":false},"author":1,"featured_media":0,"comment_status":"open","ping_status":"open","sticky":false,"template":"","format":"standard","meta":{"_acf_changed":false,"site-sidebar-layout":"default","site-content-layout":"default","ast-global-header-display":"","ast-main-header-display":"","ast-hfb-above-header-display":"","ast-hfb-below-header-display":"","ast-hfb-mobile-header-display":"","site-post-title":"","ast-breadcrumbs-content":"","ast-featured-img":"","footer-sml-layout":"","theme-transparent-header-meta":"","adv-header-id-meta":"","stick-header-meta":"","header-above-stick-meta":"","header-main-stick-meta":"","header-below-stick-meta":"","_jetpack_memberships_contains_paid_content":false,"footnotes":""},"categories":[28],"tags":[],"class_list":["post-33241","post","type-post","status-publish","format-standard","hentry","category-agenda"],"acf":[],"yoast_head":"<!-- This site is optimized with the Yoast SEO plugin v26.1.1 - https:\/\/yoast.com\/wordpress\/plugins\/seo\/ -->\n<title>Seminario Internacional: &#039;Si Hablamos de Derechos, Hablemos de Aborto&#039; - CLAM - ES<\/title>\n<meta name=\"robots\" content=\"index, follow, max-snippet:-1, max-image-preview:large, max-video-preview:-1\" \/>\n<link rel=\"canonical\" href=\"https:\/\/clam.org.br\/es\/agenda\/seminario-internacional-si-hablamos-de-derechos-hablemos-de-aborto\/33241\/\" \/>\n<meta property=\"og:locale\" content=\"es_ES\" \/>\n<meta property=\"og:type\" content=\"article\" \/>\n<meta property=\"og:title\" content=\"Seminario Internacional: &#039;Si Hablamos de Derechos, Hablemos de Aborto&#039; - CLAM - ES\" \/>\n<meta property=\"og:description\" content=\"27 de Octubre de 2005, de 9:00 a 19:00 hrs. Centro de Congresos ubicado en Ricardo Lyon #1933, Providencia. Organiza El Foro Red de Salud y Derechos Sexuales y Reproductivos - Chile A. G.\" \/>\n<meta property=\"og:url\" content=\"https:\/\/clam.org.br\/es\/agenda\/seminario-internacional-si-hablamos-de-derechos-hablemos-de-aborto\/33241\/\" \/>\n<meta property=\"og:site_name\" content=\"CLAM - ES\" \/>\n<meta property=\"article:published_time\" content=\"2005-10-20T02:00:00+00:00\" \/>\n<meta name=\"author\" content=\"fw2\" \/>\n<meta name=\"twitter:card\" content=\"summary_large_image\" \/>\n<meta name=\"twitter:label1\" content=\"Escrito por\" \/>\n\t<meta name=\"twitter:data1\" content=\"fw2\" \/>\n\t<meta name=\"twitter:label2\" content=\"Tiempo de lectura\" \/>\n\t<meta name=\"twitter:data2\" content=\"1 minuto\" \/>\n<script type=\"application\/ld+json\" class=\"yoast-schema-graph\">{\"@context\":\"https:\/\/schema.org\",\"@graph\":[{\"@type\":\"WebPage\",\"@id\":\"https:\/\/clam.org.br\/es\/agenda\/seminario-internacional-si-hablamos-de-derechos-hablemos-de-aborto\/33241\/\",\"url\":\"https:\/\/clam.org.br\/es\/agenda\/seminario-internacional-si-hablamos-de-derechos-hablemos-de-aborto\/33241\/\",\"name\":\"Seminario Internacional: 'Si Hablamos de Derechos, Hablemos de Aborto' - CLAM - ES\",\"isPartOf\":{\"@id\":\"https:\/\/clam.org.br\/es\/#website\"},\"datePublished\":\"2005-10-20T02:00:00+00:00\",\"author\":{\"@id\":\"https:\/\/clam.org.br\/es\/#\/schema\/person\/fbd9a86032bf7479f94b0ded196f1010\"},\"breadcrumb\":{\"@id\":\"https:\/\/clam.org.br\/es\/agenda\/seminario-internacional-si-hablamos-de-derechos-hablemos-de-aborto\/33241\/#breadcrumb\"},\"inLanguage\":\"es\",\"potentialAction\":[{\"@type\":\"ReadAction\",\"target\":[\"https:\/\/clam.org.br\/es\/agenda\/seminario-internacional-si-hablamos-de-derechos-hablemos-de-aborto\/33241\/\"]}]},{\"@type\":\"BreadcrumbList\",\"@id\":\"https:\/\/clam.org.br\/es\/agenda\/seminario-internacional-si-hablamos-de-derechos-hablemos-de-aborto\/33241\/#breadcrumb\",\"itemListElement\":[{\"@type\":\"ListItem\",\"position\":1,\"name\":\"In\u00edcio\",\"item\":\"https:\/\/clam.org.br\/es\/\"},{\"@type\":\"ListItem\",\"position\":2,\"name\":\"Seminario Internacional: &#8216;Si Hablamos de Derechos, Hablemos de Aborto&#8217;\"}]},{\"@type\":\"WebSite\",\"@id\":\"https:\/\/clam.org.br\/es\/#website\",\"url\":\"https:\/\/clam.org.br\/es\/\",\"name\":\"CLAM - ES\",\"description\":\"S\u00f3 mais um site CLAM - Centro Latino-Americano em Sexualidade e Direitos Humanos sites\",\"potentialAction\":[{\"@type\":\"SearchAction\",\"target\":{\"@type\":\"EntryPoint\",\"urlTemplate\":\"https:\/\/clam.org.br\/es\/?s={search_term_string}\"},\"query-input\":{\"@type\":\"PropertyValueSpecification\",\"valueRequired\":true,\"valueName\":\"search_term_string\"}}],\"inLanguage\":\"es\"},{\"@type\":\"Person\",\"@id\":\"https:\/\/clam.org.br\/es\/#\/schema\/person\/fbd9a86032bf7479f94b0ded196f1010\",\"name\":\"fw2\",\"image\":{\"@type\":\"ImageObject\",\"inLanguage\":\"es\",\"@id\":\"https:\/\/clam.org.br\/es\/#\/schema\/person\/image\/\",\"url\":\"https:\/\/secure.gravatar.com\/avatar\/c38472c0cdbde82d9b6fcc26adb3779d?s=96&d=mm&r=g\",\"contentUrl\":\"https:\/\/secure.gravatar.com\/avatar\/c38472c0cdbde82d9b6fcc26adb3779d?s=96&d=mm&r=g\",\"caption\":\"fw2\"},\"sameAs\":[\"https:\/\/clam.fw2web.com.br\"],\"url\":\"https:\/\/clam.org.br\/es\/author\/fw2\/\"}]}<\/script>\n<!-- \/ Yoast SEO plugin. -->","yoast_head_json":{"title":"Seminario Internacional: 'Si Hablamos de Derechos, Hablemos de Aborto' - CLAM - ES","robots":{"index":"index","follow":"follow","max-snippet":"max-snippet:-1","max-image-preview":"max-image-preview:large","max-video-preview":"max-video-preview:-1"},"canonical":"https:\/\/clam.org.br\/es\/agenda\/seminario-internacional-si-hablamos-de-derechos-hablemos-de-aborto\/33241\/","og_locale":"es_ES","og_type":"article","og_title":"Seminario Internacional: 'Si Hablamos de Derechos, Hablemos de Aborto' - CLAM - ES","og_description":"27 de Octubre de 2005, de 9:00 a 19:00 hrs. Centro de Congresos ubicado en Ricardo Lyon #1933, Providencia. Organiza El Foro Red de Salud y Derechos Sexuales y Reproductivos - Chile A. G.","og_url":"https:\/\/clam.org.br\/es\/agenda\/seminario-internacional-si-hablamos-de-derechos-hablemos-de-aborto\/33241\/","og_site_name":"CLAM - ES","article_published_time":"2005-10-20T02:00:00+00:00","author":"fw2","twitter_card":"summary_large_image","twitter_misc":{"Escrito por":"fw2","Tiempo de lectura":"1 minuto"},"schema":{"@context":"https:\/\/schema.org","@graph":[{"@type":"WebPage","@id":"https:\/\/clam.org.br\/es\/agenda\/seminario-internacional-si-hablamos-de-derechos-hablemos-de-aborto\/33241\/","url":"https:\/\/clam.org.br\/es\/agenda\/seminario-internacional-si-hablamos-de-derechos-hablemos-de-aborto\/33241\/","name":"Seminario Internacional: 'Si Hablamos de Derechos, Hablemos de Aborto' - CLAM - ES","isPartOf":{"@id":"https:\/\/clam.org.br\/es\/#website"},"datePublished":"2005-10-20T02:00:00+00:00","author":{"@id":"https:\/\/clam.org.br\/es\/#\/schema\/person\/fbd9a86032bf7479f94b0ded196f1010"},"breadcrumb":{"@id":"https:\/\/clam.org.br\/es\/agenda\/seminario-internacional-si-hablamos-de-derechos-hablemos-de-aborto\/33241\/#breadcrumb"},"inLanguage":"es","potentialAction":[{"@type":"ReadAction","target":["https:\/\/clam.org.br\/es\/agenda\/seminario-internacional-si-hablamos-de-derechos-hablemos-de-aborto\/33241\/"]}]},{"@type":"BreadcrumbList","@id":"https:\/\/clam.org.br\/es\/agenda\/seminario-internacional-si-hablamos-de-derechos-hablemos-de-aborto\/33241\/#breadcrumb","itemListElement":[{"@type":"ListItem","position":1,"name":"In\u00edcio","item":"https:\/\/clam.org.br\/es\/"},{"@type":"ListItem","position":2,"name":"Seminario Internacional: &#8216;Si Hablamos de Derechos, Hablemos de Aborto&#8217;"}]},{"@type":"WebSite","@id":"https:\/\/clam.org.br\/es\/#website","url":"https:\/\/clam.org.br\/es\/","name":"CLAM - ES","description":"S\u00f3 mais um site CLAM - Centro Latino-Americano em Sexualidade e Direitos Humanos sites","potentialAction":[{"@type":"SearchAction","target":{"@type":"EntryPoint","urlTemplate":"https:\/\/clam.org.br\/es\/?s={search_term_string}"},"query-input":{"@type":"PropertyValueSpecification","valueRequired":true,"valueName":"search_term_string"}}],"inLanguage":"es"},{"@type":"Person","@id":"https:\/\/clam.org.br\/es\/#\/schema\/person\/fbd9a86032bf7479f94b0ded196f1010","name":"fw2","image":{"@type":"ImageObject","inLanguage":"es","@id":"https:\/\/clam.org.br\/es\/#\/schema\/person\/image\/","url":"https:\/\/secure.gravatar.com\/avatar\/c38472c0cdbde82d9b6fcc26adb3779d?s=96&d=mm&r=g","contentUrl":"https:\/\/secure.gravatar.com\/avatar\/c38472c0cdbde82d9b6fcc26adb3779d?s=96&d=mm&r=g","caption":"fw2"},"sameAs":["https:\/\/clam.fw2web.com.br"],"url":"https:\/\/clam.org.br\/es\/author\/fw2\/"}]}},"jetpack_featured_media_url":"","jetpack_sharing_enabled":true,"_links":{"self":[{"href":"https:\/\/clam.org.br\/es\/wp-json\/wp\/v2\/posts\/33241","targetHints":{"allow":["GET"]}}],"collection":[{"href":"https:\/\/clam.org.br\/es\/wp-json\/wp\/v2\/posts"}],"about":[{"href":"https:\/\/clam.org.br\/es\/wp-json\/wp\/v2\/types\/post"}],"author":[{"embeddable":true,"href":"https:\/\/clam.org.br\/es\/wp-json\/wp\/v2\/users\/1"}],"replies":[{"embeddable":true,"href":"https:\/\/clam.org.br\/es\/wp-json\/wp\/v2\/comments?post=33241"}],"version-history":[{"count":0,"href":"https:\/\/clam.org.br\/es\/wp-json\/wp\/v2\/posts\/33241\/revisions"}],"wp:attachment":[{"href":"https:\/\/clam.org.br\/es\/wp-json\/wp\/v2\/media?parent=33241"}],"wp:term":[{"taxonomy":"category","embeddable":true,"href":"https:\/\/clam.org.br\/es\/wp-json\/wp\/v2\/categories?post=33241"},{"taxonomy":"post_tag","embeddable":true,"href":"https:\/\/clam.org.br\/es\/wp-json\/wp\/v2\/tags?post=33241"}],"curies":[{"name":"wp","href":"https:\/\/api.w.org\/{rel}","templated":true}]}}