{"id":33254,"date":"2005-11-17T00:00:00","date_gmt":"2005-11-17T02:00:00","guid":{"rendered":"https:\/\/clam.fw2web.com.br\/es\/2005\/11\/17\/vi-jornada-interdisciplinaria-violencia-contra-las-mujeres\/"},"modified":"2005-11-17T00:00:00","modified_gmt":"2005-11-17T02:00:00","slug":"vi-jornada-interdisciplinaria-violencia-contra-las-mujeres","status":"publish","type":"post","link":"https:\/\/clam.org.br\/es\/agenda\/vi-jornada-interdisciplinaria-violencia-contra-las-mujeres\/33254\/","title":{"rendered":"VI Jornada Interdisciplinaria &#8216;Violencia contra las mujeres&#8217;"},"content":{"rendered":"<p><P class=MsoNormal style=\"MARGIN: 0cm 0cm 0pt; mso-margin-top-alt: auto; mso-margin-bottom-alt: auto\"><SPAN lang=ES style=\"FONT-SIZE: 10pt; FONT-FAMILY: Verdana\">El martes 22 de noviembre en el horario de 9 a 13 hs. tendr\u00e1 lugar la VI Jornada Interdisciplinaria \u00abViolencia contra las mujeres\u00bb, distintos enfoques: salud, trabajo, educaci\u00f3n, ind\u00edgenas, ONGs, pol\u00edticas p\u00fablicas, legislaci\u00f3n.<\/SPAN><SPAN lang=ES style=\"FONT-SIZE: 10pt; FONT-FAMILY: Verdana; mso-bidi-font-family: 'Arial Unicode MS'\"><?xml:namespace prefix = o ns = \"urn:schemas-microsoft-com:office:office\" \/><o_p><\/o_p><\/SPAN><\/P> <P class=MsoNormal style=\"MARGIN: 0cm 0cm 0pt; mso-margin-top-alt: auto; mso-margin-bottom-alt: auto\"><SPAN lang=ES style=\"FONT-SIZE: 10pt; FONT-FAMILY: Verdana\">Disertantes:<\/SPAN><SPAN lang=ES style=\"FONT-SIZE: 10pt; FONT-FAMILY: Verdana; mso-bidi-font-family: 'Arial Unicode MS'\"><o_p><\/o_p><\/SPAN><\/P> <P class=MsoNormal style=\"MARGIN: 0cm 0cm 0pt; mso-margin-top-alt: auto; mso-margin-bottom-alt: auto\"><SPAN lang=ES style=\"FONT-SIZE: 10pt; FONT-FAMILY: Verdana\">Dra. Mar\u00eda Elena Barbagelata, Diputada de la Naci\u00f3n<\/SPAN><SPAN lang=ES style=\"FONT-SIZE: 10pt; FONT-FAMILY: Verdana; mso-bidi-font-family: 'Arial Unicode MS'\"><o_p><\/o_p><\/SPAN><\/P> <P class=MsoNormal style=\"MARGIN: 0cm 0cm 0pt; mso-margin-top-alt: auto; mso-margin-bottom-alt: auto\"><SPAN lang=ES style=\"FONT-SIZE: 10pt; FONT-FAMILY: Verdana\">Dra. Diana Galimberti, salud, <\/SPAN><SPAN lang=ES style=\"FONT-SIZE: 10pt; FONT-FAMILY: Verdana; mso-bidi-font-family: 'Arial Unicode MS'\"><o_p><\/o_p><\/SPAN><\/P> <P class=MsoNormal style=\"MARGIN: 0cm 0cm 0pt; mso-margin-top-alt: auto; mso-margin-bottom-alt: auto\"><SPAN lang=ES style=\"FONT-SIZE: 10pt; FONT-FAMILY: Verdana\">Lic. Graciela Morgade, educaci\u00f3n<\/SPAN><SPAN lang=ES style=\"FONT-SIZE: 10pt; FONT-FAMILY: Verdana; mso-bidi-font-family: 'Arial Unicode MS'\"><o_p><\/o_p><\/SPAN><\/P> <P class=MsoNormal style=\"MARGIN: 0cm 0cm 0pt; mso-margin-top-alt: auto; mso-margin-bottom-alt: auto\"><SPAN lang=ES style=\"FONT-SIZE: 10pt; FONT-FAMILY: Verdana\">Prof. Mar\u00eda Elena Naddeo, explotaci\u00f3n sexual y abuso <\/SPAN><SPAN lang=ES style=\"FONT-SIZE: 10pt; FONT-FAMILY: Verdana; mso-bidi-font-family: 'Arial Unicode MS'\"><o_p><\/o_p><\/SPAN><\/P> <P class=MsoNormal style=\"MARGIN: 0cm 0cm 0pt; mso-margin-top-alt: auto; mso-margin-bottom-alt: auto\"><SPAN lang=ES style=\"FONT-SIZE: 10pt; FONT-FAMILY: Verdana\">Lic. Olga Hammar, violencia laboral <\/SPAN><SPAN lang=ES style=\"FONT-SIZE: 10pt; FONT-FAMILY: Verdana; mso-bidi-font-family: 'Arial Unicode MS'\"><o_p><\/o_p><\/SPAN><\/P> <P class=MsoNormal style=\"MARGIN: 0cm 0cm 0pt; mso-margin-top-alt: auto; mso-margin-bottom-alt: auto\"><SPAN lang=ES style=\"FONT-SIZE: 10pt; FONT-FAMILY: Verdana\">Sra. Juana Guigou Bonjour, violencia intrafamiliar<\/SPAN><SPAN lang=ES style=\"FONT-SIZE: 10pt; FONT-FAMILY: Verdana; mso-bidi-font-family: 'Arial Unicode MS'\"><o_p><\/o_p><\/SPAN><\/P> <P class=MsoNormal style=\"MARGIN: 0cm 0cm 0pt; mso-margin-top-alt: auto; mso-margin-bottom-alt: auto\"><SPAN lang=ES style=\"FONT-SIZE: 10pt; FONT-FAMILY: Verdana\">Dra. Marcela Jaramillo, violencia hacia mujeres ind\u00edgenas<\/SPAN><SPAN lang=ES style=\"FONT-SIZE: 10pt; FONT-FAMILY: Verdana; mso-bidi-font-family: 'Arial Unicode MS'\"><o_p><\/o_p><\/SPAN><\/P> <P class=MsoNormal style=\"MARGIN: 0cm 0cm 0pt; mso-margin-top-alt: auto; mso-margin-bottom-alt: auto\"><SPAN lang=ES style=\"FONT-SIZE: 10pt; FONT-FAMILY: Verdana\">Dr. Fernando Molinas, caso Tejerina<\/SPAN><SPAN lang=ES style=\"FONT-SIZE: 10pt; FONT-FAMILY: Verdana; mso-bidi-font-family: 'Arial Unicode MS'\"><o_p><\/o_p><\/SPAN><\/P> <P class=MsoNormal style=\"MARGIN: 0cm 0cm 0pt; mso-margin-top-alt: auto; mso-margin-bottom-alt: auto\"><SPAN lang=ES style=\"FONT-SIZE: 10pt; FONT-FAMILY: Verdana\">Dra. Mar\u00eda del Carmen Tucci, Asistencia a las V\u00edctimas de Delitos Sexuales<\/SPAN><SPAN lang=ES style=\"FONT-SIZE: 10pt; FONT-FAMILY: Verdana; mso-bidi-font-family: 'Arial Unicode MS'\"><o_p><\/o_p><\/SPAN><\/P> <P class=MsoNormal style=\"MARGIN: 0cm 0cm 0pt; mso-margin-top-alt: auto; mso-margin-bottom-alt: auto\"><SPAN lang=ES style=\"FONT-SIZE: 10pt; FONT-FAMILY: Verdana\">Sra. Julia Martino, Trata de personas.<\/SPAN><SPAN lang=ES style=\"FONT-SIZE: 10pt; FONT-FAMILY: Verdana; mso-bidi-font-family: 'Arial Unicode MS'\"><o_p><\/o_p><\/SPAN><\/P> <P class=MsoNormal style=\"MARGIN: 0cm 0cm 0pt; mso-margin-top-alt: auto; mso-margin-bottom-alt: auto\"><SPAN lang=ES style=\"FONT-SIZE: 10pt; FONT-FAMILY: Verdana\">&nbsp;<\/SPAN><SPAN lang=ES style=\"FONT-SIZE: 10pt; FONT-FAMILY: Verdana; mso-bidi-font-family: 'Arial Unicode MS'\"><o_p><\/o_p><\/SPAN><\/P> <P class=MsoNormal style=\"MARGIN: 0cm 0cm 0pt; mso-margin-top-alt: auto; mso-margin-bottom-alt: auto\"><SPAN lang=ES style=\"FONT-SIZE: 10pt; FONT-FAMILY: Verdana\">Moderadores:<\/SPAN><SPAN lang=ES style=\"FONT-SIZE: 10pt; FONT-FAMILY: Verdana; mso-bidi-font-family: 'Arial Unicode MS'\"><o_p><\/o_p><\/SPAN><\/P> <P class=MsoNormal style=\"MARGIN: 0cm 0cm 0pt; mso-margin-top-alt: auto; mso-margin-bottom-alt: auto\"><SPAN lang=ES style=\"FONT-SIZE: 10pt; FONT-FAMILY: Verdana\">Lic. Clori Yelicic y Dr. Carlos Cruz <\/SPAN><SPAN lang=ES style=\"FONT-SIZE: 10pt; FONT-FAMILY: Verdana; mso-bidi-font-family: 'Arial Unicode MS'\"><o_p><\/o_p><\/SPAN><\/P> <P class=MsoNormal style=\"MARGIN: 0cm 0cm 0pt; mso-margin-top-alt: auto; mso-margin-bottom-alt: auto\"><SPAN lang=ES style=\"FONT-SIZE: 10pt; FONT-FAMILY: Verdana\"><o_p>&nbsp;<\/o_p><\/SPAN><\/P> <P class=MsoNormal style=\"MARGIN: 0cm 0cm 0pt; mso-margin-top-alt: auto; mso-margin-bottom-alt: auto\"><SPAN lang=ES style=\"FONT-SIZE: 10pt; FONT-FAMILY: Verdana\">Martes 22 de Noviembre, 9 a 13 hs.<\/SPAN><SPAN lang=ES style=\"FONT-SIZE: 10pt; FONT-FAMILY: Verdana; mso-bidi-font-family: 'Arial Unicode MS'\"><o_p><\/o_p><\/SPAN><\/P> <P class=MsoNormal style=\"MARGIN: 0cm 0cm 0pt; mso-margin-top-alt: auto; mso-margin-bottom-alt: auto\"><SPAN lang=ES style=\"FONT-SIZE: 10pt; FONT-FAMILY: Verdana\">C\u00e1mara de Diputados de la Naci\u00f3n<\/SPAN><SPAN lang=ES style=\"FONT-SIZE: 10pt; FONT-FAMILY: Verdana; mso-bidi-font-family: 'Arial Unicode MS'\"><o_p><\/o_p><\/SPAN><\/P> <P class=MsoNormal style=\"MARGIN: 0cm 0cm 0pt; mso-margin-top-alt: auto; mso-margin-bottom-alt: auto\"><SPAN lang=ES style=\"FONT-SIZE: 10pt; FONT-FAMILY: Verdana\">Sal\u00f3n Auditorio<\/SPAN><SPAN lang=ES style=\"FONT-SIZE: 10pt; FONT-FAMILY: Verdana; mso-bidi-font-family: 'Arial Unicode MS'\"><o_p><\/o_p><\/SPAN><\/P> <P class=MsoNormal style=\"MARGIN: 0cm 0cm 0pt; mso-margin-top-alt: auto; mso-margin-bottom-alt: auto\"><SPAN lang=ES style=\"FONT-SIZE: 10pt; FONT-FAMILY: Verdana\">Riobamba 25 Subsuelo<\/SPAN><SPAN lang=ES style=\"FONT-SIZE: 10pt; FONT-FAMILY: Verdana; mso-bidi-font-family: 'Arial Unicode MS'\"><o_p><\/o_p><\/SPAN><\/P> <P class=MsoNormal style=\"MARGIN: 0cm 0cm 0pt; mso-margin-top-alt: auto; mso-margin-bottom-alt: auto\"><SPAN lang=ES style=\"FONT-SIZE: 10pt; FONT-FAMILY: Verdana\">Ciudad de Buenos Aires<\/SPAN><SPAN lang=ES style=\"FONT-SIZE: 10pt; FONT-FAMILY: Verdana; mso-bidi-font-family: 'Arial Unicode MS'\"><o_p><\/o_p><\/SPAN><\/P><\/p>\n","protected":false},"excerpt":{"rendered":"<p>El martes 22 de noviembre en el horario de 9 a 13 hs. tendr\u00e1 lugar la VI Jornada Interdisciplinaria \u00abViolencia contra las mujeres\u00bb, distintos enfoques: salud, trabajo, educaci\u00f3n, ind\u00edgenas, ONGs, pol\u00edticas p\u00fablicas, legislaci\u00f3n.<\/p>\n","protected":false},"author":1,"featured_media":0,"comment_status":"open","ping_status":"open","sticky":false,"template":"","format":"standard","meta":{"_acf_changed":false,"site-sidebar-layout":"default","site-content-layout":"default","ast-global-header-display":"","ast-main-header-display":"","ast-hfb-above-header-display":"","ast-hfb-below-header-display":"","ast-hfb-mobile-header-display":"","site-post-title":"","ast-breadcrumbs-content":"","ast-featured-img":"","footer-sml-layout":"","theme-transparent-header-meta":"","adv-header-id-meta":"","stick-header-meta":"","header-above-stick-meta":"","header-main-stick-meta":"","header-below-stick-meta":"","_jetpack_memberships_contains_paid_content":false,"footnotes":""},"categories":[28],"tags":[],"class_list":["post-33254","post","type-post","status-publish","format-standard","hentry","category-agenda"],"acf":[],"yoast_head":"<!-- This site is optimized with the Yoast SEO plugin v26.1.1 - https:\/\/yoast.com\/wordpress\/plugins\/seo\/ -->\n<title>VI Jornada Interdisciplinaria &#039;Violencia contra las mujeres&#039; - CLAM - ES<\/title>\n<meta name=\"robots\" content=\"index, follow, max-snippet:-1, max-image-preview:large, max-video-preview:-1\" \/>\n<link rel=\"canonical\" href=\"https:\/\/clam.org.br\/es\/agenda\/vi-jornada-interdisciplinaria-violencia-contra-las-mujeres\/33254\/\" \/>\n<meta property=\"og:locale\" content=\"es_ES\" \/>\n<meta property=\"og:type\" content=\"article\" \/>\n<meta property=\"og:title\" content=\"VI Jornada Interdisciplinaria &#039;Violencia contra las mujeres&#039; - CLAM - ES\" \/>\n<meta property=\"og:description\" content=\"El martes 22 de noviembre en el horario de 9 a 13 hs. tendr\u00e1 lugar la VI Jornada Interdisciplinaria &quot;Violencia contra las mujeres&quot;, distintos enfoques: salud, trabajo, educaci\u00f3n, ind\u00edgenas, ONGs, pol\u00edticas p\u00fablicas, legislaci\u00f3n.\" \/>\n<meta property=\"og:url\" content=\"https:\/\/clam.org.br\/es\/agenda\/vi-jornada-interdisciplinaria-violencia-contra-las-mujeres\/33254\/\" \/>\n<meta property=\"og:site_name\" content=\"CLAM - ES\" \/>\n<meta property=\"article:published_time\" content=\"2005-11-17T02:00:00+00:00\" \/>\n<meta name=\"author\" content=\"fw2\" \/>\n<meta name=\"twitter:card\" content=\"summary_large_image\" \/>\n<meta name=\"twitter:label1\" content=\"Escrito por\" \/>\n\t<meta name=\"twitter:data1\" content=\"fw2\" \/>\n\t<meta name=\"twitter:label2\" content=\"Tiempo de lectura\" \/>\n\t<meta name=\"twitter:data2\" content=\"1 minuto\" \/>\n<script type=\"application\/ld+json\" class=\"yoast-schema-graph\">{\"@context\":\"https:\/\/schema.org\",\"@graph\":[{\"@type\":\"WebPage\",\"@id\":\"https:\/\/clam.org.br\/es\/agenda\/vi-jornada-interdisciplinaria-violencia-contra-las-mujeres\/33254\/\",\"url\":\"https:\/\/clam.org.br\/es\/agenda\/vi-jornada-interdisciplinaria-violencia-contra-las-mujeres\/33254\/\",\"name\":\"VI Jornada Interdisciplinaria 'Violencia contra las mujeres' - CLAM - ES\",\"isPartOf\":{\"@id\":\"https:\/\/clam.org.br\/es\/#website\"},\"datePublished\":\"2005-11-17T02:00:00+00:00\",\"author\":{\"@id\":\"https:\/\/clam.org.br\/es\/#\/schema\/person\/fbd9a86032bf7479f94b0ded196f1010\"},\"breadcrumb\":{\"@id\":\"https:\/\/clam.org.br\/es\/agenda\/vi-jornada-interdisciplinaria-violencia-contra-las-mujeres\/33254\/#breadcrumb\"},\"inLanguage\":\"es\",\"potentialAction\":[{\"@type\":\"ReadAction\",\"target\":[\"https:\/\/clam.org.br\/es\/agenda\/vi-jornada-interdisciplinaria-violencia-contra-las-mujeres\/33254\/\"]}]},{\"@type\":\"BreadcrumbList\",\"@id\":\"https:\/\/clam.org.br\/es\/agenda\/vi-jornada-interdisciplinaria-violencia-contra-las-mujeres\/33254\/#breadcrumb\",\"itemListElement\":[{\"@type\":\"ListItem\",\"position\":1,\"name\":\"In\u00edcio\",\"item\":\"https:\/\/clam.org.br\/es\/\"},{\"@type\":\"ListItem\",\"position\":2,\"name\":\"VI Jornada Interdisciplinaria &#8216;Violencia contra las mujeres&#8217;\"}]},{\"@type\":\"WebSite\",\"@id\":\"https:\/\/clam.org.br\/es\/#website\",\"url\":\"https:\/\/clam.org.br\/es\/\",\"name\":\"CLAM - ES\",\"description\":\"S\u00f3 mais um site CLAM - Centro Latino-Americano em Sexualidade e Direitos Humanos sites\",\"potentialAction\":[{\"@type\":\"SearchAction\",\"target\":{\"@type\":\"EntryPoint\",\"urlTemplate\":\"https:\/\/clam.org.br\/es\/?s={search_term_string}\"},\"query-input\":{\"@type\":\"PropertyValueSpecification\",\"valueRequired\":true,\"valueName\":\"search_term_string\"}}],\"inLanguage\":\"es\"},{\"@type\":\"Person\",\"@id\":\"https:\/\/clam.org.br\/es\/#\/schema\/person\/fbd9a86032bf7479f94b0ded196f1010\",\"name\":\"fw2\",\"image\":{\"@type\":\"ImageObject\",\"inLanguage\":\"es\",\"@id\":\"https:\/\/clam.org.br\/es\/#\/schema\/person\/image\/\",\"url\":\"https:\/\/secure.gravatar.com\/avatar\/c38472c0cdbde82d9b6fcc26adb3779d?s=96&d=mm&r=g\",\"contentUrl\":\"https:\/\/secure.gravatar.com\/avatar\/c38472c0cdbde82d9b6fcc26adb3779d?s=96&d=mm&r=g\",\"caption\":\"fw2\"},\"sameAs\":[\"https:\/\/clam.fw2web.com.br\"],\"url\":\"https:\/\/clam.org.br\/es\/author\/fw2\/\"}]}<\/script>\n<!-- \/ Yoast SEO plugin. -->","yoast_head_json":{"title":"VI Jornada Interdisciplinaria 'Violencia contra las mujeres' - CLAM - ES","robots":{"index":"index","follow":"follow","max-snippet":"max-snippet:-1","max-image-preview":"max-image-preview:large","max-video-preview":"max-video-preview:-1"},"canonical":"https:\/\/clam.org.br\/es\/agenda\/vi-jornada-interdisciplinaria-violencia-contra-las-mujeres\/33254\/","og_locale":"es_ES","og_type":"article","og_title":"VI Jornada Interdisciplinaria 'Violencia contra las mujeres' - CLAM - ES","og_description":"El martes 22 de noviembre en el horario de 9 a 13 hs. tendr\u00e1 lugar la VI Jornada Interdisciplinaria \"Violencia contra las mujeres\", distintos enfoques: salud, trabajo, educaci\u00f3n, ind\u00edgenas, ONGs, pol\u00edticas p\u00fablicas, legislaci\u00f3n.","og_url":"https:\/\/clam.org.br\/es\/agenda\/vi-jornada-interdisciplinaria-violencia-contra-las-mujeres\/33254\/","og_site_name":"CLAM - ES","article_published_time":"2005-11-17T02:00:00+00:00","author":"fw2","twitter_card":"summary_large_image","twitter_misc":{"Escrito por":"fw2","Tiempo de lectura":"1 minuto"},"schema":{"@context":"https:\/\/schema.org","@graph":[{"@type":"WebPage","@id":"https:\/\/clam.org.br\/es\/agenda\/vi-jornada-interdisciplinaria-violencia-contra-las-mujeres\/33254\/","url":"https:\/\/clam.org.br\/es\/agenda\/vi-jornada-interdisciplinaria-violencia-contra-las-mujeres\/33254\/","name":"VI Jornada Interdisciplinaria 'Violencia contra las mujeres' - CLAM - ES","isPartOf":{"@id":"https:\/\/clam.org.br\/es\/#website"},"datePublished":"2005-11-17T02:00:00+00:00","author":{"@id":"https:\/\/clam.org.br\/es\/#\/schema\/person\/fbd9a86032bf7479f94b0ded196f1010"},"breadcrumb":{"@id":"https:\/\/clam.org.br\/es\/agenda\/vi-jornada-interdisciplinaria-violencia-contra-las-mujeres\/33254\/#breadcrumb"},"inLanguage":"es","potentialAction":[{"@type":"ReadAction","target":["https:\/\/clam.org.br\/es\/agenda\/vi-jornada-interdisciplinaria-violencia-contra-las-mujeres\/33254\/"]}]},{"@type":"BreadcrumbList","@id":"https:\/\/clam.org.br\/es\/agenda\/vi-jornada-interdisciplinaria-violencia-contra-las-mujeres\/33254\/#breadcrumb","itemListElement":[{"@type":"ListItem","position":1,"name":"In\u00edcio","item":"https:\/\/clam.org.br\/es\/"},{"@type":"ListItem","position":2,"name":"VI Jornada Interdisciplinaria &#8216;Violencia contra las mujeres&#8217;"}]},{"@type":"WebSite","@id":"https:\/\/clam.org.br\/es\/#website","url":"https:\/\/clam.org.br\/es\/","name":"CLAM - ES","description":"S\u00f3 mais um site CLAM - Centro Latino-Americano em Sexualidade e Direitos Humanos sites","potentialAction":[{"@type":"SearchAction","target":{"@type":"EntryPoint","urlTemplate":"https:\/\/clam.org.br\/es\/?s={search_term_string}"},"query-input":{"@type":"PropertyValueSpecification","valueRequired":true,"valueName":"search_term_string"}}],"inLanguage":"es"},{"@type":"Person","@id":"https:\/\/clam.org.br\/es\/#\/schema\/person\/fbd9a86032bf7479f94b0ded196f1010","name":"fw2","image":{"@type":"ImageObject","inLanguage":"es","@id":"https:\/\/clam.org.br\/es\/#\/schema\/person\/image\/","url":"https:\/\/secure.gravatar.com\/avatar\/c38472c0cdbde82d9b6fcc26adb3779d?s=96&d=mm&r=g","contentUrl":"https:\/\/secure.gravatar.com\/avatar\/c38472c0cdbde82d9b6fcc26adb3779d?s=96&d=mm&r=g","caption":"fw2"},"sameAs":["https:\/\/clam.fw2web.com.br"],"url":"https:\/\/clam.org.br\/es\/author\/fw2\/"}]}},"jetpack_featured_media_url":"","jetpack_sharing_enabled":true,"_links":{"self":[{"href":"https:\/\/clam.org.br\/es\/wp-json\/wp\/v2\/posts\/33254","targetHints":{"allow":["GET"]}}],"collection":[{"href":"https:\/\/clam.org.br\/es\/wp-json\/wp\/v2\/posts"}],"about":[{"href":"https:\/\/clam.org.br\/es\/wp-json\/wp\/v2\/types\/post"}],"author":[{"embeddable":true,"href":"https:\/\/clam.org.br\/es\/wp-json\/wp\/v2\/users\/1"}],"replies":[{"embeddable":true,"href":"https:\/\/clam.org.br\/es\/wp-json\/wp\/v2\/comments?post=33254"}],"version-history":[{"count":0,"href":"https:\/\/clam.org.br\/es\/wp-json\/wp\/v2\/posts\/33254\/revisions"}],"wp:attachment":[{"href":"https:\/\/clam.org.br\/es\/wp-json\/wp\/v2\/media?parent=33254"}],"wp:term":[{"taxonomy":"category","embeddable":true,"href":"https:\/\/clam.org.br\/es\/wp-json\/wp\/v2\/categories?post=33254"},{"taxonomy":"post_tag","embeddable":true,"href":"https:\/\/clam.org.br\/es\/wp-json\/wp\/v2\/tags?post=33254"}],"curies":[{"name":"wp","href":"https:\/\/api.w.org\/{rel}","templated":true}]}}