{"id":3331,"date":"2007-07-18T00:00:00","date_gmt":"2007-07-18T03:00:00","guid":{"rendered":"https:\/\/clam.fw2web.com.br\/es\/2007\/07\/18\/titular-del-sernam-advierte-que-aumenta-violencia-intrafamiliar-en-chile\/"},"modified":"2023-06-14T07:51:32","modified_gmt":"2023-06-14T10:51:32","slug":"titular-del-sernam-advierte-que-aumenta-violencia-intrafamiliar-en-chile","status":"publish","type":"post","link":"https:\/\/clam.org.br\/es\/en-los-medios\/titular-del-sernam-advierte-que-aumenta-violencia-intrafamiliar-en-chile\/3331\/","title":{"rendered":"Titular del Sernam advierte que aumenta violencia intrafamiliar en Chile"},"content":{"rendered":"<p><P>&nbsp;&ldquo;Una mujer muere en Chile cada diez d\u00edas, llevamos 28 muertas: \u00bfCu\u00e1ntas m\u00e1s tienen que morir para que este tema sea relevante?&rdquo;, afirm\u00f3 la ministra del Sernam Laura Albornoz, al manifestar su preocupaci\u00f3n por el nuevo caso de violencia intrafamiliar que termin\u00f3 con el fallecimiento de una joven, que se convirti\u00f3 en la mujer n\u00famero 28 que ha muerto en lo que va corrido del a\u00f1o a manos de su pareja o ex pareja. <\/P> <P><a href=\"http:\/\/www.elmostrador.cl\/modulos\/noticias\/constructor\/noticia_new.asp?id_noticia=222669\" target=\"_blank\" rel=\"noopener\">Texto completo<\/A><\/P><\/p>\n","protected":false},"excerpt":{"rendered":"<p>&nbsp;&ldquo;Una mujer muere en Chile cada diez d\u00edas, llevamos 28 muertas: \u00bfCu\u00e1ntas m\u00e1s tienen que morir para que este tema sea relevante?&rdquo;, afirm\u00f3 la ministra del Sernam Laura Albornoz, al manifestar su preocupaci\u00f3n por el nuevo caso de violencia intrafamiliar que termin\u00f3 con el fallecimiento de una joven, que se convirti\u00f3 en la mujer n\u00famero 28 que ha muerto en lo que va corrido del a\u00f1o a manos de su pareja o ex pareja.<\/p>\n","protected":false},"author":1,"featured_media":0,"comment_status":"open","ping_status":"open","sticky":false,"template":"","format":"standard","meta":{"_acf_changed":false,"site-sidebar-layout":"default","site-content-layout":"default","ast-global-header-display":"","ast-main-header-display":"","ast-hfb-above-header-display":"","ast-hfb-below-header-display":"","ast-hfb-mobile-header-display":"","site-post-title":"","ast-breadcrumbs-content":"","ast-featured-img":"","footer-sml-layout":"","theme-transparent-header-meta":"","adv-header-id-meta":"","stick-header-meta":"","header-above-stick-meta":"","header-main-stick-meta":"","header-below-stick-meta":"","_jetpack_memberships_contains_paid_content":false,"footnotes":""},"categories":[27],"tags":[],"class_list":["post-3331","post","type-post","status-publish","format-standard","hentry","category-en-los-medios"],"acf":[],"yoast_head":"<!-- This site is optimized with the Yoast SEO plugin v26.1.1 - https:\/\/yoast.com\/wordpress\/plugins\/seo\/ -->\n<title>Titular del Sernam advierte que aumenta violencia intrafamiliar en Chile - CLAM - ES<\/title>\n<meta name=\"robots\" content=\"index, follow, max-snippet:-1, max-image-preview:large, max-video-preview:-1\" \/>\n<link rel=\"canonical\" href=\"https:\/\/clam.org.br\/es\/en-los-medios\/titular-del-sernam-advierte-que-aumenta-violencia-intrafamiliar-en-chile\/3331\/\" \/>\n<meta property=\"og:locale\" content=\"es_ES\" \/>\n<meta property=\"og:type\" content=\"article\" \/>\n<meta property=\"og:title\" content=\"Titular del Sernam advierte que aumenta violencia intrafamiliar en Chile - CLAM - ES\" \/>\n<meta property=\"og:description\" content=\"&nbsp;&ldquo;Una mujer muere en Chile cada diez d\u00edas, llevamos 28 muertas: \u00bfCu\u00e1ntas m\u00e1s tienen que morir para que este tema sea relevante?&rdquo;, afirm\u00f3 la ministra del Sernam Laura Albornoz, al manifestar su preocupaci\u00f3n por el nuevo caso de violencia intrafamiliar que termin\u00f3 con el fallecimiento de una joven, que se convirti\u00f3 en la mujer n\u00famero 28 que ha muerto en lo que va corrido del a\u00f1o a manos de su pareja o ex pareja.\" \/>\n<meta property=\"og:url\" content=\"https:\/\/clam.org.br\/es\/en-los-medios\/titular-del-sernam-advierte-que-aumenta-violencia-intrafamiliar-en-chile\/3331\/\" \/>\n<meta property=\"og:site_name\" content=\"CLAM - ES\" \/>\n<meta property=\"article:published_time\" content=\"2007-07-18T03:00:00+00:00\" \/>\n<meta property=\"article:modified_time\" content=\"2023-06-14T10:51:32+00:00\" \/>\n<meta name=\"author\" content=\"fw2\" \/>\n<meta name=\"twitter:card\" content=\"summary_large_image\" \/>\n<meta name=\"twitter:label1\" content=\"Escrito por\" \/>\n\t<meta name=\"twitter:data1\" content=\"fw2\" \/>\n<script type=\"application\/ld+json\" class=\"yoast-schema-graph\">{\"@context\":\"https:\/\/schema.org\",\"@graph\":[{\"@type\":\"WebPage\",\"@id\":\"https:\/\/clam.org.br\/es\/en-los-medios\/titular-del-sernam-advierte-que-aumenta-violencia-intrafamiliar-en-chile\/3331\/\",\"url\":\"https:\/\/clam.org.br\/es\/en-los-medios\/titular-del-sernam-advierte-que-aumenta-violencia-intrafamiliar-en-chile\/3331\/\",\"name\":\"Titular del Sernam advierte que aumenta violencia intrafamiliar en Chile - CLAM - ES\",\"isPartOf\":{\"@id\":\"https:\/\/clam.org.br\/es\/#website\"},\"datePublished\":\"2007-07-18T03:00:00+00:00\",\"dateModified\":\"2023-06-14T10:51:32+00:00\",\"author\":{\"@id\":\"https:\/\/clam.org.br\/es\/#\/schema\/person\/fbd9a86032bf7479f94b0ded196f1010\"},\"breadcrumb\":{\"@id\":\"https:\/\/clam.org.br\/es\/en-los-medios\/titular-del-sernam-advierte-que-aumenta-violencia-intrafamiliar-en-chile\/3331\/#breadcrumb\"},\"inLanguage\":\"es\",\"potentialAction\":[{\"@type\":\"ReadAction\",\"target\":[\"https:\/\/clam.org.br\/es\/en-los-medios\/titular-del-sernam-advierte-que-aumenta-violencia-intrafamiliar-en-chile\/3331\/\"]}]},{\"@type\":\"BreadcrumbList\",\"@id\":\"https:\/\/clam.org.br\/es\/en-los-medios\/titular-del-sernam-advierte-que-aumenta-violencia-intrafamiliar-en-chile\/3331\/#breadcrumb\",\"itemListElement\":[{\"@type\":\"ListItem\",\"position\":1,\"name\":\"In\u00edcio\",\"item\":\"https:\/\/clam.org.br\/es\/\"},{\"@type\":\"ListItem\",\"position\":2,\"name\":\"Titular del Sernam advierte que aumenta violencia intrafamiliar en Chile\"}]},{\"@type\":\"WebSite\",\"@id\":\"https:\/\/clam.org.br\/es\/#website\",\"url\":\"https:\/\/clam.org.br\/es\/\",\"name\":\"CLAM - ES\",\"description\":\"S\u00f3 mais um site CLAM - Centro Latino-Americano em Sexualidade e Direitos Humanos sites\",\"potentialAction\":[{\"@type\":\"SearchAction\",\"target\":{\"@type\":\"EntryPoint\",\"urlTemplate\":\"https:\/\/clam.org.br\/es\/?s={search_term_string}\"},\"query-input\":{\"@type\":\"PropertyValueSpecification\",\"valueRequired\":true,\"valueName\":\"search_term_string\"}}],\"inLanguage\":\"es\"},{\"@type\":\"Person\",\"@id\":\"https:\/\/clam.org.br\/es\/#\/schema\/person\/fbd9a86032bf7479f94b0ded196f1010\",\"name\":\"fw2\",\"image\":{\"@type\":\"ImageObject\",\"inLanguage\":\"es\",\"@id\":\"https:\/\/clam.org.br\/es\/#\/schema\/person\/image\/\",\"url\":\"https:\/\/secure.gravatar.com\/avatar\/c38472c0cdbde82d9b6fcc26adb3779d?s=96&d=mm&r=g\",\"contentUrl\":\"https:\/\/secure.gravatar.com\/avatar\/c38472c0cdbde82d9b6fcc26adb3779d?s=96&d=mm&r=g\",\"caption\":\"fw2\"},\"sameAs\":[\"https:\/\/clam.fw2web.com.br\"],\"url\":\"https:\/\/clam.org.br\/es\/author\/fw2\/\"}]}<\/script>\n<!-- \/ Yoast SEO plugin. -->","yoast_head_json":{"title":"Titular del Sernam advierte que aumenta violencia intrafamiliar en Chile - CLAM - ES","robots":{"index":"index","follow":"follow","max-snippet":"max-snippet:-1","max-image-preview":"max-image-preview:large","max-video-preview":"max-video-preview:-1"},"canonical":"https:\/\/clam.org.br\/es\/en-los-medios\/titular-del-sernam-advierte-que-aumenta-violencia-intrafamiliar-en-chile\/3331\/","og_locale":"es_ES","og_type":"article","og_title":"Titular del Sernam advierte que aumenta violencia intrafamiliar en Chile - CLAM - ES","og_description":"&nbsp;&ldquo;Una mujer muere en Chile cada diez d\u00edas, llevamos 28 muertas: \u00bfCu\u00e1ntas m\u00e1s tienen que morir para que este tema sea relevante?&rdquo;, afirm\u00f3 la ministra del Sernam Laura Albornoz, al manifestar su preocupaci\u00f3n por el nuevo caso de violencia intrafamiliar que termin\u00f3 con el fallecimiento de una joven, que se convirti\u00f3 en la mujer n\u00famero 28 que ha muerto en lo que va corrido del a\u00f1o a manos de su pareja o ex pareja.","og_url":"https:\/\/clam.org.br\/es\/en-los-medios\/titular-del-sernam-advierte-que-aumenta-violencia-intrafamiliar-en-chile\/3331\/","og_site_name":"CLAM - ES","article_published_time":"2007-07-18T03:00:00+00:00","article_modified_time":"2023-06-14T10:51:32+00:00","author":"fw2","twitter_card":"summary_large_image","twitter_misc":{"Escrito por":"fw2"},"schema":{"@context":"https:\/\/schema.org","@graph":[{"@type":"WebPage","@id":"https:\/\/clam.org.br\/es\/en-los-medios\/titular-del-sernam-advierte-que-aumenta-violencia-intrafamiliar-en-chile\/3331\/","url":"https:\/\/clam.org.br\/es\/en-los-medios\/titular-del-sernam-advierte-que-aumenta-violencia-intrafamiliar-en-chile\/3331\/","name":"Titular del Sernam advierte que aumenta violencia intrafamiliar en Chile - CLAM - ES","isPartOf":{"@id":"https:\/\/clam.org.br\/es\/#website"},"datePublished":"2007-07-18T03:00:00+00:00","dateModified":"2023-06-14T10:51:32+00:00","author":{"@id":"https:\/\/clam.org.br\/es\/#\/schema\/person\/fbd9a86032bf7479f94b0ded196f1010"},"breadcrumb":{"@id":"https:\/\/clam.org.br\/es\/en-los-medios\/titular-del-sernam-advierte-que-aumenta-violencia-intrafamiliar-en-chile\/3331\/#breadcrumb"},"inLanguage":"es","potentialAction":[{"@type":"ReadAction","target":["https:\/\/clam.org.br\/es\/en-los-medios\/titular-del-sernam-advierte-que-aumenta-violencia-intrafamiliar-en-chile\/3331\/"]}]},{"@type":"BreadcrumbList","@id":"https:\/\/clam.org.br\/es\/en-los-medios\/titular-del-sernam-advierte-que-aumenta-violencia-intrafamiliar-en-chile\/3331\/#breadcrumb","itemListElement":[{"@type":"ListItem","position":1,"name":"In\u00edcio","item":"https:\/\/clam.org.br\/es\/"},{"@type":"ListItem","position":2,"name":"Titular del Sernam advierte que aumenta violencia intrafamiliar en Chile"}]},{"@type":"WebSite","@id":"https:\/\/clam.org.br\/es\/#website","url":"https:\/\/clam.org.br\/es\/","name":"CLAM - ES","description":"S\u00f3 mais um site CLAM - Centro Latino-Americano em Sexualidade e Direitos Humanos sites","potentialAction":[{"@type":"SearchAction","target":{"@type":"EntryPoint","urlTemplate":"https:\/\/clam.org.br\/es\/?s={search_term_string}"},"query-input":{"@type":"PropertyValueSpecification","valueRequired":true,"valueName":"search_term_string"}}],"inLanguage":"es"},{"@type":"Person","@id":"https:\/\/clam.org.br\/es\/#\/schema\/person\/fbd9a86032bf7479f94b0ded196f1010","name":"fw2","image":{"@type":"ImageObject","inLanguage":"es","@id":"https:\/\/clam.org.br\/es\/#\/schema\/person\/image\/","url":"https:\/\/secure.gravatar.com\/avatar\/c38472c0cdbde82d9b6fcc26adb3779d?s=96&d=mm&r=g","contentUrl":"https:\/\/secure.gravatar.com\/avatar\/c38472c0cdbde82d9b6fcc26adb3779d?s=96&d=mm&r=g","caption":"fw2"},"sameAs":["https:\/\/clam.fw2web.com.br"],"url":"https:\/\/clam.org.br\/es\/author\/fw2\/"}]}},"jetpack_featured_media_url":"","jetpack_sharing_enabled":true,"_links":{"self":[{"href":"https:\/\/clam.org.br\/es\/wp-json\/wp\/v2\/posts\/3331","targetHints":{"allow":["GET"]}}],"collection":[{"href":"https:\/\/clam.org.br\/es\/wp-json\/wp\/v2\/posts"}],"about":[{"href":"https:\/\/clam.org.br\/es\/wp-json\/wp\/v2\/types\/post"}],"author":[{"embeddable":true,"href":"https:\/\/clam.org.br\/es\/wp-json\/wp\/v2\/users\/1"}],"replies":[{"embeddable":true,"href":"https:\/\/clam.org.br\/es\/wp-json\/wp\/v2\/comments?post=3331"}],"version-history":[{"count":1,"href":"https:\/\/clam.org.br\/es\/wp-json\/wp\/v2\/posts\/3331\/revisions"}],"predecessor-version":[{"id":28830,"href":"https:\/\/clam.org.br\/es\/wp-json\/wp\/v2\/posts\/3331\/revisions\/28830"}],"wp:attachment":[{"href":"https:\/\/clam.org.br\/es\/wp-json\/wp\/v2\/media?parent=3331"}],"wp:term":[{"taxonomy":"category","embeddable":true,"href":"https:\/\/clam.org.br\/es\/wp-json\/wp\/v2\/categories?post=3331"},{"taxonomy":"post_tag","embeddable":true,"href":"https:\/\/clam.org.br\/es\/wp-json\/wp\/v2\/tags?post=3331"}],"curies":[{"name":"wp","href":"https:\/\/api.w.org\/{rel}","templated":true}]}}