{"id":33422,"date":"2006-09-26T00:00:00","date_gmt":"2006-09-26T03:00:00","guid":{"rendered":"https:\/\/clam.fw2web.com.br\/es\/2006\/09\/26\/marcha-del-orgullo-2006\/"},"modified":"2006-09-26T00:00:00","modified_gmt":"2006-09-26T03:00:00","slug":"marcha-del-orgullo-2006","status":"publish","type":"post","link":"https:\/\/clam.org.br\/es\/agenda\/marcha-del-orgullo-2006\/33422\/","title":{"rendered":"Marcha del Orgullo 2006"},"content":{"rendered":"<p><P style=\"MARGIN: 0cm 0cm 0pt; TEXT-ALIGN: justify\"><SPAN lang=ES style=\"FONT-SIZE: 10pt; COLOR: black; FONT-FAMILY: Verdana; mso-bidi-font-family: Arial; mso-ansi-language: ES\">Nuevamente <\/SPAN><?xml:namespace prefix = st1 ns = \"schemas-houaiss\/mini\" \/><st1_verbetes><SPAN lang=ES style=\"FONT-SIZE: 10pt; COLOR: black; FONT-FAMILY: Verdana; mso-bidi-font-family: Arial; mso-ansi-language: ES\">este<\/SPAN><\/st1_verbetes><SPAN lang=ES style=\"FONT-SIZE: 10pt; COLOR: black; FONT-FAMILY: Verdana; mso-bidi-font-family: Arial; mso-ansi-language: ES\"> a\u00f1o se realizar\u00e1 en Chile la &ldquo;<\/SPAN><st1_verbetes><SPAN lang=ES style=\"FONT-SIZE: 10pt; COLOR: black; FONT-FAMILY: Verdana; mso-bidi-font-family: Arial; mso-ansi-language: ES\">Marcha<\/SPAN><\/st1_verbetes><SPAN lang=ES style=\"FONT-SIZE: 10pt; COLOR: black; FONT-FAMILY: Verdana; mso-bidi-font-family: Arial; mso-ansi-language: ES\"> del Orgullo 2006&rdquo;, el <\/SPAN><st1_verbetes><SPAN lang=ES style=\"FONT-SIZE: 10pt; COLOR: black; FONT-FAMILY: Verdana; mso-bidi-font-family: Arial; mso-ansi-language: ES\">s\u00e1bado<\/SPAN><\/st1_verbetes><SPAN lang=ES style=\"FONT-SIZE: 10pt; COLOR: black; FONT-FAMILY: Verdana; mso-bidi-font-family: Arial; mso-ansi-language: ES\"> 30 de septiembre, <\/SPAN><st1_verbetes><SPAN lang=ES style=\"FONT-SIZE: 10pt; COLOR: black; FONT-FAMILY: Verdana; mso-bidi-font-family: Arial; mso-ansi-language: ES\">desde<\/SPAN><\/st1_verbetes><SPAN lang=ES style=\"FONT-SIZE: 10pt; COLOR: black; FONT-FAMILY: Verdana; mso-bidi-font-family: Arial; mso-ansi-language: ES\"> las 15.00 en el <\/SPAN><st1_verbetes><SPAN lang=ES style=\"FONT-SIZE: 10pt; COLOR: black; FONT-FAMILY: Verdana; mso-bidi-font-family: Arial; mso-ansi-language: ES\">Parque<\/SPAN><\/st1_verbetes><SPAN lang=ES style=\"FONT-SIZE: 10pt; COLOR: black; FONT-FAMILY: Verdana; mso-bidi-font-family: Arial; mso-ansi-language: ES\"> Bustamante. <\/SPAN><st1_verbetes><SPAN lang=ES style=\"FONT-SIZE: 10pt; COLOR: black; FONT-FAMILY: Verdana; mso-bidi-font-family: Arial; mso-ansi-language: ES\">Este<\/SPAN><\/st1_verbetes><SPAN lang=ES style=\"FONT-SIZE: 10pt; COLOR: black; FONT-FAMILY: Verdana; mso-bidi-font-family: Arial; mso-ansi-language: ES\"> <\/SPAN><st1_verbetes><SPAN lang=ES style=\"FONT-SIZE: 10pt; COLOR: black; FONT-FAMILY: Verdana; mso-bidi-font-family: Arial; mso-ansi-language: ES\">evento<\/SPAN><\/st1_verbetes><SPAN lang=ES style=\"FONT-SIZE: 10pt; COLOR: black; FONT-FAMILY: Verdana; mso-bidi-font-family: Arial; mso-ansi-language: ES\"> cuenta con el apoyo de Amnist\u00eda Internacional-Chile. <\/SPAN><SPAN lang=ES style=\"FONT-SIZE: 10pt; FONT-FAMILY: Arial; mso-ansi-language: ES\"><?xml:namespace prefix = o ns = \"urn:schemas-microsoft-com:office:office\" \/><o_p><\/o_p><\/SPAN><\/P> <P style=\"MARGIN: 0cm 0cm 0pt; TEXT-ALIGN: justify\"><SPAN lang=ES-CO style=\"FONT-SIZE: 10pt; COLOR: black; FONT-FAMILY: Verdana; mso-bidi-font-family: Arial; mso-ansi-language: ES-CO\">&nbsp;<\/SPAN><SPAN lang=ES style=\"FONT-SIZE: 10pt; FONT-FAMILY: Arial; mso-ansi-language: ES\"><o_p><\/o_p><\/SPAN><\/P> <P style=\"MARGIN: 0cm 0cm 0pt; TEXT-ALIGN: justify\"><SPAN lang=ES style=\"FONT-SIZE: 10pt; COLOR: black; FONT-FAMILY: Verdana; mso-bidi-font-family: Arial; mso-ansi-language: ES\">Esta masiva manifestaci\u00f3n es <\/SPAN><st1_verbetes><SPAN lang=ES style=\"FONT-SIZE: 10pt; COLOR: black; FONT-FAMILY: Verdana; mso-bidi-font-family: Arial; mso-ansi-language: ES\">una<\/SPAN><\/st1_verbetes><SPAN lang=ES style=\"FONT-SIZE: 10pt; COLOR: black; FONT-FAMILY: Verdana; mso-bidi-font-family: Arial; mso-ansi-language: ES\"> oportunidad <\/SPAN><st1_verbetes><SPAN lang=ES style=\"FONT-SIZE: 10pt; COLOR: black; FONT-FAMILY: Verdana; mso-bidi-font-family: Arial; mso-ansi-language: ES\">que<\/SPAN><\/st1_verbetes><SPAN lang=ES style=\"FONT-SIZE: 10pt; COLOR: black; FONT-FAMILY: Verdana; mso-bidi-font-family: Arial; mso-ansi-language: ES\"> ayuda a <\/SPAN><?xml:namespace prefix = st3 ns = \"schemas-houaiss\/verbo\" \/><st3_infinitivo><SPAN lang=ES style=\"FONT-SIZE: 10pt; COLOR: black; FONT-FAMILY: Verdana; mso-bidi-font-family: Arial; mso-ansi-language: ES\">visibilizar<\/SPAN><\/st3_infinitivo><SPAN lang=ES style=\"FONT-SIZE: 10pt; COLOR: black; FONT-FAMILY: Verdana; mso-bidi-font-family: Arial; mso-ansi-language: ES\"> y <\/SPAN><?xml:namespace prefix = st2 ns = \"schemas-houaiss\/acao\" \/><st2_hm><SPAN lang=ES style=\"FONT-SIZE: 10pt; COLOR: black; FONT-FAMILY: Verdana; mso-bidi-font-family: Arial; mso-ansi-language: ES\">denunciar<\/SPAN><\/st2_hm><SPAN lang=ES style=\"FONT-SIZE: 10pt; COLOR: black; FONT-FAMILY: Verdana; mso-bidi-font-family: Arial; mso-ansi-language: ES\"> las violaciones y <\/SPAN><st1_verbetes><SPAN lang=ES style=\"FONT-SIZE: 10pt; COLOR: black; FONT-FAMILY: Verdana; mso-bidi-font-family: Arial; mso-ansi-language: ES\">abusos<\/SPAN><\/st1_verbetes><SPAN lang=ES style=\"FONT-SIZE: 10pt; COLOR: black; FONT-FAMILY: Verdana; mso-bidi-font-family: Arial; mso-ansi-language: ES\"> <\/SPAN><st1_verbetes><SPAN lang=ES style=\"FONT-SIZE: 10pt; COLOR: black; FONT-FAMILY: Verdana; mso-bidi-font-family: Arial; mso-ansi-language: ES\">que<\/SPAN><\/st1_verbetes><SPAN lang=ES style=\"FONT-SIZE: 10pt; COLOR: black; FONT-FAMILY: Verdana; mso-bidi-font-family: Arial; mso-ansi-language: ES\"> sufren las personas lesbianas, <\/SPAN><st1_verbetes><SPAN lang=ES style=\"FONT-SIZE: 10pt; COLOR: black; FONT-FAMILY: Verdana; mso-bidi-font-family: Arial; mso-ansi-language: ES\">gay<\/SPAN><\/st1_verbetes><SPAN lang=ES style=\"FONT-SIZE: 10pt; COLOR: black; FONT-FAMILY: Verdana; mso-bidi-font-family: Arial; mso-ansi-language: ES\">, bisexuales, <\/SPAN><st1_verbetes><SPAN lang=ES style=\"FONT-SIZE: 10pt; COLOR: black; FONT-FAMILY: Verdana; mso-bidi-font-family: Arial; mso-ansi-language: ES\">transexuales<\/SPAN><\/st1_verbetes><SPAN lang=ES style=\"FONT-SIZE: 10pt; COLOR: black; FONT-FAMILY: Verdana; mso-bidi-font-family: Arial; mso-ansi-language: ES\"> y transg\u00e9neras en Chile y en <\/SPAN><st1_verbetes><SPAN lang=ES style=\"FONT-SIZE: 10pt; COLOR: black; FONT-FAMILY: Verdana; mso-bidi-font-family: Arial; mso-ansi-language: ES\">todo<\/SPAN><\/st1_verbetes><SPAN lang=ES style=\"FONT-SIZE: 10pt; COLOR: black; FONT-FAMILY: Verdana; mso-bidi-font-family: Arial; mso-ansi-language: ES\"> el <\/SPAN><st1_verbetes><SPAN lang=ES style=\"FONT-SIZE: 10pt; COLOR: black; FONT-FAMILY: Verdana; mso-bidi-font-family: Arial; mso-ansi-language: ES\">mundo<\/SPAN><\/st1_verbetes><SPAN lang=ES style=\"FONT-SIZE: 10pt; COLOR: black; FONT-FAMILY: Verdana; mso-bidi-font-family: Arial; mso-ansi-language: ES\">, <\/SPAN><st1_verbetes><SPAN lang=ES style=\"FONT-SIZE: 10pt; COLOR: black; FONT-FAMILY: Verdana; mso-bidi-font-family: Arial; mso-ansi-language: ES\">como<\/SPAN><\/st1_verbetes><SPAN lang=ES style=\"FONT-SIZE: 10pt; COLOR: black; FONT-FAMILY: Verdana; mso-bidi-font-family: Arial; mso-ansi-language: ES\"> minor\u00edas discriminadas.<\/SPAN><SPAN lang=ES style=\"FONT-SIZE: 10pt; FONT-FAMILY: Arial; mso-ansi-language: ES\"><o_p><\/o_p><\/SPAN><\/P> <P style=\"MARGIN: 0cm 0cm 0pt; TEXT-ALIGN: justify\"><SPAN lang=ES style=\"FONT-SIZE: 10pt; COLOR: black; FONT-FAMILY: Verdana; mso-bidi-font-family: Arial; mso-ansi-language: ES\">&nbsp;<\/SPAN><SPAN lang=ES style=\"FONT-SIZE: 10pt; FONT-FAMILY: Arial; mso-ansi-language: ES\"><o_p><\/o_p><\/SPAN><\/P> <P style=\"MARGIN: 0cm 0cm 0pt; TEXT-ALIGN: justify\"><SPAN lang=ES style=\"FONT-SIZE: 10pt; COLOR: black; FONT-FAMILY: Verdana; mso-bidi-font-family: Arial; mso-ansi-language: ES\">Esta <\/SPAN><st1_verbetes><SPAN lang=ES style=\"FONT-SIZE: 10pt; COLOR: black; FONT-FAMILY: Verdana; mso-bidi-font-family: Arial; mso-ansi-language: ES\">marcha<\/SPAN><\/st1_verbetes><SPAN lang=ES style=\"FONT-SIZE: 10pt; COLOR: black; FONT-FAMILY: Verdana; mso-bidi-font-family: Arial; mso-ansi-language: ES\">, constituye un <\/SPAN><st1_verbetes><SPAN lang=ES style=\"FONT-SIZE: 10pt; COLOR: black; FONT-FAMILY: Verdana; mso-bidi-font-family: Arial; mso-ansi-language: ES\">s\u00edmbolo<\/SPAN><\/st1_verbetes><SPAN lang=ES style=\"FONT-SIZE: 10pt; COLOR: black; FONT-FAMILY: Verdana; mso-bidi-font-family: Arial; mso-ansi-language: ES\"> muy fuerte a nivel <\/SPAN><st1_verbetes><SPAN lang=ES style=\"FONT-SIZE: 10pt; COLOR: black; FONT-FAMILY: Verdana; mso-bidi-font-family: Arial; mso-ansi-language: ES\">nacional<\/SPAN><\/st1_verbetes><SPAN lang=ES style=\"FONT-SIZE: 10pt; COLOR: black; FONT-FAMILY: Verdana; mso-bidi-font-family: Arial; mso-ansi-language: ES\"> e <\/SPAN><st1_verbetes><SPAN lang=ES style=\"FONT-SIZE: 10pt; COLOR: black; FONT-FAMILY: Verdana; mso-bidi-font-family: Arial; mso-ansi-language: ES\">internacional<\/SPAN><\/st1_verbetes><SPAN lang=ES style=\"FONT-SIZE: 10pt; COLOR: black; FONT-FAMILY: Verdana; mso-bidi-font-family: Arial; mso-ansi-language: ES\">, y ayudar\u00e1 a <\/SPAN><st2_hm><SPAN lang=ES style=\"FONT-SIZE: 10pt; COLOR: black; FONT-FAMILY: Verdana; mso-bidi-font-family: Arial; mso-ansi-language: ES\">marcar<\/SPAN><\/st2_hm><SPAN lang=ES style=\"FONT-SIZE: 10pt; COLOR: black; FONT-FAMILY: Verdana; mso-bidi-font-family: Arial; mso-ansi-language: ES\"> <\/SPAN><st1_verbetes><SPAN lang=ES style=\"FONT-SIZE: 10pt; COLOR: black; FONT-FAMILY: Verdana; mso-bidi-font-family: Arial; mso-ansi-language: ES\">una<\/SPAN><\/st1_verbetes><SPAN lang=ES style=\"FONT-SIZE: 10pt; COLOR: black; FONT-FAMILY: Verdana; mso-bidi-font-family: Arial; mso-ansi-language: ES\"> preocupaci\u00f3n <\/SPAN><st1_verbetes><SPAN lang=ES style=\"FONT-SIZE: 10pt; COLOR: black; FONT-FAMILY: Verdana; mso-bidi-font-family: Arial; mso-ansi-language: ES\">sobre<\/SPAN><\/st1_verbetes><SPAN lang=ES style=\"FONT-SIZE: 10pt; COLOR: black; FONT-FAMILY: Verdana; mso-bidi-font-family: Arial; mso-ansi-language: ES\">&nbsp; el tratamiento discriminatorio del cual son v\u00edctimas las minor\u00edas <\/SPAN><st1_verbetes><SPAN lang=ES style=\"FONT-SIZE: 10pt; COLOR: black; FONT-FAMILY: Verdana; mso-bidi-font-family: Arial; mso-ansi-language: ES\">sexuales<\/SPAN><\/st1_verbetes><SPAN lang=ES style=\"FONT-SIZE: 10pt; COLOR: black; FONT-FAMILY: Verdana; mso-bidi-font-family: Arial; mso-ansi-language: ES\"> en Chile.<\/SPAN><SPAN lang=ES style=\"FONT-SIZE: 10pt; FONT-FAMILY: Arial; mso-ansi-language: ES\"><o_p><\/o_p><\/SPAN><\/P> <P style=\"MARGIN: 0cm 0cm 0pt; TEXT-ALIGN: justify\"><SPAN lang=ES style=\"FONT-SIZE: 10pt; COLOR: black; FONT-FAMILY: Verdana; mso-bidi-font-family: Arial; mso-ansi-language: ES\">&nbsp;<\/SPAN><SPAN lang=ES style=\"FONT-SIZE: 10pt; FONT-FAMILY: Arial; mso-ansi-language: ES\"><o_p><\/o_p><\/SPAN><\/P> <P style=\"MARGIN: 0cm 0cm 0pt; TEXT-ALIGN: justify\"><SPAN lang=ES style=\"FONT-SIZE: 10pt; COLOR: black; FONT-FAMILY: Verdana; mso-bidi-font-family: Arial; mso-ansi-language: ES\">No se necesita <\/SPAN><st2_hm><SPAN lang=ES style=\"FONT-SIZE: 10pt; COLOR: black; FONT-FAMILY: Verdana; mso-bidi-font-family: Arial; mso-ansi-language: ES\">ser<\/SPAN><\/st2_hm><SPAN lang=ES style=\"FONT-SIZE: 10pt; COLOR: black; FONT-FAMILY: Verdana; mso-bidi-font-family: Arial; mso-ansi-language: ES\"> <\/SPAN><st1_verbetes><SPAN lang=ES style=\"FONT-SIZE: 10pt; COLOR: black; FONT-FAMILY: Verdana; mso-bidi-font-family: Arial; mso-ansi-language: ES\">una<\/SPAN><\/st1_verbetes><SPAN lang=ES style=\"FONT-SIZE: 10pt; COLOR: black; FONT-FAMILY: Verdana; mso-bidi-font-family: Arial; mso-ansi-language: ES\"> persona discriminada o <\/SPAN><st1_verbetes><SPAN lang=ES style=\"FONT-SIZE: 10pt; COLOR: black; FONT-FAMILY: Verdana; mso-bidi-font-family: Arial; mso-ansi-language: ES\">parte<\/SPAN><\/st1_verbetes><SPAN lang=ES style=\"FONT-SIZE: 10pt; COLOR: black; FONT-FAMILY: Verdana; mso-bidi-font-family: Arial; mso-ansi-language: ES\"> de la diversidad <\/SPAN><st1_verbetes><SPAN lang=ES style=\"FONT-SIZE: 10pt; COLOR: black; FONT-FAMILY: Verdana; mso-bidi-font-family: Arial; mso-ansi-language: ES\">sexual<\/SPAN><\/st1_verbetes><SPAN lang=ES style=\"FONT-SIZE: 10pt; COLOR: black; FONT-FAMILY: Verdana; mso-bidi-font-family: Arial; mso-ansi-language: ES\"> <\/SPAN><st2_dm><SPAN lang=ES style=\"FONT-SIZE: 10pt; COLOR: black; FONT-FAMILY: Verdana; mso-bidi-font-family: Arial; mso-ansi-language: ES\">para<\/SPAN><\/st2_dm><SPAN lang=ES style=\"FONT-SIZE: 10pt; COLOR: black; FONT-FAMILY: Verdana; mso-bidi-font-family: Arial; mso-ansi-language: ES\"> apoyar el progreso en nuestras <\/SPAN><st1_verbetes><SPAN lang=ES style=\"FONT-SIZE: 10pt; COLOR: black; FONT-FAMILY: Verdana; mso-bidi-font-family: Arial; mso-ansi-language: ES\">sociedades<\/SPAN><\/st1_verbetes><SPAN lang=ES style=\"FONT-SIZE: 10pt; COLOR: black; FONT-FAMILY: Verdana; mso-bidi-font-family: Arial; mso-ansi-language: ES\"> y el respeto hacia todas las personas. La invitaci\u00f3n est\u00e1 hecho <\/SPAN><st2_dm><SPAN lang=ES style=\"FONT-SIZE: 10pt; COLOR: black; FONT-FAMILY: Verdana; mso-bidi-font-family: Arial; mso-ansi-language: ES\">para<\/SPAN><\/st2_dm><SPAN lang=ES style=\"FONT-SIZE: 10pt; COLOR: black; FONT-FAMILY: Verdana; mso-bidi-font-family: Arial; mso-ansi-language: ES\"> <\/SPAN><st1_verbetes><SPAN lang=ES style=\"FONT-SIZE: 10pt; COLOR: black; FONT-FAMILY: Verdana; mso-bidi-font-family: Arial; mso-ansi-language: ES\">todos<\/SPAN><\/st1_verbetes><SPAN lang=ES style=\"FONT-SIZE: 10pt; COLOR: black; FONT-FAMILY: Verdana; mso-bidi-font-family: Arial; mso-ansi-language: ES\"> y todas <\/SPAN><st1_verbetes><SPAN lang=ES style=\"FONT-SIZE: 10pt; COLOR: black; FONT-FAMILY: Verdana; mso-bidi-font-family: Arial; mso-ansi-language: ES\">que<\/SPAN><\/st1_verbetes><SPAN lang=ES style=\"FONT-SIZE: 10pt; COLOR: black; FONT-FAMILY: Verdana; mso-bidi-font-family: Arial; mso-ansi-language: ES\"> sientan un compromiso <\/SPAN><st2_dm><SPAN lang=ES style=\"FONT-SIZE: 10pt; COLOR: black; FONT-FAMILY: Verdana; mso-bidi-font-family: Arial; mso-ansi-language: ES\">para<\/SPAN><\/st2_dm><SPAN lang=ES style=\"FONT-SIZE: 10pt; COLOR: black; FONT-FAMILY: Verdana; mso-bidi-font-family: Arial; mso-ansi-language: ES\"> el progreso de los derechos <\/SPAN><st1_verbetes><SPAN lang=ES style=\"FONT-SIZE: 10pt; COLOR: black; FONT-FAMILY: Verdana; mso-bidi-font-family: Arial; mso-ansi-language: ES\">humanos<\/SPAN><\/st1_verbetes><SPAN lang=ES style=\"FONT-SIZE: 10pt; COLOR: black; FONT-FAMILY: Verdana; mso-bidi-font-family: Arial; mso-ansi-language: ES\"> y el retroceso de la discriminaci\u00f3n en Chile.<\/SPAN><SPAN lang=ES style=\"FONT-SIZE: 10pt; FONT-FAMILY: Arial; mso-ansi-language: ES\"><o_p><\/o_p><\/SPAN><\/P><\/p>\n","protected":false},"excerpt":{"rendered":"<p>Nuevamente este a\u00f1o se realizar\u00e1 en Chile la &ldquo;Marcha del Orgullo 2006&rdquo;, el s\u00e1bado 30 de septiembre, desde las 15.00 en el Parque Bustamante. Este evento cuenta con el apoyo de Amnist\u00eda Internacional-Chile.<\/p>\n","protected":false},"author":1,"featured_media":0,"comment_status":"open","ping_status":"open","sticky":false,"template":"","format":"standard","meta":{"_acf_changed":false,"site-sidebar-layout":"default","site-content-layout":"default","ast-global-header-display":"","ast-main-header-display":"","ast-hfb-above-header-display":"","ast-hfb-below-header-display":"","ast-hfb-mobile-header-display":"","site-post-title":"","ast-breadcrumbs-content":"","ast-featured-img":"","footer-sml-layout":"","theme-transparent-header-meta":"","adv-header-id-meta":"","stick-header-meta":"","header-above-stick-meta":"","header-main-stick-meta":"","header-below-stick-meta":"","_jetpack_memberships_contains_paid_content":false,"footnotes":""},"categories":[28],"tags":[],"class_list":["post-33422","post","type-post","status-publish","format-standard","hentry","category-agenda"],"acf":[],"yoast_head":"<!-- This site is optimized with the Yoast SEO plugin v26.1.1 - https:\/\/yoast.com\/wordpress\/plugins\/seo\/ -->\n<title>Marcha del Orgullo 2006 - CLAM - ES<\/title>\n<meta name=\"robots\" content=\"index, follow, max-snippet:-1, max-image-preview:large, max-video-preview:-1\" \/>\n<link rel=\"canonical\" href=\"https:\/\/clam.org.br\/es\/agenda\/marcha-del-orgullo-2006\/33422\/\" \/>\n<meta property=\"og:locale\" content=\"es_ES\" \/>\n<meta property=\"og:type\" content=\"article\" \/>\n<meta property=\"og:title\" content=\"Marcha del Orgullo 2006 - CLAM - ES\" \/>\n<meta property=\"og:description\" content=\"Nuevamente este a\u00f1o se realizar\u00e1 en Chile la &ldquo;Marcha del Orgullo 2006&rdquo;, el s\u00e1bado 30 de septiembre, desde las 15.00 en el Parque Bustamante. Este evento cuenta con el apoyo de Amnist\u00eda Internacional-Chile.\" \/>\n<meta property=\"og:url\" content=\"https:\/\/clam.org.br\/es\/agenda\/marcha-del-orgullo-2006\/33422\/\" \/>\n<meta property=\"og:site_name\" content=\"CLAM - ES\" \/>\n<meta property=\"article:published_time\" content=\"2006-09-26T03:00:00+00:00\" \/>\n<meta name=\"author\" content=\"fw2\" \/>\n<meta name=\"twitter:card\" content=\"summary_large_image\" \/>\n<meta name=\"twitter:label1\" content=\"Escrito por\" \/>\n\t<meta name=\"twitter:data1\" content=\"fw2\" \/>\n\t<meta name=\"twitter:label2\" content=\"Tiempo de lectura\" \/>\n\t<meta name=\"twitter:data2\" content=\"1 minuto\" \/>\n<script type=\"application\/ld+json\" class=\"yoast-schema-graph\">{\"@context\":\"https:\/\/schema.org\",\"@graph\":[{\"@type\":\"WebPage\",\"@id\":\"https:\/\/clam.org.br\/es\/agenda\/marcha-del-orgullo-2006\/33422\/\",\"url\":\"https:\/\/clam.org.br\/es\/agenda\/marcha-del-orgullo-2006\/33422\/\",\"name\":\"Marcha del Orgullo 2006 - CLAM - ES\",\"isPartOf\":{\"@id\":\"https:\/\/clam.org.br\/es\/#website\"},\"datePublished\":\"2006-09-26T03:00:00+00:00\",\"author\":{\"@id\":\"https:\/\/clam.org.br\/es\/#\/schema\/person\/fbd9a86032bf7479f94b0ded196f1010\"},\"breadcrumb\":{\"@id\":\"https:\/\/clam.org.br\/es\/agenda\/marcha-del-orgullo-2006\/33422\/#breadcrumb\"},\"inLanguage\":\"es\",\"potentialAction\":[{\"@type\":\"ReadAction\",\"target\":[\"https:\/\/clam.org.br\/es\/agenda\/marcha-del-orgullo-2006\/33422\/\"]}]},{\"@type\":\"BreadcrumbList\",\"@id\":\"https:\/\/clam.org.br\/es\/agenda\/marcha-del-orgullo-2006\/33422\/#breadcrumb\",\"itemListElement\":[{\"@type\":\"ListItem\",\"position\":1,\"name\":\"In\u00edcio\",\"item\":\"https:\/\/clam.org.br\/es\/\"},{\"@type\":\"ListItem\",\"position\":2,\"name\":\"Marcha del Orgullo 2006\"}]},{\"@type\":\"WebSite\",\"@id\":\"https:\/\/clam.org.br\/es\/#website\",\"url\":\"https:\/\/clam.org.br\/es\/\",\"name\":\"CLAM - ES\",\"description\":\"S\u00f3 mais um site CLAM - Centro Latino-Americano em Sexualidade e Direitos Humanos sites\",\"potentialAction\":[{\"@type\":\"SearchAction\",\"target\":{\"@type\":\"EntryPoint\",\"urlTemplate\":\"https:\/\/clam.org.br\/es\/?s={search_term_string}\"},\"query-input\":{\"@type\":\"PropertyValueSpecification\",\"valueRequired\":true,\"valueName\":\"search_term_string\"}}],\"inLanguage\":\"es\"},{\"@type\":\"Person\",\"@id\":\"https:\/\/clam.org.br\/es\/#\/schema\/person\/fbd9a86032bf7479f94b0ded196f1010\",\"name\":\"fw2\",\"image\":{\"@type\":\"ImageObject\",\"inLanguage\":\"es\",\"@id\":\"https:\/\/clam.org.br\/es\/#\/schema\/person\/image\/\",\"url\":\"https:\/\/secure.gravatar.com\/avatar\/c38472c0cdbde82d9b6fcc26adb3779d?s=96&d=mm&r=g\",\"contentUrl\":\"https:\/\/secure.gravatar.com\/avatar\/c38472c0cdbde82d9b6fcc26adb3779d?s=96&d=mm&r=g\",\"caption\":\"fw2\"},\"sameAs\":[\"https:\/\/clam.fw2web.com.br\"],\"url\":\"https:\/\/clam.org.br\/es\/author\/fw2\/\"}]}<\/script>\n<!-- \/ Yoast SEO plugin. -->","yoast_head_json":{"title":"Marcha del Orgullo 2006 - CLAM - ES","robots":{"index":"index","follow":"follow","max-snippet":"max-snippet:-1","max-image-preview":"max-image-preview:large","max-video-preview":"max-video-preview:-1"},"canonical":"https:\/\/clam.org.br\/es\/agenda\/marcha-del-orgullo-2006\/33422\/","og_locale":"es_ES","og_type":"article","og_title":"Marcha del Orgullo 2006 - CLAM - ES","og_description":"Nuevamente este a\u00f1o se realizar\u00e1 en Chile la &ldquo;Marcha del Orgullo 2006&rdquo;, el s\u00e1bado 30 de septiembre, desde las 15.00 en el Parque Bustamante. Este evento cuenta con el apoyo de Amnist\u00eda Internacional-Chile.","og_url":"https:\/\/clam.org.br\/es\/agenda\/marcha-del-orgullo-2006\/33422\/","og_site_name":"CLAM - ES","article_published_time":"2006-09-26T03:00:00+00:00","author":"fw2","twitter_card":"summary_large_image","twitter_misc":{"Escrito por":"fw2","Tiempo de lectura":"1 minuto"},"schema":{"@context":"https:\/\/schema.org","@graph":[{"@type":"WebPage","@id":"https:\/\/clam.org.br\/es\/agenda\/marcha-del-orgullo-2006\/33422\/","url":"https:\/\/clam.org.br\/es\/agenda\/marcha-del-orgullo-2006\/33422\/","name":"Marcha del Orgullo 2006 - CLAM - ES","isPartOf":{"@id":"https:\/\/clam.org.br\/es\/#website"},"datePublished":"2006-09-26T03:00:00+00:00","author":{"@id":"https:\/\/clam.org.br\/es\/#\/schema\/person\/fbd9a86032bf7479f94b0ded196f1010"},"breadcrumb":{"@id":"https:\/\/clam.org.br\/es\/agenda\/marcha-del-orgullo-2006\/33422\/#breadcrumb"},"inLanguage":"es","potentialAction":[{"@type":"ReadAction","target":["https:\/\/clam.org.br\/es\/agenda\/marcha-del-orgullo-2006\/33422\/"]}]},{"@type":"BreadcrumbList","@id":"https:\/\/clam.org.br\/es\/agenda\/marcha-del-orgullo-2006\/33422\/#breadcrumb","itemListElement":[{"@type":"ListItem","position":1,"name":"In\u00edcio","item":"https:\/\/clam.org.br\/es\/"},{"@type":"ListItem","position":2,"name":"Marcha del Orgullo 2006"}]},{"@type":"WebSite","@id":"https:\/\/clam.org.br\/es\/#website","url":"https:\/\/clam.org.br\/es\/","name":"CLAM - ES","description":"S\u00f3 mais um site CLAM - Centro Latino-Americano em Sexualidade e Direitos Humanos sites","potentialAction":[{"@type":"SearchAction","target":{"@type":"EntryPoint","urlTemplate":"https:\/\/clam.org.br\/es\/?s={search_term_string}"},"query-input":{"@type":"PropertyValueSpecification","valueRequired":true,"valueName":"search_term_string"}}],"inLanguage":"es"},{"@type":"Person","@id":"https:\/\/clam.org.br\/es\/#\/schema\/person\/fbd9a86032bf7479f94b0ded196f1010","name":"fw2","image":{"@type":"ImageObject","inLanguage":"es","@id":"https:\/\/clam.org.br\/es\/#\/schema\/person\/image\/","url":"https:\/\/secure.gravatar.com\/avatar\/c38472c0cdbde82d9b6fcc26adb3779d?s=96&d=mm&r=g","contentUrl":"https:\/\/secure.gravatar.com\/avatar\/c38472c0cdbde82d9b6fcc26adb3779d?s=96&d=mm&r=g","caption":"fw2"},"sameAs":["https:\/\/clam.fw2web.com.br"],"url":"https:\/\/clam.org.br\/es\/author\/fw2\/"}]}},"jetpack_featured_media_url":"","jetpack_sharing_enabled":true,"_links":{"self":[{"href":"https:\/\/clam.org.br\/es\/wp-json\/wp\/v2\/posts\/33422","targetHints":{"allow":["GET"]}}],"collection":[{"href":"https:\/\/clam.org.br\/es\/wp-json\/wp\/v2\/posts"}],"about":[{"href":"https:\/\/clam.org.br\/es\/wp-json\/wp\/v2\/types\/post"}],"author":[{"embeddable":true,"href":"https:\/\/clam.org.br\/es\/wp-json\/wp\/v2\/users\/1"}],"replies":[{"embeddable":true,"href":"https:\/\/clam.org.br\/es\/wp-json\/wp\/v2\/comments?post=33422"}],"version-history":[{"count":0,"href":"https:\/\/clam.org.br\/es\/wp-json\/wp\/v2\/posts\/33422\/revisions"}],"wp:attachment":[{"href":"https:\/\/clam.org.br\/es\/wp-json\/wp\/v2\/media?parent=33422"}],"wp:term":[{"taxonomy":"category","embeddable":true,"href":"https:\/\/clam.org.br\/es\/wp-json\/wp\/v2\/categories?post=33422"},{"taxonomy":"post_tag","embeddable":true,"href":"https:\/\/clam.org.br\/es\/wp-json\/wp\/v2\/tags?post=33422"}],"curies":[{"name":"wp","href":"https:\/\/api.w.org\/{rel}","templated":true}]}}