{"id":33436,"date":"2006-10-17T00:00:00","date_gmt":"2006-10-17T03:00:00","guid":{"rendered":"https:\/\/clam.fw2web.com.br\/es\/2006\/10\/17\/obra-teatral-atrapenlas-si-pueden\/"},"modified":"2006-10-17T00:00:00","modified_gmt":"2006-10-17T03:00:00","slug":"obra-teatral-atrapenlas-si-pueden","status":"publish","type":"post","link":"https:\/\/clam.org.br\/es\/agenda\/obra-teatral-atrapenlas-si-pueden\/33436\/","title":{"rendered":"Obra teatral &#8216;Atr\u00e1penlas si pueden&#8217;"},"content":{"rendered":"<p><P class=MsoNormal style=\"MARGIN: 0cm 0cm 0pt; tab-stops: 35.25pt\"><SPAN lang=ES style=\"FONT-SIZE: 10pt; FONT-FAMILY: Verdana; mso-bidi-font-size: 12.0pt\">El grupo de trabajo<SPAN style=\"mso-spacerun: yes\">&nbsp; <\/SPAN>Zaitania-Fundaci\u00f3n para el Desarrollo y Proyecci\u00f3n de las Artes convida a la presentaci\u00f3n de &ldquo;Atr\u00e1penlas si pueden&rdquo; obra del director Luis Augusto Vega.<?xml:namespace prefix = o ns = \"urn:schemas-microsoft-com:office:office\" \/><o_p><\/o_p><\/SPAN><\/P> <P class=MsoNormal style=\"MARGIN: 0cm 0cm 0pt; tab-stops: 35.25pt\"><SPAN lang=ES style=\"FONT-SIZE: 10pt; FONT-FAMILY: Verdana; mso-bidi-font-size: 12.0pt\"><o_p>&nbsp;<\/o_p><\/SPAN><\/P> <P class=MsoNormal style=\"MARGIN: 0cm 0cm 0pt; tab-stops: 35.25pt\"><SPAN lang=ES style=\"FONT-SIZE: 10pt; FONT-FAMILY: Verdana; mso-bidi-font-size: 12.0pt\">&ldquo;Atr\u00e1penlas Si Pueden&rdquo; es un Caf\u00e9 Concierto de comedia musical en donde en 6 diferentes &ldquo;Sketches&rdquo; se representan situaciones cotidianas de la mujer, desde la que es maltratada por su esposo hasta la que siempre ha so\u00f1ado con ser una Diva JLO, Shakira, Madona, Luz Casals, entre otras.<SPAN style=\"mso-spacerun: yes\">&nbsp; <\/SPAN>Este caf\u00e9 Concierto tiene una duraci\u00f3n de hora y media.<SPAN style=\"mso-tab-count: 1\">&nbsp;&nbsp; <\/SPAN><o_p><\/o_p><\/SPAN><\/P> <P class=MsoNormal style=\"MARGIN: 0cm 0cm 0pt\"><SPAN lang=ES style=\"FONT-SIZE: 10pt; FONT-FAMILY: Verdana; mso-bidi-font-size: 12.0pt\"><o_p>&nbsp;<\/o_p><\/SPAN><\/P> <P class=MsoNormal style=\"MARGIN: 0cm 0cm 0pt\"><SPAN lang=ES style=\"FONT-SIZE: 10pt; FONT-FAMILY: Verdana; mso-bidi-font-size: 12.0pt\">Lanzamiento: Viernes 13 de octubre 2006,<SPAN style=\"mso-spacerun: yes\">&nbsp; <\/SPAN><o_p><\/o_p><\/SPAN><\/P> <P class=MsoNormal style=\"MARGIN: 0cm 0cm 0pt\"><SPAN lang=ES style=\"FONT-SIZE: 10pt; FONT-FAMILY: Verdana; mso-bidi-font-size: 12.0pt\">Presentaciones: 13, 14, 20, 21, 27 y 28 de octubre<o_p><\/o_p><\/SPAN><\/P> <P class=MsoNormal style=\"MARGIN: 0cm 0cm 0pt\"><SPAN lang=ES style=\"FONT-SIZE: 10pt; FONT-FAMILY: Verdana; mso-bidi-font-size: 12.0pt\">Lugar: La Plaza, Carrera 13 # 66-44<o_p><\/o_p><\/SPAN><\/P> <P class=MsoNormal style=\"MARGIN: 0cm 0cm 0pt\"><SPAN lang=ES style=\"FONT-SIZE: 10pt; FONT-FAMILY: Verdana; mso-bidi-font-size: 12.0pt\">Hora: 8:15 P.M<o_p><\/o_p><\/SPAN><\/P> <P class=MsoNormal style=\"MARGIN: 0cm 0cm 0pt\"><SPAN lang=ES style=\"FONT-SIZE: 10pt; FONT-FAMILY: Verdana; mso-bidi-font-size: 12.0pt\">Boleter\u00eda: $30.000 General, $40.000 VIP en los tel\u00e9fonos<o_p><\/o_p><\/SPAN><\/P> <P class=MsoNormal style=\"MARGIN: 0cm 0cm 0pt\"><SPAN lang=ES style=\"FONT-SIZE: 10pt; FONT-FAMILY: Verdana; mso-bidi-font-size: 12.0pt\">Cel.312 4329494 &#8211; Tel. 4808016 &ndash; 2878494<o_p><\/o_p><\/SPAN><\/P> <P class=MsoNormal style=\"MARGIN: 0cm 0cm 0pt; tab-stops: 35.25pt\"><SPAN lang=ES style=\"FONT-SIZE: 10pt; FONT-FAMILY: Verdana; mso-bidi-font-size: 12.0pt\">Informaciones: Andrea Romero al 3103346260 o con Andr\u00e9s Medina al 315 8969566<o_p><\/o_p><\/SPAN><\/P> <P class=MsoNormal style=\"MARGIN: 0cm 0cm 0pt; tab-stops: 35.25pt\"><SPAN lang=ES style=\"FONT-SIZE: 10pt; FONT-FAMILY: Verdana; mso-bidi-font-size: 12.0pt\"><o_p>&nbsp;<\/o_p><\/SPAN><\/P> <P class=MsoNormal style=\"MARGIN: 0cm 0cm 0pt\"><SPAN lang=ES style=\"FONT-SIZE: 10pt; FONT-FAMILY: Verdana; mso-bidi-font-size: 12.0pt\">Esta Fundaci\u00f3n creada por un grupo de artistas con amplia trayectoria en las \u00e1reas de las<SPAN style=\"mso-spacerun: yes\">&nbsp; <\/SPAN>artes pl\u00e1sticas, la danza, el teatro y el cine tienen entre sus objetivos la construcci\u00f3n, fortalecimiento y consolidaci\u00f3n de espacios que permitan brindar la formaci\u00f3n, desarrollo, proyecci\u00f3n y reconocimiento a ni\u00f1os(as), j\u00f3venes y adultos, en todas las \u00e1reas art\u00edsticas a trav\u00e9s de procesos que permitan y apunten al desarrollo social y cultural de los Colombianos. <o_p><\/o_p><\/SPAN><\/P> <P class=MsoNormal style=\"MARGIN: 0cm 0cm 0pt\"><SPAN lang=ES style=\"FONT-SIZE: 10pt; FONT-FAMILY: Verdana; mso-bidi-font-size: 12.0pt\"><SPAN style=\"mso-spacerun: yes\">&nbsp;<\/SPAN><o_p><\/o_p><\/SPAN><\/P> <P class=MsoNormal style=\"MARGIN: 0cm 0cm 0pt\"><SPAN lang=ES style=\"FONT-SIZE: 10pt; FONT-FAMILY: Verdana; mso-bidi-font-size: 12.0pt\">La fundaci\u00f3n se ha unido siempre a los procesos de tolerancia y desarrollo social, por esto queremos dar cumplimiento a nuestros objetivos con un nuevo proyecto &ldquo;LIBELULAS&rdquo; que busca la &ldquo;Recuperaci\u00f3n Psicol\u00f3gica a Ni\u00f1os que han<SPAN style=\"mso-spacerun: yes\">&nbsp; <\/SPAN>sido desplazados Violentamente de sus lugares de origen en Colombia a trav\u00e9s de las artes&rdquo;.<o_p><\/o_p><\/SPAN><\/P> <P class=MsoNormal style=\"MARGIN: 0cm 0cm 0pt\"><SPAN lang=ES style=\"FONT-SIZE: 10pt; FONT-FAMILY: Verdana; mso-bidi-font-size: 12.0pt\"><SPAN style=\"mso-spacerun: yes\">&nbsp;<\/SPAN><o_p><\/o_p><\/SPAN><\/P> <P class=MsoNormal style=\"MARGIN: 0cm 0cm 0pt\"><SPAN lang=ES style=\"FONT-SIZE: 10pt; FONT-FAMILY: Verdana; mso-bidi-font-size: 12.0pt\">Con el fin de dar cumplimiento a este proyecto, Zaitania est\u00e1 desarrollando el montaje del Caf\u00e9 Concierto &ldquo;ATR\u00c1PENLAS SI PUEDEN&rdquo;,<SPAN style=\"mso-spacerun: yes\">&nbsp; <\/SPAN>show que tiene como atractivo principal la actuaci\u00f3n de cinco actores travestis, que representan en escena de una manera sana y respetuosa su condici\u00f3n. Este tipo de show se ha realizado en pa\u00edses como Chile y Argentina gan\u00e1ndose todos los aplausos; por esto queremos adaptarlo en Colombia teniendo la plena certeza de la aceptaci\u00f3n del p\u00fablico en general. <o_p><\/o_p><\/SPAN><\/P><\/p>\n","protected":false},"excerpt":{"rendered":"<p>El grupo de trabajo&nbsp; Zaitania-Fundaci\u00f3n para el Desarrollo y Proyecci\u00f3n de las Artes convida a la presentaci\u00f3n de &ldquo;Atr\u00e1penlas si pueden&rdquo; obra del director Luis Augusto Vega.<\/p>\n","protected":false},"author":1,"featured_media":0,"comment_status":"open","ping_status":"open","sticky":false,"template":"","format":"standard","meta":{"_acf_changed":false,"site-sidebar-layout":"default","site-content-layout":"default","ast-global-header-display":"","ast-main-header-display":"","ast-hfb-above-header-display":"","ast-hfb-below-header-display":"","ast-hfb-mobile-header-display":"","site-post-title":"","ast-breadcrumbs-content":"","ast-featured-img":"","footer-sml-layout":"","theme-transparent-header-meta":"","adv-header-id-meta":"","stick-header-meta":"","header-above-stick-meta":"","header-main-stick-meta":"","header-below-stick-meta":"","_jetpack_memberships_contains_paid_content":false,"footnotes":""},"categories":[28],"tags":[],"class_list":["post-33436","post","type-post","status-publish","format-standard","hentry","category-agenda"],"acf":[],"yoast_head":"<!-- This site is optimized with the Yoast SEO plugin v26.1.1 - https:\/\/yoast.com\/wordpress\/plugins\/seo\/ -->\n<title>Obra teatral &#039;Atr\u00e1penlas si pueden&#039; - CLAM - ES<\/title>\n<meta name=\"robots\" content=\"index, follow, max-snippet:-1, max-image-preview:large, max-video-preview:-1\" \/>\n<link rel=\"canonical\" href=\"https:\/\/clam.org.br\/es\/agenda\/obra-teatral-atrapenlas-si-pueden\/33436\/\" \/>\n<meta property=\"og:locale\" content=\"es_ES\" \/>\n<meta property=\"og:type\" content=\"article\" \/>\n<meta property=\"og:title\" content=\"Obra teatral &#039;Atr\u00e1penlas si pueden&#039; - CLAM - ES\" \/>\n<meta property=\"og:description\" content=\"El grupo de trabajo&nbsp; Zaitania-Fundaci\u00f3n para el Desarrollo y Proyecci\u00f3n de las Artes convida a la presentaci\u00f3n de &ldquo;Atr\u00e1penlas si pueden&rdquo; obra del director Luis Augusto Vega.\" \/>\n<meta property=\"og:url\" content=\"https:\/\/clam.org.br\/es\/agenda\/obra-teatral-atrapenlas-si-pueden\/33436\/\" \/>\n<meta property=\"og:site_name\" content=\"CLAM - ES\" \/>\n<meta property=\"article:published_time\" content=\"2006-10-17T03:00:00+00:00\" \/>\n<meta name=\"author\" content=\"fw2\" \/>\n<meta name=\"twitter:card\" content=\"summary_large_image\" \/>\n<meta name=\"twitter:label1\" content=\"Escrito por\" \/>\n\t<meta name=\"twitter:data1\" content=\"fw2\" \/>\n\t<meta name=\"twitter:label2\" content=\"Tiempo de lectura\" \/>\n\t<meta name=\"twitter:data2\" content=\"2 minutos\" \/>\n<script type=\"application\/ld+json\" class=\"yoast-schema-graph\">{\"@context\":\"https:\/\/schema.org\",\"@graph\":[{\"@type\":\"WebPage\",\"@id\":\"https:\/\/clam.org.br\/es\/agenda\/obra-teatral-atrapenlas-si-pueden\/33436\/\",\"url\":\"https:\/\/clam.org.br\/es\/agenda\/obra-teatral-atrapenlas-si-pueden\/33436\/\",\"name\":\"Obra teatral 'Atr\u00e1penlas si pueden' - CLAM - ES\",\"isPartOf\":{\"@id\":\"https:\/\/clam.org.br\/es\/#website\"},\"datePublished\":\"2006-10-17T03:00:00+00:00\",\"author\":{\"@id\":\"https:\/\/clam.org.br\/es\/#\/schema\/person\/fbd9a86032bf7479f94b0ded196f1010\"},\"breadcrumb\":{\"@id\":\"https:\/\/clam.org.br\/es\/agenda\/obra-teatral-atrapenlas-si-pueden\/33436\/#breadcrumb\"},\"inLanguage\":\"es\",\"potentialAction\":[{\"@type\":\"ReadAction\",\"target\":[\"https:\/\/clam.org.br\/es\/agenda\/obra-teatral-atrapenlas-si-pueden\/33436\/\"]}]},{\"@type\":\"BreadcrumbList\",\"@id\":\"https:\/\/clam.org.br\/es\/agenda\/obra-teatral-atrapenlas-si-pueden\/33436\/#breadcrumb\",\"itemListElement\":[{\"@type\":\"ListItem\",\"position\":1,\"name\":\"In\u00edcio\",\"item\":\"https:\/\/clam.org.br\/es\/\"},{\"@type\":\"ListItem\",\"position\":2,\"name\":\"Obra teatral &#8216;Atr\u00e1penlas si pueden&#8217;\"}]},{\"@type\":\"WebSite\",\"@id\":\"https:\/\/clam.org.br\/es\/#website\",\"url\":\"https:\/\/clam.org.br\/es\/\",\"name\":\"CLAM - ES\",\"description\":\"S\u00f3 mais um site CLAM - Centro Latino-Americano em Sexualidade e Direitos Humanos sites\",\"potentialAction\":[{\"@type\":\"SearchAction\",\"target\":{\"@type\":\"EntryPoint\",\"urlTemplate\":\"https:\/\/clam.org.br\/es\/?s={search_term_string}\"},\"query-input\":{\"@type\":\"PropertyValueSpecification\",\"valueRequired\":true,\"valueName\":\"search_term_string\"}}],\"inLanguage\":\"es\"},{\"@type\":\"Person\",\"@id\":\"https:\/\/clam.org.br\/es\/#\/schema\/person\/fbd9a86032bf7479f94b0ded196f1010\",\"name\":\"fw2\",\"image\":{\"@type\":\"ImageObject\",\"inLanguage\":\"es\",\"@id\":\"https:\/\/clam.org.br\/es\/#\/schema\/person\/image\/\",\"url\":\"https:\/\/secure.gravatar.com\/avatar\/c38472c0cdbde82d9b6fcc26adb3779d?s=96&d=mm&r=g\",\"contentUrl\":\"https:\/\/secure.gravatar.com\/avatar\/c38472c0cdbde82d9b6fcc26adb3779d?s=96&d=mm&r=g\",\"caption\":\"fw2\"},\"sameAs\":[\"https:\/\/clam.fw2web.com.br\"],\"url\":\"https:\/\/clam.org.br\/es\/author\/fw2\/\"}]}<\/script>\n<!-- \/ Yoast SEO plugin. -->","yoast_head_json":{"title":"Obra teatral 'Atr\u00e1penlas si pueden' - CLAM - ES","robots":{"index":"index","follow":"follow","max-snippet":"max-snippet:-1","max-image-preview":"max-image-preview:large","max-video-preview":"max-video-preview:-1"},"canonical":"https:\/\/clam.org.br\/es\/agenda\/obra-teatral-atrapenlas-si-pueden\/33436\/","og_locale":"es_ES","og_type":"article","og_title":"Obra teatral 'Atr\u00e1penlas si pueden' - CLAM - ES","og_description":"El grupo de trabajo&nbsp; Zaitania-Fundaci\u00f3n para el Desarrollo y Proyecci\u00f3n de las Artes convida a la presentaci\u00f3n de &ldquo;Atr\u00e1penlas si pueden&rdquo; obra del director Luis Augusto Vega.","og_url":"https:\/\/clam.org.br\/es\/agenda\/obra-teatral-atrapenlas-si-pueden\/33436\/","og_site_name":"CLAM - ES","article_published_time":"2006-10-17T03:00:00+00:00","author":"fw2","twitter_card":"summary_large_image","twitter_misc":{"Escrito por":"fw2","Tiempo de lectura":"2 minutos"},"schema":{"@context":"https:\/\/schema.org","@graph":[{"@type":"WebPage","@id":"https:\/\/clam.org.br\/es\/agenda\/obra-teatral-atrapenlas-si-pueden\/33436\/","url":"https:\/\/clam.org.br\/es\/agenda\/obra-teatral-atrapenlas-si-pueden\/33436\/","name":"Obra teatral 'Atr\u00e1penlas si pueden' - CLAM - ES","isPartOf":{"@id":"https:\/\/clam.org.br\/es\/#website"},"datePublished":"2006-10-17T03:00:00+00:00","author":{"@id":"https:\/\/clam.org.br\/es\/#\/schema\/person\/fbd9a86032bf7479f94b0ded196f1010"},"breadcrumb":{"@id":"https:\/\/clam.org.br\/es\/agenda\/obra-teatral-atrapenlas-si-pueden\/33436\/#breadcrumb"},"inLanguage":"es","potentialAction":[{"@type":"ReadAction","target":["https:\/\/clam.org.br\/es\/agenda\/obra-teatral-atrapenlas-si-pueden\/33436\/"]}]},{"@type":"BreadcrumbList","@id":"https:\/\/clam.org.br\/es\/agenda\/obra-teatral-atrapenlas-si-pueden\/33436\/#breadcrumb","itemListElement":[{"@type":"ListItem","position":1,"name":"In\u00edcio","item":"https:\/\/clam.org.br\/es\/"},{"@type":"ListItem","position":2,"name":"Obra teatral &#8216;Atr\u00e1penlas si pueden&#8217;"}]},{"@type":"WebSite","@id":"https:\/\/clam.org.br\/es\/#website","url":"https:\/\/clam.org.br\/es\/","name":"CLAM - ES","description":"S\u00f3 mais um site CLAM - Centro Latino-Americano em Sexualidade e Direitos Humanos sites","potentialAction":[{"@type":"SearchAction","target":{"@type":"EntryPoint","urlTemplate":"https:\/\/clam.org.br\/es\/?s={search_term_string}"},"query-input":{"@type":"PropertyValueSpecification","valueRequired":true,"valueName":"search_term_string"}}],"inLanguage":"es"},{"@type":"Person","@id":"https:\/\/clam.org.br\/es\/#\/schema\/person\/fbd9a86032bf7479f94b0ded196f1010","name":"fw2","image":{"@type":"ImageObject","inLanguage":"es","@id":"https:\/\/clam.org.br\/es\/#\/schema\/person\/image\/","url":"https:\/\/secure.gravatar.com\/avatar\/c38472c0cdbde82d9b6fcc26adb3779d?s=96&d=mm&r=g","contentUrl":"https:\/\/secure.gravatar.com\/avatar\/c38472c0cdbde82d9b6fcc26adb3779d?s=96&d=mm&r=g","caption":"fw2"},"sameAs":["https:\/\/clam.fw2web.com.br"],"url":"https:\/\/clam.org.br\/es\/author\/fw2\/"}]}},"jetpack_featured_media_url":"","jetpack_sharing_enabled":true,"_links":{"self":[{"href":"https:\/\/clam.org.br\/es\/wp-json\/wp\/v2\/posts\/33436","targetHints":{"allow":["GET"]}}],"collection":[{"href":"https:\/\/clam.org.br\/es\/wp-json\/wp\/v2\/posts"}],"about":[{"href":"https:\/\/clam.org.br\/es\/wp-json\/wp\/v2\/types\/post"}],"author":[{"embeddable":true,"href":"https:\/\/clam.org.br\/es\/wp-json\/wp\/v2\/users\/1"}],"replies":[{"embeddable":true,"href":"https:\/\/clam.org.br\/es\/wp-json\/wp\/v2\/comments?post=33436"}],"version-history":[{"count":0,"href":"https:\/\/clam.org.br\/es\/wp-json\/wp\/v2\/posts\/33436\/revisions"}],"wp:attachment":[{"href":"https:\/\/clam.org.br\/es\/wp-json\/wp\/v2\/media?parent=33436"}],"wp:term":[{"taxonomy":"category","embeddable":true,"href":"https:\/\/clam.org.br\/es\/wp-json\/wp\/v2\/categories?post=33436"},{"taxonomy":"post_tag","embeddable":true,"href":"https:\/\/clam.org.br\/es\/wp-json\/wp\/v2\/tags?post=33436"}],"curies":[{"name":"wp","href":"https:\/\/api.w.org\/{rel}","templated":true}]}}