{"id":33456,"date":"2006-10-31T00:00:00","date_gmt":"2006-10-31T03:00:00","guid":{"rendered":"https:\/\/clam.fw2web.com.br\/es\/2006\/10\/31\/encuentro-nacional-lgbt-en-bogota\/"},"modified":"2006-10-31T00:00:00","modified_gmt":"2006-10-31T03:00:00","slug":"encuentro-nacional-lgbt-en-bogota","status":"publish","type":"post","link":"https:\/\/clam.org.br\/es\/agenda\/encuentro-nacional-lgbt-en-bogota\/33456\/","title":{"rendered":"Encuentro nacional LGBT en Bogot\u00e1"},"content":{"rendered":"<p>Del 2 al 4 de Noviembre se realizar\u00e1 un encuentro que reunir\u00e1 a l\u00edderes regionales con el objetivo de encontrar puntos conceptuales comunes dentro del sector, que permitan evitar la endodiscriminaci\u00f3n que se presenta dentro del sector LGBT. Por otro lado se buscar\u00e1 articular el trabajo nacional y promover una red que permita consolidar procesos y mantener una comunicaci\u00f3n permanente entre el proceso de Bogot\u00e1 y el de las otras regiones del pa\u00eds.  <P>En este encuentro se tratar\u00e1n temas como: El Concepto de G\u00e9nero, Construcci\u00f3n de Identidades, Bisexualidad y Transgenerismo entre otros. Ser\u00e1n tres d\u00edas de trabajo de diversidad y de consensos para el fortalecimiento del movimiento en Colombia.  <P>Lugar: Profamilia Centro para J\u00f3venes, Carrera 15 No 34 &ndash; 47, Bogot\u00e1 D.C.  <P>Hora: 8.30 a.m.  <P>Informes: t\u00e9l (57) (1) 3402300, <A href=\"mailto:iwilches@planetapaz.org\">iwilches@planetapaz.org<\/A><\/P><\/p>\n","protected":false},"excerpt":{"rendered":"<p>Del 2 al 4 de Noviembre se realizar\u00e1 un encuentro que reunir\u00e1 a l\u00edderes regionales con el objetivo de encontrar puntos conceptuales comunes dentro del sector, que permitan evitar la endodiscriminaci\u00f3n que se presenta dentro del sector LGBT. Por otro lado se buscar\u00e1 articular el trabajo nacional y promover una red que permita consolidar procesos y mantener una comunicaci\u00f3n permanente entre el proceso de Bogot\u00e1 y el de las otras regiones del pa\u00eds.<\/p>\n","protected":false},"author":1,"featured_media":0,"comment_status":"open","ping_status":"open","sticky":false,"template":"","format":"standard","meta":{"_acf_changed":false,"site-sidebar-layout":"default","site-content-layout":"default","ast-global-header-display":"","ast-main-header-display":"","ast-hfb-above-header-display":"","ast-hfb-below-header-display":"","ast-hfb-mobile-header-display":"","site-post-title":"","ast-breadcrumbs-content":"","ast-featured-img":"","footer-sml-layout":"","theme-transparent-header-meta":"","adv-header-id-meta":"","stick-header-meta":"","header-above-stick-meta":"","header-main-stick-meta":"","header-below-stick-meta":"","_jetpack_memberships_contains_paid_content":false,"footnotes":""},"categories":[28],"tags":[],"class_list":["post-33456","post","type-post","status-publish","format-standard","hentry","category-agenda"],"acf":[],"yoast_head":"<!-- This site is optimized with the Yoast SEO plugin v26.1.1 - https:\/\/yoast.com\/wordpress\/plugins\/seo\/ -->\n<title>Encuentro nacional LGBT en Bogot\u00e1 - CLAM - ES<\/title>\n<meta name=\"robots\" content=\"index, follow, max-snippet:-1, max-image-preview:large, max-video-preview:-1\" \/>\n<link rel=\"canonical\" href=\"https:\/\/clam.org.br\/es\/agenda\/encuentro-nacional-lgbt-en-bogota\/33456\/\" \/>\n<meta property=\"og:locale\" content=\"es_ES\" \/>\n<meta property=\"og:type\" content=\"article\" \/>\n<meta property=\"og:title\" content=\"Encuentro nacional LGBT en Bogot\u00e1 - CLAM - ES\" \/>\n<meta property=\"og:description\" content=\"Del 2 al 4 de Noviembre se realizar\u00e1 un encuentro que reunir\u00e1 a l\u00edderes regionales con el objetivo de encontrar puntos conceptuales comunes dentro del sector, que permitan evitar la endodiscriminaci\u00f3n que se presenta dentro del sector LGBT. Por otro lado se buscar\u00e1 articular el trabajo nacional y promover una red que permita consolidar procesos y mantener una comunicaci\u00f3n permanente entre el proceso de Bogot\u00e1 y el de las otras regiones del pa\u00eds.\" \/>\n<meta property=\"og:url\" content=\"https:\/\/clam.org.br\/es\/agenda\/encuentro-nacional-lgbt-en-bogota\/33456\/\" \/>\n<meta property=\"og:site_name\" content=\"CLAM - ES\" \/>\n<meta property=\"article:published_time\" content=\"2006-10-31T03:00:00+00:00\" \/>\n<meta name=\"author\" content=\"fw2\" \/>\n<meta name=\"twitter:card\" content=\"summary_large_image\" \/>\n<meta name=\"twitter:label1\" content=\"Escrito por\" \/>\n\t<meta name=\"twitter:data1\" content=\"fw2\" \/>\n\t<meta name=\"twitter:label2\" content=\"Tiempo de lectura\" \/>\n\t<meta name=\"twitter:data2\" content=\"1 minuto\" \/>\n<script type=\"application\/ld+json\" class=\"yoast-schema-graph\">{\"@context\":\"https:\/\/schema.org\",\"@graph\":[{\"@type\":\"WebPage\",\"@id\":\"https:\/\/clam.org.br\/es\/agenda\/encuentro-nacional-lgbt-en-bogota\/33456\/\",\"url\":\"https:\/\/clam.org.br\/es\/agenda\/encuentro-nacional-lgbt-en-bogota\/33456\/\",\"name\":\"Encuentro nacional LGBT en Bogot\u00e1 - CLAM - ES\",\"isPartOf\":{\"@id\":\"https:\/\/clam.org.br\/es\/#website\"},\"datePublished\":\"2006-10-31T03:00:00+00:00\",\"author\":{\"@id\":\"https:\/\/clam.org.br\/es\/#\/schema\/person\/fbd9a86032bf7479f94b0ded196f1010\"},\"breadcrumb\":{\"@id\":\"https:\/\/clam.org.br\/es\/agenda\/encuentro-nacional-lgbt-en-bogota\/33456\/#breadcrumb\"},\"inLanguage\":\"es\",\"potentialAction\":[{\"@type\":\"ReadAction\",\"target\":[\"https:\/\/clam.org.br\/es\/agenda\/encuentro-nacional-lgbt-en-bogota\/33456\/\"]}]},{\"@type\":\"BreadcrumbList\",\"@id\":\"https:\/\/clam.org.br\/es\/agenda\/encuentro-nacional-lgbt-en-bogota\/33456\/#breadcrumb\",\"itemListElement\":[{\"@type\":\"ListItem\",\"position\":1,\"name\":\"In\u00edcio\",\"item\":\"https:\/\/clam.org.br\/es\/\"},{\"@type\":\"ListItem\",\"position\":2,\"name\":\"Encuentro nacional LGBT en Bogot\u00e1\"}]},{\"@type\":\"WebSite\",\"@id\":\"https:\/\/clam.org.br\/es\/#website\",\"url\":\"https:\/\/clam.org.br\/es\/\",\"name\":\"CLAM - ES\",\"description\":\"S\u00f3 mais um site CLAM - Centro Latino-Americano em Sexualidade e Direitos Humanos sites\",\"potentialAction\":[{\"@type\":\"SearchAction\",\"target\":{\"@type\":\"EntryPoint\",\"urlTemplate\":\"https:\/\/clam.org.br\/es\/?s={search_term_string}\"},\"query-input\":{\"@type\":\"PropertyValueSpecification\",\"valueRequired\":true,\"valueName\":\"search_term_string\"}}],\"inLanguage\":\"es\"},{\"@type\":\"Person\",\"@id\":\"https:\/\/clam.org.br\/es\/#\/schema\/person\/fbd9a86032bf7479f94b0ded196f1010\",\"name\":\"fw2\",\"image\":{\"@type\":\"ImageObject\",\"inLanguage\":\"es\",\"@id\":\"https:\/\/clam.org.br\/es\/#\/schema\/person\/image\/\",\"url\":\"https:\/\/secure.gravatar.com\/avatar\/c38472c0cdbde82d9b6fcc26adb3779d?s=96&d=mm&r=g\",\"contentUrl\":\"https:\/\/secure.gravatar.com\/avatar\/c38472c0cdbde82d9b6fcc26adb3779d?s=96&d=mm&r=g\",\"caption\":\"fw2\"},\"sameAs\":[\"https:\/\/clam.fw2web.com.br\"],\"url\":\"https:\/\/clam.org.br\/es\/author\/fw2\/\"}]}<\/script>\n<!-- \/ Yoast SEO plugin. -->","yoast_head_json":{"title":"Encuentro nacional LGBT en Bogot\u00e1 - CLAM - ES","robots":{"index":"index","follow":"follow","max-snippet":"max-snippet:-1","max-image-preview":"max-image-preview:large","max-video-preview":"max-video-preview:-1"},"canonical":"https:\/\/clam.org.br\/es\/agenda\/encuentro-nacional-lgbt-en-bogota\/33456\/","og_locale":"es_ES","og_type":"article","og_title":"Encuentro nacional LGBT en Bogot\u00e1 - CLAM - ES","og_description":"Del 2 al 4 de Noviembre se realizar\u00e1 un encuentro que reunir\u00e1 a l\u00edderes regionales con el objetivo de encontrar puntos conceptuales comunes dentro del sector, que permitan evitar la endodiscriminaci\u00f3n que se presenta dentro del sector LGBT. Por otro lado se buscar\u00e1 articular el trabajo nacional y promover una red que permita consolidar procesos y mantener una comunicaci\u00f3n permanente entre el proceso de Bogot\u00e1 y el de las otras regiones del pa\u00eds.","og_url":"https:\/\/clam.org.br\/es\/agenda\/encuentro-nacional-lgbt-en-bogota\/33456\/","og_site_name":"CLAM - ES","article_published_time":"2006-10-31T03:00:00+00:00","author":"fw2","twitter_card":"summary_large_image","twitter_misc":{"Escrito por":"fw2","Tiempo de lectura":"1 minuto"},"schema":{"@context":"https:\/\/schema.org","@graph":[{"@type":"WebPage","@id":"https:\/\/clam.org.br\/es\/agenda\/encuentro-nacional-lgbt-en-bogota\/33456\/","url":"https:\/\/clam.org.br\/es\/agenda\/encuentro-nacional-lgbt-en-bogota\/33456\/","name":"Encuentro nacional LGBT en Bogot\u00e1 - CLAM - ES","isPartOf":{"@id":"https:\/\/clam.org.br\/es\/#website"},"datePublished":"2006-10-31T03:00:00+00:00","author":{"@id":"https:\/\/clam.org.br\/es\/#\/schema\/person\/fbd9a86032bf7479f94b0ded196f1010"},"breadcrumb":{"@id":"https:\/\/clam.org.br\/es\/agenda\/encuentro-nacional-lgbt-en-bogota\/33456\/#breadcrumb"},"inLanguage":"es","potentialAction":[{"@type":"ReadAction","target":["https:\/\/clam.org.br\/es\/agenda\/encuentro-nacional-lgbt-en-bogota\/33456\/"]}]},{"@type":"BreadcrumbList","@id":"https:\/\/clam.org.br\/es\/agenda\/encuentro-nacional-lgbt-en-bogota\/33456\/#breadcrumb","itemListElement":[{"@type":"ListItem","position":1,"name":"In\u00edcio","item":"https:\/\/clam.org.br\/es\/"},{"@type":"ListItem","position":2,"name":"Encuentro nacional LGBT en Bogot\u00e1"}]},{"@type":"WebSite","@id":"https:\/\/clam.org.br\/es\/#website","url":"https:\/\/clam.org.br\/es\/","name":"CLAM - ES","description":"S\u00f3 mais um site CLAM - Centro Latino-Americano em Sexualidade e Direitos Humanos sites","potentialAction":[{"@type":"SearchAction","target":{"@type":"EntryPoint","urlTemplate":"https:\/\/clam.org.br\/es\/?s={search_term_string}"},"query-input":{"@type":"PropertyValueSpecification","valueRequired":true,"valueName":"search_term_string"}}],"inLanguage":"es"},{"@type":"Person","@id":"https:\/\/clam.org.br\/es\/#\/schema\/person\/fbd9a86032bf7479f94b0ded196f1010","name":"fw2","image":{"@type":"ImageObject","inLanguage":"es","@id":"https:\/\/clam.org.br\/es\/#\/schema\/person\/image\/","url":"https:\/\/secure.gravatar.com\/avatar\/c38472c0cdbde82d9b6fcc26adb3779d?s=96&d=mm&r=g","contentUrl":"https:\/\/secure.gravatar.com\/avatar\/c38472c0cdbde82d9b6fcc26adb3779d?s=96&d=mm&r=g","caption":"fw2"},"sameAs":["https:\/\/clam.fw2web.com.br"],"url":"https:\/\/clam.org.br\/es\/author\/fw2\/"}]}},"jetpack_featured_media_url":"","jetpack_sharing_enabled":true,"_links":{"self":[{"href":"https:\/\/clam.org.br\/es\/wp-json\/wp\/v2\/posts\/33456","targetHints":{"allow":["GET"]}}],"collection":[{"href":"https:\/\/clam.org.br\/es\/wp-json\/wp\/v2\/posts"}],"about":[{"href":"https:\/\/clam.org.br\/es\/wp-json\/wp\/v2\/types\/post"}],"author":[{"embeddable":true,"href":"https:\/\/clam.org.br\/es\/wp-json\/wp\/v2\/users\/1"}],"replies":[{"embeddable":true,"href":"https:\/\/clam.org.br\/es\/wp-json\/wp\/v2\/comments?post=33456"}],"version-history":[{"count":0,"href":"https:\/\/clam.org.br\/es\/wp-json\/wp\/v2\/posts\/33456\/revisions"}],"wp:attachment":[{"href":"https:\/\/clam.org.br\/es\/wp-json\/wp\/v2\/media?parent=33456"}],"wp:term":[{"taxonomy":"category","embeddable":true,"href":"https:\/\/clam.org.br\/es\/wp-json\/wp\/v2\/categories?post=33456"},{"taxonomy":"post_tag","embeddable":true,"href":"https:\/\/clam.org.br\/es\/wp-json\/wp\/v2\/tags?post=33456"}],"curies":[{"name":"wp","href":"https:\/\/api.w.org\/{rel}","templated":true}]}}