{"id":33460,"date":"2006-11-07T00:00:00","date_gmt":"2006-11-07T02:00:00","guid":{"rendered":"https:\/\/clam.fw2web.com.br\/es\/2006\/11\/07\/perspectiva-de-genero-en-la-nueva-ley-de-educacion\/"},"modified":"2006-11-07T00:00:00","modified_gmt":"2006-11-07T02:00:00","slug":"perspectiva-de-genero-en-la-nueva-ley-de-educacion","status":"publish","type":"post","link":"https:\/\/clam.org.br\/es\/agenda\/perspectiva-de-genero-en-la-nueva-ley-de-educacion\/33460\/","title":{"rendered":"Perspectiva de G\u00e9nero en la nueva Ley de educaci\u00f3n"},"content":{"rendered":"<p>La misma tiene la finalidad de fomentar la igualdad efectiva de oportunidades entre hombres y mujeres para acceder a una formaci\u00f3n que permita todo tipo de opciones profesionales y el ejercicio de las mismas. <P>Esta jornada se realizar\u00e1 el 8 de noviembre de 16:00 a 17:30 hs. en el Sal\u00f3n del Consejo de la Facultad de Medicina de la Universidad de Buenos Aires. &#8211; Paraguay 2155, 1\u00ba piso &#8211; Ciudad Aut\u00f3noma de Buenos Aires. <P>Para todos aquellos que no puedan asistir el d\u00eda establecido, dado el car\u00e1cter nacional de la convocatoria, se informa que se recibir\u00e1n los aportes que deseen enviar por correo electr\u00f3nico hasta el d\u00eda viernes 10 de noviembre de 2006. Los mismos ser\u00e1n considerados en la redacci\u00f3n final de la propuesta que la RAGCyT elevar\u00e1 al Ministerio de Educaci\u00f3n, Ciencia y Tecnolog\u00eda de la Naci\u00f3n.  <P>Estas contribuciones se recibir\u00e1n en: aportesleyeduc@ragcyt.org.ar Para una mejor organizaci\u00f3n, se solicita confirmar asistencia a registroleyeduc@ragcyt.org.ar. Detalle Nombre completo y correo electr\u00f3nico. RAGCyT Comisi\u00f3n Directiva <a href=\"http:\/\/www.ragcyt.org.ar\/\" target=\"_blank\" rel=\"noopener\">www.ragcyt.org.ar<\/A><\/P><\/p>\n","protected":false},"excerpt":{"rendered":"<p>La RAGCyT (Red Argentina de G\u00e9nero, Ciencia y Tecnolog\u00eda) convoca a una jornada de discusi\u00f3n para la incorporaci\u00f3n de la perspectiva de g\u00e9nero en la nueva Ley de educaci\u00f3n.<\/p>\n","protected":false},"author":1,"featured_media":0,"comment_status":"open","ping_status":"open","sticky":false,"template":"","format":"standard","meta":{"_acf_changed":false,"site-sidebar-layout":"default","site-content-layout":"default","ast-global-header-display":"","ast-main-header-display":"","ast-hfb-above-header-display":"","ast-hfb-below-header-display":"","ast-hfb-mobile-header-display":"","site-post-title":"","ast-breadcrumbs-content":"","ast-featured-img":"","footer-sml-layout":"","theme-transparent-header-meta":"","adv-header-id-meta":"","stick-header-meta":"","header-above-stick-meta":"","header-main-stick-meta":"","header-below-stick-meta":"","_jetpack_memberships_contains_paid_content":false,"footnotes":""},"categories":[28],"tags":[],"class_list":["post-33460","post","type-post","status-publish","format-standard","hentry","category-agenda"],"acf":[],"yoast_head":"<!-- This site is optimized with the Yoast SEO plugin v26.1.1 - https:\/\/yoast.com\/wordpress\/plugins\/seo\/ -->\n<title>Perspectiva de G\u00e9nero en la nueva Ley de educaci\u00f3n - CLAM - ES<\/title>\n<meta name=\"robots\" content=\"index, follow, max-snippet:-1, max-image-preview:large, max-video-preview:-1\" \/>\n<link rel=\"canonical\" href=\"https:\/\/clam.org.br\/es\/agenda\/perspectiva-de-genero-en-la-nueva-ley-de-educacion\/33460\/\" \/>\n<meta property=\"og:locale\" content=\"es_ES\" \/>\n<meta property=\"og:type\" content=\"article\" \/>\n<meta property=\"og:title\" content=\"Perspectiva de G\u00e9nero en la nueva Ley de educaci\u00f3n - CLAM - ES\" \/>\n<meta property=\"og:description\" content=\"La RAGCyT (Red Argentina de G\u00e9nero, Ciencia y Tecnolog\u00eda) convoca a una jornada de discusi\u00f3n para la incorporaci\u00f3n de la perspectiva de g\u00e9nero en la nueva Ley de educaci\u00f3n.\" \/>\n<meta property=\"og:url\" content=\"https:\/\/clam.org.br\/es\/agenda\/perspectiva-de-genero-en-la-nueva-ley-de-educacion\/33460\/\" \/>\n<meta property=\"og:site_name\" content=\"CLAM - ES\" \/>\n<meta property=\"article:published_time\" content=\"2006-11-07T02:00:00+00:00\" \/>\n<meta name=\"author\" content=\"fw2\" \/>\n<meta name=\"twitter:card\" content=\"summary_large_image\" \/>\n<meta name=\"twitter:label1\" content=\"Escrito por\" \/>\n\t<meta name=\"twitter:data1\" content=\"fw2\" \/>\n\t<meta name=\"twitter:label2\" content=\"Tiempo de lectura\" \/>\n\t<meta name=\"twitter:data2\" content=\"1 minuto\" \/>\n<script type=\"application\/ld+json\" class=\"yoast-schema-graph\">{\"@context\":\"https:\/\/schema.org\",\"@graph\":[{\"@type\":\"WebPage\",\"@id\":\"https:\/\/clam.org.br\/es\/agenda\/perspectiva-de-genero-en-la-nueva-ley-de-educacion\/33460\/\",\"url\":\"https:\/\/clam.org.br\/es\/agenda\/perspectiva-de-genero-en-la-nueva-ley-de-educacion\/33460\/\",\"name\":\"Perspectiva de G\u00e9nero en la nueva Ley de educaci\u00f3n - CLAM - ES\",\"isPartOf\":{\"@id\":\"https:\/\/clam.org.br\/es\/#website\"},\"datePublished\":\"2006-11-07T02:00:00+00:00\",\"author\":{\"@id\":\"https:\/\/clam.org.br\/es\/#\/schema\/person\/fbd9a86032bf7479f94b0ded196f1010\"},\"breadcrumb\":{\"@id\":\"https:\/\/clam.org.br\/es\/agenda\/perspectiva-de-genero-en-la-nueva-ley-de-educacion\/33460\/#breadcrumb\"},\"inLanguage\":\"es\",\"potentialAction\":[{\"@type\":\"ReadAction\",\"target\":[\"https:\/\/clam.org.br\/es\/agenda\/perspectiva-de-genero-en-la-nueva-ley-de-educacion\/33460\/\"]}]},{\"@type\":\"BreadcrumbList\",\"@id\":\"https:\/\/clam.org.br\/es\/agenda\/perspectiva-de-genero-en-la-nueva-ley-de-educacion\/33460\/#breadcrumb\",\"itemListElement\":[{\"@type\":\"ListItem\",\"position\":1,\"name\":\"In\u00edcio\",\"item\":\"https:\/\/clam.org.br\/es\/\"},{\"@type\":\"ListItem\",\"position\":2,\"name\":\"Perspectiva de G\u00e9nero en la nueva Ley de educaci\u00f3n\"}]},{\"@type\":\"WebSite\",\"@id\":\"https:\/\/clam.org.br\/es\/#website\",\"url\":\"https:\/\/clam.org.br\/es\/\",\"name\":\"CLAM - ES\",\"description\":\"S\u00f3 mais um site CLAM - Centro Latino-Americano em Sexualidade e Direitos Humanos sites\",\"potentialAction\":[{\"@type\":\"SearchAction\",\"target\":{\"@type\":\"EntryPoint\",\"urlTemplate\":\"https:\/\/clam.org.br\/es\/?s={search_term_string}\"},\"query-input\":{\"@type\":\"PropertyValueSpecification\",\"valueRequired\":true,\"valueName\":\"search_term_string\"}}],\"inLanguage\":\"es\"},{\"@type\":\"Person\",\"@id\":\"https:\/\/clam.org.br\/es\/#\/schema\/person\/fbd9a86032bf7479f94b0ded196f1010\",\"name\":\"fw2\",\"image\":{\"@type\":\"ImageObject\",\"inLanguage\":\"es\",\"@id\":\"https:\/\/clam.org.br\/es\/#\/schema\/person\/image\/\",\"url\":\"https:\/\/secure.gravatar.com\/avatar\/c38472c0cdbde82d9b6fcc26adb3779d?s=96&d=mm&r=g\",\"contentUrl\":\"https:\/\/secure.gravatar.com\/avatar\/c38472c0cdbde82d9b6fcc26adb3779d?s=96&d=mm&r=g\",\"caption\":\"fw2\"},\"sameAs\":[\"https:\/\/clam.fw2web.com.br\"],\"url\":\"https:\/\/clam.org.br\/es\/author\/fw2\/\"}]}<\/script>\n<!-- \/ Yoast SEO plugin. -->","yoast_head_json":{"title":"Perspectiva de G\u00e9nero en la nueva Ley de educaci\u00f3n - CLAM - ES","robots":{"index":"index","follow":"follow","max-snippet":"max-snippet:-1","max-image-preview":"max-image-preview:large","max-video-preview":"max-video-preview:-1"},"canonical":"https:\/\/clam.org.br\/es\/agenda\/perspectiva-de-genero-en-la-nueva-ley-de-educacion\/33460\/","og_locale":"es_ES","og_type":"article","og_title":"Perspectiva de G\u00e9nero en la nueva Ley de educaci\u00f3n - CLAM - ES","og_description":"La RAGCyT (Red Argentina de G\u00e9nero, Ciencia y Tecnolog\u00eda) convoca a una jornada de discusi\u00f3n para la incorporaci\u00f3n de la perspectiva de g\u00e9nero en la nueva Ley de educaci\u00f3n.","og_url":"https:\/\/clam.org.br\/es\/agenda\/perspectiva-de-genero-en-la-nueva-ley-de-educacion\/33460\/","og_site_name":"CLAM - ES","article_published_time":"2006-11-07T02:00:00+00:00","author":"fw2","twitter_card":"summary_large_image","twitter_misc":{"Escrito por":"fw2","Tiempo de lectura":"1 minuto"},"schema":{"@context":"https:\/\/schema.org","@graph":[{"@type":"WebPage","@id":"https:\/\/clam.org.br\/es\/agenda\/perspectiva-de-genero-en-la-nueva-ley-de-educacion\/33460\/","url":"https:\/\/clam.org.br\/es\/agenda\/perspectiva-de-genero-en-la-nueva-ley-de-educacion\/33460\/","name":"Perspectiva de G\u00e9nero en la nueva Ley de educaci\u00f3n - CLAM - ES","isPartOf":{"@id":"https:\/\/clam.org.br\/es\/#website"},"datePublished":"2006-11-07T02:00:00+00:00","author":{"@id":"https:\/\/clam.org.br\/es\/#\/schema\/person\/fbd9a86032bf7479f94b0ded196f1010"},"breadcrumb":{"@id":"https:\/\/clam.org.br\/es\/agenda\/perspectiva-de-genero-en-la-nueva-ley-de-educacion\/33460\/#breadcrumb"},"inLanguage":"es","potentialAction":[{"@type":"ReadAction","target":["https:\/\/clam.org.br\/es\/agenda\/perspectiva-de-genero-en-la-nueva-ley-de-educacion\/33460\/"]}]},{"@type":"BreadcrumbList","@id":"https:\/\/clam.org.br\/es\/agenda\/perspectiva-de-genero-en-la-nueva-ley-de-educacion\/33460\/#breadcrumb","itemListElement":[{"@type":"ListItem","position":1,"name":"In\u00edcio","item":"https:\/\/clam.org.br\/es\/"},{"@type":"ListItem","position":2,"name":"Perspectiva de G\u00e9nero en la nueva Ley de educaci\u00f3n"}]},{"@type":"WebSite","@id":"https:\/\/clam.org.br\/es\/#website","url":"https:\/\/clam.org.br\/es\/","name":"CLAM - ES","description":"S\u00f3 mais um site CLAM - Centro Latino-Americano em Sexualidade e Direitos Humanos sites","potentialAction":[{"@type":"SearchAction","target":{"@type":"EntryPoint","urlTemplate":"https:\/\/clam.org.br\/es\/?s={search_term_string}"},"query-input":{"@type":"PropertyValueSpecification","valueRequired":true,"valueName":"search_term_string"}}],"inLanguage":"es"},{"@type":"Person","@id":"https:\/\/clam.org.br\/es\/#\/schema\/person\/fbd9a86032bf7479f94b0ded196f1010","name":"fw2","image":{"@type":"ImageObject","inLanguage":"es","@id":"https:\/\/clam.org.br\/es\/#\/schema\/person\/image\/","url":"https:\/\/secure.gravatar.com\/avatar\/c38472c0cdbde82d9b6fcc26adb3779d?s=96&d=mm&r=g","contentUrl":"https:\/\/secure.gravatar.com\/avatar\/c38472c0cdbde82d9b6fcc26adb3779d?s=96&d=mm&r=g","caption":"fw2"},"sameAs":["https:\/\/clam.fw2web.com.br"],"url":"https:\/\/clam.org.br\/es\/author\/fw2\/"}]}},"jetpack_featured_media_url":"","jetpack_sharing_enabled":true,"_links":{"self":[{"href":"https:\/\/clam.org.br\/es\/wp-json\/wp\/v2\/posts\/33460","targetHints":{"allow":["GET"]}}],"collection":[{"href":"https:\/\/clam.org.br\/es\/wp-json\/wp\/v2\/posts"}],"about":[{"href":"https:\/\/clam.org.br\/es\/wp-json\/wp\/v2\/types\/post"}],"author":[{"embeddable":true,"href":"https:\/\/clam.org.br\/es\/wp-json\/wp\/v2\/users\/1"}],"replies":[{"embeddable":true,"href":"https:\/\/clam.org.br\/es\/wp-json\/wp\/v2\/comments?post=33460"}],"version-history":[{"count":0,"href":"https:\/\/clam.org.br\/es\/wp-json\/wp\/v2\/posts\/33460\/revisions"}],"wp:attachment":[{"href":"https:\/\/clam.org.br\/es\/wp-json\/wp\/v2\/media?parent=33460"}],"wp:term":[{"taxonomy":"category","embeddable":true,"href":"https:\/\/clam.org.br\/es\/wp-json\/wp\/v2\/categories?post=33460"},{"taxonomy":"post_tag","embeddable":true,"href":"https:\/\/clam.org.br\/es\/wp-json\/wp\/v2\/tags?post=33460"}],"curies":[{"name":"wp","href":"https:\/\/api.w.org\/{rel}","templated":true}]}}