{"id":33472,"date":"2006-11-21T00:00:00","date_gmt":"2006-11-21T02:00:00","guid":{"rendered":"https:\/\/clam.fw2web.com.br\/es\/2006\/11\/21\/semana-y-marcha-del-orgullo-glttbi\/"},"modified":"2006-11-21T00:00:00","modified_gmt":"2006-11-21T02:00:00","slug":"semana-y-marcha-del-orgullo-glttbi","status":"publish","type":"post","link":"https:\/\/clam.org.br\/es\/agenda\/semana-y-marcha-del-orgullo-glttbi\/33472\/","title":{"rendered":"Semana y marcha del orgullo GLTTBI"},"content":{"rendered":"<p>Como sucede cada a\u00f1o la ciudad de Buenos Aires se prepara para recibir a la Semana del Orgullo Gay L\u00e9sbico Travesti Transexual Bisexual e Intersexual, que tendr\u00e1 lugar del 20 al 25 de noviembre. Las actividades finalizar\u00e1n con la tradicional marcha de Plaza de Mayo a Congreso prevista para el d\u00eda s\u00e1bado 25 de noviembre a partir de las 18 hs. Previamente, ese mismo d\u00eda y desde las 15 hs. tendr\u00e1 lugar la &ldquo;Feria del orgullo&rdquo;.Al cierre de la marcha habr\u00e1 un show cuyo inicio est\u00e1 previsto a las 21 hs. La comisi\u00f3n organizadora de la XV Marcha del Orgullo esta integrada tanto por organizaciones no gubernamentales (Comunidad Homosexual Argentina &ndash;CHA-; Federaci\u00f3n Argentina de Lesbianas Gays Bisexuales y Trans; La Fulana; Asociaci\u00f3n Travestis Transexuales Transgenero Argentinas &ndash;ATTTA-; GLOBA Diversidad; Centro de Estudios de Diversidad Sexual y Ciudadan\u00eda; Di-Leo Producciones) como por activistas independientes. La consigna que convoca a las actividades es &ldquo;Somos todos y todas maravillosamente diferentes&rdquo; tratando de reflejar la diversidad sexual en el marco del ejercicio libre de derechos sociales y civiles. Quienes est\u00e9n interesados en adherir, a t\u00edtulo personal o en nombre de una organizaci\u00f3n, deben escribir a: adhesiones@marchadelorgullo.org.ar . Una de las primeras actividades que se realiza todos los a\u00f1os con miras a la semana del orgullo es el concurso de afiches para dise\u00f1ar la gr\u00e1fica de la convocatoria a la Marcha cuyo ganador ha sido Gustavo Doradillo. Las actividades que ya est\u00e1n en la programaci\u00f3n comprende fiestas, proyecciones de pel\u00edculas, entre otras. Merece destacarse que el d\u00eda viernes 24 de 10 a 19 hs., en lugar a confirmar (consultar al 4346-1734) se llevar\u00e1 a cabo la Convenci\u00f3n Nacional GLTTTBI, con el lanzamiento del Foro de Diversidad Sexual del INADI, Instituto Nacional contra la Discriminaci\u00f3n, la Xenofobia y el Racismo, ente que lo lo organiza. La convenci\u00f3n est\u00e1 abierta a organizaciones, activistas, acad\u00e9micos\/as, periodistas e investigadores\/as GLTTTBI de todo el pa\u00eds. Para acceder a la programaci\u00f3n completa: <a href=\"http:\/\/www.marchadelorgullo.org.ar\/\" target=\"_blank\" rel=\"noopener\">www.marchadelorgullo.org.ar <\/A><\/p>\n","protected":false},"excerpt":{"rendered":"<p>Como sucede cada a\u00f1o la ciudad de Buenos Aires se prepara para recibir a la Semana del Orgullo Gay L\u00e9sbico Travesti Transexual Bisexual e Intersexual, que tendr\u00e1 lugar del 20 al 25 de noviembre. Las actividades finalizar\u00e1n con la tradicional marcha de Plaza de Mayo a Congreso prevista para el d\u00eda s\u00e1bado 25 de noviembre a partir de las 18 hs.<\/p>\n","protected":false},"author":1,"featured_media":0,"comment_status":"open","ping_status":"open","sticky":false,"template":"","format":"standard","meta":{"_acf_changed":false,"site-sidebar-layout":"default","site-content-layout":"default","ast-global-header-display":"","ast-main-header-display":"","ast-hfb-above-header-display":"","ast-hfb-below-header-display":"","ast-hfb-mobile-header-display":"","site-post-title":"","ast-breadcrumbs-content":"","ast-featured-img":"","footer-sml-layout":"","theme-transparent-header-meta":"","adv-header-id-meta":"","stick-header-meta":"","header-above-stick-meta":"","header-main-stick-meta":"","header-below-stick-meta":"","_jetpack_memberships_contains_paid_content":false,"footnotes":""},"categories":[28],"tags":[],"class_list":["post-33472","post","type-post","status-publish","format-standard","hentry","category-agenda"],"acf":[],"yoast_head":"<!-- This site is optimized with the Yoast SEO plugin v26.1.1 - https:\/\/yoast.com\/wordpress\/plugins\/seo\/ -->\n<title>Semana y marcha del orgullo GLTTBI - CLAM - ES<\/title>\n<meta name=\"robots\" content=\"index, follow, max-snippet:-1, max-image-preview:large, max-video-preview:-1\" \/>\n<link rel=\"canonical\" href=\"https:\/\/clam.org.br\/es\/agenda\/semana-y-marcha-del-orgullo-glttbi\/33472\/\" \/>\n<meta property=\"og:locale\" content=\"es_ES\" \/>\n<meta property=\"og:type\" content=\"article\" \/>\n<meta property=\"og:title\" content=\"Semana y marcha del orgullo GLTTBI - CLAM - ES\" \/>\n<meta property=\"og:description\" content=\"Como sucede cada a\u00f1o la ciudad de Buenos Aires se prepara para recibir a la Semana del Orgullo Gay L\u00e9sbico Travesti Transexual Bisexual e Intersexual, que tendr\u00e1 lugar del 20 al 25 de noviembre. Las actividades finalizar\u00e1n con la tradicional marcha de Plaza de Mayo a Congreso prevista para el d\u00eda s\u00e1bado 25 de noviembre a partir de las 18 hs.\" \/>\n<meta property=\"og:url\" content=\"https:\/\/clam.org.br\/es\/agenda\/semana-y-marcha-del-orgullo-glttbi\/33472\/\" \/>\n<meta property=\"og:site_name\" content=\"CLAM - ES\" \/>\n<meta property=\"article:published_time\" content=\"2006-11-21T02:00:00+00:00\" \/>\n<meta name=\"author\" content=\"fw2\" \/>\n<meta name=\"twitter:card\" content=\"summary_large_image\" \/>\n<meta name=\"twitter:label1\" content=\"Escrito por\" \/>\n\t<meta name=\"twitter:data1\" content=\"fw2\" \/>\n\t<meta name=\"twitter:label2\" content=\"Tiempo de lectura\" \/>\n\t<meta name=\"twitter:data2\" content=\"2 minutos\" \/>\n<script type=\"application\/ld+json\" class=\"yoast-schema-graph\">{\"@context\":\"https:\/\/schema.org\",\"@graph\":[{\"@type\":\"WebPage\",\"@id\":\"https:\/\/clam.org.br\/es\/agenda\/semana-y-marcha-del-orgullo-glttbi\/33472\/\",\"url\":\"https:\/\/clam.org.br\/es\/agenda\/semana-y-marcha-del-orgullo-glttbi\/33472\/\",\"name\":\"Semana y marcha del orgullo GLTTBI - CLAM - ES\",\"isPartOf\":{\"@id\":\"https:\/\/clam.org.br\/es\/#website\"},\"datePublished\":\"2006-11-21T02:00:00+00:00\",\"author\":{\"@id\":\"https:\/\/clam.org.br\/es\/#\/schema\/person\/fbd9a86032bf7479f94b0ded196f1010\"},\"breadcrumb\":{\"@id\":\"https:\/\/clam.org.br\/es\/agenda\/semana-y-marcha-del-orgullo-glttbi\/33472\/#breadcrumb\"},\"inLanguage\":\"es\",\"potentialAction\":[{\"@type\":\"ReadAction\",\"target\":[\"https:\/\/clam.org.br\/es\/agenda\/semana-y-marcha-del-orgullo-glttbi\/33472\/\"]}]},{\"@type\":\"BreadcrumbList\",\"@id\":\"https:\/\/clam.org.br\/es\/agenda\/semana-y-marcha-del-orgullo-glttbi\/33472\/#breadcrumb\",\"itemListElement\":[{\"@type\":\"ListItem\",\"position\":1,\"name\":\"In\u00edcio\",\"item\":\"https:\/\/clam.org.br\/es\/\"},{\"@type\":\"ListItem\",\"position\":2,\"name\":\"Semana y marcha del orgullo GLTTBI\"}]},{\"@type\":\"WebSite\",\"@id\":\"https:\/\/clam.org.br\/es\/#website\",\"url\":\"https:\/\/clam.org.br\/es\/\",\"name\":\"CLAM - ES\",\"description\":\"S\u00f3 mais um site CLAM - Centro Latino-Americano em Sexualidade e Direitos Humanos sites\",\"potentialAction\":[{\"@type\":\"SearchAction\",\"target\":{\"@type\":\"EntryPoint\",\"urlTemplate\":\"https:\/\/clam.org.br\/es\/?s={search_term_string}\"},\"query-input\":{\"@type\":\"PropertyValueSpecification\",\"valueRequired\":true,\"valueName\":\"search_term_string\"}}],\"inLanguage\":\"es\"},{\"@type\":\"Person\",\"@id\":\"https:\/\/clam.org.br\/es\/#\/schema\/person\/fbd9a86032bf7479f94b0ded196f1010\",\"name\":\"fw2\",\"image\":{\"@type\":\"ImageObject\",\"inLanguage\":\"es\",\"@id\":\"https:\/\/clam.org.br\/es\/#\/schema\/person\/image\/\",\"url\":\"https:\/\/secure.gravatar.com\/avatar\/c38472c0cdbde82d9b6fcc26adb3779d?s=96&d=mm&r=g\",\"contentUrl\":\"https:\/\/secure.gravatar.com\/avatar\/c38472c0cdbde82d9b6fcc26adb3779d?s=96&d=mm&r=g\",\"caption\":\"fw2\"},\"sameAs\":[\"https:\/\/clam.fw2web.com.br\"],\"url\":\"https:\/\/clam.org.br\/es\/author\/fw2\/\"}]}<\/script>\n<!-- \/ Yoast SEO plugin. -->","yoast_head_json":{"title":"Semana y marcha del orgullo GLTTBI - CLAM - ES","robots":{"index":"index","follow":"follow","max-snippet":"max-snippet:-1","max-image-preview":"max-image-preview:large","max-video-preview":"max-video-preview:-1"},"canonical":"https:\/\/clam.org.br\/es\/agenda\/semana-y-marcha-del-orgullo-glttbi\/33472\/","og_locale":"es_ES","og_type":"article","og_title":"Semana y marcha del orgullo GLTTBI - CLAM - ES","og_description":"Como sucede cada a\u00f1o la ciudad de Buenos Aires se prepara para recibir a la Semana del Orgullo Gay L\u00e9sbico Travesti Transexual Bisexual e Intersexual, que tendr\u00e1 lugar del 20 al 25 de noviembre. Las actividades finalizar\u00e1n con la tradicional marcha de Plaza de Mayo a Congreso prevista para el d\u00eda s\u00e1bado 25 de noviembre a partir de las 18 hs.","og_url":"https:\/\/clam.org.br\/es\/agenda\/semana-y-marcha-del-orgullo-glttbi\/33472\/","og_site_name":"CLAM - ES","article_published_time":"2006-11-21T02:00:00+00:00","author":"fw2","twitter_card":"summary_large_image","twitter_misc":{"Escrito por":"fw2","Tiempo de lectura":"2 minutos"},"schema":{"@context":"https:\/\/schema.org","@graph":[{"@type":"WebPage","@id":"https:\/\/clam.org.br\/es\/agenda\/semana-y-marcha-del-orgullo-glttbi\/33472\/","url":"https:\/\/clam.org.br\/es\/agenda\/semana-y-marcha-del-orgullo-glttbi\/33472\/","name":"Semana y marcha del orgullo GLTTBI - CLAM - ES","isPartOf":{"@id":"https:\/\/clam.org.br\/es\/#website"},"datePublished":"2006-11-21T02:00:00+00:00","author":{"@id":"https:\/\/clam.org.br\/es\/#\/schema\/person\/fbd9a86032bf7479f94b0ded196f1010"},"breadcrumb":{"@id":"https:\/\/clam.org.br\/es\/agenda\/semana-y-marcha-del-orgullo-glttbi\/33472\/#breadcrumb"},"inLanguage":"es","potentialAction":[{"@type":"ReadAction","target":["https:\/\/clam.org.br\/es\/agenda\/semana-y-marcha-del-orgullo-glttbi\/33472\/"]}]},{"@type":"BreadcrumbList","@id":"https:\/\/clam.org.br\/es\/agenda\/semana-y-marcha-del-orgullo-glttbi\/33472\/#breadcrumb","itemListElement":[{"@type":"ListItem","position":1,"name":"In\u00edcio","item":"https:\/\/clam.org.br\/es\/"},{"@type":"ListItem","position":2,"name":"Semana y marcha del orgullo GLTTBI"}]},{"@type":"WebSite","@id":"https:\/\/clam.org.br\/es\/#website","url":"https:\/\/clam.org.br\/es\/","name":"CLAM - ES","description":"S\u00f3 mais um site CLAM - Centro Latino-Americano em Sexualidade e Direitos Humanos sites","potentialAction":[{"@type":"SearchAction","target":{"@type":"EntryPoint","urlTemplate":"https:\/\/clam.org.br\/es\/?s={search_term_string}"},"query-input":{"@type":"PropertyValueSpecification","valueRequired":true,"valueName":"search_term_string"}}],"inLanguage":"es"},{"@type":"Person","@id":"https:\/\/clam.org.br\/es\/#\/schema\/person\/fbd9a86032bf7479f94b0ded196f1010","name":"fw2","image":{"@type":"ImageObject","inLanguage":"es","@id":"https:\/\/clam.org.br\/es\/#\/schema\/person\/image\/","url":"https:\/\/secure.gravatar.com\/avatar\/c38472c0cdbde82d9b6fcc26adb3779d?s=96&d=mm&r=g","contentUrl":"https:\/\/secure.gravatar.com\/avatar\/c38472c0cdbde82d9b6fcc26adb3779d?s=96&d=mm&r=g","caption":"fw2"},"sameAs":["https:\/\/clam.fw2web.com.br"],"url":"https:\/\/clam.org.br\/es\/author\/fw2\/"}]}},"jetpack_featured_media_url":"","jetpack_sharing_enabled":true,"_links":{"self":[{"href":"https:\/\/clam.org.br\/es\/wp-json\/wp\/v2\/posts\/33472","targetHints":{"allow":["GET"]}}],"collection":[{"href":"https:\/\/clam.org.br\/es\/wp-json\/wp\/v2\/posts"}],"about":[{"href":"https:\/\/clam.org.br\/es\/wp-json\/wp\/v2\/types\/post"}],"author":[{"embeddable":true,"href":"https:\/\/clam.org.br\/es\/wp-json\/wp\/v2\/users\/1"}],"replies":[{"embeddable":true,"href":"https:\/\/clam.org.br\/es\/wp-json\/wp\/v2\/comments?post=33472"}],"version-history":[{"count":0,"href":"https:\/\/clam.org.br\/es\/wp-json\/wp\/v2\/posts\/33472\/revisions"}],"wp:attachment":[{"href":"https:\/\/clam.org.br\/es\/wp-json\/wp\/v2\/media?parent=33472"}],"wp:term":[{"taxonomy":"category","embeddable":true,"href":"https:\/\/clam.org.br\/es\/wp-json\/wp\/v2\/categories?post=33472"},{"taxonomy":"post_tag","embeddable":true,"href":"https:\/\/clam.org.br\/es\/wp-json\/wp\/v2\/tags?post=33472"}],"curies":[{"name":"wp","href":"https:\/\/api.w.org\/{rel}","templated":true}]}}