{"id":33476,"date":"2006-11-29T00:00:00","date_gmt":"2006-11-29T02:00:00","guid":{"rendered":"https:\/\/clam.fw2web.com.br\/es\/2006\/11\/29\/lanzamiento-del-informe-de-derechos-humanos-de-lesbianas-gays-bisexuales-y-transgeneristas\/"},"modified":"2006-11-29T00:00:00","modified_gmt":"2006-11-29T02:00:00","slug":"lanzamiento-del-informe-de-derechos-humanos-de-lesbianas-gays-bisexuales-y-transgeneristas","status":"publish","type":"post","link":"https:\/\/clam.org.br\/es\/agenda\/lanzamiento-del-informe-de-derechos-humanos-de-lesbianas-gays-bisexuales-y-transgeneristas\/33476\/","title":{"rendered":"Lanzamiento del informe de derechos humanos de lesbianas, gays, bisexuales y transgeneristas"},"content":{"rendered":"<p>Este primer informe sobre el tema abarca cinco ciudades del pa\u00eds: Bogot\u00e1, Medell\u00edn, Cali, Bucaramanga y Monter\u00eda. En ellas, Colombia Diversa identific\u00f3 las principales situaciones de preocupaci\u00f3n en torno los derechos humanos de las personas LGBT, como son: violencia homof\u00f3bica, abuso policial, situaci\u00f3n carcelaria, discriminaci\u00f3n en derechos econ\u00f3micos, sociales y culturales, situaci\u00f3n de parejas y familias LGBT. <P>El evento contar\u00e1 con la participaci\u00f3n del Dr. Rodrigo Pardo qui\u00e9n presentar\u00e1 reflexiones sobre la situaci\u00f3n de derechos humanos de las personas LGBT en Colombia. Igualmente, se proyectar\u00e1 un video que recoge testimonios sobre esta situaci\u00f3n. La presentaci\u00f3n del informe estar\u00e1 a cargo de Marcela S\u00e1nchez, Directora Ejecutiva de Colombia Diversa. <P>Colombia Diversa produjo este informe: <P>1. Para evidenciar de forma real y objetiva la situaci\u00f3n de vulneraci\u00f3n de derechos humanos de las personas LGBT en Colombia y, con esta informaci\u00f3n, realizar labores de investigaci\u00f3n, seguimiento y formulaci\u00f3n de pol\u00edticas p\u00fablicas. <P>2. Porque ninguna instituci\u00f3n gubernamental o de la sociedad civil hace seguimiento a la situaci\u00f3n de los derechos humanos de las personas LGBT. <P>3. Para tomar medidas efectivas que garanticen y protejan efectivamente los derechos de las personas LGBT en el pa\u00eds. <P>Datos de contacto e informaci\u00f3n: <P>Marcela S\u00e1nchez Buitrago, Directora Ejecutiva <P>Tels: (+57 &ndash; 1) 4831237 Fax: (+57 &ndash; 1) 2880393 <P><A href=\"mailto:derechoshumanos@colombiadiversa.org\">derechoshumanos@colombiadiversa.org<\/A>  <P><a href=\"http:\/\/www.colombiadiversa.org\/\" target=\"_blank\" rel=\"noopener\">www.colombiadiversa.org <\/A> <P><\/P><\/p>\n","protected":false},"excerpt":{"rendered":"<p>El pr\u00f3ximo 30 de noviembre a las 6:30 p.m en el Auditorio Convenio Andr\u00e9s Bello. Calle 86 No. 22-15, se lanzar\u00e1 el informe, \u00abSituaci\u00f3n de los Derechos Humanos de Lesbianas, Gays, Bisexuales y Transgeneristas en Colombia 2005\u00bb de Colombia Diversa, publicaci\u00f3n que recoge y analiza informaciones y casos sobre violaciones de derechos humanos contra estas personas en Colombia ocurridas durante los a\u00f1os 2004 y 2005.<\/p>\n","protected":false},"author":1,"featured_media":0,"comment_status":"open","ping_status":"open","sticky":false,"template":"","format":"standard","meta":{"_acf_changed":false,"site-sidebar-layout":"default","site-content-layout":"default","ast-global-header-display":"","ast-main-header-display":"","ast-hfb-above-header-display":"","ast-hfb-below-header-display":"","ast-hfb-mobile-header-display":"","site-post-title":"","ast-breadcrumbs-content":"","ast-featured-img":"","footer-sml-layout":"","theme-transparent-header-meta":"","adv-header-id-meta":"","stick-header-meta":"","header-above-stick-meta":"","header-main-stick-meta":"","header-below-stick-meta":"","_jetpack_memberships_contains_paid_content":false,"footnotes":""},"categories":[28],"tags":[],"class_list":["post-33476","post","type-post","status-publish","format-standard","hentry","category-agenda"],"acf":[],"yoast_head":"<!-- This site is optimized with the Yoast SEO plugin v26.1.1 - https:\/\/yoast.com\/wordpress\/plugins\/seo\/ -->\n<title>Lanzamiento del informe de derechos humanos de lesbianas, gays, bisexuales y transgeneristas - CLAM - ES<\/title>\n<meta name=\"robots\" content=\"index, follow, max-snippet:-1, max-image-preview:large, max-video-preview:-1\" \/>\n<link rel=\"canonical\" href=\"https:\/\/clam.org.br\/es\/agenda\/lanzamiento-del-informe-de-derechos-humanos-de-lesbianas-gays-bisexuales-y-transgeneristas\/33476\/\" \/>\n<meta property=\"og:locale\" content=\"es_ES\" \/>\n<meta property=\"og:type\" content=\"article\" \/>\n<meta property=\"og:title\" content=\"Lanzamiento del informe de derechos humanos de lesbianas, gays, bisexuales y transgeneristas - CLAM - ES\" \/>\n<meta property=\"og:description\" content=\"El pr\u00f3ximo 30 de noviembre a las 6:30 p.m en el Auditorio Convenio Andr\u00e9s Bello. Calle 86 No. 22-15, se lanzar\u00e1 el informe, &quot;Situaci\u00f3n de los Derechos Humanos de Lesbianas, Gays, Bisexuales y Transgeneristas en Colombia 2005&quot; de Colombia Diversa, publicaci\u00f3n que recoge y analiza informaciones y casos sobre violaciones de derechos humanos contra estas personas en Colombia ocurridas durante los a\u00f1os 2004 y 2005.\" \/>\n<meta property=\"og:url\" content=\"https:\/\/clam.org.br\/es\/agenda\/lanzamiento-del-informe-de-derechos-humanos-de-lesbianas-gays-bisexuales-y-transgeneristas\/33476\/\" \/>\n<meta property=\"og:site_name\" content=\"CLAM - ES\" \/>\n<meta property=\"article:published_time\" content=\"2006-11-29T02:00:00+00:00\" \/>\n<meta name=\"author\" content=\"fw2\" \/>\n<meta name=\"twitter:card\" content=\"summary_large_image\" \/>\n<meta name=\"twitter:label1\" content=\"Escrito por\" \/>\n\t<meta name=\"twitter:data1\" content=\"fw2\" \/>\n\t<meta name=\"twitter:label2\" content=\"Tiempo de lectura\" \/>\n\t<meta name=\"twitter:data2\" content=\"1 minuto\" \/>\n<script type=\"application\/ld+json\" class=\"yoast-schema-graph\">{\"@context\":\"https:\/\/schema.org\",\"@graph\":[{\"@type\":\"WebPage\",\"@id\":\"https:\/\/clam.org.br\/es\/agenda\/lanzamiento-del-informe-de-derechos-humanos-de-lesbianas-gays-bisexuales-y-transgeneristas\/33476\/\",\"url\":\"https:\/\/clam.org.br\/es\/agenda\/lanzamiento-del-informe-de-derechos-humanos-de-lesbianas-gays-bisexuales-y-transgeneristas\/33476\/\",\"name\":\"Lanzamiento del informe de derechos humanos de lesbianas, gays, bisexuales y transgeneristas - CLAM - ES\",\"isPartOf\":{\"@id\":\"https:\/\/clam.org.br\/es\/#website\"},\"datePublished\":\"2006-11-29T02:00:00+00:00\",\"author\":{\"@id\":\"https:\/\/clam.org.br\/es\/#\/schema\/person\/fbd9a86032bf7479f94b0ded196f1010\"},\"breadcrumb\":{\"@id\":\"https:\/\/clam.org.br\/es\/agenda\/lanzamiento-del-informe-de-derechos-humanos-de-lesbianas-gays-bisexuales-y-transgeneristas\/33476\/#breadcrumb\"},\"inLanguage\":\"es\",\"potentialAction\":[{\"@type\":\"ReadAction\",\"target\":[\"https:\/\/clam.org.br\/es\/agenda\/lanzamiento-del-informe-de-derechos-humanos-de-lesbianas-gays-bisexuales-y-transgeneristas\/33476\/\"]}]},{\"@type\":\"BreadcrumbList\",\"@id\":\"https:\/\/clam.org.br\/es\/agenda\/lanzamiento-del-informe-de-derechos-humanos-de-lesbianas-gays-bisexuales-y-transgeneristas\/33476\/#breadcrumb\",\"itemListElement\":[{\"@type\":\"ListItem\",\"position\":1,\"name\":\"In\u00edcio\",\"item\":\"https:\/\/clam.org.br\/es\/\"},{\"@type\":\"ListItem\",\"position\":2,\"name\":\"Lanzamiento del informe de derechos humanos de lesbianas, gays, bisexuales y transgeneristas\"}]},{\"@type\":\"WebSite\",\"@id\":\"https:\/\/clam.org.br\/es\/#website\",\"url\":\"https:\/\/clam.org.br\/es\/\",\"name\":\"CLAM - ES\",\"description\":\"S\u00f3 mais um site CLAM - Centro Latino-Americano em Sexualidade e Direitos Humanos sites\",\"potentialAction\":[{\"@type\":\"SearchAction\",\"target\":{\"@type\":\"EntryPoint\",\"urlTemplate\":\"https:\/\/clam.org.br\/es\/?s={search_term_string}\"},\"query-input\":{\"@type\":\"PropertyValueSpecification\",\"valueRequired\":true,\"valueName\":\"search_term_string\"}}],\"inLanguage\":\"es\"},{\"@type\":\"Person\",\"@id\":\"https:\/\/clam.org.br\/es\/#\/schema\/person\/fbd9a86032bf7479f94b0ded196f1010\",\"name\":\"fw2\",\"image\":{\"@type\":\"ImageObject\",\"inLanguage\":\"es\",\"@id\":\"https:\/\/clam.org.br\/es\/#\/schema\/person\/image\/\",\"url\":\"https:\/\/secure.gravatar.com\/avatar\/c38472c0cdbde82d9b6fcc26adb3779d?s=96&d=mm&r=g\",\"contentUrl\":\"https:\/\/secure.gravatar.com\/avatar\/c38472c0cdbde82d9b6fcc26adb3779d?s=96&d=mm&r=g\",\"caption\":\"fw2\"},\"sameAs\":[\"https:\/\/clam.fw2web.com.br\"],\"url\":\"https:\/\/clam.org.br\/es\/author\/fw2\/\"}]}<\/script>\n<!-- \/ Yoast SEO plugin. -->","yoast_head_json":{"title":"Lanzamiento del informe de derechos humanos de lesbianas, gays, bisexuales y transgeneristas - CLAM - ES","robots":{"index":"index","follow":"follow","max-snippet":"max-snippet:-1","max-image-preview":"max-image-preview:large","max-video-preview":"max-video-preview:-1"},"canonical":"https:\/\/clam.org.br\/es\/agenda\/lanzamiento-del-informe-de-derechos-humanos-de-lesbianas-gays-bisexuales-y-transgeneristas\/33476\/","og_locale":"es_ES","og_type":"article","og_title":"Lanzamiento del informe de derechos humanos de lesbianas, gays, bisexuales y transgeneristas - CLAM - ES","og_description":"El pr\u00f3ximo 30 de noviembre a las 6:30 p.m en el Auditorio Convenio Andr\u00e9s Bello. Calle 86 No. 22-15, se lanzar\u00e1 el informe, \"Situaci\u00f3n de los Derechos Humanos de Lesbianas, Gays, Bisexuales y Transgeneristas en Colombia 2005\" de Colombia Diversa, publicaci\u00f3n que recoge y analiza informaciones y casos sobre violaciones de derechos humanos contra estas personas en Colombia ocurridas durante los a\u00f1os 2004 y 2005.","og_url":"https:\/\/clam.org.br\/es\/agenda\/lanzamiento-del-informe-de-derechos-humanos-de-lesbianas-gays-bisexuales-y-transgeneristas\/33476\/","og_site_name":"CLAM - ES","article_published_time":"2006-11-29T02:00:00+00:00","author":"fw2","twitter_card":"summary_large_image","twitter_misc":{"Escrito por":"fw2","Tiempo de lectura":"1 minuto"},"schema":{"@context":"https:\/\/schema.org","@graph":[{"@type":"WebPage","@id":"https:\/\/clam.org.br\/es\/agenda\/lanzamiento-del-informe-de-derechos-humanos-de-lesbianas-gays-bisexuales-y-transgeneristas\/33476\/","url":"https:\/\/clam.org.br\/es\/agenda\/lanzamiento-del-informe-de-derechos-humanos-de-lesbianas-gays-bisexuales-y-transgeneristas\/33476\/","name":"Lanzamiento del informe de derechos humanos de lesbianas, gays, bisexuales y transgeneristas - CLAM - ES","isPartOf":{"@id":"https:\/\/clam.org.br\/es\/#website"},"datePublished":"2006-11-29T02:00:00+00:00","author":{"@id":"https:\/\/clam.org.br\/es\/#\/schema\/person\/fbd9a86032bf7479f94b0ded196f1010"},"breadcrumb":{"@id":"https:\/\/clam.org.br\/es\/agenda\/lanzamiento-del-informe-de-derechos-humanos-de-lesbianas-gays-bisexuales-y-transgeneristas\/33476\/#breadcrumb"},"inLanguage":"es","potentialAction":[{"@type":"ReadAction","target":["https:\/\/clam.org.br\/es\/agenda\/lanzamiento-del-informe-de-derechos-humanos-de-lesbianas-gays-bisexuales-y-transgeneristas\/33476\/"]}]},{"@type":"BreadcrumbList","@id":"https:\/\/clam.org.br\/es\/agenda\/lanzamiento-del-informe-de-derechos-humanos-de-lesbianas-gays-bisexuales-y-transgeneristas\/33476\/#breadcrumb","itemListElement":[{"@type":"ListItem","position":1,"name":"In\u00edcio","item":"https:\/\/clam.org.br\/es\/"},{"@type":"ListItem","position":2,"name":"Lanzamiento del informe de derechos humanos de lesbianas, gays, bisexuales y transgeneristas"}]},{"@type":"WebSite","@id":"https:\/\/clam.org.br\/es\/#website","url":"https:\/\/clam.org.br\/es\/","name":"CLAM - ES","description":"S\u00f3 mais um site CLAM - Centro Latino-Americano em Sexualidade e Direitos Humanos sites","potentialAction":[{"@type":"SearchAction","target":{"@type":"EntryPoint","urlTemplate":"https:\/\/clam.org.br\/es\/?s={search_term_string}"},"query-input":{"@type":"PropertyValueSpecification","valueRequired":true,"valueName":"search_term_string"}}],"inLanguage":"es"},{"@type":"Person","@id":"https:\/\/clam.org.br\/es\/#\/schema\/person\/fbd9a86032bf7479f94b0ded196f1010","name":"fw2","image":{"@type":"ImageObject","inLanguage":"es","@id":"https:\/\/clam.org.br\/es\/#\/schema\/person\/image\/","url":"https:\/\/secure.gravatar.com\/avatar\/c38472c0cdbde82d9b6fcc26adb3779d?s=96&d=mm&r=g","contentUrl":"https:\/\/secure.gravatar.com\/avatar\/c38472c0cdbde82d9b6fcc26adb3779d?s=96&d=mm&r=g","caption":"fw2"},"sameAs":["https:\/\/clam.fw2web.com.br"],"url":"https:\/\/clam.org.br\/es\/author\/fw2\/"}]}},"jetpack_featured_media_url":"","jetpack_sharing_enabled":true,"_links":{"self":[{"href":"https:\/\/clam.org.br\/es\/wp-json\/wp\/v2\/posts\/33476","targetHints":{"allow":["GET"]}}],"collection":[{"href":"https:\/\/clam.org.br\/es\/wp-json\/wp\/v2\/posts"}],"about":[{"href":"https:\/\/clam.org.br\/es\/wp-json\/wp\/v2\/types\/post"}],"author":[{"embeddable":true,"href":"https:\/\/clam.org.br\/es\/wp-json\/wp\/v2\/users\/1"}],"replies":[{"embeddable":true,"href":"https:\/\/clam.org.br\/es\/wp-json\/wp\/v2\/comments?post=33476"}],"version-history":[{"count":0,"href":"https:\/\/clam.org.br\/es\/wp-json\/wp\/v2\/posts\/33476\/revisions"}],"wp:attachment":[{"href":"https:\/\/clam.org.br\/es\/wp-json\/wp\/v2\/media?parent=33476"}],"wp:term":[{"taxonomy":"category","embeddable":true,"href":"https:\/\/clam.org.br\/es\/wp-json\/wp\/v2\/categories?post=33476"},{"taxonomy":"post_tag","embeddable":true,"href":"https:\/\/clam.org.br\/es\/wp-json\/wp\/v2\/tags?post=33476"}],"curies":[{"name":"wp","href":"https:\/\/api.w.org\/{rel}","templated":true}]}}