{"id":33477,"date":"2006-11-29T00:00:00","date_gmt":"2006-11-29T02:00:00","guid":{"rendered":"https:\/\/clam.fw2web.com.br\/es\/2006\/11\/29\/iv-foro-latinoamericano-y-del-caribe-en-vih-sida-e-its\/"},"modified":"2006-11-29T00:00:00","modified_gmt":"2006-11-29T02:00:00","slug":"iv-foro-latinoamericano-y-del-caribe-en-vih-sida-e-its","status":"publish","type":"post","link":"https:\/\/clam.org.br\/es\/agenda\/iv-foro-latinoamericano-y-del-caribe-en-vih-sida-e-its\/33477\/","title":{"rendered":"IV Foro latinoamericano y del Caribe en VIH\/SIDA e ITS"},"content":{"rendered":"<p><B>\u00bfQu\u00e9 es el FORO 2007?<\/B>  <P>El FORO Latinoamericano y del Caribe en VIH\/SIDA e ITS es el espacio m\u00e1s importante de la Regi\u00f3n para el intercambio de experiencias y discusi\u00f3n de los retos y oportunidades para dar respuesta a la epidemia.<BR>  <P><B>\u00bfQui\u00e9nes Participan?<\/B>  <P>Participan representantes de Gobiernos, Sociedad Civil, Personas Viviendo con VIH\/SIDA, Instituciones Acad\u00e9micas, Agencias Internacionales, Organismos Bilaterales y Multilaterales de Desarrollo y Sector Privado. Asimismo, estas personas son oriundas de varios campos del conocimiento, lo que proporciona una perspectiva multisectorial e interdisciplinaria al FORO.<BR>  <P><B>Requisitos para la presentaci\u00f3n de trabajos: <a href=\"http:\/\/www.forovihsida2007.org\/archivos\/Gu%C3%ADa%20para%20presentar%20los%20res%C3%BAmenes.doc\" target=\"_blank\" rel=\"noopener\">haga click aqu\u00ed<\/A><\/B>  <P><B>Fecha l\u00edmite para presentar los trabajos: 15\/12\/06<\/B>  <P>&nbsp;<a href=\"http:\/\/www.forovihsida2007.org\/site\/index.asp?IdSeccion=1\" target=\"_blank\" rel=\"noopener\">Click aqu\u00ed para m\u00e1s informaci\u00f3n<\/A> <B><\/B> <P><B>Informe sobre becas<\/B>  <P>Para solicitar becas, usted deber\u00e1 llenar el formulario de inscripci\u00f3n. Si usted ha solicitado beca, cada caso ser\u00e1 estudiado y evaluado para otorgar la beca completa en forma correcta, y ser\u00e1 notificado en el caso correspondiente. En el caso que su beca no le sea otorgada, mantiene la opci\u00f3n de participar de este foro abonando la suma indicada.<B>Criterios para otorgamiento de BECAS<\/B>  <P>\u00b7 Inscripci\u00f3n realizada en tiempo y forma<BR>  <P>\u00b7 Pertenecer a poblaciones vulnerables<BR>  <P>\u00b7 Se tendr\u00e1 en cuenta la representaci\u00f3n geogr\u00e1fica<BR>  <P>\u00b7 Equidad de G\u00e9nero<BR>  <P>\u00b7 Personas Viviendo con VIH \/SIDA<BR>  <P>\u00b7 Personas con Trabajo Comunitario<BR>  <P>\u00b7 Nuevos liderazgos<BR>  <P><B>Presentaci\u00f3n de trabajo libres<\/B>  <P>Si usted desea participar del Foro 2007 a trav\u00e9s de la presentaci\u00f3n de un trabajo, debe completar el formulario de Inscripci\u00f3n. Previamente, lea con atenci\u00f3n los requisitos para la presentaci\u00f3n de trabajos.<BR>  <P>&nbsp;<B>\u00c1reas tem\u00e1ticas:<\/B>  <P>&#8211; <B>Acceso Universal:<\/B> Nuevos mecanismos de promoci\u00f3n y prevenci\u00f3n en la realidad de Am\u00e9rica Latina y el Caribe<BR>  <P>&#8211; <B>Acceso Universal:<\/B> Atenci\u00f3n y TX desde el marco de diferentes sistemas de salud<BR>  <P>&#8211; <B>Acceso Universal:<\/B> Vulnerabilidades estructurales, pol\u00edticas, sociales y epidemiol\u00f3gicas en Am\u00e9rica Latina y el Caribe<BR>  <P>&#8211; <B>Acceso Universal:<\/B> Cooperaci\u00f3n y las iniciativas internacionales y regionales frente al avance de la epidemia del VIH EN Am\u00e9rica Latina y el Caribe<BR>  <P><\/P><\/p>\n","protected":false},"excerpt":{"rendered":"<p>El 15 de diciembre es la fecha l\u00edmite para la presentaci\u00f3n de trabajos en el IV Foro Latinoamericano y del Caribe en VIH\/SIDA e ITS, que se realizar\u00e1 del 17 al 20 de abril del 2007 en Buenos Aires, Argentina.<\/p>\n","protected":false},"author":1,"featured_media":0,"comment_status":"open","ping_status":"open","sticky":false,"template":"","format":"standard","meta":{"_acf_changed":false,"site-sidebar-layout":"default","site-content-layout":"default","ast-global-header-display":"","ast-main-header-display":"","ast-hfb-above-header-display":"","ast-hfb-below-header-display":"","ast-hfb-mobile-header-display":"","site-post-title":"","ast-breadcrumbs-content":"","ast-featured-img":"","footer-sml-layout":"","theme-transparent-header-meta":"","adv-header-id-meta":"","stick-header-meta":"","header-above-stick-meta":"","header-main-stick-meta":"","header-below-stick-meta":"","_jetpack_memberships_contains_paid_content":false,"footnotes":""},"categories":[28],"tags":[],"class_list":["post-33477","post","type-post","status-publish","format-standard","hentry","category-agenda"],"acf":[],"yoast_head":"<!-- This site is optimized with the Yoast SEO plugin v26.1.1 - https:\/\/yoast.com\/wordpress\/plugins\/seo\/ -->\n<title>IV Foro latinoamericano y del Caribe en VIH\/SIDA e ITS - CLAM - ES<\/title>\n<meta name=\"robots\" content=\"index, follow, max-snippet:-1, max-image-preview:large, max-video-preview:-1\" \/>\n<link rel=\"canonical\" href=\"https:\/\/clam.org.br\/es\/agenda\/iv-foro-latinoamericano-y-del-caribe-en-vih-sida-e-its\/33477\/\" \/>\n<meta property=\"og:locale\" content=\"es_ES\" \/>\n<meta property=\"og:type\" content=\"article\" \/>\n<meta property=\"og:title\" content=\"IV Foro latinoamericano y del Caribe en VIH\/SIDA e ITS - CLAM - ES\" \/>\n<meta property=\"og:description\" content=\"El 15 de diciembre es la fecha l\u00edmite para la presentaci\u00f3n de trabajos en el IV Foro Latinoamericano y del Caribe en VIH\/SIDA e ITS, que se realizar\u00e1 del 17 al 20 de abril del 2007 en Buenos Aires, Argentina.\" \/>\n<meta property=\"og:url\" content=\"https:\/\/clam.org.br\/es\/agenda\/iv-foro-latinoamericano-y-del-caribe-en-vih-sida-e-its\/33477\/\" \/>\n<meta property=\"og:site_name\" content=\"CLAM - ES\" \/>\n<meta property=\"article:published_time\" content=\"2006-11-29T02:00:00+00:00\" \/>\n<meta name=\"author\" content=\"fw2\" \/>\n<meta name=\"twitter:card\" content=\"summary_large_image\" \/>\n<meta name=\"twitter:label1\" content=\"Escrito por\" \/>\n\t<meta name=\"twitter:data1\" content=\"fw2\" \/>\n\t<meta name=\"twitter:label2\" content=\"Tiempo de lectura\" \/>\n\t<meta name=\"twitter:data2\" content=\"2 minutos\" \/>\n<script type=\"application\/ld+json\" class=\"yoast-schema-graph\">{\"@context\":\"https:\/\/schema.org\",\"@graph\":[{\"@type\":\"WebPage\",\"@id\":\"https:\/\/clam.org.br\/es\/agenda\/iv-foro-latinoamericano-y-del-caribe-en-vih-sida-e-its\/33477\/\",\"url\":\"https:\/\/clam.org.br\/es\/agenda\/iv-foro-latinoamericano-y-del-caribe-en-vih-sida-e-its\/33477\/\",\"name\":\"IV Foro latinoamericano y del Caribe en VIH\/SIDA e ITS - CLAM - ES\",\"isPartOf\":{\"@id\":\"https:\/\/clam.org.br\/es\/#website\"},\"datePublished\":\"2006-11-29T02:00:00+00:00\",\"author\":{\"@id\":\"https:\/\/clam.org.br\/es\/#\/schema\/person\/fbd9a86032bf7479f94b0ded196f1010\"},\"breadcrumb\":{\"@id\":\"https:\/\/clam.org.br\/es\/agenda\/iv-foro-latinoamericano-y-del-caribe-en-vih-sida-e-its\/33477\/#breadcrumb\"},\"inLanguage\":\"es\",\"potentialAction\":[{\"@type\":\"ReadAction\",\"target\":[\"https:\/\/clam.org.br\/es\/agenda\/iv-foro-latinoamericano-y-del-caribe-en-vih-sida-e-its\/33477\/\"]}]},{\"@type\":\"BreadcrumbList\",\"@id\":\"https:\/\/clam.org.br\/es\/agenda\/iv-foro-latinoamericano-y-del-caribe-en-vih-sida-e-its\/33477\/#breadcrumb\",\"itemListElement\":[{\"@type\":\"ListItem\",\"position\":1,\"name\":\"In\u00edcio\",\"item\":\"https:\/\/clam.org.br\/es\/\"},{\"@type\":\"ListItem\",\"position\":2,\"name\":\"IV Foro latinoamericano y del Caribe en VIH\/SIDA e ITS\"}]},{\"@type\":\"WebSite\",\"@id\":\"https:\/\/clam.org.br\/es\/#website\",\"url\":\"https:\/\/clam.org.br\/es\/\",\"name\":\"CLAM - ES\",\"description\":\"S\u00f3 mais um site CLAM - Centro Latino-Americano em Sexualidade e Direitos Humanos sites\",\"potentialAction\":[{\"@type\":\"SearchAction\",\"target\":{\"@type\":\"EntryPoint\",\"urlTemplate\":\"https:\/\/clam.org.br\/es\/?s={search_term_string}\"},\"query-input\":{\"@type\":\"PropertyValueSpecification\",\"valueRequired\":true,\"valueName\":\"search_term_string\"}}],\"inLanguage\":\"es\"},{\"@type\":\"Person\",\"@id\":\"https:\/\/clam.org.br\/es\/#\/schema\/person\/fbd9a86032bf7479f94b0ded196f1010\",\"name\":\"fw2\",\"image\":{\"@type\":\"ImageObject\",\"inLanguage\":\"es\",\"@id\":\"https:\/\/clam.org.br\/es\/#\/schema\/person\/image\/\",\"url\":\"https:\/\/secure.gravatar.com\/avatar\/c38472c0cdbde82d9b6fcc26adb3779d?s=96&d=mm&r=g\",\"contentUrl\":\"https:\/\/secure.gravatar.com\/avatar\/c38472c0cdbde82d9b6fcc26adb3779d?s=96&d=mm&r=g\",\"caption\":\"fw2\"},\"sameAs\":[\"https:\/\/clam.fw2web.com.br\"],\"url\":\"https:\/\/clam.org.br\/es\/author\/fw2\/\"}]}<\/script>\n<!-- \/ Yoast SEO plugin. -->","yoast_head_json":{"title":"IV Foro latinoamericano y del Caribe en VIH\/SIDA e ITS - CLAM - ES","robots":{"index":"index","follow":"follow","max-snippet":"max-snippet:-1","max-image-preview":"max-image-preview:large","max-video-preview":"max-video-preview:-1"},"canonical":"https:\/\/clam.org.br\/es\/agenda\/iv-foro-latinoamericano-y-del-caribe-en-vih-sida-e-its\/33477\/","og_locale":"es_ES","og_type":"article","og_title":"IV Foro latinoamericano y del Caribe en VIH\/SIDA e ITS - CLAM - ES","og_description":"El 15 de diciembre es la fecha l\u00edmite para la presentaci\u00f3n de trabajos en el IV Foro Latinoamericano y del Caribe en VIH\/SIDA e ITS, que se realizar\u00e1 del 17 al 20 de abril del 2007 en Buenos Aires, Argentina.","og_url":"https:\/\/clam.org.br\/es\/agenda\/iv-foro-latinoamericano-y-del-caribe-en-vih-sida-e-its\/33477\/","og_site_name":"CLAM - ES","article_published_time":"2006-11-29T02:00:00+00:00","author":"fw2","twitter_card":"summary_large_image","twitter_misc":{"Escrito por":"fw2","Tiempo de lectura":"2 minutos"},"schema":{"@context":"https:\/\/schema.org","@graph":[{"@type":"WebPage","@id":"https:\/\/clam.org.br\/es\/agenda\/iv-foro-latinoamericano-y-del-caribe-en-vih-sida-e-its\/33477\/","url":"https:\/\/clam.org.br\/es\/agenda\/iv-foro-latinoamericano-y-del-caribe-en-vih-sida-e-its\/33477\/","name":"IV Foro latinoamericano y del Caribe en VIH\/SIDA e ITS - CLAM - ES","isPartOf":{"@id":"https:\/\/clam.org.br\/es\/#website"},"datePublished":"2006-11-29T02:00:00+00:00","author":{"@id":"https:\/\/clam.org.br\/es\/#\/schema\/person\/fbd9a86032bf7479f94b0ded196f1010"},"breadcrumb":{"@id":"https:\/\/clam.org.br\/es\/agenda\/iv-foro-latinoamericano-y-del-caribe-en-vih-sida-e-its\/33477\/#breadcrumb"},"inLanguage":"es","potentialAction":[{"@type":"ReadAction","target":["https:\/\/clam.org.br\/es\/agenda\/iv-foro-latinoamericano-y-del-caribe-en-vih-sida-e-its\/33477\/"]}]},{"@type":"BreadcrumbList","@id":"https:\/\/clam.org.br\/es\/agenda\/iv-foro-latinoamericano-y-del-caribe-en-vih-sida-e-its\/33477\/#breadcrumb","itemListElement":[{"@type":"ListItem","position":1,"name":"In\u00edcio","item":"https:\/\/clam.org.br\/es\/"},{"@type":"ListItem","position":2,"name":"IV Foro latinoamericano y del Caribe en VIH\/SIDA e ITS"}]},{"@type":"WebSite","@id":"https:\/\/clam.org.br\/es\/#website","url":"https:\/\/clam.org.br\/es\/","name":"CLAM - ES","description":"S\u00f3 mais um site CLAM - Centro Latino-Americano em Sexualidade e Direitos Humanos sites","potentialAction":[{"@type":"SearchAction","target":{"@type":"EntryPoint","urlTemplate":"https:\/\/clam.org.br\/es\/?s={search_term_string}"},"query-input":{"@type":"PropertyValueSpecification","valueRequired":true,"valueName":"search_term_string"}}],"inLanguage":"es"},{"@type":"Person","@id":"https:\/\/clam.org.br\/es\/#\/schema\/person\/fbd9a86032bf7479f94b0ded196f1010","name":"fw2","image":{"@type":"ImageObject","inLanguage":"es","@id":"https:\/\/clam.org.br\/es\/#\/schema\/person\/image\/","url":"https:\/\/secure.gravatar.com\/avatar\/c38472c0cdbde82d9b6fcc26adb3779d?s=96&d=mm&r=g","contentUrl":"https:\/\/secure.gravatar.com\/avatar\/c38472c0cdbde82d9b6fcc26adb3779d?s=96&d=mm&r=g","caption":"fw2"},"sameAs":["https:\/\/clam.fw2web.com.br"],"url":"https:\/\/clam.org.br\/es\/author\/fw2\/"}]}},"jetpack_featured_media_url":"","jetpack_sharing_enabled":true,"_links":{"self":[{"href":"https:\/\/clam.org.br\/es\/wp-json\/wp\/v2\/posts\/33477","targetHints":{"allow":["GET"]}}],"collection":[{"href":"https:\/\/clam.org.br\/es\/wp-json\/wp\/v2\/posts"}],"about":[{"href":"https:\/\/clam.org.br\/es\/wp-json\/wp\/v2\/types\/post"}],"author":[{"embeddable":true,"href":"https:\/\/clam.org.br\/es\/wp-json\/wp\/v2\/users\/1"}],"replies":[{"embeddable":true,"href":"https:\/\/clam.org.br\/es\/wp-json\/wp\/v2\/comments?post=33477"}],"version-history":[{"count":0,"href":"https:\/\/clam.org.br\/es\/wp-json\/wp\/v2\/posts\/33477\/revisions"}],"wp:attachment":[{"href":"https:\/\/clam.org.br\/es\/wp-json\/wp\/v2\/media?parent=33477"}],"wp:term":[{"taxonomy":"category","embeddable":true,"href":"https:\/\/clam.org.br\/es\/wp-json\/wp\/v2\/categories?post=33477"},{"taxonomy":"post_tag","embeddable":true,"href":"https:\/\/clam.org.br\/es\/wp-json\/wp\/v2\/tags?post=33477"}],"curies":[{"name":"wp","href":"https:\/\/api.w.org\/{rel}","templated":true}]}}