{"id":33478,"date":"2006-11-29T00:00:00","date_gmt":"2006-11-29T02:00:00","guid":{"rendered":"https:\/\/clam.fw2web.com.br\/es\/2006\/11\/29\/cronograma-de-eventos-por-el-dia-mundial-de-lucha-contra-el-sida\/"},"modified":"2006-11-29T00:00:00","modified_gmt":"2006-11-29T02:00:00","slug":"cronograma-de-eventos-por-el-dia-mundial-de-lucha-contra-el-sida","status":"publish","type":"post","link":"https:\/\/clam.org.br\/es\/agenda\/cronograma-de-eventos-por-el-dia-mundial-de-lucha-contra-el-sida\/33478\/","title":{"rendered":"Cronograma de eventos por el D\u00eda Mundial de Lucha contra el SIDA"},"content":{"rendered":"<p><STRONG>Eventos p\u00fablicos de la Campa\u00f1a Mundial 2006.<\/STRONG> <P><B>Ceremonia Lit\u00fargica<\/B> <P>Que: Ceremonia Lit\u00fargica <P>Donde: Congregaci\u00f3n Luterana el Redentor (Cra 13 No. 55 &ndash; 56) <P>Cuando: domingo 26 de noviembre <P>A que Hora: 7:00 p.m <P>Quien Organiza: Centro de Apoyo y Referencia ASIVIDA. <P><B>Evento Cultural en el Jard\u00edn Bot\u00e1nico<\/B> <P>Que: Evento Cultural en el Jard\u00edn Bot\u00e1nico <P>Donde: Jard\u00edn Bot\u00e1nico <P>Cuando: 30 de Noviembre de 2006 <P>A que Hora: 10:00 a.m. <P>Quien Organiza: ASVIHDA &ndash; JARDIN BOTANICO y ONUSIDA <P><B>Eventos de la Secretaria Distrital de Salud y UNFPA<\/B> <P>Que: lanzamiento de la estrategia <B>CONDONPILO<\/B> <P>Martes 28 de noviembre, Transmilenio. Portal Ameritas 4 p.m. -8 p.m. <P>Mi\u00e9rcoles 29 de noviembre, Transmilenio. Portal Usme 4 p.m.-8 p.m. <P>Viernes 1 de diciembre, Secretaria de Salud. cll 13, cr 32 Plazoleta Interior 8 a.m.-10 a.m. <P>Viernes 1 de diciembre, Secretaria de Salud. cll 13, cr 32 Plazoleta Interior 2 p.m.- 4 p.m. <P>Viernes 1 de diciembre, Universidad Distrital la Macarena, Av. Circunvalar cll 285 p.m.-7p.m. <P>S\u00e1bado 2 de diciembre, Club Theatron y Lotus BAR, cll 58,n.10-4210 p.m.<BR> Quien organiza: Secretaria Distrital de Salud y el Fondo de Poblaci\u00f3n de Naciones Unidas <P><B>\u00a1Marchando juntos para vencer al Sida!<\/B> <P>Que: Marcha, con acompa\u00f1amiento art\u00edstico. <P>Donde: Salida &ndash; Parqueadero Plaza de Toros <P>Llegada &ndash; Parque de los Periodistas <P>Cuando: viernes 1 de diciembre de 2006 <P>A que Hora: Hora de encuentro 10:30 AM. <P>Quien Organiza: Mesa de ONG\u00b4s &ndash; ONUSIDA <P><B>Evento Clausura Marcha<\/B> <P>Que: Clausura de la marcha: evento l\u00fadico, art\u00edstico y musical; con momentos de sensibilizaci\u00f3n y reflexi\u00f3n. <P>Donde: Parque de los periodistas <P>Cuando: viernes 1 de diciembre <P>A que Hora: 1:30 pm a 3:00 pm <P>Quien Organiza: Mesa de ONG\u00b4s &ndash; ONUSIDA <P><B>Evento DABS y Universidad Pedag\u00f3gica &ldquo;Con o sin Sida los Derechos Son la v\u00eda&rdquo;<\/B> <P>Que: Actividad l\u00fadica art\u00edstica Cultural <B>&ldquo;Con o sin Sida los Derechos Son la v\u00eda&rdquo;<\/B> <P>Donde: Plaza de Lourdes Calle 63 con Cra 13 <P>Cuando: Viernes 1 de Diciembre de 2006 <P>A que Hora: 1:00pm a 8:00pm <P>Quien Organiza: Departamento Administrativo de Bienestar social (DABS), con su proyecto de Derechos Sexuales y Derechos Reproductivos &ndash; Universidad Pedag\u00f3gica Nacional &ndash; Promover Ciudadan\u00eda &ndash; HOPE Worldwide Colombia y ONUSIDA. <P><B>Evento Universidad Distrital, Secretaria Distrital de Salud y UNFPA<\/B> <P>Que: Concierto para mantener la promesa, con los grupos: Pant\u00e1goras, La Severa Matacera y Dr. Cr\u00e1pula <P>Donde: U Distrital- La Macarena, Cra 3, n. 26\u00aa-40 <P>Cuando: Viernes 1 de Diciembre de 2006 <P>A que Hora: 2:30 p.m. &ndash; 8 p.m. <P>Quien Organiza: la Secretar\u00eda Distrital de Salud, la Universidad Distrital Francisco Jos\u00e9 de Caldas, el Fondo de Poblaci\u00f3n de Naciones Unidas y otras organizaciones e instituciones de apoyo a la lucha contra el VIH. <P><B>Feria De Artesanos<\/B> <P>Que: Feria de Artesanos que viven con VIH <P>Donde: Parqueadero Parkway <P>Cuando: 1 y 2 de Diciembre de 2006 <P>A que Hora: 9:00 a.m. a 6:00 p.m. <P>Quien Organiza: Fundaci\u00f3n Tejedores de Vida <P><\/P><\/p>\n","protected":false},"excerpt":{"rendered":"<p>Diversas organizaciones de base comunitaria, entidades p\u00fablicas y agencias de cooperaci\u00f3n internacional organizan durante esta semana diferentes actividades en el d\u00eda mundial de lucha contra el SIDA. Las mismas comprenden una marcha, eventos culturales, conciertos, el lanzamiento de la campa\u00f1a distrital \u201ccond\u00f3n pilo\u201d y feria de artesanos que viven con vih.<\/p>\n","protected":false},"author":1,"featured_media":0,"comment_status":"open","ping_status":"open","sticky":false,"template":"","format":"standard","meta":{"_acf_changed":false,"site-sidebar-layout":"default","site-content-layout":"default","ast-global-header-display":"","ast-main-header-display":"","ast-hfb-above-header-display":"","ast-hfb-below-header-display":"","ast-hfb-mobile-header-display":"","site-post-title":"","ast-breadcrumbs-content":"","ast-featured-img":"","footer-sml-layout":"","theme-transparent-header-meta":"","adv-header-id-meta":"","stick-header-meta":"","header-above-stick-meta":"","header-main-stick-meta":"","header-below-stick-meta":"","_jetpack_memberships_contains_paid_content":false,"footnotes":""},"categories":[28],"tags":[],"class_list":["post-33478","post","type-post","status-publish","format-standard","hentry","category-agenda"],"acf":[],"yoast_head":"<!-- This site is optimized with the Yoast SEO plugin v26.1.1 - https:\/\/yoast.com\/wordpress\/plugins\/seo\/ -->\n<title>Cronograma de eventos por el D\u00eda Mundial de Lucha contra el SIDA - CLAM - ES<\/title>\n<meta name=\"robots\" content=\"index, follow, max-snippet:-1, max-image-preview:large, max-video-preview:-1\" \/>\n<link rel=\"canonical\" href=\"https:\/\/clam.org.br\/es\/agenda\/cronograma-de-eventos-por-el-dia-mundial-de-lucha-contra-el-sida\/33478\/\" \/>\n<meta property=\"og:locale\" content=\"es_ES\" \/>\n<meta property=\"og:type\" content=\"article\" \/>\n<meta property=\"og:title\" content=\"Cronograma de eventos por el D\u00eda Mundial de Lucha contra el SIDA - CLAM - ES\" \/>\n<meta property=\"og:description\" content=\"Diversas organizaciones de base comunitaria, entidades p\u00fablicas y agencias de cooperaci\u00f3n internacional organizan durante esta semana diferentes actividades en el d\u00eda mundial de lucha contra el SIDA. Las mismas comprenden una marcha, eventos culturales, conciertos, el lanzamiento de la campa\u00f1a distrital \u201ccond\u00f3n pilo\u201d y feria de artesanos que viven con vih.\" \/>\n<meta property=\"og:url\" content=\"https:\/\/clam.org.br\/es\/agenda\/cronograma-de-eventos-por-el-dia-mundial-de-lucha-contra-el-sida\/33478\/\" \/>\n<meta property=\"og:site_name\" content=\"CLAM - ES\" \/>\n<meta property=\"article:published_time\" content=\"2006-11-29T02:00:00+00:00\" \/>\n<meta name=\"author\" content=\"fw2\" \/>\n<meta name=\"twitter:card\" content=\"summary_large_image\" \/>\n<meta name=\"twitter:label1\" content=\"Escrito por\" \/>\n\t<meta name=\"twitter:data1\" content=\"fw2\" \/>\n\t<meta name=\"twitter:label2\" content=\"Tiempo de lectura\" \/>\n\t<meta name=\"twitter:data2\" content=\"2 minutos\" \/>\n<script type=\"application\/ld+json\" class=\"yoast-schema-graph\">{\"@context\":\"https:\/\/schema.org\",\"@graph\":[{\"@type\":\"WebPage\",\"@id\":\"https:\/\/clam.org.br\/es\/agenda\/cronograma-de-eventos-por-el-dia-mundial-de-lucha-contra-el-sida\/33478\/\",\"url\":\"https:\/\/clam.org.br\/es\/agenda\/cronograma-de-eventos-por-el-dia-mundial-de-lucha-contra-el-sida\/33478\/\",\"name\":\"Cronograma de eventos por el D\u00eda Mundial de Lucha contra el SIDA - CLAM - ES\",\"isPartOf\":{\"@id\":\"https:\/\/clam.org.br\/es\/#website\"},\"datePublished\":\"2006-11-29T02:00:00+00:00\",\"author\":{\"@id\":\"https:\/\/clam.org.br\/es\/#\/schema\/person\/fbd9a86032bf7479f94b0ded196f1010\"},\"breadcrumb\":{\"@id\":\"https:\/\/clam.org.br\/es\/agenda\/cronograma-de-eventos-por-el-dia-mundial-de-lucha-contra-el-sida\/33478\/#breadcrumb\"},\"inLanguage\":\"es\",\"potentialAction\":[{\"@type\":\"ReadAction\",\"target\":[\"https:\/\/clam.org.br\/es\/agenda\/cronograma-de-eventos-por-el-dia-mundial-de-lucha-contra-el-sida\/33478\/\"]}]},{\"@type\":\"BreadcrumbList\",\"@id\":\"https:\/\/clam.org.br\/es\/agenda\/cronograma-de-eventos-por-el-dia-mundial-de-lucha-contra-el-sida\/33478\/#breadcrumb\",\"itemListElement\":[{\"@type\":\"ListItem\",\"position\":1,\"name\":\"In\u00edcio\",\"item\":\"https:\/\/clam.org.br\/es\/\"},{\"@type\":\"ListItem\",\"position\":2,\"name\":\"Cronograma de eventos por el D\u00eda Mundial de Lucha contra el SIDA\"}]},{\"@type\":\"WebSite\",\"@id\":\"https:\/\/clam.org.br\/es\/#website\",\"url\":\"https:\/\/clam.org.br\/es\/\",\"name\":\"CLAM - ES\",\"description\":\"S\u00f3 mais um site CLAM - Centro Latino-Americano em Sexualidade e Direitos Humanos sites\",\"potentialAction\":[{\"@type\":\"SearchAction\",\"target\":{\"@type\":\"EntryPoint\",\"urlTemplate\":\"https:\/\/clam.org.br\/es\/?s={search_term_string}\"},\"query-input\":{\"@type\":\"PropertyValueSpecification\",\"valueRequired\":true,\"valueName\":\"search_term_string\"}}],\"inLanguage\":\"es\"},{\"@type\":\"Person\",\"@id\":\"https:\/\/clam.org.br\/es\/#\/schema\/person\/fbd9a86032bf7479f94b0ded196f1010\",\"name\":\"fw2\",\"image\":{\"@type\":\"ImageObject\",\"inLanguage\":\"es\",\"@id\":\"https:\/\/clam.org.br\/es\/#\/schema\/person\/image\/\",\"url\":\"https:\/\/secure.gravatar.com\/avatar\/c38472c0cdbde82d9b6fcc26adb3779d?s=96&d=mm&r=g\",\"contentUrl\":\"https:\/\/secure.gravatar.com\/avatar\/c38472c0cdbde82d9b6fcc26adb3779d?s=96&d=mm&r=g\",\"caption\":\"fw2\"},\"sameAs\":[\"https:\/\/clam.fw2web.com.br\"],\"url\":\"https:\/\/clam.org.br\/es\/author\/fw2\/\"}]}<\/script>\n<!-- \/ Yoast SEO plugin. -->","yoast_head_json":{"title":"Cronograma de eventos por el D\u00eda Mundial de Lucha contra el SIDA - CLAM - ES","robots":{"index":"index","follow":"follow","max-snippet":"max-snippet:-1","max-image-preview":"max-image-preview:large","max-video-preview":"max-video-preview:-1"},"canonical":"https:\/\/clam.org.br\/es\/agenda\/cronograma-de-eventos-por-el-dia-mundial-de-lucha-contra-el-sida\/33478\/","og_locale":"es_ES","og_type":"article","og_title":"Cronograma de eventos por el D\u00eda Mundial de Lucha contra el SIDA - CLAM - ES","og_description":"Diversas organizaciones de base comunitaria, entidades p\u00fablicas y agencias de cooperaci\u00f3n internacional organizan durante esta semana diferentes actividades en el d\u00eda mundial de lucha contra el SIDA. Las mismas comprenden una marcha, eventos culturales, conciertos, el lanzamiento de la campa\u00f1a distrital \u201ccond\u00f3n pilo\u201d y feria de artesanos que viven con vih.","og_url":"https:\/\/clam.org.br\/es\/agenda\/cronograma-de-eventos-por-el-dia-mundial-de-lucha-contra-el-sida\/33478\/","og_site_name":"CLAM - ES","article_published_time":"2006-11-29T02:00:00+00:00","author":"fw2","twitter_card":"summary_large_image","twitter_misc":{"Escrito por":"fw2","Tiempo de lectura":"2 minutos"},"schema":{"@context":"https:\/\/schema.org","@graph":[{"@type":"WebPage","@id":"https:\/\/clam.org.br\/es\/agenda\/cronograma-de-eventos-por-el-dia-mundial-de-lucha-contra-el-sida\/33478\/","url":"https:\/\/clam.org.br\/es\/agenda\/cronograma-de-eventos-por-el-dia-mundial-de-lucha-contra-el-sida\/33478\/","name":"Cronograma de eventos por el D\u00eda Mundial de Lucha contra el SIDA - CLAM - ES","isPartOf":{"@id":"https:\/\/clam.org.br\/es\/#website"},"datePublished":"2006-11-29T02:00:00+00:00","author":{"@id":"https:\/\/clam.org.br\/es\/#\/schema\/person\/fbd9a86032bf7479f94b0ded196f1010"},"breadcrumb":{"@id":"https:\/\/clam.org.br\/es\/agenda\/cronograma-de-eventos-por-el-dia-mundial-de-lucha-contra-el-sida\/33478\/#breadcrumb"},"inLanguage":"es","potentialAction":[{"@type":"ReadAction","target":["https:\/\/clam.org.br\/es\/agenda\/cronograma-de-eventos-por-el-dia-mundial-de-lucha-contra-el-sida\/33478\/"]}]},{"@type":"BreadcrumbList","@id":"https:\/\/clam.org.br\/es\/agenda\/cronograma-de-eventos-por-el-dia-mundial-de-lucha-contra-el-sida\/33478\/#breadcrumb","itemListElement":[{"@type":"ListItem","position":1,"name":"In\u00edcio","item":"https:\/\/clam.org.br\/es\/"},{"@type":"ListItem","position":2,"name":"Cronograma de eventos por el D\u00eda Mundial de Lucha contra el SIDA"}]},{"@type":"WebSite","@id":"https:\/\/clam.org.br\/es\/#website","url":"https:\/\/clam.org.br\/es\/","name":"CLAM - ES","description":"S\u00f3 mais um site CLAM - Centro Latino-Americano em Sexualidade e Direitos Humanos sites","potentialAction":[{"@type":"SearchAction","target":{"@type":"EntryPoint","urlTemplate":"https:\/\/clam.org.br\/es\/?s={search_term_string}"},"query-input":{"@type":"PropertyValueSpecification","valueRequired":true,"valueName":"search_term_string"}}],"inLanguage":"es"},{"@type":"Person","@id":"https:\/\/clam.org.br\/es\/#\/schema\/person\/fbd9a86032bf7479f94b0ded196f1010","name":"fw2","image":{"@type":"ImageObject","inLanguage":"es","@id":"https:\/\/clam.org.br\/es\/#\/schema\/person\/image\/","url":"https:\/\/secure.gravatar.com\/avatar\/c38472c0cdbde82d9b6fcc26adb3779d?s=96&d=mm&r=g","contentUrl":"https:\/\/secure.gravatar.com\/avatar\/c38472c0cdbde82d9b6fcc26adb3779d?s=96&d=mm&r=g","caption":"fw2"},"sameAs":["https:\/\/clam.fw2web.com.br"],"url":"https:\/\/clam.org.br\/es\/author\/fw2\/"}]}},"jetpack_featured_media_url":"","jetpack_sharing_enabled":true,"_links":{"self":[{"href":"https:\/\/clam.org.br\/es\/wp-json\/wp\/v2\/posts\/33478","targetHints":{"allow":["GET"]}}],"collection":[{"href":"https:\/\/clam.org.br\/es\/wp-json\/wp\/v2\/posts"}],"about":[{"href":"https:\/\/clam.org.br\/es\/wp-json\/wp\/v2\/types\/post"}],"author":[{"embeddable":true,"href":"https:\/\/clam.org.br\/es\/wp-json\/wp\/v2\/users\/1"}],"replies":[{"embeddable":true,"href":"https:\/\/clam.org.br\/es\/wp-json\/wp\/v2\/comments?post=33478"}],"version-history":[{"count":0,"href":"https:\/\/clam.org.br\/es\/wp-json\/wp\/v2\/posts\/33478\/revisions"}],"wp:attachment":[{"href":"https:\/\/clam.org.br\/es\/wp-json\/wp\/v2\/media?parent=33478"}],"wp:term":[{"taxonomy":"category","embeddable":true,"href":"https:\/\/clam.org.br\/es\/wp-json\/wp\/v2\/categories?post=33478"},{"taxonomy":"post_tag","embeddable":true,"href":"https:\/\/clam.org.br\/es\/wp-json\/wp\/v2\/tags?post=33478"}],"curies":[{"name":"wp","href":"https:\/\/api.w.org\/{rel}","templated":true}]}}