{"id":33482,"date":"2006-12-05T00:00:00","date_gmt":"2006-12-05T02:00:00","guid":{"rendered":"https:\/\/clam.fw2web.com.br\/es\/2006\/12\/05\/jornada-migracion-trabajo-esclavo-y-genero\/"},"modified":"2006-12-05T00:00:00","modified_gmt":"2006-12-05T02:00:00","slug":"jornada-migracion-trabajo-esclavo-y-genero","status":"publish","type":"post","link":"https:\/\/clam.org.br\/es\/agenda\/jornada-migracion-trabajo-esclavo-y-genero\/33482\/","title":{"rendered":"Jornada \u201cMigraci\u00f3n, trabajo esclavo y g\u00e9nero\u201d"},"content":{"rendered":"<p>La misma cuenta con el auspicio de: OIT &ndash; UNIFEM &#8211; FUNDACI\u00d3N FRIEDRICH EBERT Sal\u00f3n Auditorio del Ministerio de Trabajo, Empleo y Seguridad Social &ldquo;Islas Malvinas&rdquo; Leandro N. Alem N\u00b0 650 &ndash; Piso 16 &ndash; Cdad. de Buenos Aires <B>Programa<\/B>  <P><B>09:30 Inscripci\u00f3n<\/B>  <P>Caf\u00e9 de Bienvenida<BR>  <P><B>10:00 Apertura<\/B>  <P>Olga Hammar &#8211; CTIO<BR>  <P>Representante &ndash; OIT<BR>  <P>Dra. Da. Noem\u00ec Rial MTEySS<BR>  <P><B>10:30 Panel I<BR>  <P>&ldquo;Globalizaci\u00f3n y Transformaciones Sociales&rdquo; Migraciones Internacionales, Modificaci\u00f3n del Mercado de Trabajo<\/B>  <P>Dramatizaci\u00f3n conceptual: Violencia de g\u00e9nero &#8211; Vicky Murtagh<BR>  <P>Representante de UNFPA<BR>  <P>OIM &#8211; Eugenio Ambrosi<BR>  <P>ACNUR &#8211; Flor Rojas Rodr\u00edguez<BR>  <P>Embajadora Representante Especial para temas de la Mujer en el \u00e1mbito Internacional, Lic. Magdalena Faillace<BR>  <P>Coordina: Eleonor Zucaria CTIO- MTEySS<BR>  <P><B>11:45 Pausa<\/B>  <P><B>12:00 Panel II<BR>  <P>&ldquo;Migrantes: Experiencias, Vivencias y Recorridos en la Construcci\u00f3n Social&rdquo; <\/B> <P>Cooperativa Alameda &ndash; Virginia Settier<BR>  <P>Orerape, Migraciones paraguayas en Argentina &#8211; Ramona (Rami) Alvarez Fleitas<BR>  <P>Organizaci\u00f3n 26 de julio &ndash; Lily Galeano<BR>  <P>AMUMRA &#8211; Natividad Obeso<BR>  <P>Mov. Social y Popular de la Ciudad &ndash; Gladys Mi\u00f1o<BR>  <P>Coordina: Cira Benitez Candia Secretaria de Igualdad de Genero CTA Capital<BR>  <P><B>13:00 Pausa &ndash; Almuerzo<\/B>  <P><B>13:45 Panel III<BR>  <P>&ldquo;Trata y Trafico&rdquo; <\/B> <P>G\u00e9nero, Etnia, Clase, G\u00e9nero<BR>  <P>Dramatizaci\u00f3n conceptual: Migraciones y discriminaci\u00f3n &#8211; Grupo Teatral &ldquo;Tres Gatos Locos&rdquo;<BR>  <P>Mujeres en Igualdad &#8211; Monique Alstchul<BR>  <P>Investigadora Mariela Clavin<BR>  <P>Investigadora Mar\u00eda Esther (Titi) Isoardi &ndash; medios de comunicaci\u00f3n<BR>  <P>Diputada Nacional (m.c.) Mar\u00eda Elena Barbagelata<BR>  <P>Coordina: Maria Elisa Prada Representante del INTI UPCN- CGT<BR>  <P><B>15.00 Panel IV &ldquo;Migraci\u00f3n y trabajo, explotaci\u00f3n y denuncia&rdquo; <\/B> <P>Contrataci\u00f3n y Protecci\u00f3n de Trabajador@s Migrantes, Trabajo Rural y Dom\u00e9stico, Responsabilidad Social Empresaria, &#8211; Acciones desde el Estado Nacional<BR>  <P>Dramatizaci\u00f3n conceptual: Migraciones y discriminaci\u00f3n \u00e9tnica &#8211; Grupo Teatral &ldquo;Tres Gatos Locos&rdquo;<BR>  <P>Federaci\u00f3n Agraria-Mujeres Federada Susana Olego<BR>  <P>Secretario General Consejo Directivo Nacional de la Asociaci\u00f3n Obrera Textil de la Rep\u00fablica Argentina. Jorge Lobais.<BR>  <P>CGT, Secretaria Nacional de Oportunidades y Genero No\u00e9 Ruiz<BR>  <P>Representante de CTA<BR>  <P>Secretar\u00eda de DD.HH. de la Naci\u00f3n, Mtrio de Justicia y DD.HH., Ana Gonz\u00e1lez, Directora de D.E.S.C.<BR>  <P>Coordina: Stella Quintas Confederaci\u00f3n General de comercio y Servicios de la R. Argentina<BR>  <P><B>16.00 Cierre<\/B>  <P>Sr. Ministro de Trabajo, Empleo y Seguridad Social Dr. Carlos Tomada<BR>  <P><B>Consultas e inscripci\u00f3n: <\/B> <P>Tel\u00e9fonos: 4310-5519\/5913\/5889\/5678<BR>  <P><A href=\"mailto:comisiontripartita@trabajo.gov.ar\">comisiontripartita@trabajo.gov.ar<\/A>  <P>&nbsp;<BR>  <P>Mar\u00eda Jos\u00e9 Gamboa &#8211; <A href=\"mailto:mgamboa@trabajo-gov.ar\">mgamboa@trabajo-gov.ar<\/A>  <P>Jorge R. Casin &ndash; <A href=\"mailto:jorcasin@yahoo.com\">jorcasin@yahoo.com<\/A>  <P><\/P><\/p>\n","protected":false},"excerpt":{"rendered":"<p>El Ministerio de Trabajo y UNIFEM invitan a participar de la Jornada Migraci\u00f3n, trabajo esclavo y g\u00e9nero, que se llevar\u00e1 a cabo el jueves 7 de diciembre.<\/p>\n","protected":false},"author":1,"featured_media":0,"comment_status":"open","ping_status":"open","sticky":false,"template":"","format":"standard","meta":{"_acf_changed":false,"site-sidebar-layout":"default","site-content-layout":"default","ast-global-header-display":"","ast-main-header-display":"","ast-hfb-above-header-display":"","ast-hfb-below-header-display":"","ast-hfb-mobile-header-display":"","site-post-title":"","ast-breadcrumbs-content":"","ast-featured-img":"","footer-sml-layout":"","theme-transparent-header-meta":"","adv-header-id-meta":"","stick-header-meta":"","header-above-stick-meta":"","header-main-stick-meta":"","header-below-stick-meta":"","_jetpack_memberships_contains_paid_content":false,"footnotes":""},"categories":[28],"tags":[],"class_list":["post-33482","post","type-post","status-publish","format-standard","hentry","category-agenda"],"acf":[],"yoast_head":"<!-- This site is optimized with the Yoast SEO plugin v26.1.1 - https:\/\/yoast.com\/wordpress\/plugins\/seo\/ -->\n<title>Jornada \u201cMigraci\u00f3n, trabajo esclavo y g\u00e9nero\u201d - CLAM - ES<\/title>\n<meta name=\"robots\" content=\"index, follow, max-snippet:-1, max-image-preview:large, max-video-preview:-1\" \/>\n<link rel=\"canonical\" href=\"https:\/\/clam.org.br\/es\/agenda\/jornada-migracion-trabajo-esclavo-y-genero\/33482\/\" \/>\n<meta property=\"og:locale\" content=\"es_ES\" \/>\n<meta property=\"og:type\" content=\"article\" \/>\n<meta property=\"og:title\" content=\"Jornada \u201cMigraci\u00f3n, trabajo esclavo y g\u00e9nero\u201d - CLAM - ES\" \/>\n<meta property=\"og:description\" content=\"El Ministerio de Trabajo y UNIFEM invitan a participar de la Jornada Migraci\u00f3n, trabajo esclavo y g\u00e9nero, que se llevar\u00e1 a cabo el jueves 7 de diciembre.\" \/>\n<meta property=\"og:url\" content=\"https:\/\/clam.org.br\/es\/agenda\/jornada-migracion-trabajo-esclavo-y-genero\/33482\/\" \/>\n<meta property=\"og:site_name\" content=\"CLAM - ES\" \/>\n<meta property=\"article:published_time\" content=\"2006-12-05T02:00:00+00:00\" \/>\n<meta name=\"author\" content=\"fw2\" \/>\n<meta name=\"twitter:card\" content=\"summary_large_image\" \/>\n<meta name=\"twitter:label1\" content=\"Escrito por\" \/>\n\t<meta name=\"twitter:data1\" content=\"fw2\" \/>\n\t<meta name=\"twitter:label2\" content=\"Tiempo de lectura\" \/>\n\t<meta name=\"twitter:data2\" content=\"2 minutos\" \/>\n<script type=\"application\/ld+json\" class=\"yoast-schema-graph\">{\"@context\":\"https:\/\/schema.org\",\"@graph\":[{\"@type\":\"WebPage\",\"@id\":\"https:\/\/clam.org.br\/es\/agenda\/jornada-migracion-trabajo-esclavo-y-genero\/33482\/\",\"url\":\"https:\/\/clam.org.br\/es\/agenda\/jornada-migracion-trabajo-esclavo-y-genero\/33482\/\",\"name\":\"Jornada \u201cMigraci\u00f3n, trabajo esclavo y g\u00e9nero\u201d - CLAM - ES\",\"isPartOf\":{\"@id\":\"https:\/\/clam.org.br\/es\/#website\"},\"datePublished\":\"2006-12-05T02:00:00+00:00\",\"author\":{\"@id\":\"https:\/\/clam.org.br\/es\/#\/schema\/person\/fbd9a86032bf7479f94b0ded196f1010\"},\"breadcrumb\":{\"@id\":\"https:\/\/clam.org.br\/es\/agenda\/jornada-migracion-trabajo-esclavo-y-genero\/33482\/#breadcrumb\"},\"inLanguage\":\"es\",\"potentialAction\":[{\"@type\":\"ReadAction\",\"target\":[\"https:\/\/clam.org.br\/es\/agenda\/jornada-migracion-trabajo-esclavo-y-genero\/33482\/\"]}]},{\"@type\":\"BreadcrumbList\",\"@id\":\"https:\/\/clam.org.br\/es\/agenda\/jornada-migracion-trabajo-esclavo-y-genero\/33482\/#breadcrumb\",\"itemListElement\":[{\"@type\":\"ListItem\",\"position\":1,\"name\":\"In\u00edcio\",\"item\":\"https:\/\/clam.org.br\/es\/\"},{\"@type\":\"ListItem\",\"position\":2,\"name\":\"Jornada \u201cMigraci\u00f3n, trabajo esclavo y g\u00e9nero\u201d\"}]},{\"@type\":\"WebSite\",\"@id\":\"https:\/\/clam.org.br\/es\/#website\",\"url\":\"https:\/\/clam.org.br\/es\/\",\"name\":\"CLAM - ES\",\"description\":\"S\u00f3 mais um site CLAM - Centro Latino-Americano em Sexualidade e Direitos Humanos sites\",\"potentialAction\":[{\"@type\":\"SearchAction\",\"target\":{\"@type\":\"EntryPoint\",\"urlTemplate\":\"https:\/\/clam.org.br\/es\/?s={search_term_string}\"},\"query-input\":{\"@type\":\"PropertyValueSpecification\",\"valueRequired\":true,\"valueName\":\"search_term_string\"}}],\"inLanguage\":\"es\"},{\"@type\":\"Person\",\"@id\":\"https:\/\/clam.org.br\/es\/#\/schema\/person\/fbd9a86032bf7479f94b0ded196f1010\",\"name\":\"fw2\",\"image\":{\"@type\":\"ImageObject\",\"inLanguage\":\"es\",\"@id\":\"https:\/\/clam.org.br\/es\/#\/schema\/person\/image\/\",\"url\":\"https:\/\/secure.gravatar.com\/avatar\/c38472c0cdbde82d9b6fcc26adb3779d?s=96&d=mm&r=g\",\"contentUrl\":\"https:\/\/secure.gravatar.com\/avatar\/c38472c0cdbde82d9b6fcc26adb3779d?s=96&d=mm&r=g\",\"caption\":\"fw2\"},\"sameAs\":[\"https:\/\/clam.fw2web.com.br\"],\"url\":\"https:\/\/clam.org.br\/es\/author\/fw2\/\"}]}<\/script>\n<!-- \/ Yoast SEO plugin. -->","yoast_head_json":{"title":"Jornada \u201cMigraci\u00f3n, trabajo esclavo y g\u00e9nero\u201d - CLAM - ES","robots":{"index":"index","follow":"follow","max-snippet":"max-snippet:-1","max-image-preview":"max-image-preview:large","max-video-preview":"max-video-preview:-1"},"canonical":"https:\/\/clam.org.br\/es\/agenda\/jornada-migracion-trabajo-esclavo-y-genero\/33482\/","og_locale":"es_ES","og_type":"article","og_title":"Jornada \u201cMigraci\u00f3n, trabajo esclavo y g\u00e9nero\u201d - CLAM - ES","og_description":"El Ministerio de Trabajo y UNIFEM invitan a participar de la Jornada Migraci\u00f3n, trabajo esclavo y g\u00e9nero, que se llevar\u00e1 a cabo el jueves 7 de diciembre.","og_url":"https:\/\/clam.org.br\/es\/agenda\/jornada-migracion-trabajo-esclavo-y-genero\/33482\/","og_site_name":"CLAM - ES","article_published_time":"2006-12-05T02:00:00+00:00","author":"fw2","twitter_card":"summary_large_image","twitter_misc":{"Escrito por":"fw2","Tiempo de lectura":"2 minutos"},"schema":{"@context":"https:\/\/schema.org","@graph":[{"@type":"WebPage","@id":"https:\/\/clam.org.br\/es\/agenda\/jornada-migracion-trabajo-esclavo-y-genero\/33482\/","url":"https:\/\/clam.org.br\/es\/agenda\/jornada-migracion-trabajo-esclavo-y-genero\/33482\/","name":"Jornada \u201cMigraci\u00f3n, trabajo esclavo y g\u00e9nero\u201d - CLAM - ES","isPartOf":{"@id":"https:\/\/clam.org.br\/es\/#website"},"datePublished":"2006-12-05T02:00:00+00:00","author":{"@id":"https:\/\/clam.org.br\/es\/#\/schema\/person\/fbd9a86032bf7479f94b0ded196f1010"},"breadcrumb":{"@id":"https:\/\/clam.org.br\/es\/agenda\/jornada-migracion-trabajo-esclavo-y-genero\/33482\/#breadcrumb"},"inLanguage":"es","potentialAction":[{"@type":"ReadAction","target":["https:\/\/clam.org.br\/es\/agenda\/jornada-migracion-trabajo-esclavo-y-genero\/33482\/"]}]},{"@type":"BreadcrumbList","@id":"https:\/\/clam.org.br\/es\/agenda\/jornada-migracion-trabajo-esclavo-y-genero\/33482\/#breadcrumb","itemListElement":[{"@type":"ListItem","position":1,"name":"In\u00edcio","item":"https:\/\/clam.org.br\/es\/"},{"@type":"ListItem","position":2,"name":"Jornada \u201cMigraci\u00f3n, trabajo esclavo y g\u00e9nero\u201d"}]},{"@type":"WebSite","@id":"https:\/\/clam.org.br\/es\/#website","url":"https:\/\/clam.org.br\/es\/","name":"CLAM - ES","description":"S\u00f3 mais um site CLAM - Centro Latino-Americano em Sexualidade e Direitos Humanos sites","potentialAction":[{"@type":"SearchAction","target":{"@type":"EntryPoint","urlTemplate":"https:\/\/clam.org.br\/es\/?s={search_term_string}"},"query-input":{"@type":"PropertyValueSpecification","valueRequired":true,"valueName":"search_term_string"}}],"inLanguage":"es"},{"@type":"Person","@id":"https:\/\/clam.org.br\/es\/#\/schema\/person\/fbd9a86032bf7479f94b0ded196f1010","name":"fw2","image":{"@type":"ImageObject","inLanguage":"es","@id":"https:\/\/clam.org.br\/es\/#\/schema\/person\/image\/","url":"https:\/\/secure.gravatar.com\/avatar\/c38472c0cdbde82d9b6fcc26adb3779d?s=96&d=mm&r=g","contentUrl":"https:\/\/secure.gravatar.com\/avatar\/c38472c0cdbde82d9b6fcc26adb3779d?s=96&d=mm&r=g","caption":"fw2"},"sameAs":["https:\/\/clam.fw2web.com.br"],"url":"https:\/\/clam.org.br\/es\/author\/fw2\/"}]}},"jetpack_featured_media_url":"","jetpack_sharing_enabled":true,"_links":{"self":[{"href":"https:\/\/clam.org.br\/es\/wp-json\/wp\/v2\/posts\/33482","targetHints":{"allow":["GET"]}}],"collection":[{"href":"https:\/\/clam.org.br\/es\/wp-json\/wp\/v2\/posts"}],"about":[{"href":"https:\/\/clam.org.br\/es\/wp-json\/wp\/v2\/types\/post"}],"author":[{"embeddable":true,"href":"https:\/\/clam.org.br\/es\/wp-json\/wp\/v2\/users\/1"}],"replies":[{"embeddable":true,"href":"https:\/\/clam.org.br\/es\/wp-json\/wp\/v2\/comments?post=33482"}],"version-history":[{"count":0,"href":"https:\/\/clam.org.br\/es\/wp-json\/wp\/v2\/posts\/33482\/revisions"}],"wp:attachment":[{"href":"https:\/\/clam.org.br\/es\/wp-json\/wp\/v2\/media?parent=33482"}],"wp:term":[{"taxonomy":"category","embeddable":true,"href":"https:\/\/clam.org.br\/es\/wp-json\/wp\/v2\/categories?post=33482"},{"taxonomy":"post_tag","embeddable":true,"href":"https:\/\/clam.org.br\/es\/wp-json\/wp\/v2\/tags?post=33482"}],"curies":[{"name":"wp","href":"https:\/\/api.w.org\/{rel}","templated":true}]}}