{"id":33538,"date":"2007-05-23T00:00:00","date_gmt":"2007-05-23T03:00:00","guid":{"rendered":"https:\/\/clam.fw2web.com.br\/es\/2007\/05\/23\/radio-internacional-feminista-transmision-especial-por-el-dia-internacional-por-la-salud-de-las-mujeres\/"},"modified":"2007-05-23T00:00:00","modified_gmt":"2007-05-23T03:00:00","slug":"radio-internacional-feminista-transmision-especial-por-el-dia-internacional-por-la-salud-de-las-mujeres","status":"publish","type":"post","link":"https:\/\/clam.org.br\/es\/agenda\/radio-internacional-feminista-transmision-especial-por-el-dia-internacional-por-la-salud-de-las-mujeres\/33538\/","title":{"rendered":"Radio Internacional Feminista transmisi\u00f3n especial por el D\u00eda Internacional por la Salud de las Mujeres"},"content":{"rendered":"<p><P>El slogan del programa: &ldquo;Salud y derechos sexuales y reproductivos de las mujeres: repolitizando nuestra mirada, repolitizando nuestras demandas&rdquo;. <P>En Chile, la Radio Internacional Feminista podr\u00e1 ser o\u00eddo en Chile a trav\u00e9s de la frecuencia nacional 960 (frecuencia AM), todos los viernes desde las 10:00am a 11:00am, en Estaci\u00f3n Paralela. El programa es organizado por el instituto para activistas lesbianas centroamericanas<\/P><\/p>\n","protected":false},"excerpt":{"rendered":"<p>&nbsp;La pr\u00f3xima cobertura de dicha emisora se realizar\u00e1 en Costa Rica del 23 al 27 de mayo, el evento tendr\u00e1 como motivo central el 28 de mayo, D\u00eda internacional por la Salud de las Mujeres, donde se har\u00e1 un llamado a la acci\u00f3n 2007.<\/p>\n","protected":false},"author":1,"featured_media":0,"comment_status":"open","ping_status":"open","sticky":false,"template":"","format":"standard","meta":{"_acf_changed":false,"site-sidebar-layout":"default","site-content-layout":"default","ast-global-header-display":"","ast-main-header-display":"","ast-hfb-above-header-display":"","ast-hfb-below-header-display":"","ast-hfb-mobile-header-display":"","site-post-title":"","ast-breadcrumbs-content":"","ast-featured-img":"","footer-sml-layout":"","theme-transparent-header-meta":"","adv-header-id-meta":"","stick-header-meta":"","header-above-stick-meta":"","header-main-stick-meta":"","header-below-stick-meta":"","_jetpack_memberships_contains_paid_content":false,"footnotes":""},"categories":[28],"tags":[],"class_list":["post-33538","post","type-post","status-publish","format-standard","hentry","category-agenda"],"acf":[],"yoast_head":"<!-- This site is optimized with the Yoast SEO plugin v26.1.1 - https:\/\/yoast.com\/wordpress\/plugins\/seo\/ -->\n<title>Radio Internacional Feminista transmisi\u00f3n especial por el D\u00eda Internacional por la Salud de las Mujeres - CLAM - ES<\/title>\n<meta name=\"robots\" content=\"index, follow, max-snippet:-1, max-image-preview:large, max-video-preview:-1\" \/>\n<link rel=\"canonical\" href=\"https:\/\/clam.org.br\/es\/agenda\/radio-internacional-feminista-transmision-especial-por-el-dia-internacional-por-la-salud-de-las-mujeres\/33538\/\" \/>\n<meta property=\"og:locale\" content=\"es_ES\" \/>\n<meta property=\"og:type\" content=\"article\" \/>\n<meta property=\"og:title\" content=\"Radio Internacional Feminista transmisi\u00f3n especial por el D\u00eda Internacional por la Salud de las Mujeres - CLAM - ES\" \/>\n<meta property=\"og:description\" content=\"&nbsp;La pr\u00f3xima cobertura de dicha emisora se realizar\u00e1 en Costa Rica del 23 al 27 de mayo, el evento tendr\u00e1 como motivo central el 28 de mayo, D\u00eda internacional por la Salud de las Mujeres, donde se har\u00e1 un llamado a la acci\u00f3n 2007.\" \/>\n<meta property=\"og:url\" content=\"https:\/\/clam.org.br\/es\/agenda\/radio-internacional-feminista-transmision-especial-por-el-dia-internacional-por-la-salud-de-las-mujeres\/33538\/\" \/>\n<meta property=\"og:site_name\" content=\"CLAM - ES\" \/>\n<meta property=\"article:published_time\" content=\"2007-05-23T03:00:00+00:00\" \/>\n<meta name=\"author\" content=\"fw2\" \/>\n<meta name=\"twitter:card\" content=\"summary_large_image\" \/>\n<meta name=\"twitter:label1\" content=\"Escrito por\" \/>\n\t<meta name=\"twitter:data1\" content=\"fw2\" \/>\n<script type=\"application\/ld+json\" class=\"yoast-schema-graph\">{\"@context\":\"https:\/\/schema.org\",\"@graph\":[{\"@type\":\"WebPage\",\"@id\":\"https:\/\/clam.org.br\/es\/agenda\/radio-internacional-feminista-transmision-especial-por-el-dia-internacional-por-la-salud-de-las-mujeres\/33538\/\",\"url\":\"https:\/\/clam.org.br\/es\/agenda\/radio-internacional-feminista-transmision-especial-por-el-dia-internacional-por-la-salud-de-las-mujeres\/33538\/\",\"name\":\"Radio Internacional Feminista transmisi\u00f3n especial por el D\u00eda Internacional por la Salud de las Mujeres - CLAM - ES\",\"isPartOf\":{\"@id\":\"https:\/\/clam.org.br\/es\/#website\"},\"datePublished\":\"2007-05-23T03:00:00+00:00\",\"author\":{\"@id\":\"https:\/\/clam.org.br\/es\/#\/schema\/person\/fbd9a86032bf7479f94b0ded196f1010\"},\"breadcrumb\":{\"@id\":\"https:\/\/clam.org.br\/es\/agenda\/radio-internacional-feminista-transmision-especial-por-el-dia-internacional-por-la-salud-de-las-mujeres\/33538\/#breadcrumb\"},\"inLanguage\":\"es\",\"potentialAction\":[{\"@type\":\"ReadAction\",\"target\":[\"https:\/\/clam.org.br\/es\/agenda\/radio-internacional-feminista-transmision-especial-por-el-dia-internacional-por-la-salud-de-las-mujeres\/33538\/\"]}]},{\"@type\":\"BreadcrumbList\",\"@id\":\"https:\/\/clam.org.br\/es\/agenda\/radio-internacional-feminista-transmision-especial-por-el-dia-internacional-por-la-salud-de-las-mujeres\/33538\/#breadcrumb\",\"itemListElement\":[{\"@type\":\"ListItem\",\"position\":1,\"name\":\"In\u00edcio\",\"item\":\"https:\/\/clam.org.br\/es\/\"},{\"@type\":\"ListItem\",\"position\":2,\"name\":\"Radio Internacional Feminista transmisi\u00f3n especial por el D\u00eda Internacional por la Salud de las Mujeres\"}]},{\"@type\":\"WebSite\",\"@id\":\"https:\/\/clam.org.br\/es\/#website\",\"url\":\"https:\/\/clam.org.br\/es\/\",\"name\":\"CLAM - ES\",\"description\":\"S\u00f3 mais um site CLAM - Centro Latino-Americano em Sexualidade e Direitos Humanos sites\",\"potentialAction\":[{\"@type\":\"SearchAction\",\"target\":{\"@type\":\"EntryPoint\",\"urlTemplate\":\"https:\/\/clam.org.br\/es\/?s={search_term_string}\"},\"query-input\":{\"@type\":\"PropertyValueSpecification\",\"valueRequired\":true,\"valueName\":\"search_term_string\"}}],\"inLanguage\":\"es\"},{\"@type\":\"Person\",\"@id\":\"https:\/\/clam.org.br\/es\/#\/schema\/person\/fbd9a86032bf7479f94b0ded196f1010\",\"name\":\"fw2\",\"image\":{\"@type\":\"ImageObject\",\"inLanguage\":\"es\",\"@id\":\"https:\/\/clam.org.br\/es\/#\/schema\/person\/image\/\",\"url\":\"https:\/\/secure.gravatar.com\/avatar\/c38472c0cdbde82d9b6fcc26adb3779d?s=96&d=mm&r=g\",\"contentUrl\":\"https:\/\/secure.gravatar.com\/avatar\/c38472c0cdbde82d9b6fcc26adb3779d?s=96&d=mm&r=g\",\"caption\":\"fw2\"},\"sameAs\":[\"https:\/\/clam.fw2web.com.br\"],\"url\":\"https:\/\/clam.org.br\/es\/author\/fw2\/\"}]}<\/script>\n<!-- \/ Yoast SEO plugin. -->","yoast_head_json":{"title":"Radio Internacional Feminista transmisi\u00f3n especial por el D\u00eda Internacional por la Salud de las Mujeres - CLAM - ES","robots":{"index":"index","follow":"follow","max-snippet":"max-snippet:-1","max-image-preview":"max-image-preview:large","max-video-preview":"max-video-preview:-1"},"canonical":"https:\/\/clam.org.br\/es\/agenda\/radio-internacional-feminista-transmision-especial-por-el-dia-internacional-por-la-salud-de-las-mujeres\/33538\/","og_locale":"es_ES","og_type":"article","og_title":"Radio Internacional Feminista transmisi\u00f3n especial por el D\u00eda Internacional por la Salud de las Mujeres - CLAM - ES","og_description":"&nbsp;La pr\u00f3xima cobertura de dicha emisora se realizar\u00e1 en Costa Rica del 23 al 27 de mayo, el evento tendr\u00e1 como motivo central el 28 de mayo, D\u00eda internacional por la Salud de las Mujeres, donde se har\u00e1 un llamado a la acci\u00f3n 2007.","og_url":"https:\/\/clam.org.br\/es\/agenda\/radio-internacional-feminista-transmision-especial-por-el-dia-internacional-por-la-salud-de-las-mujeres\/33538\/","og_site_name":"CLAM - ES","article_published_time":"2007-05-23T03:00:00+00:00","author":"fw2","twitter_card":"summary_large_image","twitter_misc":{"Escrito por":"fw2"},"schema":{"@context":"https:\/\/schema.org","@graph":[{"@type":"WebPage","@id":"https:\/\/clam.org.br\/es\/agenda\/radio-internacional-feminista-transmision-especial-por-el-dia-internacional-por-la-salud-de-las-mujeres\/33538\/","url":"https:\/\/clam.org.br\/es\/agenda\/radio-internacional-feminista-transmision-especial-por-el-dia-internacional-por-la-salud-de-las-mujeres\/33538\/","name":"Radio Internacional Feminista transmisi\u00f3n especial por el D\u00eda Internacional por la Salud de las Mujeres - CLAM - ES","isPartOf":{"@id":"https:\/\/clam.org.br\/es\/#website"},"datePublished":"2007-05-23T03:00:00+00:00","author":{"@id":"https:\/\/clam.org.br\/es\/#\/schema\/person\/fbd9a86032bf7479f94b0ded196f1010"},"breadcrumb":{"@id":"https:\/\/clam.org.br\/es\/agenda\/radio-internacional-feminista-transmision-especial-por-el-dia-internacional-por-la-salud-de-las-mujeres\/33538\/#breadcrumb"},"inLanguage":"es","potentialAction":[{"@type":"ReadAction","target":["https:\/\/clam.org.br\/es\/agenda\/radio-internacional-feminista-transmision-especial-por-el-dia-internacional-por-la-salud-de-las-mujeres\/33538\/"]}]},{"@type":"BreadcrumbList","@id":"https:\/\/clam.org.br\/es\/agenda\/radio-internacional-feminista-transmision-especial-por-el-dia-internacional-por-la-salud-de-las-mujeres\/33538\/#breadcrumb","itemListElement":[{"@type":"ListItem","position":1,"name":"In\u00edcio","item":"https:\/\/clam.org.br\/es\/"},{"@type":"ListItem","position":2,"name":"Radio Internacional Feminista transmisi\u00f3n especial por el D\u00eda Internacional por la Salud de las Mujeres"}]},{"@type":"WebSite","@id":"https:\/\/clam.org.br\/es\/#website","url":"https:\/\/clam.org.br\/es\/","name":"CLAM - ES","description":"S\u00f3 mais um site CLAM - Centro Latino-Americano em Sexualidade e Direitos Humanos sites","potentialAction":[{"@type":"SearchAction","target":{"@type":"EntryPoint","urlTemplate":"https:\/\/clam.org.br\/es\/?s={search_term_string}"},"query-input":{"@type":"PropertyValueSpecification","valueRequired":true,"valueName":"search_term_string"}}],"inLanguage":"es"},{"@type":"Person","@id":"https:\/\/clam.org.br\/es\/#\/schema\/person\/fbd9a86032bf7479f94b0ded196f1010","name":"fw2","image":{"@type":"ImageObject","inLanguage":"es","@id":"https:\/\/clam.org.br\/es\/#\/schema\/person\/image\/","url":"https:\/\/secure.gravatar.com\/avatar\/c38472c0cdbde82d9b6fcc26adb3779d?s=96&d=mm&r=g","contentUrl":"https:\/\/secure.gravatar.com\/avatar\/c38472c0cdbde82d9b6fcc26adb3779d?s=96&d=mm&r=g","caption":"fw2"},"sameAs":["https:\/\/clam.fw2web.com.br"],"url":"https:\/\/clam.org.br\/es\/author\/fw2\/"}]}},"jetpack_featured_media_url":"","jetpack_sharing_enabled":true,"_links":{"self":[{"href":"https:\/\/clam.org.br\/es\/wp-json\/wp\/v2\/posts\/33538","targetHints":{"allow":["GET"]}}],"collection":[{"href":"https:\/\/clam.org.br\/es\/wp-json\/wp\/v2\/posts"}],"about":[{"href":"https:\/\/clam.org.br\/es\/wp-json\/wp\/v2\/types\/post"}],"author":[{"embeddable":true,"href":"https:\/\/clam.org.br\/es\/wp-json\/wp\/v2\/users\/1"}],"replies":[{"embeddable":true,"href":"https:\/\/clam.org.br\/es\/wp-json\/wp\/v2\/comments?post=33538"}],"version-history":[{"count":0,"href":"https:\/\/clam.org.br\/es\/wp-json\/wp\/v2\/posts\/33538\/revisions"}],"wp:attachment":[{"href":"https:\/\/clam.org.br\/es\/wp-json\/wp\/v2\/media?parent=33538"}],"wp:term":[{"taxonomy":"category","embeddable":true,"href":"https:\/\/clam.org.br\/es\/wp-json\/wp\/v2\/categories?post=33538"},{"taxonomy":"post_tag","embeddable":true,"href":"https:\/\/clam.org.br\/es\/wp-json\/wp\/v2\/tags?post=33538"}],"curies":[{"name":"wp","href":"https:\/\/api.w.org\/{rel}","templated":true}]}}