{"id":33539,"date":"2007-05-23T00:00:00","date_gmt":"2007-05-23T03:00:00","guid":{"rendered":"https:\/\/clam.fw2web.com.br\/es\/2007\/05\/23\/agua-y-genero-un-dialogo-por-la-sustentabilidad\/"},"modified":"2007-05-23T00:00:00","modified_gmt":"2007-05-23T03:00:00","slug":"agua-y-genero-un-dialogo-por-la-sustentabilidad","status":"publish","type":"post","link":"https:\/\/clam.org.br\/es\/agenda\/agua-y-genero-un-dialogo-por-la-sustentabilidad\/33539\/","title":{"rendered":"Agua y G\u00e9nero: un di\u00e1logo por la sustentabilidad"},"content":{"rendered":"<p><P>En la oportunidad, los expositores ser\u00e1n Mar\u00eda Paz Aedo, programa Cono Sur Chile Sustentable, Universidad Bolivariana, Florencia Ar\u00f3stica de la Asociaci\u00f3n Nacional de Mujeres Rurales e Ind\u00edgenas, ANAMURI, Diego Carrasco, de la Fundaci\u00f3n Ciudadana para las Am\u00e9ricas, OCIM, y Juan Pablo Orrego, Campa\u00f1a Patagonia, R\u00edos Vivos y Ecosistemas.<BR>  <P>Entrada liberada.<BR>  <P>M\u00e1s informaci\u00f3n <A href=\"mailto:ong.tierranuestra@gmail.com\">ong.tierranuestra@gmail.com<\/A>,&nbsp;o al tel\u00e9fono &nbsp;56 &ndash; 02 &ndash; 3 125614 <\/P><\/p>\n","protected":false},"excerpt":{"rendered":"<p>La corporaci\u00f3n de desarrollo Tierra Nuestra y el Centro de Estudiantes de Derecho de la Universidad de Chile organizaron el seminario &ldquo;Agua y G\u00e9nero: un di\u00e1logo por la sustentabilidad&rdquo;, que se realizar\u00e1 el viernes 25 de mayo a las 18:30 hrs. en la aula magna de la Facultad de Derecho de la Universidad de Chile, pio Nono N\u00ba1, metro Estaci\u00f3n Baquedano.<\/p>\n","protected":false},"author":1,"featured_media":0,"comment_status":"open","ping_status":"open","sticky":false,"template":"","format":"standard","meta":{"_acf_changed":false,"site-sidebar-layout":"default","site-content-layout":"default","ast-global-header-display":"","ast-main-header-display":"","ast-hfb-above-header-display":"","ast-hfb-below-header-display":"","ast-hfb-mobile-header-display":"","site-post-title":"","ast-breadcrumbs-content":"","ast-featured-img":"","footer-sml-layout":"","theme-transparent-header-meta":"","adv-header-id-meta":"","stick-header-meta":"","header-above-stick-meta":"","header-main-stick-meta":"","header-below-stick-meta":"","_jetpack_memberships_contains_paid_content":false,"footnotes":""},"categories":[28],"tags":[],"class_list":["post-33539","post","type-post","status-publish","format-standard","hentry","category-agenda"],"acf":[],"yoast_head":"<!-- This site is optimized with the Yoast SEO plugin v26.1.1 - https:\/\/yoast.com\/wordpress\/plugins\/seo\/ -->\n<title>Agua y G\u00e9nero: un di\u00e1logo por la sustentabilidad - CLAM - ES<\/title>\n<meta name=\"robots\" content=\"index, follow, max-snippet:-1, max-image-preview:large, max-video-preview:-1\" \/>\n<link rel=\"canonical\" href=\"https:\/\/clam.org.br\/es\/agenda\/agua-y-genero-un-dialogo-por-la-sustentabilidad\/33539\/\" \/>\n<meta property=\"og:locale\" content=\"es_ES\" \/>\n<meta property=\"og:type\" content=\"article\" \/>\n<meta property=\"og:title\" content=\"Agua y G\u00e9nero: un di\u00e1logo por la sustentabilidad - CLAM - ES\" \/>\n<meta property=\"og:description\" content=\"La corporaci\u00f3n de desarrollo Tierra Nuestra y el Centro de Estudiantes de Derecho de la Universidad de Chile organizaron el seminario &ldquo;Agua y G\u00e9nero: un di\u00e1logo por la sustentabilidad&rdquo;, que se realizar\u00e1 el viernes 25 de mayo a las 18:30 hrs. en la aula magna de la Facultad de Derecho de la Universidad de Chile, pio Nono N\u00ba1, metro Estaci\u00f3n Baquedano.\" \/>\n<meta property=\"og:url\" content=\"https:\/\/clam.org.br\/es\/agenda\/agua-y-genero-un-dialogo-por-la-sustentabilidad\/33539\/\" \/>\n<meta property=\"og:site_name\" content=\"CLAM - ES\" \/>\n<meta property=\"article:published_time\" content=\"2007-05-23T03:00:00+00:00\" \/>\n<meta name=\"author\" content=\"fw2\" \/>\n<meta name=\"twitter:card\" content=\"summary_large_image\" \/>\n<meta name=\"twitter:label1\" content=\"Escrito por\" \/>\n\t<meta name=\"twitter:data1\" content=\"fw2\" \/>\n<script type=\"application\/ld+json\" class=\"yoast-schema-graph\">{\"@context\":\"https:\/\/schema.org\",\"@graph\":[{\"@type\":\"WebPage\",\"@id\":\"https:\/\/clam.org.br\/es\/agenda\/agua-y-genero-un-dialogo-por-la-sustentabilidad\/33539\/\",\"url\":\"https:\/\/clam.org.br\/es\/agenda\/agua-y-genero-un-dialogo-por-la-sustentabilidad\/33539\/\",\"name\":\"Agua y G\u00e9nero: un di\u00e1logo por la sustentabilidad - CLAM - ES\",\"isPartOf\":{\"@id\":\"https:\/\/clam.org.br\/es\/#website\"},\"datePublished\":\"2007-05-23T03:00:00+00:00\",\"author\":{\"@id\":\"https:\/\/clam.org.br\/es\/#\/schema\/person\/fbd9a86032bf7479f94b0ded196f1010\"},\"breadcrumb\":{\"@id\":\"https:\/\/clam.org.br\/es\/agenda\/agua-y-genero-un-dialogo-por-la-sustentabilidad\/33539\/#breadcrumb\"},\"inLanguage\":\"es\",\"potentialAction\":[{\"@type\":\"ReadAction\",\"target\":[\"https:\/\/clam.org.br\/es\/agenda\/agua-y-genero-un-dialogo-por-la-sustentabilidad\/33539\/\"]}]},{\"@type\":\"BreadcrumbList\",\"@id\":\"https:\/\/clam.org.br\/es\/agenda\/agua-y-genero-un-dialogo-por-la-sustentabilidad\/33539\/#breadcrumb\",\"itemListElement\":[{\"@type\":\"ListItem\",\"position\":1,\"name\":\"In\u00edcio\",\"item\":\"https:\/\/clam.org.br\/es\/\"},{\"@type\":\"ListItem\",\"position\":2,\"name\":\"Agua y G\u00e9nero: un di\u00e1logo por la sustentabilidad\"}]},{\"@type\":\"WebSite\",\"@id\":\"https:\/\/clam.org.br\/es\/#website\",\"url\":\"https:\/\/clam.org.br\/es\/\",\"name\":\"CLAM - ES\",\"description\":\"S\u00f3 mais um site CLAM - Centro Latino-Americano em Sexualidade e Direitos Humanos sites\",\"potentialAction\":[{\"@type\":\"SearchAction\",\"target\":{\"@type\":\"EntryPoint\",\"urlTemplate\":\"https:\/\/clam.org.br\/es\/?s={search_term_string}\"},\"query-input\":{\"@type\":\"PropertyValueSpecification\",\"valueRequired\":true,\"valueName\":\"search_term_string\"}}],\"inLanguage\":\"es\"},{\"@type\":\"Person\",\"@id\":\"https:\/\/clam.org.br\/es\/#\/schema\/person\/fbd9a86032bf7479f94b0ded196f1010\",\"name\":\"fw2\",\"image\":{\"@type\":\"ImageObject\",\"inLanguage\":\"es\",\"@id\":\"https:\/\/clam.org.br\/es\/#\/schema\/person\/image\/\",\"url\":\"https:\/\/secure.gravatar.com\/avatar\/c38472c0cdbde82d9b6fcc26adb3779d?s=96&d=mm&r=g\",\"contentUrl\":\"https:\/\/secure.gravatar.com\/avatar\/c38472c0cdbde82d9b6fcc26adb3779d?s=96&d=mm&r=g\",\"caption\":\"fw2\"},\"sameAs\":[\"https:\/\/clam.fw2web.com.br\"],\"url\":\"https:\/\/clam.org.br\/es\/author\/fw2\/\"}]}<\/script>\n<!-- \/ Yoast SEO plugin. -->","yoast_head_json":{"title":"Agua y G\u00e9nero: un di\u00e1logo por la sustentabilidad - CLAM - ES","robots":{"index":"index","follow":"follow","max-snippet":"max-snippet:-1","max-image-preview":"max-image-preview:large","max-video-preview":"max-video-preview:-1"},"canonical":"https:\/\/clam.org.br\/es\/agenda\/agua-y-genero-un-dialogo-por-la-sustentabilidad\/33539\/","og_locale":"es_ES","og_type":"article","og_title":"Agua y G\u00e9nero: un di\u00e1logo por la sustentabilidad - CLAM - ES","og_description":"La corporaci\u00f3n de desarrollo Tierra Nuestra y el Centro de Estudiantes de Derecho de la Universidad de Chile organizaron el seminario &ldquo;Agua y G\u00e9nero: un di\u00e1logo por la sustentabilidad&rdquo;, que se realizar\u00e1 el viernes 25 de mayo a las 18:30 hrs. en la aula magna de la Facultad de Derecho de la Universidad de Chile, pio Nono N\u00ba1, metro Estaci\u00f3n Baquedano.","og_url":"https:\/\/clam.org.br\/es\/agenda\/agua-y-genero-un-dialogo-por-la-sustentabilidad\/33539\/","og_site_name":"CLAM - ES","article_published_time":"2007-05-23T03:00:00+00:00","author":"fw2","twitter_card":"summary_large_image","twitter_misc":{"Escrito por":"fw2"},"schema":{"@context":"https:\/\/schema.org","@graph":[{"@type":"WebPage","@id":"https:\/\/clam.org.br\/es\/agenda\/agua-y-genero-un-dialogo-por-la-sustentabilidad\/33539\/","url":"https:\/\/clam.org.br\/es\/agenda\/agua-y-genero-un-dialogo-por-la-sustentabilidad\/33539\/","name":"Agua y G\u00e9nero: un di\u00e1logo por la sustentabilidad - CLAM - ES","isPartOf":{"@id":"https:\/\/clam.org.br\/es\/#website"},"datePublished":"2007-05-23T03:00:00+00:00","author":{"@id":"https:\/\/clam.org.br\/es\/#\/schema\/person\/fbd9a86032bf7479f94b0ded196f1010"},"breadcrumb":{"@id":"https:\/\/clam.org.br\/es\/agenda\/agua-y-genero-un-dialogo-por-la-sustentabilidad\/33539\/#breadcrumb"},"inLanguage":"es","potentialAction":[{"@type":"ReadAction","target":["https:\/\/clam.org.br\/es\/agenda\/agua-y-genero-un-dialogo-por-la-sustentabilidad\/33539\/"]}]},{"@type":"BreadcrumbList","@id":"https:\/\/clam.org.br\/es\/agenda\/agua-y-genero-un-dialogo-por-la-sustentabilidad\/33539\/#breadcrumb","itemListElement":[{"@type":"ListItem","position":1,"name":"In\u00edcio","item":"https:\/\/clam.org.br\/es\/"},{"@type":"ListItem","position":2,"name":"Agua y G\u00e9nero: un di\u00e1logo por la sustentabilidad"}]},{"@type":"WebSite","@id":"https:\/\/clam.org.br\/es\/#website","url":"https:\/\/clam.org.br\/es\/","name":"CLAM - ES","description":"S\u00f3 mais um site CLAM - Centro Latino-Americano em Sexualidade e Direitos Humanos sites","potentialAction":[{"@type":"SearchAction","target":{"@type":"EntryPoint","urlTemplate":"https:\/\/clam.org.br\/es\/?s={search_term_string}"},"query-input":{"@type":"PropertyValueSpecification","valueRequired":true,"valueName":"search_term_string"}}],"inLanguage":"es"},{"@type":"Person","@id":"https:\/\/clam.org.br\/es\/#\/schema\/person\/fbd9a86032bf7479f94b0ded196f1010","name":"fw2","image":{"@type":"ImageObject","inLanguage":"es","@id":"https:\/\/clam.org.br\/es\/#\/schema\/person\/image\/","url":"https:\/\/secure.gravatar.com\/avatar\/c38472c0cdbde82d9b6fcc26adb3779d?s=96&d=mm&r=g","contentUrl":"https:\/\/secure.gravatar.com\/avatar\/c38472c0cdbde82d9b6fcc26adb3779d?s=96&d=mm&r=g","caption":"fw2"},"sameAs":["https:\/\/clam.fw2web.com.br"],"url":"https:\/\/clam.org.br\/es\/author\/fw2\/"}]}},"jetpack_featured_media_url":"","jetpack_sharing_enabled":true,"_links":{"self":[{"href":"https:\/\/clam.org.br\/es\/wp-json\/wp\/v2\/posts\/33539","targetHints":{"allow":["GET"]}}],"collection":[{"href":"https:\/\/clam.org.br\/es\/wp-json\/wp\/v2\/posts"}],"about":[{"href":"https:\/\/clam.org.br\/es\/wp-json\/wp\/v2\/types\/post"}],"author":[{"embeddable":true,"href":"https:\/\/clam.org.br\/es\/wp-json\/wp\/v2\/users\/1"}],"replies":[{"embeddable":true,"href":"https:\/\/clam.org.br\/es\/wp-json\/wp\/v2\/comments?post=33539"}],"version-history":[{"count":0,"href":"https:\/\/clam.org.br\/es\/wp-json\/wp\/v2\/posts\/33539\/revisions"}],"wp:attachment":[{"href":"https:\/\/clam.org.br\/es\/wp-json\/wp\/v2\/media?parent=33539"}],"wp:term":[{"taxonomy":"category","embeddable":true,"href":"https:\/\/clam.org.br\/es\/wp-json\/wp\/v2\/categories?post=33539"},{"taxonomy":"post_tag","embeddable":true,"href":"https:\/\/clam.org.br\/es\/wp-json\/wp\/v2\/tags?post=33539"}],"curies":[{"name":"wp","href":"https:\/\/api.w.org\/{rel}","templated":true}]}}