{"id":33569,"date":"2007-06-26T00:00:00","date_gmt":"2007-06-26T03:00:00","guid":{"rendered":"https:\/\/clam.fw2web.com.br\/es\/2007\/06\/26\/campana-contra-los-codigos-contravencionales-y-de-falta\/"},"modified":"2007-06-26T00:00:00","modified_gmt":"2007-06-26T03:00:00","slug":"campana-contra-los-codigos-contravencionales-y-de-falta","status":"publish","type":"post","link":"https:\/\/clam.org.br\/es\/agenda\/campana-contra-los-codigos-contravencionales-y-de-falta\/33569\/","title":{"rendered":"Campa\u00f1a contra los C\u00f3digos Contravencionales y de Falta"},"content":{"rendered":"<p>Con motivo del D\u00eda internacional del Orgullo Gay, L\u00e9sbico, Travesti, Transg\u00e9nero, Transexual, Bisexual e Intersex, el 28 de junio a las 18 hs. se presentar\u00e1 en Buenos Aires la Campa\u00f1a contra los C\u00f3digos Contravencionales y de Falta. <P>Jueves 28 de junio de 2007, de 18 a 21,30hs <P>Uriburu y Marcelo T. de Alvear <P>Buenos Aires <P>Hace 38 a\u00f1os sucedi\u00f3 lo que se conoce como la revuelta de Stonewall, cuando un grupo de lesbianas, gays y travestis se organizaron para resistir una \u00abrazzia\u00bb policial durante varios d\u00edas en un pub de Nueva York. Desde ese d\u00eda se conmemora el D\u00eda del Orgullo GLTTTBI en todo el mundo cada 28 de junio. Este hecho fue el puntapi\u00e9 de toda una oleada de luchas en que las minor\u00edas sexuales salieron masivamente a las calles y se organizaron uni\u00e9ndose al conjunto de las luchas para cambiar de ra\u00edz este sistema de explotaci\u00f3n y opresi\u00f3n.  <P>Aunque desde entonces, mucho se ha avanzado en la sociedad, respecto de la visibilidad y el reconocimiento parcial de algunos derechos, la opresi\u00f3n y represi\u00f3n hacia las personas GLTTTBI contin\u00faa. S\u00ed, la discriminaci\u00f3n y represi\u00f3n hacia las minor\u00edas no es cosa del pasado, ni algo que pueda resolverse completamente en el marco de esta sociedad basada en la desigualdad y la opresi\u00f3n de un grupo social sobre otro. En nuestro pa\u00eds esta represi\u00f3n es ejercida centralmente por las fuerzas de seguridad del Estado y la posibilitan la existencia de toda una serie de figuras legales como la Averiguaci\u00f3n de Antecedentes por ejemplo, por la que te pueden detener sin causa hasta 12 horas en una Comisar\u00eda.  <P>Ante esta problem\u00e1tica, esta semana estaremos presentando nuestra Campa\u00f1a Nacional contra los C\u00f3digos Contravencionales y de Falta, para denunciar que \u00abm\u00e1s de 30 a\u00f1os del Golpe militar, el Estado sigue reprimiendo\u00bb, a\u00fan bajo el gobierno de Kirchner, que dice presentarse como abanderado de los Derechos Humanos. Amparada en estos C\u00f3digos represivos (que son reediciones de los Edictos Policiales de la Dictadura), la Polic\u00eda de todo el pa\u00eds, extorsiona, reprime, viola y tortura a compa\u00f1eras travestis y mujeres en estado de prostituci\u00f3n, detiene y amedrenta a lesbianas y gays en las calles y en los lugares de encuentro.  <P>Impulsamos esta Campa\u00f1a apostando al debate y a la movilizaci\u00f3n en las calles, en forma totalmente independiente del Estado, sus organismos, el Gobierno y los partidos patronales. No como err\u00f3neamente los hacen las organizaciones reformistas, a trav\u00e9s del \u00ablobby\u00bb parlamentario, la colaboraci\u00f3n de los partidos burgueses o pseudo \u00abprogresistas\u00bb, o depositando su confianza en el Gobierno patronal.  <P>Como hace 38 a\u00f1os, las minor\u00edas sexuales que somos tambi\u00e9n estudiantes, trabajadores desocupadas y ocupadas seguimos levantando las banderas de las luchas populares, de los trabajadores y estudiantes, y de nuestras compa\u00f1eras las feministas revolucionarias contra este capitalismo patriarcal y machista y los gobiernos como el actual, que son los garantes y sost\u00e9n de este sistema de injusticia. Sabemos que el futuro est\u00e1 en nuestras manos y en la lucha en las calles por la construcci\u00f3n de un mundo sin explotaci\u00f3n ni opresi\u00f3n de ning\u00fan tipo.  <P>Convocan:  <P>ALITT (Asociaci\u00f3n de Lucha por la Identidad Travesti, Transexual)  <P>CARNE CLASISTA (Contra opresi\u00f3n Sexual y Social)  <P>FUTURO TRANSGENERICO<\/P><\/p>\n","protected":false},"excerpt":{"rendered":"<p>Con motivo del D\u00eda internacional del Orgullo Gay, L\u00e9sbico, Travesti, Transg\u00e9nero, Transexual, Bisexual e Intersex, el 28 de junio a las 18 hs. se presentar\u00e1 en Buenos Aires la Campa\u00f1a contra los C\u00f3digos Contravencionales y de Falta.<\/p>\n","protected":false},"author":1,"featured_media":0,"comment_status":"open","ping_status":"open","sticky":false,"template":"","format":"standard","meta":{"_acf_changed":false,"site-sidebar-layout":"default","site-content-layout":"default","ast-global-header-display":"","ast-main-header-display":"","ast-hfb-above-header-display":"","ast-hfb-below-header-display":"","ast-hfb-mobile-header-display":"","site-post-title":"","ast-breadcrumbs-content":"","ast-featured-img":"","footer-sml-layout":"","theme-transparent-header-meta":"","adv-header-id-meta":"","stick-header-meta":"","header-above-stick-meta":"","header-main-stick-meta":"","header-below-stick-meta":"","_jetpack_memberships_contains_paid_content":false,"footnotes":""},"categories":[28],"tags":[],"class_list":["post-33569","post","type-post","status-publish","format-standard","hentry","category-agenda"],"acf":[],"yoast_head":"<!-- This site is optimized with the Yoast SEO plugin v26.1.1 - https:\/\/yoast.com\/wordpress\/plugins\/seo\/ -->\n<title>Campa\u00f1a contra los C\u00f3digos Contravencionales y de Falta - CLAM - ES<\/title>\n<meta name=\"robots\" content=\"index, follow, max-snippet:-1, max-image-preview:large, max-video-preview:-1\" \/>\n<link rel=\"canonical\" href=\"https:\/\/clam.org.br\/es\/agenda\/campana-contra-los-codigos-contravencionales-y-de-falta\/33569\/\" \/>\n<meta property=\"og:locale\" content=\"es_ES\" \/>\n<meta property=\"og:type\" content=\"article\" \/>\n<meta property=\"og:title\" content=\"Campa\u00f1a contra los C\u00f3digos Contravencionales y de Falta - CLAM - ES\" \/>\n<meta property=\"og:description\" content=\"Con motivo del D\u00eda internacional del Orgullo Gay, L\u00e9sbico, Travesti, Transg\u00e9nero, Transexual, Bisexual e Intersex, el 28 de junio a las 18 hs. se presentar\u00e1 en Buenos Aires la Campa\u00f1a contra los C\u00f3digos Contravencionales y de Falta.\" \/>\n<meta property=\"og:url\" content=\"https:\/\/clam.org.br\/es\/agenda\/campana-contra-los-codigos-contravencionales-y-de-falta\/33569\/\" \/>\n<meta property=\"og:site_name\" content=\"CLAM - ES\" \/>\n<meta property=\"article:published_time\" content=\"2007-06-26T03:00:00+00:00\" \/>\n<meta name=\"author\" content=\"fw2\" \/>\n<meta name=\"twitter:card\" content=\"summary_large_image\" \/>\n<meta name=\"twitter:label1\" content=\"Escrito por\" \/>\n\t<meta name=\"twitter:data1\" content=\"fw2\" \/>\n\t<meta name=\"twitter:label2\" content=\"Tiempo de lectura\" \/>\n\t<meta name=\"twitter:data2\" content=\"3 minutos\" \/>\n<script type=\"application\/ld+json\" class=\"yoast-schema-graph\">{\"@context\":\"https:\/\/schema.org\",\"@graph\":[{\"@type\":\"WebPage\",\"@id\":\"https:\/\/clam.org.br\/es\/agenda\/campana-contra-los-codigos-contravencionales-y-de-falta\/33569\/\",\"url\":\"https:\/\/clam.org.br\/es\/agenda\/campana-contra-los-codigos-contravencionales-y-de-falta\/33569\/\",\"name\":\"Campa\u00f1a contra los C\u00f3digos Contravencionales y de Falta - CLAM - ES\",\"isPartOf\":{\"@id\":\"https:\/\/clam.org.br\/es\/#website\"},\"datePublished\":\"2007-06-26T03:00:00+00:00\",\"author\":{\"@id\":\"https:\/\/clam.org.br\/es\/#\/schema\/person\/fbd9a86032bf7479f94b0ded196f1010\"},\"breadcrumb\":{\"@id\":\"https:\/\/clam.org.br\/es\/agenda\/campana-contra-los-codigos-contravencionales-y-de-falta\/33569\/#breadcrumb\"},\"inLanguage\":\"es\",\"potentialAction\":[{\"@type\":\"ReadAction\",\"target\":[\"https:\/\/clam.org.br\/es\/agenda\/campana-contra-los-codigos-contravencionales-y-de-falta\/33569\/\"]}]},{\"@type\":\"BreadcrumbList\",\"@id\":\"https:\/\/clam.org.br\/es\/agenda\/campana-contra-los-codigos-contravencionales-y-de-falta\/33569\/#breadcrumb\",\"itemListElement\":[{\"@type\":\"ListItem\",\"position\":1,\"name\":\"In\u00edcio\",\"item\":\"https:\/\/clam.org.br\/es\/\"},{\"@type\":\"ListItem\",\"position\":2,\"name\":\"Campa\u00f1a contra los C\u00f3digos Contravencionales y de Falta\"}]},{\"@type\":\"WebSite\",\"@id\":\"https:\/\/clam.org.br\/es\/#website\",\"url\":\"https:\/\/clam.org.br\/es\/\",\"name\":\"CLAM - ES\",\"description\":\"S\u00f3 mais um site CLAM - Centro Latino-Americano em Sexualidade e Direitos Humanos sites\",\"potentialAction\":[{\"@type\":\"SearchAction\",\"target\":{\"@type\":\"EntryPoint\",\"urlTemplate\":\"https:\/\/clam.org.br\/es\/?s={search_term_string}\"},\"query-input\":{\"@type\":\"PropertyValueSpecification\",\"valueRequired\":true,\"valueName\":\"search_term_string\"}}],\"inLanguage\":\"es\"},{\"@type\":\"Person\",\"@id\":\"https:\/\/clam.org.br\/es\/#\/schema\/person\/fbd9a86032bf7479f94b0ded196f1010\",\"name\":\"fw2\",\"image\":{\"@type\":\"ImageObject\",\"inLanguage\":\"es\",\"@id\":\"https:\/\/clam.org.br\/es\/#\/schema\/person\/image\/\",\"url\":\"https:\/\/secure.gravatar.com\/avatar\/c38472c0cdbde82d9b6fcc26adb3779d?s=96&d=mm&r=g\",\"contentUrl\":\"https:\/\/secure.gravatar.com\/avatar\/c38472c0cdbde82d9b6fcc26adb3779d?s=96&d=mm&r=g\",\"caption\":\"fw2\"},\"sameAs\":[\"https:\/\/clam.fw2web.com.br\"],\"url\":\"https:\/\/clam.org.br\/es\/author\/fw2\/\"}]}<\/script>\n<!-- \/ Yoast SEO plugin. -->","yoast_head_json":{"title":"Campa\u00f1a contra los C\u00f3digos Contravencionales y de Falta - CLAM - ES","robots":{"index":"index","follow":"follow","max-snippet":"max-snippet:-1","max-image-preview":"max-image-preview:large","max-video-preview":"max-video-preview:-1"},"canonical":"https:\/\/clam.org.br\/es\/agenda\/campana-contra-los-codigos-contravencionales-y-de-falta\/33569\/","og_locale":"es_ES","og_type":"article","og_title":"Campa\u00f1a contra los C\u00f3digos Contravencionales y de Falta - CLAM - ES","og_description":"Con motivo del D\u00eda internacional del Orgullo Gay, L\u00e9sbico, Travesti, Transg\u00e9nero, Transexual, Bisexual e Intersex, el 28 de junio a las 18 hs. se presentar\u00e1 en Buenos Aires la Campa\u00f1a contra los C\u00f3digos Contravencionales y de Falta.","og_url":"https:\/\/clam.org.br\/es\/agenda\/campana-contra-los-codigos-contravencionales-y-de-falta\/33569\/","og_site_name":"CLAM - ES","article_published_time":"2007-06-26T03:00:00+00:00","author":"fw2","twitter_card":"summary_large_image","twitter_misc":{"Escrito por":"fw2","Tiempo de lectura":"3 minutos"},"schema":{"@context":"https:\/\/schema.org","@graph":[{"@type":"WebPage","@id":"https:\/\/clam.org.br\/es\/agenda\/campana-contra-los-codigos-contravencionales-y-de-falta\/33569\/","url":"https:\/\/clam.org.br\/es\/agenda\/campana-contra-los-codigos-contravencionales-y-de-falta\/33569\/","name":"Campa\u00f1a contra los C\u00f3digos Contravencionales y de Falta - CLAM - ES","isPartOf":{"@id":"https:\/\/clam.org.br\/es\/#website"},"datePublished":"2007-06-26T03:00:00+00:00","author":{"@id":"https:\/\/clam.org.br\/es\/#\/schema\/person\/fbd9a86032bf7479f94b0ded196f1010"},"breadcrumb":{"@id":"https:\/\/clam.org.br\/es\/agenda\/campana-contra-los-codigos-contravencionales-y-de-falta\/33569\/#breadcrumb"},"inLanguage":"es","potentialAction":[{"@type":"ReadAction","target":["https:\/\/clam.org.br\/es\/agenda\/campana-contra-los-codigos-contravencionales-y-de-falta\/33569\/"]}]},{"@type":"BreadcrumbList","@id":"https:\/\/clam.org.br\/es\/agenda\/campana-contra-los-codigos-contravencionales-y-de-falta\/33569\/#breadcrumb","itemListElement":[{"@type":"ListItem","position":1,"name":"In\u00edcio","item":"https:\/\/clam.org.br\/es\/"},{"@type":"ListItem","position":2,"name":"Campa\u00f1a contra los C\u00f3digos Contravencionales y de Falta"}]},{"@type":"WebSite","@id":"https:\/\/clam.org.br\/es\/#website","url":"https:\/\/clam.org.br\/es\/","name":"CLAM - ES","description":"S\u00f3 mais um site CLAM - Centro Latino-Americano em Sexualidade e Direitos Humanos sites","potentialAction":[{"@type":"SearchAction","target":{"@type":"EntryPoint","urlTemplate":"https:\/\/clam.org.br\/es\/?s={search_term_string}"},"query-input":{"@type":"PropertyValueSpecification","valueRequired":true,"valueName":"search_term_string"}}],"inLanguage":"es"},{"@type":"Person","@id":"https:\/\/clam.org.br\/es\/#\/schema\/person\/fbd9a86032bf7479f94b0ded196f1010","name":"fw2","image":{"@type":"ImageObject","inLanguage":"es","@id":"https:\/\/clam.org.br\/es\/#\/schema\/person\/image\/","url":"https:\/\/secure.gravatar.com\/avatar\/c38472c0cdbde82d9b6fcc26adb3779d?s=96&d=mm&r=g","contentUrl":"https:\/\/secure.gravatar.com\/avatar\/c38472c0cdbde82d9b6fcc26adb3779d?s=96&d=mm&r=g","caption":"fw2"},"sameAs":["https:\/\/clam.fw2web.com.br"],"url":"https:\/\/clam.org.br\/es\/author\/fw2\/"}]}},"jetpack_featured_media_url":"","jetpack_sharing_enabled":true,"_links":{"self":[{"href":"https:\/\/clam.org.br\/es\/wp-json\/wp\/v2\/posts\/33569","targetHints":{"allow":["GET"]}}],"collection":[{"href":"https:\/\/clam.org.br\/es\/wp-json\/wp\/v2\/posts"}],"about":[{"href":"https:\/\/clam.org.br\/es\/wp-json\/wp\/v2\/types\/post"}],"author":[{"embeddable":true,"href":"https:\/\/clam.org.br\/es\/wp-json\/wp\/v2\/users\/1"}],"replies":[{"embeddable":true,"href":"https:\/\/clam.org.br\/es\/wp-json\/wp\/v2\/comments?post=33569"}],"version-history":[{"count":0,"href":"https:\/\/clam.org.br\/es\/wp-json\/wp\/v2\/posts\/33569\/revisions"}],"wp:attachment":[{"href":"https:\/\/clam.org.br\/es\/wp-json\/wp\/v2\/media?parent=33569"}],"wp:term":[{"taxonomy":"category","embeddable":true,"href":"https:\/\/clam.org.br\/es\/wp-json\/wp\/v2\/categories?post=33569"},{"taxonomy":"post_tag","embeddable":true,"href":"https:\/\/clam.org.br\/es\/wp-json\/wp\/v2\/tags?post=33569"}],"curies":[{"name":"wp","href":"https:\/\/api.w.org\/{rel}","templated":true}]}}