{"id":33575,"date":"2007-07-03T00:00:00","date_gmt":"2007-07-03T03:00:00","guid":{"rendered":"https:\/\/clam.fw2web.com.br\/es\/2007\/07\/03\/curso-taller-sobre-generos-y-diversidad-sexual-en-las-politicas-de-ninez-y-adolescencia\/"},"modified":"2007-07-03T00:00:00","modified_gmt":"2007-07-03T03:00:00","slug":"curso-taller-sobre-generos-y-diversidad-sexual-en-las-politicas-de-ninez-y-adolescencia","status":"publish","type":"post","link":"https:\/\/clam.org.br\/es\/agenda\/curso-taller-sobre-generos-y-diversidad-sexual-en-las-politicas-de-ninez-y-adolescencia\/33575\/","title":{"rendered":"Curso-Taller sobre G\u00e9neros y Diversidad Sexual en las Pol\u00edticas de Ni\u00f1ez y Adolescencia"},"content":{"rendered":"<p><P>&nbsp;La Direcci\u00f3n General de Ni\u00f1ez y Adolescencia, Ministerio de Derechos Humanos y Sociales del Gobierno de la Ciudad de Buenos Aires, el \u00c1rea Queer de Facultad de Filosof\u00eda y Letras de la Universidad de Buenos Aires y la Federaci\u00f3n Argentina de Lesbianas, Gays, Trans y Bisexuales organizan el Curso-Taller sobre G\u00e9neros y Diversidad Sexual en las Pol\u00edticas de Ni\u00f1ez y Adolescencia: &ldquo;Enfoques, Perspectivas e Intervenciones&rdquo; a desarrollarse durante los jueves de julio y agosto.<\/P> <P>Fecha: jueves 28 de junio, 5, 12, 19 y 26 de julio, 2, 9, 16 de agosto de 2007 <\/P> <P>Presentaci\u00f3n:  <P>Hist\u00f3ricamente en nuestro pa\u00eds, las cuestiones vinculadas con las identidades y relaciones de g\u00e9nero, as\u00ed como las actuaciones del deseo sexual, y las identidades y pr\u00e1cticas de este orden han recibido un tratamiento dispar y\/o pol\u00e9mico en las din\u00e1micas institucionales asociadas a las pol\u00edticas p\u00fablicas de la ni\u00f1ez y la adolescencia. De modo paralelo, la interrogaci\u00f3n sobre c\u00f3mo abordar profesionalmente estas diferencias culturales por parte de los\/as funcionarios\/as y efectores\/as encargados\/as de llevar adelante distintos programas en torno a ni\u00f1os\/as y j\u00f3venes, sigue enfrentando las instituciones p\u00fablicas al desaf\u00edo de revisar cr\u00edticamente sus pr\u00e1cticas, actualizar sus conocimientos y proponer transformaciones.  <P>Con la consigna de relevar experiencias y modos de abordaje de la diversidad sexual y de g\u00e9neros en relaci\u00f3n con los\/as chicos\/as, adolescentes y j\u00f3venes destinatarios\/as de los programas de la Direcci\u00f3n General de Ni\u00f1ez y Adolescencia del Gobierno de la Ciudad de Buenos Aires, se organiz\u00f3, en diciembre de 2006, un primer &ldquo;Taller de Reflexi\u00f3n e Intercambio de Experiencias sobre Diversidad Sexual en las Pol\u00edticas de Ni\u00f1ez y Adolescencia&rdquo;, con la co-coordinaci\u00f3n del \u00c1rea Queer, de la Facultad de Filosof\u00eda y Letras de la UBA.  <P>Como resultado de ese encuentro surgi\u00f3 una demanda espec\u00edfica de capacitaci\u00f3n, producto del diagn\u00f3stico realizado en torno a las experiencias institucionales presentadas y al reconocimiento colectivo de los principales obst\u00e1culos existentes para revertir los prejuicios, adecuar el tratamiento interinstitucional e interdisciplinario de estos temas, y optimizar los circuitos de abordaje, tomas de decisi\u00f3n y articulaci\u00f3n de voces, en el marco de la protecci\u00f3n integral de los derechos de ni\u00f1os, ni\u00f1as y adolescentes.  <P>En respuesta a esa demanda, y como parte del Convenio de Colaboraci\u00f3n formalizado entre ambas instituciones, se lanza el presente &ldquo;Curso-Taller sobre G\u00e9nero y Diversidad Sexual en las Pol\u00edticas de Ni\u00f1ez y Adolescencia. Enfoques, Perspectivas e Intervenciones&rdquo;, cuyo programa se adjunta a continuaci\u00f3n.  <P>Programa:  <P>Destinatarios: Profesionales, funcionarios\/as y efectores de la Direcci\u00f3n General de Ni\u00f1ez y Adolescencia (DGNA) del Gobierno de la Ciudad de Buenos Aires, en sus distintas l\u00edneas de acci\u00f3n.  <P>Duraci\u00f3n: 8 encuentros  <P>Organizan: Direcci\u00f3n General de Ni\u00f1ez y Adolescencia del Gobierno de la Ciudad de Buenos Aires y \u00c1rea Queer, de la Facultad de Filosof\u00eda y Letras, UBA, FEDERACI\u00d3N ARGENTINA DE LESBIANAS, GAYS, TRANS Y BISEXUALES.  <P>Cupo: 60 participantes <P>Objetivos <P>General: Proponer un espacio de intercambio, actualizaci\u00f3n de conocimientos, y reflexi\u00f3n cr\u00edtica en torno a experiencias, discursos, pr\u00e1cticas y condiciones institucionales y cotidianas concretas que involucren la tem\u00e1tica de la diversidad sexual y de g\u00e9neros en relaci\u00f3n con ni\u00f1os\/as, adolescentes y j\u00f3venes, a fin de relevar colectivamente desaf\u00edos y posibilidades de trabajo, y estrategias de intervenci\u00f3n en torno a estos t\u00f3picos desde una perspectiva compleja y pol\u00edticamente comprometida con el paradigma de la protecci\u00f3n integral de derechos.  <P>Espec\u00edficos:  <P>&#8211; Presentar los n\u00facleos conceptuales claves de la teor\u00eda queer y su relaci\u00f3n con la historia del movimiento LGTTTBI, las luchas antidicriminatorias y antirrepresivas en el contexto argentino, y las articulaciones posibles con las pol\u00edticas de diversidad sexual y de g\u00e9neros en el campo de la ni\u00f1ez y la adolescencia.  <P>&#8211; Promover la desnaturalizaci\u00f3n de concepciones hegem\u00f3nicas sobre la &ldquo;normalidad&rdquo; sexual y gen\u00e9rica, los binarismos &ldquo;hombre-mujer&rdquo;, &ldquo;masculino-femenino&rdquo;, &ldquo;activo-pasivo&rdquo;, &ldquo;hetero-homo&rdquo;, as\u00ed como asociaciones normativas entre identidades de g\u00e9neros, expresiones de g\u00e9neros, orientaciones sexuales y pr\u00e1cticas sexuales.  <P>&#8211; Reflexionar cr\u00edticamente &ndash;a partir del material de la propia experiencia de los\/as participantes- sobre las prescripciones que comporta la ideolog\u00eda de lo &ldquo;pol\u00edticamente correcto&rdquo;, la &ldquo;ansiedad&rdquo; por la clasificaci\u00f3n sexual y de g\u00e9nero de los sujetos, la inclusi\u00f3n de la diferencia en un orden gen\u00e9rico y\/o sexual obligatorio, y las estrategias de &ldquo;tratamiento especial&rdquo; de ni\u00f1os\/as y j\u00f3venes cuya sexualidad no responde a patrones normativos.  <P>&#8211; Relevar y discutir grupalmente situaciones institucionales, cotidianas y &ldquo;de calle&rdquo; que se hayan abordado y\/o tematizado desde identidades de g\u00e9neros, expresiones de g\u00e9neros, pr\u00e1cticas sexuales y\/u orientaciones sexuales, con el prop\u00f3sito de analizar tipos de abordaje, actores involucrados, circuitos recorridos para el tratamiento y toma de decisi\u00f3n, dificultades, resultados, etc.  <P>&#8211; Identificar escollos institucionales e ideol\u00f3gicos para el an\u00e1lisis cr\u00edtico de estas diferencias en los distintos espacios de intervenci\u00f3n del organismo oficial (jardines maternales, equipo m\u00f3vil).  <P>&#8211; Estimular el dise\u00f1o y planificaci\u00f3n de una pol\u00edtica espec\u00edfica, a fin de promover cambios de car\u00e1cter institucional, cultural y\/o pol\u00edtico en el interior de las instituciones, equipos t\u00e9cnicos y programas de la Direcci\u00f3n, con vistas a la producci\u00f3n consensuada de estrategias integradoras de una perspectiva queer en estos \u00e1mbitos.  <P>&#8211; Producir un Banco de Recursos sobre las alternativas actualmente disponibles en el marco de la DGNA, y eventualmente de otras instituciones p\u00fablicas del campo del derecho, la salud, la educaci\u00f3n, etc., para la consulta, intervenci\u00f3n, toma de decisiones y b\u00fasqueda de soluciones concretas en materia de protecci\u00f3n de derechos de ni\u00f1os\/as, adolescentes y j\u00f3venes, con especial atenci\u00f3n a situaciones que involucren cuestiones de g\u00e9neros y sexualidades.  <P>Metodolog\u00eda de trabajo:  <P>Se trabajar\u00e1 centralmente bajo la modalidad de taller, a partir del relevamiento, discusi\u00f3n y an\u00e1lisis de situaciones, procesos y diagn\u00f3sticos de experiencias, socializados por los\/as participantes como parte de sus recorridos profesionales e institucionales en el campo de la ni\u00f1ez y la adolescencia.  <P>El curso prev\u00e9, asimismo, dos encuentros iniciales de presentaci\u00f3n y contextualizaci\u00f3n de las luchas del movimiento LGTTTBI en nuestro pa\u00eds, las herramientas conceptuales claves de la teor\u00eda queer y su contribuci\u00f3n al an\u00e1lisis del g\u00e9nero y la sexualidad en el campo de las intervenciones p\u00fablicas con ni\u00f1os\/as, adolescentes y j\u00f3venes.  <P>Los \u00faltimos encuentros estar\u00e1n dedicados al armado de un diagn\u00f3stico, por grupos organizados seg\u00fan los diversos programas o l\u00edneas de acci\u00f3n de la DGNA, tendiente a condensar las reflexiones realizadas durante el curso en funci\u00f3n de las pr\u00e1cticas y experiencias discutidas colectivamente. El prop\u00f3sito es producir una cr\u00edtica que permita la elaboraci\u00f3n de alg\u00fan tipo de pol\u00edtica o intervenci\u00f3n superadora de los obst\u00e1culos identificados, e impulsora de cambios ideol\u00f3gicos y pol\u00edticos en relaci\u00f3n con esta tem\u00e1tica, en los espacios concretos de trabajo de cada participante.  <P>Informes:  <P>Av. Corrientes 1785 2\u00ba P. Of. C <P>Ciudad Aut\u00f3noma de Buenos Aires <P>Correo electr\u00f3nico: <A href=\"mailto:areaqueer@yahoo.com.ar\">areaqueer@yahoo.com.ar<\/A> <\/P><\/p>\n","protected":false},"excerpt":{"rendered":"<p>La Direcci\u00f3n General de Ni\u00f1ez y Adolescencia, Ministerio de Derechos Humanos y Sociales del Gobierno de la Ciudad de Buenos Aires, el \u00c1rea Queer de Facultad de Filosof\u00eda y Letras de la Universidad de Buenos Aires y la Federaci\u00f3n Argentina de Lesbianas, Gays, Trans y Bisexuales organizan el Curso-Taller sobre G\u00e9neros y Diversidad Sexual en las Pol\u00edticas de Ni\u00f1ez y Adolescencia: &ldquo;Enfoques, Perspectivas e Intervenciones&rdquo; a desarrollarse durante los jueves de julio y agosto.<\/p>\n","protected":false},"author":1,"featured_media":0,"comment_status":"open","ping_status":"open","sticky":false,"template":"","format":"standard","meta":{"_acf_changed":false,"site-sidebar-layout":"default","site-content-layout":"default","ast-global-header-display":"","ast-main-header-display":"","ast-hfb-above-header-display":"","ast-hfb-below-header-display":"","ast-hfb-mobile-header-display":"","site-post-title":"","ast-breadcrumbs-content":"","ast-featured-img":"","footer-sml-layout":"","theme-transparent-header-meta":"","adv-header-id-meta":"","stick-header-meta":"","header-above-stick-meta":"","header-main-stick-meta":"","header-below-stick-meta":"","_jetpack_memberships_contains_paid_content":false,"footnotes":""},"categories":[28],"tags":[],"class_list":["post-33575","post","type-post","status-publish","format-standard","hentry","category-agenda"],"acf":[],"yoast_head":"<!-- This site is optimized with the Yoast SEO plugin v26.1.1 - https:\/\/yoast.com\/wordpress\/plugins\/seo\/ -->\n<title>Curso-Taller sobre G\u00e9neros y Diversidad Sexual en las Pol\u00edticas de Ni\u00f1ez y Adolescencia - CLAM - ES<\/title>\n<meta name=\"robots\" content=\"index, follow, max-snippet:-1, max-image-preview:large, max-video-preview:-1\" \/>\n<link rel=\"canonical\" href=\"https:\/\/clam.org.br\/es\/agenda\/curso-taller-sobre-generos-y-diversidad-sexual-en-las-politicas-de-ninez-y-adolescencia\/33575\/\" \/>\n<meta property=\"og:locale\" content=\"es_ES\" \/>\n<meta property=\"og:type\" content=\"article\" \/>\n<meta property=\"og:title\" content=\"Curso-Taller sobre G\u00e9neros y Diversidad Sexual en las Pol\u00edticas de Ni\u00f1ez y Adolescencia - CLAM - ES\" \/>\n<meta property=\"og:description\" content=\"La Direcci\u00f3n General de Ni\u00f1ez y Adolescencia, Ministerio de Derechos Humanos y Sociales del Gobierno de la Ciudad de Buenos Aires, el \u00c1rea Queer de Facultad de Filosof\u00eda y Letras de la Universidad de Buenos Aires y la Federaci\u00f3n Argentina de Lesbianas, Gays, Trans y Bisexuales organizan el Curso-Taller sobre G\u00e9neros y Diversidad Sexual en las Pol\u00edticas de Ni\u00f1ez y Adolescencia: &ldquo;Enfoques, Perspectivas e Intervenciones&rdquo; a desarrollarse durante los jueves de julio y agosto.\" \/>\n<meta property=\"og:url\" content=\"https:\/\/clam.org.br\/es\/agenda\/curso-taller-sobre-generos-y-diversidad-sexual-en-las-politicas-de-ninez-y-adolescencia\/33575\/\" \/>\n<meta property=\"og:site_name\" content=\"CLAM - ES\" \/>\n<meta property=\"article:published_time\" content=\"2007-07-03T03:00:00+00:00\" \/>\n<meta name=\"author\" content=\"fw2\" \/>\n<meta name=\"twitter:card\" content=\"summary_large_image\" \/>\n<meta name=\"twitter:label1\" content=\"Escrito por\" \/>\n\t<meta name=\"twitter:data1\" content=\"fw2\" \/>\n\t<meta name=\"twitter:label2\" content=\"Tiempo de lectura\" \/>\n\t<meta name=\"twitter:data2\" content=\"6 minutos\" \/>\n<script type=\"application\/ld+json\" class=\"yoast-schema-graph\">{\"@context\":\"https:\/\/schema.org\",\"@graph\":[{\"@type\":\"WebPage\",\"@id\":\"https:\/\/clam.org.br\/es\/agenda\/curso-taller-sobre-generos-y-diversidad-sexual-en-las-politicas-de-ninez-y-adolescencia\/33575\/\",\"url\":\"https:\/\/clam.org.br\/es\/agenda\/curso-taller-sobre-generos-y-diversidad-sexual-en-las-politicas-de-ninez-y-adolescencia\/33575\/\",\"name\":\"Curso-Taller sobre G\u00e9neros y Diversidad Sexual en las Pol\u00edticas de Ni\u00f1ez y Adolescencia - CLAM - ES\",\"isPartOf\":{\"@id\":\"https:\/\/clam.org.br\/es\/#website\"},\"datePublished\":\"2007-07-03T03:00:00+00:00\",\"author\":{\"@id\":\"https:\/\/clam.org.br\/es\/#\/schema\/person\/fbd9a86032bf7479f94b0ded196f1010\"},\"breadcrumb\":{\"@id\":\"https:\/\/clam.org.br\/es\/agenda\/curso-taller-sobre-generos-y-diversidad-sexual-en-las-politicas-de-ninez-y-adolescencia\/33575\/#breadcrumb\"},\"inLanguage\":\"es\",\"potentialAction\":[{\"@type\":\"ReadAction\",\"target\":[\"https:\/\/clam.org.br\/es\/agenda\/curso-taller-sobre-generos-y-diversidad-sexual-en-las-politicas-de-ninez-y-adolescencia\/33575\/\"]}]},{\"@type\":\"BreadcrumbList\",\"@id\":\"https:\/\/clam.org.br\/es\/agenda\/curso-taller-sobre-generos-y-diversidad-sexual-en-las-politicas-de-ninez-y-adolescencia\/33575\/#breadcrumb\",\"itemListElement\":[{\"@type\":\"ListItem\",\"position\":1,\"name\":\"In\u00edcio\",\"item\":\"https:\/\/clam.org.br\/es\/\"},{\"@type\":\"ListItem\",\"position\":2,\"name\":\"Curso-Taller sobre G\u00e9neros y Diversidad Sexual en las Pol\u00edticas de Ni\u00f1ez y Adolescencia\"}]},{\"@type\":\"WebSite\",\"@id\":\"https:\/\/clam.org.br\/es\/#website\",\"url\":\"https:\/\/clam.org.br\/es\/\",\"name\":\"CLAM - ES\",\"description\":\"S\u00f3 mais um site CLAM - Centro Latino-Americano em Sexualidade e Direitos Humanos sites\",\"potentialAction\":[{\"@type\":\"SearchAction\",\"target\":{\"@type\":\"EntryPoint\",\"urlTemplate\":\"https:\/\/clam.org.br\/es\/?s={search_term_string}\"},\"query-input\":{\"@type\":\"PropertyValueSpecification\",\"valueRequired\":true,\"valueName\":\"search_term_string\"}}],\"inLanguage\":\"es\"},{\"@type\":\"Person\",\"@id\":\"https:\/\/clam.org.br\/es\/#\/schema\/person\/fbd9a86032bf7479f94b0ded196f1010\",\"name\":\"fw2\",\"image\":{\"@type\":\"ImageObject\",\"inLanguage\":\"es\",\"@id\":\"https:\/\/clam.org.br\/es\/#\/schema\/person\/image\/\",\"url\":\"https:\/\/secure.gravatar.com\/avatar\/c38472c0cdbde82d9b6fcc26adb3779d?s=96&d=mm&r=g\",\"contentUrl\":\"https:\/\/secure.gravatar.com\/avatar\/c38472c0cdbde82d9b6fcc26adb3779d?s=96&d=mm&r=g\",\"caption\":\"fw2\"},\"sameAs\":[\"https:\/\/clam.fw2web.com.br\"],\"url\":\"https:\/\/clam.org.br\/es\/author\/fw2\/\"}]}<\/script>\n<!-- \/ Yoast SEO plugin. -->","yoast_head_json":{"title":"Curso-Taller sobre G\u00e9neros y Diversidad Sexual en las Pol\u00edticas de Ni\u00f1ez y Adolescencia - CLAM - ES","robots":{"index":"index","follow":"follow","max-snippet":"max-snippet:-1","max-image-preview":"max-image-preview:large","max-video-preview":"max-video-preview:-1"},"canonical":"https:\/\/clam.org.br\/es\/agenda\/curso-taller-sobre-generos-y-diversidad-sexual-en-las-politicas-de-ninez-y-adolescencia\/33575\/","og_locale":"es_ES","og_type":"article","og_title":"Curso-Taller sobre G\u00e9neros y Diversidad Sexual en las Pol\u00edticas de Ni\u00f1ez y Adolescencia - CLAM - ES","og_description":"La Direcci\u00f3n General de Ni\u00f1ez y Adolescencia, Ministerio de Derechos Humanos y Sociales del Gobierno de la Ciudad de Buenos Aires, el \u00c1rea Queer de Facultad de Filosof\u00eda y Letras de la Universidad de Buenos Aires y la Federaci\u00f3n Argentina de Lesbianas, Gays, Trans y Bisexuales organizan el Curso-Taller sobre G\u00e9neros y Diversidad Sexual en las Pol\u00edticas de Ni\u00f1ez y Adolescencia: &ldquo;Enfoques, Perspectivas e Intervenciones&rdquo; a desarrollarse durante los jueves de julio y agosto.","og_url":"https:\/\/clam.org.br\/es\/agenda\/curso-taller-sobre-generos-y-diversidad-sexual-en-las-politicas-de-ninez-y-adolescencia\/33575\/","og_site_name":"CLAM - ES","article_published_time":"2007-07-03T03:00:00+00:00","author":"fw2","twitter_card":"summary_large_image","twitter_misc":{"Escrito por":"fw2","Tiempo de lectura":"6 minutos"},"schema":{"@context":"https:\/\/schema.org","@graph":[{"@type":"WebPage","@id":"https:\/\/clam.org.br\/es\/agenda\/curso-taller-sobre-generos-y-diversidad-sexual-en-las-politicas-de-ninez-y-adolescencia\/33575\/","url":"https:\/\/clam.org.br\/es\/agenda\/curso-taller-sobre-generos-y-diversidad-sexual-en-las-politicas-de-ninez-y-adolescencia\/33575\/","name":"Curso-Taller sobre G\u00e9neros y Diversidad Sexual en las Pol\u00edticas de Ni\u00f1ez y Adolescencia - CLAM - ES","isPartOf":{"@id":"https:\/\/clam.org.br\/es\/#website"},"datePublished":"2007-07-03T03:00:00+00:00","author":{"@id":"https:\/\/clam.org.br\/es\/#\/schema\/person\/fbd9a86032bf7479f94b0ded196f1010"},"breadcrumb":{"@id":"https:\/\/clam.org.br\/es\/agenda\/curso-taller-sobre-generos-y-diversidad-sexual-en-las-politicas-de-ninez-y-adolescencia\/33575\/#breadcrumb"},"inLanguage":"es","potentialAction":[{"@type":"ReadAction","target":["https:\/\/clam.org.br\/es\/agenda\/curso-taller-sobre-generos-y-diversidad-sexual-en-las-politicas-de-ninez-y-adolescencia\/33575\/"]}]},{"@type":"BreadcrumbList","@id":"https:\/\/clam.org.br\/es\/agenda\/curso-taller-sobre-generos-y-diversidad-sexual-en-las-politicas-de-ninez-y-adolescencia\/33575\/#breadcrumb","itemListElement":[{"@type":"ListItem","position":1,"name":"In\u00edcio","item":"https:\/\/clam.org.br\/es\/"},{"@type":"ListItem","position":2,"name":"Curso-Taller sobre G\u00e9neros y Diversidad Sexual en las Pol\u00edticas de Ni\u00f1ez y Adolescencia"}]},{"@type":"WebSite","@id":"https:\/\/clam.org.br\/es\/#website","url":"https:\/\/clam.org.br\/es\/","name":"CLAM - ES","description":"S\u00f3 mais um site CLAM - Centro Latino-Americano em Sexualidade e Direitos Humanos sites","potentialAction":[{"@type":"SearchAction","target":{"@type":"EntryPoint","urlTemplate":"https:\/\/clam.org.br\/es\/?s={search_term_string}"},"query-input":{"@type":"PropertyValueSpecification","valueRequired":true,"valueName":"search_term_string"}}],"inLanguage":"es"},{"@type":"Person","@id":"https:\/\/clam.org.br\/es\/#\/schema\/person\/fbd9a86032bf7479f94b0ded196f1010","name":"fw2","image":{"@type":"ImageObject","inLanguage":"es","@id":"https:\/\/clam.org.br\/es\/#\/schema\/person\/image\/","url":"https:\/\/secure.gravatar.com\/avatar\/c38472c0cdbde82d9b6fcc26adb3779d?s=96&d=mm&r=g","contentUrl":"https:\/\/secure.gravatar.com\/avatar\/c38472c0cdbde82d9b6fcc26adb3779d?s=96&d=mm&r=g","caption":"fw2"},"sameAs":["https:\/\/clam.fw2web.com.br"],"url":"https:\/\/clam.org.br\/es\/author\/fw2\/"}]}},"jetpack_featured_media_url":"","jetpack_sharing_enabled":true,"_links":{"self":[{"href":"https:\/\/clam.org.br\/es\/wp-json\/wp\/v2\/posts\/33575","targetHints":{"allow":["GET"]}}],"collection":[{"href":"https:\/\/clam.org.br\/es\/wp-json\/wp\/v2\/posts"}],"about":[{"href":"https:\/\/clam.org.br\/es\/wp-json\/wp\/v2\/types\/post"}],"author":[{"embeddable":true,"href":"https:\/\/clam.org.br\/es\/wp-json\/wp\/v2\/users\/1"}],"replies":[{"embeddable":true,"href":"https:\/\/clam.org.br\/es\/wp-json\/wp\/v2\/comments?post=33575"}],"version-history":[{"count":0,"href":"https:\/\/clam.org.br\/es\/wp-json\/wp\/v2\/posts\/33575\/revisions"}],"wp:attachment":[{"href":"https:\/\/clam.org.br\/es\/wp-json\/wp\/v2\/media?parent=33575"}],"wp:term":[{"taxonomy":"category","embeddable":true,"href":"https:\/\/clam.org.br\/es\/wp-json\/wp\/v2\/categories?post=33575"},{"taxonomy":"post_tag","embeddable":true,"href":"https:\/\/clam.org.br\/es\/wp-json\/wp\/v2\/tags?post=33575"}],"curies":[{"name":"wp","href":"https:\/\/api.w.org\/{rel}","templated":true}]}}