{"id":33586,"date":"2007-07-18T00:00:00","date_gmt":"2007-07-18T03:00:00","guid":{"rendered":"https:\/\/clam.fw2web.com.br\/es\/2007\/07\/18\/i-foro-sobre-transgenerismo-i-encuentro-nacional-de-los-y-las-transgeneristas-en-colombia-cuerpos-transgresores-cuerpos-transeroticos\/"},"modified":"2007-07-18T00:00:00","modified_gmt":"2007-07-18T03:00:00","slug":"i-foro-sobre-transgenerismo-i-encuentro-nacional-de-los-y-las-transgeneristas-en-colombia-cuerpos-transgresores-cuerpos-transeroticos","status":"publish","type":"post","link":"https:\/\/clam.org.br\/es\/agenda\/i-foro-sobre-transgenerismo-i-encuentro-nacional-de-los-y-las-transgeneristas-en-colombia-cuerpos-transgresores-cuerpos-transeroticos\/33586\/","title":{"rendered":"I Foro sobre Transgenerismo &#8211; I Encuentro Nacional de los y las Transgeneristas en Colombia: \u201cCuerpos Transgresores- Cuerpos Trans\u00e9roticos\u201d"},"content":{"rendered":"<p>&nbsp;El evento que contar\u00e1 con la participaci\u00f3n de Conferencistas Nacionales e Internacionales con experiencias en las tem\u00e1ticas, est\u00e1 patrocinando por la Alcald\u00eda Mayor de Bogot\u00e1, a trav\u00e9s de la Secretar\u00eda de Salud y la Secretar\u00eda de Integraci\u00f3n Social, con el apoyo de otras dependencias, as\u00ed como de las Agencias de Naciones Unidas. <P>Los ejes tem\u00e1ticos del Foro y el Encuentro son: Derechos Humanos; Construcciones Identitarias; Sexualidades Transg\u00e9neros; Salud Sexual; Desarrollo Organizacional; Masculinidades y Feminidades Transgeneristas; Pol\u00edticas Publicas; Ni\u00f1ez y Adolescencia Transgenerista; Desplazamiento Forzado y Transgenerismo; Trabajo Sexual, Explotaci\u00f3n Sexual Comercial y Trata de Transgeneristas. Se utilizar\u00e1 en los procesos una metodolog\u00eda l\u00fadica, vivencial y participativa, donde las y los participantes podr\u00e1n construir el conocimiento de manera colectiva a partir de su vivencia y experiencia particular.  <P>El evento se desarrollara a trav\u00e9s de tres bloques o programas de acciones:  <P>Programa Acad\u00e9mico.  <P>Programa de Desarrollo de la Inteligencia emocional.  <P>Programa Cultural.  <P>El programa acad\u00e9mico tiene como procesos pedag\u00f3gicos: Conferencias; Paneles y Mesas de Discusi\u00f3n; Exposiciones en P\u00f3ster; Performances e Instalaciones.  <P>El programa de desarrollo de la inteligencia emocional se desarrollara a trav\u00e9s de talleres y expresiones art\u00edsticas.  <P>El programa cultural, donde se visibilizaran algunas acciones de las y los transgeneristas, en espacios alternos con el programa acad\u00e9mico y el programa de desarrollo de la inteligencia emocional, se desarrollara a partir de C\u00f3ctel de bienvenida; Gala Inaugural; Exposici\u00f3n Fotogr\u00e1fica &ldquo;Cuerpos Transgresores&rdquo; ; Concurso de Estilismo; Fashion Show: Transmoda, fashion &ndash; prevention; Gala Rosa Transformista por la no transfob\u00eda; Cabaret Literario entre otras manifestaciones.  <P>Usted pude participar del evento, inscr\u00edbase y envi\u00e9 su inscripci\u00f3n a antes del 10 de agosto a:  <P><A href=\"mailto:evento.transcolombia2007@gmail.com\">evento.transcolombia2007@gmail.com<\/A>  <P>Los interesados e interesadas en presentar ponencias, p\u00f3ster, conferencias, talleres deben enviar con el formato de inscripci\u00f3n, un resumen de su trabajo y de su hoja de vida, antes del 30 de julio del 2007.  <P>Los res\u00famenes de los trabajos que se presenten deber\u00e1n tener la siguiente estructura:  <P>&#8211; T\u00edtulo <P>&#8211; Introducci\u00f3n <P>&#8211; Objetivos <P>&#8211; Material y M\u00e9todos <P>&#8211; Resultados  <P>&#8211; Discusi\u00f3n y Conclusiones  <P>M\u00e1ximo: 450 palabras y deben estar contenidos en las \u00e1reas tem\u00e1ticas se\u00f1aladas:  <P>A los autores o autoras de los trabajos seleccionados se les solicitar\u00e1 una versi\u00f3n completa del mismo en formato electr\u00f3nico, para su inclusi\u00f3n en un CD y las memorias del evento.  <P>Se podr\u00e1n enviar trabajos para las siguientes modalidades de presentaci\u00f3n.  <P>Temas Libres: orales y p\u00f3ster.  <P>Orales: Tendr\u00e1n una duraci\u00f3n de 15 minutos, con apoyo visual que se considere necesario.  <P>P\u00f3ster: Deber\u00e1n ajustarse a las siguientes medidas: 120 cm . de alto y 90 cm . de ancho.  <P>Talleres: Duraci\u00f3n de 60 \u00f3 120 minutos.  <P>Conferencias: Duraci\u00f3n 50 a 75 minutos.<\/P><\/p>\n","protected":false},"excerpt":{"rendered":"<p>Los y las invitamos a participar en el I Foro sobre Transgenerismo en Bogot\u00e1- I Encuentro Nacional de los y las Transgeneristas en Colombia: &ldquo;Cuerpos Transgresores- Cuerpos Trans\u00e9roticos&rdquo;, que se desarrollar\u00e1 del 17 al 20 de agosto del 2007, en el Centro de Convenciones de la Secretar\u00eda Distrital de Salud ubicado en la calle 13 con carrera 32 de la ciudad de Bogot\u00e1.<\/p>\n","protected":false},"author":1,"featured_media":0,"comment_status":"open","ping_status":"open","sticky":false,"template":"","format":"standard","meta":{"_acf_changed":false,"site-sidebar-layout":"default","site-content-layout":"default","ast-global-header-display":"","ast-main-header-display":"","ast-hfb-above-header-display":"","ast-hfb-below-header-display":"","ast-hfb-mobile-header-display":"","site-post-title":"","ast-breadcrumbs-content":"","ast-featured-img":"","footer-sml-layout":"","theme-transparent-header-meta":"","adv-header-id-meta":"","stick-header-meta":"","header-above-stick-meta":"","header-main-stick-meta":"","header-below-stick-meta":"","_jetpack_memberships_contains_paid_content":false,"footnotes":""},"categories":[28],"tags":[],"class_list":["post-33586","post","type-post","status-publish","format-standard","hentry","category-agenda"],"acf":[],"yoast_head":"<!-- This site is optimized with the Yoast SEO plugin v26.1.1 - https:\/\/yoast.com\/wordpress\/plugins\/seo\/ -->\n<title>I Foro sobre Transgenerismo - I Encuentro Nacional de los y las Transgeneristas en Colombia: \u201cCuerpos Transgresores- Cuerpos Trans\u00e9roticos\u201d - CLAM - ES<\/title>\n<meta name=\"robots\" content=\"index, follow, max-snippet:-1, max-image-preview:large, max-video-preview:-1\" \/>\n<link rel=\"canonical\" href=\"https:\/\/clam.org.br\/es\/agenda\/i-foro-sobre-transgenerismo-i-encuentro-nacional-de-los-y-las-transgeneristas-en-colombia-cuerpos-transgresores-cuerpos-transeroticos\/33586\/\" \/>\n<meta property=\"og:locale\" content=\"es_ES\" \/>\n<meta property=\"og:type\" content=\"article\" \/>\n<meta property=\"og:title\" content=\"I Foro sobre Transgenerismo - I Encuentro Nacional de los y las Transgeneristas en Colombia: \u201cCuerpos Transgresores- Cuerpos Trans\u00e9roticos\u201d - CLAM - ES\" \/>\n<meta property=\"og:description\" content=\"Los y las invitamos a participar en el I Foro sobre Transgenerismo en Bogot\u00e1- I Encuentro Nacional de los y las Transgeneristas en Colombia: &ldquo;Cuerpos Transgresores- Cuerpos Trans\u00e9roticos&rdquo;, que se desarrollar\u00e1 del 17 al 20 de agosto del 2007, en el Centro de Convenciones de la Secretar\u00eda Distrital de Salud ubicado en la calle 13 con carrera 32 de la ciudad de Bogot\u00e1.\" \/>\n<meta property=\"og:url\" content=\"https:\/\/clam.org.br\/es\/agenda\/i-foro-sobre-transgenerismo-i-encuentro-nacional-de-los-y-las-transgeneristas-en-colombia-cuerpos-transgresores-cuerpos-transeroticos\/33586\/\" \/>\n<meta property=\"og:site_name\" content=\"CLAM - ES\" \/>\n<meta property=\"article:published_time\" content=\"2007-07-18T03:00:00+00:00\" \/>\n<meta name=\"author\" content=\"fw2\" \/>\n<meta name=\"twitter:card\" content=\"summary_large_image\" \/>\n<meta name=\"twitter:label1\" content=\"Escrito por\" \/>\n\t<meta name=\"twitter:data1\" content=\"fw2\" \/>\n\t<meta name=\"twitter:label2\" content=\"Tiempo de lectura\" \/>\n\t<meta name=\"twitter:data2\" content=\"2 minutos\" \/>\n<script type=\"application\/ld+json\" class=\"yoast-schema-graph\">{\"@context\":\"https:\/\/schema.org\",\"@graph\":[{\"@type\":\"WebPage\",\"@id\":\"https:\/\/clam.org.br\/es\/agenda\/i-foro-sobre-transgenerismo-i-encuentro-nacional-de-los-y-las-transgeneristas-en-colombia-cuerpos-transgresores-cuerpos-transeroticos\/33586\/\",\"url\":\"https:\/\/clam.org.br\/es\/agenda\/i-foro-sobre-transgenerismo-i-encuentro-nacional-de-los-y-las-transgeneristas-en-colombia-cuerpos-transgresores-cuerpos-transeroticos\/33586\/\",\"name\":\"I Foro sobre Transgenerismo - I Encuentro Nacional de los y las Transgeneristas en Colombia: \u201cCuerpos Transgresores- Cuerpos Trans\u00e9roticos\u201d - CLAM - ES\",\"isPartOf\":{\"@id\":\"https:\/\/clam.org.br\/es\/#website\"},\"datePublished\":\"2007-07-18T03:00:00+00:00\",\"author\":{\"@id\":\"https:\/\/clam.org.br\/es\/#\/schema\/person\/fbd9a86032bf7479f94b0ded196f1010\"},\"breadcrumb\":{\"@id\":\"https:\/\/clam.org.br\/es\/agenda\/i-foro-sobre-transgenerismo-i-encuentro-nacional-de-los-y-las-transgeneristas-en-colombia-cuerpos-transgresores-cuerpos-transeroticos\/33586\/#breadcrumb\"},\"inLanguage\":\"es\",\"potentialAction\":[{\"@type\":\"ReadAction\",\"target\":[\"https:\/\/clam.org.br\/es\/agenda\/i-foro-sobre-transgenerismo-i-encuentro-nacional-de-los-y-las-transgeneristas-en-colombia-cuerpos-transgresores-cuerpos-transeroticos\/33586\/\"]}]},{\"@type\":\"BreadcrumbList\",\"@id\":\"https:\/\/clam.org.br\/es\/agenda\/i-foro-sobre-transgenerismo-i-encuentro-nacional-de-los-y-las-transgeneristas-en-colombia-cuerpos-transgresores-cuerpos-transeroticos\/33586\/#breadcrumb\",\"itemListElement\":[{\"@type\":\"ListItem\",\"position\":1,\"name\":\"In\u00edcio\",\"item\":\"https:\/\/clam.org.br\/es\/\"},{\"@type\":\"ListItem\",\"position\":2,\"name\":\"I Foro sobre Transgenerismo &#8211; I Encuentro Nacional de los y las Transgeneristas en Colombia: \u201cCuerpos Transgresores- Cuerpos Trans\u00e9roticos\u201d\"}]},{\"@type\":\"WebSite\",\"@id\":\"https:\/\/clam.org.br\/es\/#website\",\"url\":\"https:\/\/clam.org.br\/es\/\",\"name\":\"CLAM - ES\",\"description\":\"S\u00f3 mais um site CLAM - Centro Latino-Americano em Sexualidade e Direitos Humanos sites\",\"potentialAction\":[{\"@type\":\"SearchAction\",\"target\":{\"@type\":\"EntryPoint\",\"urlTemplate\":\"https:\/\/clam.org.br\/es\/?s={search_term_string}\"},\"query-input\":{\"@type\":\"PropertyValueSpecification\",\"valueRequired\":true,\"valueName\":\"search_term_string\"}}],\"inLanguage\":\"es\"},{\"@type\":\"Person\",\"@id\":\"https:\/\/clam.org.br\/es\/#\/schema\/person\/fbd9a86032bf7479f94b0ded196f1010\",\"name\":\"fw2\",\"image\":{\"@type\":\"ImageObject\",\"inLanguage\":\"es\",\"@id\":\"https:\/\/clam.org.br\/es\/#\/schema\/person\/image\/\",\"url\":\"https:\/\/secure.gravatar.com\/avatar\/c38472c0cdbde82d9b6fcc26adb3779d?s=96&d=mm&r=g\",\"contentUrl\":\"https:\/\/secure.gravatar.com\/avatar\/c38472c0cdbde82d9b6fcc26adb3779d?s=96&d=mm&r=g\",\"caption\":\"fw2\"},\"sameAs\":[\"https:\/\/clam.fw2web.com.br\"],\"url\":\"https:\/\/clam.org.br\/es\/author\/fw2\/\"}]}<\/script>\n<!-- \/ Yoast SEO plugin. -->","yoast_head_json":{"title":"I Foro sobre Transgenerismo - I Encuentro Nacional de los y las Transgeneristas en Colombia: \u201cCuerpos Transgresores- Cuerpos Trans\u00e9roticos\u201d - CLAM - ES","robots":{"index":"index","follow":"follow","max-snippet":"max-snippet:-1","max-image-preview":"max-image-preview:large","max-video-preview":"max-video-preview:-1"},"canonical":"https:\/\/clam.org.br\/es\/agenda\/i-foro-sobre-transgenerismo-i-encuentro-nacional-de-los-y-las-transgeneristas-en-colombia-cuerpos-transgresores-cuerpos-transeroticos\/33586\/","og_locale":"es_ES","og_type":"article","og_title":"I Foro sobre Transgenerismo - I Encuentro Nacional de los y las Transgeneristas en Colombia: \u201cCuerpos Transgresores- Cuerpos Trans\u00e9roticos\u201d - CLAM - ES","og_description":"Los y las invitamos a participar en el I Foro sobre Transgenerismo en Bogot\u00e1- I Encuentro Nacional de los y las Transgeneristas en Colombia: &ldquo;Cuerpos Transgresores- Cuerpos Trans\u00e9roticos&rdquo;, que se desarrollar\u00e1 del 17 al 20 de agosto del 2007, en el Centro de Convenciones de la Secretar\u00eda Distrital de Salud ubicado en la calle 13 con carrera 32 de la ciudad de Bogot\u00e1.","og_url":"https:\/\/clam.org.br\/es\/agenda\/i-foro-sobre-transgenerismo-i-encuentro-nacional-de-los-y-las-transgeneristas-en-colombia-cuerpos-transgresores-cuerpos-transeroticos\/33586\/","og_site_name":"CLAM - ES","article_published_time":"2007-07-18T03:00:00+00:00","author":"fw2","twitter_card":"summary_large_image","twitter_misc":{"Escrito por":"fw2","Tiempo de lectura":"2 minutos"},"schema":{"@context":"https:\/\/schema.org","@graph":[{"@type":"WebPage","@id":"https:\/\/clam.org.br\/es\/agenda\/i-foro-sobre-transgenerismo-i-encuentro-nacional-de-los-y-las-transgeneristas-en-colombia-cuerpos-transgresores-cuerpos-transeroticos\/33586\/","url":"https:\/\/clam.org.br\/es\/agenda\/i-foro-sobre-transgenerismo-i-encuentro-nacional-de-los-y-las-transgeneristas-en-colombia-cuerpos-transgresores-cuerpos-transeroticos\/33586\/","name":"I Foro sobre Transgenerismo - I Encuentro Nacional de los y las Transgeneristas en Colombia: \u201cCuerpos Transgresores- Cuerpos Trans\u00e9roticos\u201d - CLAM - ES","isPartOf":{"@id":"https:\/\/clam.org.br\/es\/#website"},"datePublished":"2007-07-18T03:00:00+00:00","author":{"@id":"https:\/\/clam.org.br\/es\/#\/schema\/person\/fbd9a86032bf7479f94b0ded196f1010"},"breadcrumb":{"@id":"https:\/\/clam.org.br\/es\/agenda\/i-foro-sobre-transgenerismo-i-encuentro-nacional-de-los-y-las-transgeneristas-en-colombia-cuerpos-transgresores-cuerpos-transeroticos\/33586\/#breadcrumb"},"inLanguage":"es","potentialAction":[{"@type":"ReadAction","target":["https:\/\/clam.org.br\/es\/agenda\/i-foro-sobre-transgenerismo-i-encuentro-nacional-de-los-y-las-transgeneristas-en-colombia-cuerpos-transgresores-cuerpos-transeroticos\/33586\/"]}]},{"@type":"BreadcrumbList","@id":"https:\/\/clam.org.br\/es\/agenda\/i-foro-sobre-transgenerismo-i-encuentro-nacional-de-los-y-las-transgeneristas-en-colombia-cuerpos-transgresores-cuerpos-transeroticos\/33586\/#breadcrumb","itemListElement":[{"@type":"ListItem","position":1,"name":"In\u00edcio","item":"https:\/\/clam.org.br\/es\/"},{"@type":"ListItem","position":2,"name":"I Foro sobre Transgenerismo &#8211; I Encuentro Nacional de los y las Transgeneristas en Colombia: \u201cCuerpos Transgresores- Cuerpos Trans\u00e9roticos\u201d"}]},{"@type":"WebSite","@id":"https:\/\/clam.org.br\/es\/#website","url":"https:\/\/clam.org.br\/es\/","name":"CLAM - ES","description":"S\u00f3 mais um site CLAM - Centro Latino-Americano em Sexualidade e Direitos Humanos sites","potentialAction":[{"@type":"SearchAction","target":{"@type":"EntryPoint","urlTemplate":"https:\/\/clam.org.br\/es\/?s={search_term_string}"},"query-input":{"@type":"PropertyValueSpecification","valueRequired":true,"valueName":"search_term_string"}}],"inLanguage":"es"},{"@type":"Person","@id":"https:\/\/clam.org.br\/es\/#\/schema\/person\/fbd9a86032bf7479f94b0ded196f1010","name":"fw2","image":{"@type":"ImageObject","inLanguage":"es","@id":"https:\/\/clam.org.br\/es\/#\/schema\/person\/image\/","url":"https:\/\/secure.gravatar.com\/avatar\/c38472c0cdbde82d9b6fcc26adb3779d?s=96&d=mm&r=g","contentUrl":"https:\/\/secure.gravatar.com\/avatar\/c38472c0cdbde82d9b6fcc26adb3779d?s=96&d=mm&r=g","caption":"fw2"},"sameAs":["https:\/\/clam.fw2web.com.br"],"url":"https:\/\/clam.org.br\/es\/author\/fw2\/"}]}},"jetpack_featured_media_url":"","jetpack_sharing_enabled":true,"_links":{"self":[{"href":"https:\/\/clam.org.br\/es\/wp-json\/wp\/v2\/posts\/33586","targetHints":{"allow":["GET"]}}],"collection":[{"href":"https:\/\/clam.org.br\/es\/wp-json\/wp\/v2\/posts"}],"about":[{"href":"https:\/\/clam.org.br\/es\/wp-json\/wp\/v2\/types\/post"}],"author":[{"embeddable":true,"href":"https:\/\/clam.org.br\/es\/wp-json\/wp\/v2\/users\/1"}],"replies":[{"embeddable":true,"href":"https:\/\/clam.org.br\/es\/wp-json\/wp\/v2\/comments?post=33586"}],"version-history":[{"count":0,"href":"https:\/\/clam.org.br\/es\/wp-json\/wp\/v2\/posts\/33586\/revisions"}],"wp:attachment":[{"href":"https:\/\/clam.org.br\/es\/wp-json\/wp\/v2\/media?parent=33586"}],"wp:term":[{"taxonomy":"category","embeddable":true,"href":"https:\/\/clam.org.br\/es\/wp-json\/wp\/v2\/categories?post=33586"},{"taxonomy":"post_tag","embeddable":true,"href":"https:\/\/clam.org.br\/es\/wp-json\/wp\/v2\/tags?post=33586"}],"curies":[{"name":"wp","href":"https:\/\/api.w.org\/{rel}","templated":true}]}}