{"id":33587,"date":"2007-07-18T00:00:00","date_gmt":"2007-07-18T03:00:00","guid":{"rendered":"https:\/\/clam.fw2web.com.br\/es\/2007\/07\/18\/luces-camara-y-mujeres-en-accion\/"},"modified":"2007-07-18T00:00:00","modified_gmt":"2007-07-18T03:00:00","slug":"luces-camara-y-mujeres-en-accion","status":"publish","type":"post","link":"https:\/\/clam.org.br\/es\/agenda\/luces-camara-y-mujeres-en-accion\/33587\/","title":{"rendered":"\u201cLuces, c\u00e1mara y mujeres en acci\u00f3n\u201d"},"content":{"rendered":"<p><P>El Festival, organizado por el \u00e1rea de Cultura y Comunicaci\u00f3n Libres de Sexismo de la Pol\u00edtica P\u00fablica de Mujer y G\u00e9neros de la Alcald\u00eda Mayor, pretende propiciar la construcci\u00f3n de relaciones m\u00e1s democr\u00e1ticas entre mujeres y hombres y generar reflexiones sobre las identidades de g\u00e9nero.  <P>En el Festival \u00abLUCES, C\u00c1MARA Y MUJERES EN ACCI\u00d3N\u00bb podr\u00e1n participar las propuestas audiovisuales en todas las modalidades y g\u00e9neros del cortometraje con una duraci\u00f3n de hasta m\u00e1ximo 25 minutos en tem\u00e1ticas como: violencias de g\u00e9nero; Bogot\u00e1 segura para las mujeres, segura para todas y todos; Bogot\u00e1 diversa e incluyente.  <P>Los t\u00e9rminos de la convocatoria y la ficha de inscripci\u00f3n que las participantes deben diligenciar, pueden ser descargados en http:\/\/www.bogota.gov.co \/galeria\/\/convocatoriacortometrajes.pdf <P>Cronograma <P>Convocatoria y recepci\u00f3n de materiales: hasta el 31 de agosto.  <P>Elecci\u00f3n de materiales: 1 de septiembre al 15 de octubre.  <P>Publicaci\u00f3n de resultados: 31 de octubre.  <P>Organizaci\u00f3n del cronograma y exhibici\u00f3n: noviembre y diciembre.  <P>Mayores informes: 286 8182, \u00e1rea de Cultura y Comunicaci\u00f3n Libre de Sexismo.  <P>Correo electr\u00f3nico: <A href=\"mailto:culturaycomunicacionnosexista@gmail.com\">culturaycomunicacionnosexista@gmail.com<\/A> <\/P><\/p>\n","protected":false},"excerpt":{"rendered":"<p>&nbsp;Hasta el 31 de agosto est\u00e1 abierta la convocatoria para concursar en el Festival &ldquo;Luces, c\u00e1mara y mujeres en acci\u00f3n&rdquo;. La misma est\u00e1 dirigida a todas las mujeres realizadoras, productoras, investigadoras, estudiantes y, en general, a aquellas que tengan iniciativas audiovisuales,<\/p>\n","protected":false},"author":1,"featured_media":0,"comment_status":"open","ping_status":"open","sticky":false,"template":"","format":"standard","meta":{"_acf_changed":false,"site-sidebar-layout":"default","site-content-layout":"default","ast-global-header-display":"","ast-main-header-display":"","ast-hfb-above-header-display":"","ast-hfb-below-header-display":"","ast-hfb-mobile-header-display":"","site-post-title":"","ast-breadcrumbs-content":"","ast-featured-img":"","footer-sml-layout":"","theme-transparent-header-meta":"","adv-header-id-meta":"","stick-header-meta":"","header-above-stick-meta":"","header-main-stick-meta":"","header-below-stick-meta":"","_jetpack_memberships_contains_paid_content":false,"footnotes":""},"categories":[28],"tags":[],"class_list":["post-33587","post","type-post","status-publish","format-standard","hentry","category-agenda"],"acf":[],"yoast_head":"<!-- This site is optimized with the Yoast SEO plugin v26.1.1 - https:\/\/yoast.com\/wordpress\/plugins\/seo\/ -->\n<title>\u201cLuces, c\u00e1mara y mujeres en acci\u00f3n\u201d - CLAM - ES<\/title>\n<meta name=\"robots\" content=\"index, follow, max-snippet:-1, max-image-preview:large, max-video-preview:-1\" \/>\n<link rel=\"canonical\" href=\"https:\/\/clam.org.br\/es\/agenda\/luces-camara-y-mujeres-en-accion\/33587\/\" \/>\n<meta property=\"og:locale\" content=\"es_ES\" \/>\n<meta property=\"og:type\" content=\"article\" \/>\n<meta property=\"og:title\" content=\"\u201cLuces, c\u00e1mara y mujeres en acci\u00f3n\u201d - CLAM - ES\" \/>\n<meta property=\"og:description\" content=\"&nbsp;Hasta el 31 de agosto est\u00e1 abierta la convocatoria para concursar en el Festival &ldquo;Luces, c\u00e1mara y mujeres en acci\u00f3n&rdquo;. La misma est\u00e1 dirigida a todas las mujeres realizadoras, productoras, investigadoras, estudiantes y, en general, a aquellas que tengan iniciativas audiovisuales,\" \/>\n<meta property=\"og:url\" content=\"https:\/\/clam.org.br\/es\/agenda\/luces-camara-y-mujeres-en-accion\/33587\/\" \/>\n<meta property=\"og:site_name\" content=\"CLAM - ES\" \/>\n<meta property=\"article:published_time\" content=\"2007-07-18T03:00:00+00:00\" \/>\n<meta name=\"author\" content=\"fw2\" \/>\n<meta name=\"twitter:card\" content=\"summary_large_image\" \/>\n<meta name=\"twitter:label1\" content=\"Escrito por\" \/>\n\t<meta name=\"twitter:data1\" content=\"fw2\" \/>\n\t<meta name=\"twitter:label2\" content=\"Tiempo de lectura\" \/>\n\t<meta name=\"twitter:data2\" content=\"1 minuto\" \/>\n<script type=\"application\/ld+json\" class=\"yoast-schema-graph\">{\"@context\":\"https:\/\/schema.org\",\"@graph\":[{\"@type\":\"WebPage\",\"@id\":\"https:\/\/clam.org.br\/es\/agenda\/luces-camara-y-mujeres-en-accion\/33587\/\",\"url\":\"https:\/\/clam.org.br\/es\/agenda\/luces-camara-y-mujeres-en-accion\/33587\/\",\"name\":\"\u201cLuces, c\u00e1mara y mujeres en acci\u00f3n\u201d - CLAM - ES\",\"isPartOf\":{\"@id\":\"https:\/\/clam.org.br\/es\/#website\"},\"datePublished\":\"2007-07-18T03:00:00+00:00\",\"author\":{\"@id\":\"https:\/\/clam.org.br\/es\/#\/schema\/person\/fbd9a86032bf7479f94b0ded196f1010\"},\"breadcrumb\":{\"@id\":\"https:\/\/clam.org.br\/es\/agenda\/luces-camara-y-mujeres-en-accion\/33587\/#breadcrumb\"},\"inLanguage\":\"es\",\"potentialAction\":[{\"@type\":\"ReadAction\",\"target\":[\"https:\/\/clam.org.br\/es\/agenda\/luces-camara-y-mujeres-en-accion\/33587\/\"]}]},{\"@type\":\"BreadcrumbList\",\"@id\":\"https:\/\/clam.org.br\/es\/agenda\/luces-camara-y-mujeres-en-accion\/33587\/#breadcrumb\",\"itemListElement\":[{\"@type\":\"ListItem\",\"position\":1,\"name\":\"In\u00edcio\",\"item\":\"https:\/\/clam.org.br\/es\/\"},{\"@type\":\"ListItem\",\"position\":2,\"name\":\"\u201cLuces, c\u00e1mara y mujeres en acci\u00f3n\u201d\"}]},{\"@type\":\"WebSite\",\"@id\":\"https:\/\/clam.org.br\/es\/#website\",\"url\":\"https:\/\/clam.org.br\/es\/\",\"name\":\"CLAM - ES\",\"description\":\"S\u00f3 mais um site CLAM - Centro Latino-Americano em Sexualidade e Direitos Humanos sites\",\"potentialAction\":[{\"@type\":\"SearchAction\",\"target\":{\"@type\":\"EntryPoint\",\"urlTemplate\":\"https:\/\/clam.org.br\/es\/?s={search_term_string}\"},\"query-input\":{\"@type\":\"PropertyValueSpecification\",\"valueRequired\":true,\"valueName\":\"search_term_string\"}}],\"inLanguage\":\"es\"},{\"@type\":\"Person\",\"@id\":\"https:\/\/clam.org.br\/es\/#\/schema\/person\/fbd9a86032bf7479f94b0ded196f1010\",\"name\":\"fw2\",\"image\":{\"@type\":\"ImageObject\",\"inLanguage\":\"es\",\"@id\":\"https:\/\/clam.org.br\/es\/#\/schema\/person\/image\/\",\"url\":\"https:\/\/secure.gravatar.com\/avatar\/c38472c0cdbde82d9b6fcc26adb3779d?s=96&d=mm&r=g\",\"contentUrl\":\"https:\/\/secure.gravatar.com\/avatar\/c38472c0cdbde82d9b6fcc26adb3779d?s=96&d=mm&r=g\",\"caption\":\"fw2\"},\"sameAs\":[\"https:\/\/clam.fw2web.com.br\"],\"url\":\"https:\/\/clam.org.br\/es\/author\/fw2\/\"}]}<\/script>\n<!-- \/ Yoast SEO plugin. -->","yoast_head_json":{"title":"\u201cLuces, c\u00e1mara y mujeres en acci\u00f3n\u201d - CLAM - ES","robots":{"index":"index","follow":"follow","max-snippet":"max-snippet:-1","max-image-preview":"max-image-preview:large","max-video-preview":"max-video-preview:-1"},"canonical":"https:\/\/clam.org.br\/es\/agenda\/luces-camara-y-mujeres-en-accion\/33587\/","og_locale":"es_ES","og_type":"article","og_title":"\u201cLuces, c\u00e1mara y mujeres en acci\u00f3n\u201d - CLAM - ES","og_description":"&nbsp;Hasta el 31 de agosto est\u00e1 abierta la convocatoria para concursar en el Festival &ldquo;Luces, c\u00e1mara y mujeres en acci\u00f3n&rdquo;. La misma est\u00e1 dirigida a todas las mujeres realizadoras, productoras, investigadoras, estudiantes y, en general, a aquellas que tengan iniciativas audiovisuales,","og_url":"https:\/\/clam.org.br\/es\/agenda\/luces-camara-y-mujeres-en-accion\/33587\/","og_site_name":"CLAM - ES","article_published_time":"2007-07-18T03:00:00+00:00","author":"fw2","twitter_card":"summary_large_image","twitter_misc":{"Escrito por":"fw2","Tiempo de lectura":"1 minuto"},"schema":{"@context":"https:\/\/schema.org","@graph":[{"@type":"WebPage","@id":"https:\/\/clam.org.br\/es\/agenda\/luces-camara-y-mujeres-en-accion\/33587\/","url":"https:\/\/clam.org.br\/es\/agenda\/luces-camara-y-mujeres-en-accion\/33587\/","name":"\u201cLuces, c\u00e1mara y mujeres en acci\u00f3n\u201d - CLAM - ES","isPartOf":{"@id":"https:\/\/clam.org.br\/es\/#website"},"datePublished":"2007-07-18T03:00:00+00:00","author":{"@id":"https:\/\/clam.org.br\/es\/#\/schema\/person\/fbd9a86032bf7479f94b0ded196f1010"},"breadcrumb":{"@id":"https:\/\/clam.org.br\/es\/agenda\/luces-camara-y-mujeres-en-accion\/33587\/#breadcrumb"},"inLanguage":"es","potentialAction":[{"@type":"ReadAction","target":["https:\/\/clam.org.br\/es\/agenda\/luces-camara-y-mujeres-en-accion\/33587\/"]}]},{"@type":"BreadcrumbList","@id":"https:\/\/clam.org.br\/es\/agenda\/luces-camara-y-mujeres-en-accion\/33587\/#breadcrumb","itemListElement":[{"@type":"ListItem","position":1,"name":"In\u00edcio","item":"https:\/\/clam.org.br\/es\/"},{"@type":"ListItem","position":2,"name":"\u201cLuces, c\u00e1mara y mujeres en acci\u00f3n\u201d"}]},{"@type":"WebSite","@id":"https:\/\/clam.org.br\/es\/#website","url":"https:\/\/clam.org.br\/es\/","name":"CLAM - ES","description":"S\u00f3 mais um site CLAM - Centro Latino-Americano em Sexualidade e Direitos Humanos sites","potentialAction":[{"@type":"SearchAction","target":{"@type":"EntryPoint","urlTemplate":"https:\/\/clam.org.br\/es\/?s={search_term_string}"},"query-input":{"@type":"PropertyValueSpecification","valueRequired":true,"valueName":"search_term_string"}}],"inLanguage":"es"},{"@type":"Person","@id":"https:\/\/clam.org.br\/es\/#\/schema\/person\/fbd9a86032bf7479f94b0ded196f1010","name":"fw2","image":{"@type":"ImageObject","inLanguage":"es","@id":"https:\/\/clam.org.br\/es\/#\/schema\/person\/image\/","url":"https:\/\/secure.gravatar.com\/avatar\/c38472c0cdbde82d9b6fcc26adb3779d?s=96&d=mm&r=g","contentUrl":"https:\/\/secure.gravatar.com\/avatar\/c38472c0cdbde82d9b6fcc26adb3779d?s=96&d=mm&r=g","caption":"fw2"},"sameAs":["https:\/\/clam.fw2web.com.br"],"url":"https:\/\/clam.org.br\/es\/author\/fw2\/"}]}},"jetpack_featured_media_url":"","jetpack_sharing_enabled":true,"_links":{"self":[{"href":"https:\/\/clam.org.br\/es\/wp-json\/wp\/v2\/posts\/33587","targetHints":{"allow":["GET"]}}],"collection":[{"href":"https:\/\/clam.org.br\/es\/wp-json\/wp\/v2\/posts"}],"about":[{"href":"https:\/\/clam.org.br\/es\/wp-json\/wp\/v2\/types\/post"}],"author":[{"embeddable":true,"href":"https:\/\/clam.org.br\/es\/wp-json\/wp\/v2\/users\/1"}],"replies":[{"embeddable":true,"href":"https:\/\/clam.org.br\/es\/wp-json\/wp\/v2\/comments?post=33587"}],"version-history":[{"count":0,"href":"https:\/\/clam.org.br\/es\/wp-json\/wp\/v2\/posts\/33587\/revisions"}],"wp:attachment":[{"href":"https:\/\/clam.org.br\/es\/wp-json\/wp\/v2\/media?parent=33587"}],"wp:term":[{"taxonomy":"category","embeddable":true,"href":"https:\/\/clam.org.br\/es\/wp-json\/wp\/v2\/categories?post=33587"},{"taxonomy":"post_tag","embeddable":true,"href":"https:\/\/clam.org.br\/es\/wp-json\/wp\/v2\/tags?post=33587"}],"curies":[{"name":"wp","href":"https:\/\/api.w.org\/{rel}","templated":true}]}}