{"id":33588,"date":"2007-07-18T00:00:00","date_gmt":"2007-07-18T03:00:00","guid":{"rendered":"https:\/\/clam.fw2web.com.br\/es\/2007\/07\/18\/los-acuerdos-comerciales-son-tambien-asunto-de-las-mujeres\/"},"modified":"2007-07-18T00:00:00","modified_gmt":"2007-07-18T03:00:00","slug":"los-acuerdos-comerciales-son-tambien-asunto-de-las-mujeres","status":"publish","type":"post","link":"https:\/\/clam.org.br\/es\/agenda\/los-acuerdos-comerciales-son-tambien-asunto-de-las-mujeres\/33588\/","title":{"rendered":"Los Acuerdos Comerciales son tambi\u00e9n asunto de las mujeres"},"content":{"rendered":"<p><P>El cambio se debe al cese de actividad acad\u00e9mica en algunas universidades por paros y movilizaciones, motivos que todos conocemos y a algunos inconvenientes t\u00e9cnicos en la construcci\u00f3n de la <a href=\"http:\/\/www.concursomuieresytlc.org\/\" target=\"_blank\" rel=\"noopener\">p\u00e1gina oficial del concurso&nbsp;<\/A> la cual empezar\u00e1 a funcionar entre el 12 y 15 de julio de 2007. Toda la informaci\u00f3n que precisen sobre el concurso podr\u00e1n encontrarla en: <a href=\"http:\/\/concursomujeresytlc.spaces.live.com\/\" target=\"_blank\" rel=\"noopener\">http:\/\/concursomujeresytlc.spaces.live.com<\/A> <P>Las propuestas deben ce\u00f1irse al formato dise\u00f1ado para ello por el concurso y el cual se adjunta, deben ser de m\u00e1ximo 15 p\u00e1ginas a espacio sencillo y letra Arial 12 y ser entregadas en versi\u00f3n impresa y en formato digital a la Facultad de Filosof\u00eda y Letras de la Universidad de La Salle en la ciudad de Bogot\u00e1 a la siguiente direcci\u00f3n: carrera 5 No. 59A-44 Sede Chapinero <P>. Recuerden que: Las propuestas deber\u00e1n incluir a mujeres en sus equipos responsables, tanto en la formulaci\u00f3n de la propuesta como en su ejecuci\u00f3n en caso de ser ganadora, adem\u00e1s deber\u00e1n contener un cap\u00edtulo dedicado al an\u00e1lisis y recomendaciones sobre pol\u00edticas p\u00fablicas.<\/P><\/p>\n","protected":false},"excerpt":{"rendered":"<p>El nuevo plazo para la presentaci\u00f3n de propuestas para el concurso \u00abLos acuerdos comerciales son tambi\u00e9n asunto de las mujeres\u00bb ha sido establecido para el pr\u00f3ximo 31 de Julio de 2007 a las 18:00 horas.<\/p>\n","protected":false},"author":1,"featured_media":0,"comment_status":"open","ping_status":"open","sticky":false,"template":"","format":"standard","meta":{"_acf_changed":false,"site-sidebar-layout":"default","site-content-layout":"default","ast-global-header-display":"","ast-main-header-display":"","ast-hfb-above-header-display":"","ast-hfb-below-header-display":"","ast-hfb-mobile-header-display":"","site-post-title":"","ast-breadcrumbs-content":"","ast-featured-img":"","footer-sml-layout":"","theme-transparent-header-meta":"","adv-header-id-meta":"","stick-header-meta":"","header-above-stick-meta":"","header-main-stick-meta":"","header-below-stick-meta":"","_jetpack_memberships_contains_paid_content":false,"footnotes":""},"categories":[28],"tags":[],"class_list":["post-33588","post","type-post","status-publish","format-standard","hentry","category-agenda"],"acf":[],"yoast_head":"<!-- This site is optimized with the Yoast SEO plugin v26.1.1 - https:\/\/yoast.com\/wordpress\/plugins\/seo\/ -->\n<title>Los Acuerdos Comerciales son tambi\u00e9n asunto de las mujeres - CLAM - ES<\/title>\n<meta name=\"robots\" content=\"index, follow, max-snippet:-1, max-image-preview:large, max-video-preview:-1\" \/>\n<link rel=\"canonical\" href=\"https:\/\/clam.org.br\/es\/agenda\/los-acuerdos-comerciales-son-tambien-asunto-de-las-mujeres\/33588\/\" \/>\n<meta property=\"og:locale\" content=\"es_ES\" \/>\n<meta property=\"og:type\" content=\"article\" \/>\n<meta property=\"og:title\" content=\"Los Acuerdos Comerciales son tambi\u00e9n asunto de las mujeres - CLAM - ES\" \/>\n<meta property=\"og:description\" content=\"El nuevo plazo para la presentaci\u00f3n de propuestas para el concurso &quot;Los acuerdos comerciales son tambi\u00e9n asunto de las mujeres&quot; ha sido establecido para el pr\u00f3ximo 31 de Julio de 2007 a las 18:00 horas.\" \/>\n<meta property=\"og:url\" content=\"https:\/\/clam.org.br\/es\/agenda\/los-acuerdos-comerciales-son-tambien-asunto-de-las-mujeres\/33588\/\" \/>\n<meta property=\"og:site_name\" content=\"CLAM - ES\" \/>\n<meta property=\"article:published_time\" content=\"2007-07-18T03:00:00+00:00\" \/>\n<meta name=\"author\" content=\"fw2\" \/>\n<meta name=\"twitter:card\" content=\"summary_large_image\" \/>\n<meta name=\"twitter:label1\" content=\"Escrito por\" \/>\n\t<meta name=\"twitter:data1\" content=\"fw2\" \/>\n\t<meta name=\"twitter:label2\" content=\"Tiempo de lectura\" \/>\n\t<meta name=\"twitter:data2\" content=\"1 minuto\" \/>\n<script type=\"application\/ld+json\" class=\"yoast-schema-graph\">{\"@context\":\"https:\/\/schema.org\",\"@graph\":[{\"@type\":\"WebPage\",\"@id\":\"https:\/\/clam.org.br\/es\/agenda\/los-acuerdos-comerciales-son-tambien-asunto-de-las-mujeres\/33588\/\",\"url\":\"https:\/\/clam.org.br\/es\/agenda\/los-acuerdos-comerciales-son-tambien-asunto-de-las-mujeres\/33588\/\",\"name\":\"Los Acuerdos Comerciales son tambi\u00e9n asunto de las mujeres - CLAM - ES\",\"isPartOf\":{\"@id\":\"https:\/\/clam.org.br\/es\/#website\"},\"datePublished\":\"2007-07-18T03:00:00+00:00\",\"author\":{\"@id\":\"https:\/\/clam.org.br\/es\/#\/schema\/person\/fbd9a86032bf7479f94b0ded196f1010\"},\"breadcrumb\":{\"@id\":\"https:\/\/clam.org.br\/es\/agenda\/los-acuerdos-comerciales-son-tambien-asunto-de-las-mujeres\/33588\/#breadcrumb\"},\"inLanguage\":\"es\",\"potentialAction\":[{\"@type\":\"ReadAction\",\"target\":[\"https:\/\/clam.org.br\/es\/agenda\/los-acuerdos-comerciales-son-tambien-asunto-de-las-mujeres\/33588\/\"]}]},{\"@type\":\"BreadcrumbList\",\"@id\":\"https:\/\/clam.org.br\/es\/agenda\/los-acuerdos-comerciales-son-tambien-asunto-de-las-mujeres\/33588\/#breadcrumb\",\"itemListElement\":[{\"@type\":\"ListItem\",\"position\":1,\"name\":\"In\u00edcio\",\"item\":\"https:\/\/clam.org.br\/es\/\"},{\"@type\":\"ListItem\",\"position\":2,\"name\":\"Los Acuerdos Comerciales son tambi\u00e9n asunto de las mujeres\"}]},{\"@type\":\"WebSite\",\"@id\":\"https:\/\/clam.org.br\/es\/#website\",\"url\":\"https:\/\/clam.org.br\/es\/\",\"name\":\"CLAM - ES\",\"description\":\"S\u00f3 mais um site CLAM - Centro Latino-Americano em Sexualidade e Direitos Humanos sites\",\"potentialAction\":[{\"@type\":\"SearchAction\",\"target\":{\"@type\":\"EntryPoint\",\"urlTemplate\":\"https:\/\/clam.org.br\/es\/?s={search_term_string}\"},\"query-input\":{\"@type\":\"PropertyValueSpecification\",\"valueRequired\":true,\"valueName\":\"search_term_string\"}}],\"inLanguage\":\"es\"},{\"@type\":\"Person\",\"@id\":\"https:\/\/clam.org.br\/es\/#\/schema\/person\/fbd9a86032bf7479f94b0ded196f1010\",\"name\":\"fw2\",\"image\":{\"@type\":\"ImageObject\",\"inLanguage\":\"es\",\"@id\":\"https:\/\/clam.org.br\/es\/#\/schema\/person\/image\/\",\"url\":\"https:\/\/secure.gravatar.com\/avatar\/c38472c0cdbde82d9b6fcc26adb3779d?s=96&d=mm&r=g\",\"contentUrl\":\"https:\/\/secure.gravatar.com\/avatar\/c38472c0cdbde82d9b6fcc26adb3779d?s=96&d=mm&r=g\",\"caption\":\"fw2\"},\"sameAs\":[\"https:\/\/clam.fw2web.com.br\"],\"url\":\"https:\/\/clam.org.br\/es\/author\/fw2\/\"}]}<\/script>\n<!-- \/ Yoast SEO plugin. -->","yoast_head_json":{"title":"Los Acuerdos Comerciales son tambi\u00e9n asunto de las mujeres - CLAM - ES","robots":{"index":"index","follow":"follow","max-snippet":"max-snippet:-1","max-image-preview":"max-image-preview:large","max-video-preview":"max-video-preview:-1"},"canonical":"https:\/\/clam.org.br\/es\/agenda\/los-acuerdos-comerciales-son-tambien-asunto-de-las-mujeres\/33588\/","og_locale":"es_ES","og_type":"article","og_title":"Los Acuerdos Comerciales son tambi\u00e9n asunto de las mujeres - CLAM - ES","og_description":"El nuevo plazo para la presentaci\u00f3n de propuestas para el concurso \"Los acuerdos comerciales son tambi\u00e9n asunto de las mujeres\" ha sido establecido para el pr\u00f3ximo 31 de Julio de 2007 a las 18:00 horas.","og_url":"https:\/\/clam.org.br\/es\/agenda\/los-acuerdos-comerciales-son-tambien-asunto-de-las-mujeres\/33588\/","og_site_name":"CLAM - ES","article_published_time":"2007-07-18T03:00:00+00:00","author":"fw2","twitter_card":"summary_large_image","twitter_misc":{"Escrito por":"fw2","Tiempo de lectura":"1 minuto"},"schema":{"@context":"https:\/\/schema.org","@graph":[{"@type":"WebPage","@id":"https:\/\/clam.org.br\/es\/agenda\/los-acuerdos-comerciales-son-tambien-asunto-de-las-mujeres\/33588\/","url":"https:\/\/clam.org.br\/es\/agenda\/los-acuerdos-comerciales-son-tambien-asunto-de-las-mujeres\/33588\/","name":"Los Acuerdos Comerciales son tambi\u00e9n asunto de las mujeres - CLAM - ES","isPartOf":{"@id":"https:\/\/clam.org.br\/es\/#website"},"datePublished":"2007-07-18T03:00:00+00:00","author":{"@id":"https:\/\/clam.org.br\/es\/#\/schema\/person\/fbd9a86032bf7479f94b0ded196f1010"},"breadcrumb":{"@id":"https:\/\/clam.org.br\/es\/agenda\/los-acuerdos-comerciales-son-tambien-asunto-de-las-mujeres\/33588\/#breadcrumb"},"inLanguage":"es","potentialAction":[{"@type":"ReadAction","target":["https:\/\/clam.org.br\/es\/agenda\/los-acuerdos-comerciales-son-tambien-asunto-de-las-mujeres\/33588\/"]}]},{"@type":"BreadcrumbList","@id":"https:\/\/clam.org.br\/es\/agenda\/los-acuerdos-comerciales-son-tambien-asunto-de-las-mujeres\/33588\/#breadcrumb","itemListElement":[{"@type":"ListItem","position":1,"name":"In\u00edcio","item":"https:\/\/clam.org.br\/es\/"},{"@type":"ListItem","position":2,"name":"Los Acuerdos Comerciales son tambi\u00e9n asunto de las mujeres"}]},{"@type":"WebSite","@id":"https:\/\/clam.org.br\/es\/#website","url":"https:\/\/clam.org.br\/es\/","name":"CLAM - ES","description":"S\u00f3 mais um site CLAM - Centro Latino-Americano em Sexualidade e Direitos Humanos sites","potentialAction":[{"@type":"SearchAction","target":{"@type":"EntryPoint","urlTemplate":"https:\/\/clam.org.br\/es\/?s={search_term_string}"},"query-input":{"@type":"PropertyValueSpecification","valueRequired":true,"valueName":"search_term_string"}}],"inLanguage":"es"},{"@type":"Person","@id":"https:\/\/clam.org.br\/es\/#\/schema\/person\/fbd9a86032bf7479f94b0ded196f1010","name":"fw2","image":{"@type":"ImageObject","inLanguage":"es","@id":"https:\/\/clam.org.br\/es\/#\/schema\/person\/image\/","url":"https:\/\/secure.gravatar.com\/avatar\/c38472c0cdbde82d9b6fcc26adb3779d?s=96&d=mm&r=g","contentUrl":"https:\/\/secure.gravatar.com\/avatar\/c38472c0cdbde82d9b6fcc26adb3779d?s=96&d=mm&r=g","caption":"fw2"},"sameAs":["https:\/\/clam.fw2web.com.br"],"url":"https:\/\/clam.org.br\/es\/author\/fw2\/"}]}},"jetpack_featured_media_url":"","jetpack_sharing_enabled":true,"_links":{"self":[{"href":"https:\/\/clam.org.br\/es\/wp-json\/wp\/v2\/posts\/33588","targetHints":{"allow":["GET"]}}],"collection":[{"href":"https:\/\/clam.org.br\/es\/wp-json\/wp\/v2\/posts"}],"about":[{"href":"https:\/\/clam.org.br\/es\/wp-json\/wp\/v2\/types\/post"}],"author":[{"embeddable":true,"href":"https:\/\/clam.org.br\/es\/wp-json\/wp\/v2\/users\/1"}],"replies":[{"embeddable":true,"href":"https:\/\/clam.org.br\/es\/wp-json\/wp\/v2\/comments?post=33588"}],"version-history":[{"count":0,"href":"https:\/\/clam.org.br\/es\/wp-json\/wp\/v2\/posts\/33588\/revisions"}],"wp:attachment":[{"href":"https:\/\/clam.org.br\/es\/wp-json\/wp\/v2\/media?parent=33588"}],"wp:term":[{"taxonomy":"category","embeddable":true,"href":"https:\/\/clam.org.br\/es\/wp-json\/wp\/v2\/categories?post=33588"},{"taxonomy":"post_tag","embeddable":true,"href":"https:\/\/clam.org.br\/es\/wp-json\/wp\/v2\/tags?post=33588"}],"curies":[{"name":"wp","href":"https:\/\/api.w.org\/{rel}","templated":true}]}}