{"id":33595,"date":"2007-07-24T00:00:00","date_gmt":"2007-07-24T03:00:00","guid":{"rendered":"https:\/\/clam.fw2web.com.br\/es\/2007\/07\/24\/ciclo-de-cine-cin-espacio-para-las-violencias\/"},"modified":"2007-07-24T00:00:00","modified_gmt":"2007-07-24T03:00:00","slug":"ciclo-de-cine-cin-espacio-para-las-violencias","status":"publish","type":"post","link":"https:\/\/clam.org.br\/es\/agenda\/ciclo-de-cine-cin-espacio-para-las-violencias\/33595\/","title":{"rendered":"Ciclo de cine: CIN-ESPACIO PARA LAS VIOLENCIAS"},"content":{"rendered":"<p>Este ciclo busca generar, en las personas que asistan, una reflexi\u00f3n sobre lo que implica las diversas formas de violencias contra las mujeres, que lleve a una actitud propositiva para transformar una realidad inaceptable que afecta no s\u00f3lo los derechos de las mujeres sino la estabilidad emocional, psicol\u00f3gica y f\u00edsica de la ciudadan\u00eda bogotana. <P>Queremos que las mujeres habiten la ciudad sin ning\u00fan temor, que el miedo desaparezca de sus miradas, de sus rostros, de sus cuerpos; que la confianza y la solidaridad se inscriban en la mente de toda la ciudadan\u00eda bogotana, para que digamos: &ldquo;\u00a1LA VIOLENCIA CONTRA LAS MUJERES ES INACEPTABLE!&rdquo;. <P>Esperamos a mujeres y hombres que se mueven por una Bogot\u00e1 libre de violencias contra las mujeres. <P>Programaci\u00f3n: <P>11 a.m. Monster <P>1 p.m. Tomates Verdes Fritos <P>3 p.m. Las hermanas de la Magdalena <P>5 p.m. Te doy mis ojos <P>7 p.m. Somos Guerreros  <P><B>Lugar: Cinemateca Distrital, Carrera 7 No 22-79 <\/B> <P><B>Entrada libre <\/B> <P>Este evento se hace en el marco del Programa Regional Ciudades Seguras: Violencias contra las Mujeres, y pol\u00edticas p\u00fablicas, el cual se est\u00e1 desarrollando de forma simult\u00e1nea en Santiago de Chile (Chile), Rosario (Argentina) y Bogot\u00e1 (Colombia), con la coordinaci\u00f3n del Fondo de Desarrollo de las Naciones Unidas para la Mujer &ndash;UNIFEM- y financiado por la Agencia de Cooperaci\u00f3n Internacional &ndash;AECI-.  <P><B>Informes: <\/B> <P><a href=\"http:\/\/www.rednacionaldemujeres.org\" target=\"_blank\" rel=\"noopener\">www.rednacionaldemujeres.org<\/A>  <P><A href=\"mailto:nacional@rednacionaldemujeres.org\">nacional@rednacionaldemujeres.org<\/A>&nbsp; <P>&nbsp;<A href=\"mailto:ciase@ciase.org\">ciase@ciase.org<\/A>  <P><a href=\"http:\/\/www.ciase.org\/\" target=\"_blank\" rel=\"noopener\">www.ciase.org <\/A> <P>Tels: (57-1) 2879883 o 2455585 <\/P><\/p>\n","protected":false},"excerpt":{"rendered":"<p>Este ciclo busca generar, en las personas que asistan, una reflexi\u00f3n sobre lo que implica las diversas formas de violencias contra las mujeres, que lleve a una actitud propositiva para transformar una realidad inaceptable que afecta no s\u00f3lo los derechos de las mujeres sino la estabilidad emocional, psicol\u00f3gica y f\u00edsica de la ciudadan\u00eda bogotana.<\/p>\n","protected":false},"author":1,"featured_media":0,"comment_status":"open","ping_status":"open","sticky":false,"template":"","format":"standard","meta":{"_acf_changed":false,"site-sidebar-layout":"default","site-content-layout":"default","ast-global-header-display":"","ast-main-header-display":"","ast-hfb-above-header-display":"","ast-hfb-below-header-display":"","ast-hfb-mobile-header-display":"","site-post-title":"","ast-breadcrumbs-content":"","ast-featured-img":"","footer-sml-layout":"","theme-transparent-header-meta":"","adv-header-id-meta":"","stick-header-meta":"","header-above-stick-meta":"","header-main-stick-meta":"","header-below-stick-meta":"","_jetpack_memberships_contains_paid_content":false,"footnotes":""},"categories":[28],"tags":[],"class_list":["post-33595","post","type-post","status-publish","format-standard","hentry","category-agenda"],"acf":[],"yoast_head":"<!-- This site is optimized with the Yoast SEO plugin v26.1.1 - https:\/\/yoast.com\/wordpress\/plugins\/seo\/ -->\n<title>Ciclo de cine: CIN-ESPACIO PARA LAS VIOLENCIAS - CLAM - ES<\/title>\n<meta name=\"robots\" content=\"index, follow, max-snippet:-1, max-image-preview:large, max-video-preview:-1\" \/>\n<link rel=\"canonical\" href=\"https:\/\/clam.org.br\/es\/agenda\/ciclo-de-cine-cin-espacio-para-las-violencias\/33595\/\" \/>\n<meta property=\"og:locale\" content=\"es_ES\" \/>\n<meta property=\"og:type\" content=\"article\" \/>\n<meta property=\"og:title\" content=\"Ciclo de cine: CIN-ESPACIO PARA LAS VIOLENCIAS - CLAM - ES\" \/>\n<meta property=\"og:description\" content=\"Este ciclo busca generar, en las personas que asistan, una reflexi\u00f3n sobre lo que implica las diversas formas de violencias contra las mujeres, que lleve a una actitud propositiva para transformar una realidad inaceptable que afecta no s\u00f3lo los derechos de las mujeres sino la estabilidad emocional, psicol\u00f3gica y f\u00edsica de la ciudadan\u00eda bogotana.\" \/>\n<meta property=\"og:url\" content=\"https:\/\/clam.org.br\/es\/agenda\/ciclo-de-cine-cin-espacio-para-las-violencias\/33595\/\" \/>\n<meta property=\"og:site_name\" content=\"CLAM - ES\" \/>\n<meta property=\"article:published_time\" content=\"2007-07-24T03:00:00+00:00\" \/>\n<meta name=\"author\" content=\"fw2\" \/>\n<meta name=\"twitter:card\" content=\"summary_large_image\" \/>\n<meta name=\"twitter:label1\" content=\"Escrito por\" \/>\n\t<meta name=\"twitter:data1\" content=\"fw2\" \/>\n\t<meta name=\"twitter:label2\" content=\"Tiempo de lectura\" \/>\n\t<meta name=\"twitter:data2\" content=\"1 minuto\" \/>\n<script type=\"application\/ld+json\" class=\"yoast-schema-graph\">{\"@context\":\"https:\/\/schema.org\",\"@graph\":[{\"@type\":\"WebPage\",\"@id\":\"https:\/\/clam.org.br\/es\/agenda\/ciclo-de-cine-cin-espacio-para-las-violencias\/33595\/\",\"url\":\"https:\/\/clam.org.br\/es\/agenda\/ciclo-de-cine-cin-espacio-para-las-violencias\/33595\/\",\"name\":\"Ciclo de cine: CIN-ESPACIO PARA LAS VIOLENCIAS - CLAM - ES\",\"isPartOf\":{\"@id\":\"https:\/\/clam.org.br\/es\/#website\"},\"datePublished\":\"2007-07-24T03:00:00+00:00\",\"author\":{\"@id\":\"https:\/\/clam.org.br\/es\/#\/schema\/person\/fbd9a86032bf7479f94b0ded196f1010\"},\"breadcrumb\":{\"@id\":\"https:\/\/clam.org.br\/es\/agenda\/ciclo-de-cine-cin-espacio-para-las-violencias\/33595\/#breadcrumb\"},\"inLanguage\":\"es\",\"potentialAction\":[{\"@type\":\"ReadAction\",\"target\":[\"https:\/\/clam.org.br\/es\/agenda\/ciclo-de-cine-cin-espacio-para-las-violencias\/33595\/\"]}]},{\"@type\":\"BreadcrumbList\",\"@id\":\"https:\/\/clam.org.br\/es\/agenda\/ciclo-de-cine-cin-espacio-para-las-violencias\/33595\/#breadcrumb\",\"itemListElement\":[{\"@type\":\"ListItem\",\"position\":1,\"name\":\"In\u00edcio\",\"item\":\"https:\/\/clam.org.br\/es\/\"},{\"@type\":\"ListItem\",\"position\":2,\"name\":\"Ciclo de cine: CIN-ESPACIO PARA LAS VIOLENCIAS\"}]},{\"@type\":\"WebSite\",\"@id\":\"https:\/\/clam.org.br\/es\/#website\",\"url\":\"https:\/\/clam.org.br\/es\/\",\"name\":\"CLAM - ES\",\"description\":\"S\u00f3 mais um site CLAM - Centro Latino-Americano em Sexualidade e Direitos Humanos sites\",\"potentialAction\":[{\"@type\":\"SearchAction\",\"target\":{\"@type\":\"EntryPoint\",\"urlTemplate\":\"https:\/\/clam.org.br\/es\/?s={search_term_string}\"},\"query-input\":{\"@type\":\"PropertyValueSpecification\",\"valueRequired\":true,\"valueName\":\"search_term_string\"}}],\"inLanguage\":\"es\"},{\"@type\":\"Person\",\"@id\":\"https:\/\/clam.org.br\/es\/#\/schema\/person\/fbd9a86032bf7479f94b0ded196f1010\",\"name\":\"fw2\",\"image\":{\"@type\":\"ImageObject\",\"inLanguage\":\"es\",\"@id\":\"https:\/\/clam.org.br\/es\/#\/schema\/person\/image\/\",\"url\":\"https:\/\/secure.gravatar.com\/avatar\/c38472c0cdbde82d9b6fcc26adb3779d?s=96&d=mm&r=g\",\"contentUrl\":\"https:\/\/secure.gravatar.com\/avatar\/c38472c0cdbde82d9b6fcc26adb3779d?s=96&d=mm&r=g\",\"caption\":\"fw2\"},\"sameAs\":[\"https:\/\/clam.fw2web.com.br\"],\"url\":\"https:\/\/clam.org.br\/es\/author\/fw2\/\"}]}<\/script>\n<!-- \/ Yoast SEO plugin. -->","yoast_head_json":{"title":"Ciclo de cine: CIN-ESPACIO PARA LAS VIOLENCIAS - CLAM - ES","robots":{"index":"index","follow":"follow","max-snippet":"max-snippet:-1","max-image-preview":"max-image-preview:large","max-video-preview":"max-video-preview:-1"},"canonical":"https:\/\/clam.org.br\/es\/agenda\/ciclo-de-cine-cin-espacio-para-las-violencias\/33595\/","og_locale":"es_ES","og_type":"article","og_title":"Ciclo de cine: CIN-ESPACIO PARA LAS VIOLENCIAS - CLAM - ES","og_description":"Este ciclo busca generar, en las personas que asistan, una reflexi\u00f3n sobre lo que implica las diversas formas de violencias contra las mujeres, que lleve a una actitud propositiva para transformar una realidad inaceptable que afecta no s\u00f3lo los derechos de las mujeres sino la estabilidad emocional, psicol\u00f3gica y f\u00edsica de la ciudadan\u00eda bogotana.","og_url":"https:\/\/clam.org.br\/es\/agenda\/ciclo-de-cine-cin-espacio-para-las-violencias\/33595\/","og_site_name":"CLAM - ES","article_published_time":"2007-07-24T03:00:00+00:00","author":"fw2","twitter_card":"summary_large_image","twitter_misc":{"Escrito por":"fw2","Tiempo de lectura":"1 minuto"},"schema":{"@context":"https:\/\/schema.org","@graph":[{"@type":"WebPage","@id":"https:\/\/clam.org.br\/es\/agenda\/ciclo-de-cine-cin-espacio-para-las-violencias\/33595\/","url":"https:\/\/clam.org.br\/es\/agenda\/ciclo-de-cine-cin-espacio-para-las-violencias\/33595\/","name":"Ciclo de cine: CIN-ESPACIO PARA LAS VIOLENCIAS - CLAM - ES","isPartOf":{"@id":"https:\/\/clam.org.br\/es\/#website"},"datePublished":"2007-07-24T03:00:00+00:00","author":{"@id":"https:\/\/clam.org.br\/es\/#\/schema\/person\/fbd9a86032bf7479f94b0ded196f1010"},"breadcrumb":{"@id":"https:\/\/clam.org.br\/es\/agenda\/ciclo-de-cine-cin-espacio-para-las-violencias\/33595\/#breadcrumb"},"inLanguage":"es","potentialAction":[{"@type":"ReadAction","target":["https:\/\/clam.org.br\/es\/agenda\/ciclo-de-cine-cin-espacio-para-las-violencias\/33595\/"]}]},{"@type":"BreadcrumbList","@id":"https:\/\/clam.org.br\/es\/agenda\/ciclo-de-cine-cin-espacio-para-las-violencias\/33595\/#breadcrumb","itemListElement":[{"@type":"ListItem","position":1,"name":"In\u00edcio","item":"https:\/\/clam.org.br\/es\/"},{"@type":"ListItem","position":2,"name":"Ciclo de cine: CIN-ESPACIO PARA LAS VIOLENCIAS"}]},{"@type":"WebSite","@id":"https:\/\/clam.org.br\/es\/#website","url":"https:\/\/clam.org.br\/es\/","name":"CLAM - ES","description":"S\u00f3 mais um site CLAM - Centro Latino-Americano em Sexualidade e Direitos Humanos sites","potentialAction":[{"@type":"SearchAction","target":{"@type":"EntryPoint","urlTemplate":"https:\/\/clam.org.br\/es\/?s={search_term_string}"},"query-input":{"@type":"PropertyValueSpecification","valueRequired":true,"valueName":"search_term_string"}}],"inLanguage":"es"},{"@type":"Person","@id":"https:\/\/clam.org.br\/es\/#\/schema\/person\/fbd9a86032bf7479f94b0ded196f1010","name":"fw2","image":{"@type":"ImageObject","inLanguage":"es","@id":"https:\/\/clam.org.br\/es\/#\/schema\/person\/image\/","url":"https:\/\/secure.gravatar.com\/avatar\/c38472c0cdbde82d9b6fcc26adb3779d?s=96&d=mm&r=g","contentUrl":"https:\/\/secure.gravatar.com\/avatar\/c38472c0cdbde82d9b6fcc26adb3779d?s=96&d=mm&r=g","caption":"fw2"},"sameAs":["https:\/\/clam.fw2web.com.br"],"url":"https:\/\/clam.org.br\/es\/author\/fw2\/"}]}},"jetpack_featured_media_url":"","jetpack_sharing_enabled":true,"_links":{"self":[{"href":"https:\/\/clam.org.br\/es\/wp-json\/wp\/v2\/posts\/33595","targetHints":{"allow":["GET"]}}],"collection":[{"href":"https:\/\/clam.org.br\/es\/wp-json\/wp\/v2\/posts"}],"about":[{"href":"https:\/\/clam.org.br\/es\/wp-json\/wp\/v2\/types\/post"}],"author":[{"embeddable":true,"href":"https:\/\/clam.org.br\/es\/wp-json\/wp\/v2\/users\/1"}],"replies":[{"embeddable":true,"href":"https:\/\/clam.org.br\/es\/wp-json\/wp\/v2\/comments?post=33595"}],"version-history":[{"count":0,"href":"https:\/\/clam.org.br\/es\/wp-json\/wp\/v2\/posts\/33595\/revisions"}],"wp:attachment":[{"href":"https:\/\/clam.org.br\/es\/wp-json\/wp\/v2\/media?parent=33595"}],"wp:term":[{"taxonomy":"category","embeddable":true,"href":"https:\/\/clam.org.br\/es\/wp-json\/wp\/v2\/categories?post=33595"},{"taxonomy":"post_tag","embeddable":true,"href":"https:\/\/clam.org.br\/es\/wp-json\/wp\/v2\/tags?post=33595"}],"curies":[{"name":"wp","href":"https:\/\/api.w.org\/{rel}","templated":true}]}}