{"id":33602,"date":"2007-08-02T00:00:00","date_gmt":"2007-08-02T03:00:00","guid":{"rendered":"https:\/\/clam.fw2web.com.br\/es\/2007\/08\/02\/concurso-disena-la-grafica-de-la-xvi-marcha-del-orgullo-lgtb\/"},"modified":"2007-08-02T00:00:00","modified_gmt":"2007-08-02T03:00:00","slug":"concurso-disena-la-grafica-de-la-xvi-marcha-del-orgullo-lgtb","status":"publish","type":"post","link":"https:\/\/clam.org.br\/es\/agenda\/concurso-disena-la-grafica-de-la-xvi-marcha-del-orgullo-lgtb\/33602\/","title":{"rendered":"CONCURSO: Dise\u00f1a la gr\u00e1fica de la XVI Marcha del Orgullo LGTB"},"content":{"rendered":"<p>De los dise\u00f1os recibidos se seleccionar\u00e1 un\/a ganador\/a, cuya trabajo ser\u00e1 utilizado como gr\u00e1fica oficial de la XVI Marcha del Orgullo LGTB. El resto de los dise\u00f1os participantes del concurso ser\u00e1n expuestos en la Semana del Orgullo LGTB y la Feria previa al comienzo de la marcha. Todos los trabajos enviados ser\u00e1n tambi\u00e9n exhibidos en la p\u00e1gina de la XVI Marcha del Orgullo LGTB. <P>Bases y Condiciones:  <P>1. Destinatarias\/os de la convocatoria <P>Podr\u00e1n participar del concurso todas\/os las\/os residentes de la Rep\u00fablica Argentina, sin ning\u00fan tipo de distinci\u00f3n.  <P>2. Contenido <P>La gr\u00e1fica deber\u00e1 contener en un lugar visible y destacado las siguientes leyendas:  <P>XVI Marcha del Orgullo LGTB (L\u00e9sbico, Gay, Trans, Bisexual)  <P>17 de Noviembre 2007 18 Hs &#8211; Plaza de Mayo <P>As\u00ed como tambi\u00e9n la consigna del a\u00f1o:  <P>&ldquo;Libertad. Igualdad. Diversidad. Nuestro festejo es reclamo&rdquo;  <P>Tambi\u00e9n la informaci\u00f3n adicional de:  <P>15 Hs Festival y Feria del Orgullo y la direcci\u00f3n (<a href=\"http:\/\/web%20www.marchadelorgullo.org.ar\/\" target=\"_blank\" rel=\"noopener\">web www.marchadelorgullo.org.ar<\/A>) <P>Para todos los casos se deber\u00e1n usar tipograf\u00edas legibles y claras, en tama\u00f1os que de protagonismo a estas leyendas.  <P>El objetivo de la gr\u00e1fica apunta a lograr una amplia llegada, recepci\u00f3n y convocatoria del p\u00fablico en general. Con ese fin, resulta imprescindible que se respete el car\u00e1cter diverso de la comunidad LGTB, evitando usar im\u00e1genes que representen exclusivamente una determinada orientaci\u00f3n sexual, identidad de g\u00e9nero, etc. (ej: imagen \u00fanica de una pareja de hombres).  <P>3. Formato <P>Los trabajos deber\u00e1n enviarse en formato JPG. Con un tama\u00f1o de 800&#215;1100 pixels (tama\u00f1o aproximado de hoja A4). Con una resoluci\u00f3n NO MENOR a 150 dpi. En poliricrom\u00eda (CMYK). El peso del archivo NO DEBER\u00c1 EXCEDER los 1024 KB. En este punto se debe tener en cuenta que la imagen enviada debe ser una copia disminuida del dise\u00f1o original, que debe tener una resoluci\u00f3n mayor para su reproducci\u00f3n en afiches de un tama\u00f1o aproximado de 1m x 1,50m.  <P>4. Recepci\u00f3n <P>SOLO SER\u00c1N RECIBIDOS POR V\u00cdA ELECTR\u00d3NICA en la direcci\u00f3n de correo: <A href=\"mailto:concurso@marchadelorgullo.org.ar\">concurso@marchadelorgullo.org.ar<\/A>  <P>En esta misma direcci\u00f3n de correo ser\u00e1n atendidas las dudas o consultas con respecto a la presente convocatoria.  <P>5. Etapas de la convocatoria <P>Los trabajos de los participantes, ser\u00e1n recibidos desde el 20\/07\/2007 hasta el 20\/08\/2007.  <P>6. Datos personales <P>Deber\u00e1n enviarse junto con el dise\u00f1o a concursar los siguientes datos: Nombre, N\u00ba de Documento y V\u00eda de comunicaci\u00f3n (tel\u00e9fono, correo electr\u00f3nico, direcci\u00f3n postal, etc). Con el solo hecho de concursar, el participante acepta las bases y condiciones de este concurso y declara que el trabajo presentado es de autor\u00eda original e in\u00e9dita.  <P>7. Publicaci\u00f3n y difusi\u00f3n <P>La Comisi\u00f3n Organizadora convocante est\u00e1 plenamente autorizada a publicar y difundir los trabajos cuando lo considere oportuno. Los participantes del concurso renuncian a los derechos de autor a favor de la Comisi\u00f3n Organizadora. <P>Dentro de esta consigna se establece la difusi\u00f3n de los trabajos recibidos mediante el sitio web de la Marcha del Orgullo (www.marchadelorgullo.org.ar). As\u00ed mismo, todos los trabajos ser\u00e1n expuestos durante la Semana del Orgullo LGTB y la Feria previa al inicio de la XVI Marcha del Orgullo LGTB.  <P>El trabajo ganador ser\u00e1 utilizado como la grafica oficial para la difusi\u00f3n del evento. Tambi\u00e9n se har\u00e1 menci\u00f3n a el\/la ganador\/a en el acto principal, donde se le entregar\u00e1 un premio honorario por su valioso aporte.  <P>8. Modo de selecci\u00f3n <P>El jurado estar\u00e1 integrado por la Comisi\u00f3n Organizadora de la Marcha, que seleccionar\u00e1 el dise\u00f1o ganador por consenso, al finalizar el plazo estipulado de recepci\u00f3n de los trabajos.  <P>9. Autom\u00e1ticamente quedar\u00e1n fuera de concurso, aquellos trabajos que no cumplan con los requisitos solicitados.  <P>10. El fallo es inapelable y los premios podr\u00e1n ser declarados desiertos. La presentaci\u00f3n al concurso supone la aceptaci\u00f3n de estas bases. Cualquier imprevisto no establecido en ellas, ser\u00e1 interpretado y resuelto \u00fanica y exclusivamente por la Comisi\u00f3n Organizadora de la Marcha del Orgullo, y no dar\u00e1 lugar a ning\u00fan tipo de reclamos.<\/P><\/p>\n","protected":false},"excerpt":{"rendered":"<p>&nbsp;La Comisi\u00f3n Organizadora de la XVI Marcha del Orgullo LGTB, convoca a todas las personas interesadas a participar del concurso \u00abDise\u00f1\u00e1 la Gr\u00e1fica de la XVI Marcha del Orgullo\u00bb a enviar sus trabajos. Los trabajos de los participantes, ser\u00e1n recibidos hasta el 20\/08\/2007.<\/p>\n","protected":false},"author":1,"featured_media":0,"comment_status":"open","ping_status":"open","sticky":false,"template":"","format":"standard","meta":{"_acf_changed":false,"site-sidebar-layout":"default","site-content-layout":"default","ast-global-header-display":"","ast-main-header-display":"","ast-hfb-above-header-display":"","ast-hfb-below-header-display":"","ast-hfb-mobile-header-display":"","site-post-title":"","ast-breadcrumbs-content":"","ast-featured-img":"","footer-sml-layout":"","theme-transparent-header-meta":"","adv-header-id-meta":"","stick-header-meta":"","header-above-stick-meta":"","header-main-stick-meta":"","header-below-stick-meta":"","_jetpack_memberships_contains_paid_content":false,"footnotes":""},"categories":[28],"tags":[],"class_list":["post-33602","post","type-post","status-publish","format-standard","hentry","category-agenda"],"acf":[],"yoast_head":"<!-- This site is optimized with the Yoast SEO plugin v26.1.1 - https:\/\/yoast.com\/wordpress\/plugins\/seo\/ -->\n<title>CONCURSO: Dise\u00f1a la gr\u00e1fica de la XVI Marcha del Orgullo LGTB - CLAM - ES<\/title>\n<meta name=\"robots\" content=\"index, follow, max-snippet:-1, max-image-preview:large, max-video-preview:-1\" \/>\n<link rel=\"canonical\" href=\"https:\/\/clam.org.br\/es\/agenda\/concurso-disena-la-grafica-de-la-xvi-marcha-del-orgullo-lgtb\/33602\/\" \/>\n<meta property=\"og:locale\" content=\"es_ES\" \/>\n<meta property=\"og:type\" content=\"article\" \/>\n<meta property=\"og:title\" content=\"CONCURSO: Dise\u00f1a la gr\u00e1fica de la XVI Marcha del Orgullo LGTB - CLAM - ES\" \/>\n<meta property=\"og:description\" content=\"&nbsp;La Comisi\u00f3n Organizadora de la XVI Marcha del Orgullo LGTB, convoca a todas las personas interesadas a participar del concurso &quot;Dise\u00f1\u00e1 la Gr\u00e1fica de la XVI Marcha del Orgullo&quot; a enviar sus trabajos. Los trabajos de los participantes, ser\u00e1n recibidos hasta el 20\/08\/2007.\" \/>\n<meta property=\"og:url\" content=\"https:\/\/clam.org.br\/es\/agenda\/concurso-disena-la-grafica-de-la-xvi-marcha-del-orgullo-lgtb\/33602\/\" \/>\n<meta property=\"og:site_name\" content=\"CLAM - ES\" \/>\n<meta property=\"article:published_time\" content=\"2007-08-02T03:00:00+00:00\" \/>\n<meta name=\"author\" content=\"fw2\" \/>\n<meta name=\"twitter:card\" content=\"summary_large_image\" \/>\n<meta name=\"twitter:label1\" content=\"Escrito por\" \/>\n\t<meta name=\"twitter:data1\" content=\"fw2\" \/>\n\t<meta name=\"twitter:label2\" content=\"Tiempo de lectura\" \/>\n\t<meta name=\"twitter:data2\" content=\"4 minutos\" \/>\n<script type=\"application\/ld+json\" class=\"yoast-schema-graph\">{\"@context\":\"https:\/\/schema.org\",\"@graph\":[{\"@type\":\"WebPage\",\"@id\":\"https:\/\/clam.org.br\/es\/agenda\/concurso-disena-la-grafica-de-la-xvi-marcha-del-orgullo-lgtb\/33602\/\",\"url\":\"https:\/\/clam.org.br\/es\/agenda\/concurso-disena-la-grafica-de-la-xvi-marcha-del-orgullo-lgtb\/33602\/\",\"name\":\"CONCURSO: Dise\u00f1a la gr\u00e1fica de la XVI Marcha del Orgullo LGTB - CLAM - ES\",\"isPartOf\":{\"@id\":\"https:\/\/clam.org.br\/es\/#website\"},\"datePublished\":\"2007-08-02T03:00:00+00:00\",\"author\":{\"@id\":\"https:\/\/clam.org.br\/es\/#\/schema\/person\/fbd9a86032bf7479f94b0ded196f1010\"},\"breadcrumb\":{\"@id\":\"https:\/\/clam.org.br\/es\/agenda\/concurso-disena-la-grafica-de-la-xvi-marcha-del-orgullo-lgtb\/33602\/#breadcrumb\"},\"inLanguage\":\"es\",\"potentialAction\":[{\"@type\":\"ReadAction\",\"target\":[\"https:\/\/clam.org.br\/es\/agenda\/concurso-disena-la-grafica-de-la-xvi-marcha-del-orgullo-lgtb\/33602\/\"]}]},{\"@type\":\"BreadcrumbList\",\"@id\":\"https:\/\/clam.org.br\/es\/agenda\/concurso-disena-la-grafica-de-la-xvi-marcha-del-orgullo-lgtb\/33602\/#breadcrumb\",\"itemListElement\":[{\"@type\":\"ListItem\",\"position\":1,\"name\":\"In\u00edcio\",\"item\":\"https:\/\/clam.org.br\/es\/\"},{\"@type\":\"ListItem\",\"position\":2,\"name\":\"CONCURSO: Dise\u00f1a la gr\u00e1fica de la XVI Marcha del Orgullo LGTB\"}]},{\"@type\":\"WebSite\",\"@id\":\"https:\/\/clam.org.br\/es\/#website\",\"url\":\"https:\/\/clam.org.br\/es\/\",\"name\":\"CLAM - ES\",\"description\":\"S\u00f3 mais um site CLAM - Centro Latino-Americano em Sexualidade e Direitos Humanos sites\",\"potentialAction\":[{\"@type\":\"SearchAction\",\"target\":{\"@type\":\"EntryPoint\",\"urlTemplate\":\"https:\/\/clam.org.br\/es\/?s={search_term_string}\"},\"query-input\":{\"@type\":\"PropertyValueSpecification\",\"valueRequired\":true,\"valueName\":\"search_term_string\"}}],\"inLanguage\":\"es\"},{\"@type\":\"Person\",\"@id\":\"https:\/\/clam.org.br\/es\/#\/schema\/person\/fbd9a86032bf7479f94b0ded196f1010\",\"name\":\"fw2\",\"image\":{\"@type\":\"ImageObject\",\"inLanguage\":\"es\",\"@id\":\"https:\/\/clam.org.br\/es\/#\/schema\/person\/image\/\",\"url\":\"https:\/\/secure.gravatar.com\/avatar\/c38472c0cdbde82d9b6fcc26adb3779d?s=96&d=mm&r=g\",\"contentUrl\":\"https:\/\/secure.gravatar.com\/avatar\/c38472c0cdbde82d9b6fcc26adb3779d?s=96&d=mm&r=g\",\"caption\":\"fw2\"},\"sameAs\":[\"https:\/\/clam.fw2web.com.br\"],\"url\":\"https:\/\/clam.org.br\/es\/author\/fw2\/\"}]}<\/script>\n<!-- \/ Yoast SEO plugin. -->","yoast_head_json":{"title":"CONCURSO: Dise\u00f1a la gr\u00e1fica de la XVI Marcha del Orgullo LGTB - CLAM - ES","robots":{"index":"index","follow":"follow","max-snippet":"max-snippet:-1","max-image-preview":"max-image-preview:large","max-video-preview":"max-video-preview:-1"},"canonical":"https:\/\/clam.org.br\/es\/agenda\/concurso-disena-la-grafica-de-la-xvi-marcha-del-orgullo-lgtb\/33602\/","og_locale":"es_ES","og_type":"article","og_title":"CONCURSO: Dise\u00f1a la gr\u00e1fica de la XVI Marcha del Orgullo LGTB - CLAM - ES","og_description":"&nbsp;La Comisi\u00f3n Organizadora de la XVI Marcha del Orgullo LGTB, convoca a todas las personas interesadas a participar del concurso \"Dise\u00f1\u00e1 la Gr\u00e1fica de la XVI Marcha del Orgullo\" a enviar sus trabajos. Los trabajos de los participantes, ser\u00e1n recibidos hasta el 20\/08\/2007.","og_url":"https:\/\/clam.org.br\/es\/agenda\/concurso-disena-la-grafica-de-la-xvi-marcha-del-orgullo-lgtb\/33602\/","og_site_name":"CLAM - ES","article_published_time":"2007-08-02T03:00:00+00:00","author":"fw2","twitter_card":"summary_large_image","twitter_misc":{"Escrito por":"fw2","Tiempo de lectura":"4 minutos"},"schema":{"@context":"https:\/\/schema.org","@graph":[{"@type":"WebPage","@id":"https:\/\/clam.org.br\/es\/agenda\/concurso-disena-la-grafica-de-la-xvi-marcha-del-orgullo-lgtb\/33602\/","url":"https:\/\/clam.org.br\/es\/agenda\/concurso-disena-la-grafica-de-la-xvi-marcha-del-orgullo-lgtb\/33602\/","name":"CONCURSO: Dise\u00f1a la gr\u00e1fica de la XVI Marcha del Orgullo LGTB - CLAM - ES","isPartOf":{"@id":"https:\/\/clam.org.br\/es\/#website"},"datePublished":"2007-08-02T03:00:00+00:00","author":{"@id":"https:\/\/clam.org.br\/es\/#\/schema\/person\/fbd9a86032bf7479f94b0ded196f1010"},"breadcrumb":{"@id":"https:\/\/clam.org.br\/es\/agenda\/concurso-disena-la-grafica-de-la-xvi-marcha-del-orgullo-lgtb\/33602\/#breadcrumb"},"inLanguage":"es","potentialAction":[{"@type":"ReadAction","target":["https:\/\/clam.org.br\/es\/agenda\/concurso-disena-la-grafica-de-la-xvi-marcha-del-orgullo-lgtb\/33602\/"]}]},{"@type":"BreadcrumbList","@id":"https:\/\/clam.org.br\/es\/agenda\/concurso-disena-la-grafica-de-la-xvi-marcha-del-orgullo-lgtb\/33602\/#breadcrumb","itemListElement":[{"@type":"ListItem","position":1,"name":"In\u00edcio","item":"https:\/\/clam.org.br\/es\/"},{"@type":"ListItem","position":2,"name":"CONCURSO: Dise\u00f1a la gr\u00e1fica de la XVI Marcha del Orgullo LGTB"}]},{"@type":"WebSite","@id":"https:\/\/clam.org.br\/es\/#website","url":"https:\/\/clam.org.br\/es\/","name":"CLAM - ES","description":"S\u00f3 mais um site CLAM - Centro Latino-Americano em Sexualidade e Direitos Humanos sites","potentialAction":[{"@type":"SearchAction","target":{"@type":"EntryPoint","urlTemplate":"https:\/\/clam.org.br\/es\/?s={search_term_string}"},"query-input":{"@type":"PropertyValueSpecification","valueRequired":true,"valueName":"search_term_string"}}],"inLanguage":"es"},{"@type":"Person","@id":"https:\/\/clam.org.br\/es\/#\/schema\/person\/fbd9a86032bf7479f94b0ded196f1010","name":"fw2","image":{"@type":"ImageObject","inLanguage":"es","@id":"https:\/\/clam.org.br\/es\/#\/schema\/person\/image\/","url":"https:\/\/secure.gravatar.com\/avatar\/c38472c0cdbde82d9b6fcc26adb3779d?s=96&d=mm&r=g","contentUrl":"https:\/\/secure.gravatar.com\/avatar\/c38472c0cdbde82d9b6fcc26adb3779d?s=96&d=mm&r=g","caption":"fw2"},"sameAs":["https:\/\/clam.fw2web.com.br"],"url":"https:\/\/clam.org.br\/es\/author\/fw2\/"}]}},"jetpack_featured_media_url":"","jetpack_sharing_enabled":true,"_links":{"self":[{"href":"https:\/\/clam.org.br\/es\/wp-json\/wp\/v2\/posts\/33602","targetHints":{"allow":["GET"]}}],"collection":[{"href":"https:\/\/clam.org.br\/es\/wp-json\/wp\/v2\/posts"}],"about":[{"href":"https:\/\/clam.org.br\/es\/wp-json\/wp\/v2\/types\/post"}],"author":[{"embeddable":true,"href":"https:\/\/clam.org.br\/es\/wp-json\/wp\/v2\/users\/1"}],"replies":[{"embeddable":true,"href":"https:\/\/clam.org.br\/es\/wp-json\/wp\/v2\/comments?post=33602"}],"version-history":[{"count":0,"href":"https:\/\/clam.org.br\/es\/wp-json\/wp\/v2\/posts\/33602\/revisions"}],"wp:attachment":[{"href":"https:\/\/clam.org.br\/es\/wp-json\/wp\/v2\/media?parent=33602"}],"wp:term":[{"taxonomy":"category","embeddable":true,"href":"https:\/\/clam.org.br\/es\/wp-json\/wp\/v2\/categories?post=33602"},{"taxonomy":"post_tag","embeddable":true,"href":"https:\/\/clam.org.br\/es\/wp-json\/wp\/v2\/tags?post=33602"}],"curies":[{"name":"wp","href":"https:\/\/api.w.org\/{rel}","templated":true}]}}