{"id":33603,"date":"2007-08-02T00:00:00","date_gmt":"2007-08-02T03:00:00","guid":{"rendered":"https:\/\/clam.fw2web.com.br\/es\/2007\/08\/02\/encuentro-nacional-e-internacional-de-politicas-publicas-para-la-poblacion-lgbt\/"},"modified":"2007-08-02T00:00:00","modified_gmt":"2007-08-02T03:00:00","slug":"encuentro-nacional-e-internacional-de-politicas-publicas-para-la-poblacion-lgbt","status":"publish","type":"post","link":"https:\/\/clam.org.br\/es\/agenda\/encuentro-nacional-e-internacional-de-politicas-publicas-para-la-poblacion-lgbt\/33603\/","title":{"rendered":"Encuentro nacional e internacional de pol\u00edticas p\u00fablicas para la poblaci\u00f3n LGBT"},"content":{"rendered":"<p><P>Contexto general del Encuentro <\/P> <P>La Alcald\u00eda Mayor de Bogot\u00e1, organiza durante los \u00faltimos a\u00f1os viene desarrollando acciones que permiten el reconocimiento de los derechos de la poblaci\u00f3n LGBT del Distrito Capital. Uno de los espacios desde donde se coordinan acciones lo constituye el Comit\u00e9 interinstitucional para la construcci\u00f3n de lineamientos de pol\u00edtica p\u00fablica LGBT. Forman parte de \u00e9l, la Secretar\u00eda Distrital de Planeaci\u00f3n, el Instituto Distrital para la Participaci\u00f3n y Acci\u00f3n Comunal, el Asesor del Alcalde para la pol\u00edtica LGBT, la Secretar\u00eda de Gobierno, La Secretar\u00eda Distrital de Cultura y Turismo, la Secretar\u00eda de Integraci\u00f3n Social, Secretar\u00eda Distrital de Salud, Secretar\u00eda de Educaci\u00f3n y Oficina de Mujer y G\u00e9neros y Oficial de enlace con la Polic\u00eda Nacional.<\/P> <P>Actualmente la Subsecretar\u00eda de Mujer, G\u00e9neros y Diversidad Sexual de la Secretar\u00eda Distrital de Planeaci\u00f3n, tiene la responsabilidad de definir los lineamientos de la Pol\u00edtica P\u00fablica de diversidad sexual y es en este sentido que avanza frente a los insumos para una pol\u00edtica que incluya el reconocimiento, la restituci\u00f3n y la garant\u00eda de los derechos de la poblaci\u00f3n LGBT en la ciudad de Bogot\u00e1 y le apuesta a su materializaci\u00f3n a trav\u00e9s de la reflexi\u00f3n y la generaci\u00f3n de debates en torno a los intereses, necesidades y demandas de dicha poblaci\u00f3n para la construcci\u00f3n de una ciudad moderna, humana e incluyente.<BR>  <P>Dentro de este proceso de formulaci\u00f3n se considera la importancia del intercambio de experiencias con otras ciudades internacionales y nacionales que con diferente nivel de desarrollo han avanzado en la construcci\u00f3n de este tipo de pol\u00edticas p\u00fablicas, por ello este encuentro se entiende como un momento que servir\u00e1 de insumo para la construcci\u00f3n participativa de la pol\u00edtica, teniendo como referente las lecciones aprendidas en otros lugares del mundo.<BR>  <P>Lugar: Bogot\u00e1 &#8211; Archivo Distrital, Calle 5 no. 5-75<BR>  <P>Fecha: Agosto 21, 22 y 23 de 2007<BR>  <P>Objetivo del Encuentro<BR>  <P>Compartir experiencias, generar insumos y debatir los avances del proceso de formulaci\u00f3n de la pol\u00edtica p\u00fablica para la poblaci\u00f3n LGBT de Bogot\u00e1.<BR>  <P>Participantes<BR>  <P>&#8211; Organizaciones y personas LGBT<BR>  <P>&#8211; Funcionarias y funcionarios p\u00fablicos<BR>  <P>&#8211; Integrantes de ONG\u00b4s de derechos humanos<BR>  <P>&#8211; Acad\u00e9micos y acad\u00e9micas relacionados con el tema<BR>  <P>Metodolog\u00eda del Encuentro<BR>  <P>Para cumplir su objetivo el Encuentro presentar\u00e1 un conjunto diverso de experiencias nacionales e internacionales de pol\u00edticas p\u00fablicas para la poblaci\u00f3n LGBT. Se contar\u00e1 con invitados e invitadas de Medell\u00edn (Antioquia), Cali (Valle) y Pasto (Nari\u00f1o) y de Ottawa (C\u00e1nada), Amsterdam (Holanda), Buenos Aires (Argentina), Madrid (Espa\u00f1a) y Rio de Janeiro (Brasil). Adem\u00e1s de las presentaciones generales se llevar\u00e1n a cabo &ldquo;Espacios de encuentro y Discusi\u00f3n&rdquo; en los cuales se formular\u00e1n y debatir\u00e1n aspectos espec\u00edficos de y para la pol\u00edtica LGBT en formulaci\u00f3n. Se tendr\u00e1 adem\u00e1s un panel de experiencias nacionales que permitir\u00e1 hacer un balance de los desarrollos y dificultades presentados en las pol\u00edticas LGBT del pa\u00eds.<BR>  <P>Inscripci\u00f3n<BR>  <P>La participaci\u00f3n en el evento es gratuita y se acreditar\u00e1 con certificado de asistencia. Se requiere inscripci\u00f3n previa. Las personas interesadas en participar deben enviar al correo electr\u00f3nico <SPAN style=\"FONT-SIZE: 12pt; COLOR: #333333; FONT-FAMILY: 'Times New Roman'; mso-fareast-font-family: 'Times New Roman'; mso-ansi-language: PT-BR; mso-fareast-language: PT-BR; mso-bidi-language: AR-SA\"><a href=\"mailto:politicaslgbt@yahoo.com\" target=\"_blank\" rel=\"noopener\"><SPAN lang=ES style=\"mso-ansi-language: ES\">politicaslgbt@yahoo.com<\/SPAN><\/A><\/SPAN>, antes del 3 de agosto, la siguiente informaci\u00f3n:<BR>  <P>Nombre completo<BR>  <P>Documento de identidad<BR>  <P>Datos de contacto (ciudad y n\u00famero de tel\u00e9fono y\/o correo electr\u00f3nico)<BR>  <P>Organizaci\u00f3n o entidad a la que pertenece<BR>  <P>Invitadas e invitados internacionales:<BR>  <P>Judith Schuyf<BR>  <P>Integrante de MOVISIE, Centro Holand\u00e9s para el Desarrollo Social<BR>  <P>Beatriz Gimeno<BR>  <P>Escritora, activista, integrante de COGAM (Colectivo Gay de Madrid) y Presidenta de la FELGT, (Federaci\u00f3n Estatal de lesbianas, gays, bisexuales y transexuales), Espa\u00f1a<BR>  <P>Alexander Munter<BR>  <P>Periodista, activista, excandidato a la Alcald\u00eda de Ottawa (2006), Coordinador de &ldquo;Canadians for Equal Marriage&rdquo;.<BR>  <P>Mario Pecheny<BR>  <P>Docente, Investigador, Universidad de Buenos Aires. Coeditor de &ldquo;Ciudadan\u00eda Sexual en Am\u00e9rica Latina&rdquo;<BR>  <P>Claudio Nascimento da Silva<BR>  <P>Activista, funcionario p\u00fablico, integrante de la Comisi\u00f3n de Trabajo del Consejo Nacional de Lucha contra la Discriminaci\u00f3n (Brasil), encargada de la redacci\u00f3n de &ldquo;Brasil sin Homofobia&rdquo; <\/P> <P><STRONG>Programa<\/STRONG><\/P> <P><STRONG>D\u00eda 1. Agosto 21<\/STRONG> <\/P> <P>8:00 &#8211; 9:00 a.m. Inscripciones  <P>9 a.m. Instalaci\u00f3n  <P>9:30 a.m. &#8211; 11 a .m. Conferencia &#8211; La Pol\u00edtica P\u00fablica LGBT en R\u00edo de Janeiro-. Claudio Nascimento da Silva. Activista, funcionario p\u00fablico, integrante de la Comisi\u00f3n de Trabajo del Consejo Nacional de Lucha contra la Discriminaci\u00f3n (Brasil), encargada de la redacci\u00f3n de \u00abBrasil sin Homofobia\u00bb  <P>11:00 &#8211; 11:30 a.m. Refrigerio  <P>11:30 a.m. &#8211; 12:30p.m. Conferencia \u00abBogot\u00e1 territorio de diversidad, la Pol\u00edtica P\u00fablica LGBT en la Ciudad \u00ab. Edgar Robles. Asesor del Alcalde Mayor para la PPLGBT.  <P>12:30 &#8211; 1:15 p.m. Preguntas y comentarios a conferencias de Brasil y Bogot\u00e1. Modera: V\u00edctor Manuel Rodr\u00edguez, Secretaria Distrital de Cultura, Recreaci\u00f3n y Deportes.  <P>2:15 &#8211; 3:45 p.m. Espacios de Encuentro y Discusi\u00f3n (Grupos de discusi\u00f3n simult\u00e1neos)  <P>\u2022 Estrategias para institucionalizar la pol\u00edtica p\u00fablica LGBT. Participantes: Funcionarias y funcionarios del Distrito. Sala 1  <P>\u2022 Horizontes para la PP LGBT. Sala 2  <P>\u2022 Derecho a una vida libre de violencias y sin discriminaci\u00f3n. Sala 3  <P>\u2022 Derecho a la participaci\u00f3n y representaci\u00f3n. Sala 4  <P>\u2022 Derecho a la educaci\u00f3n. Participantes. Sala 5  <P>3: 45 &#8211; 4:00 p.m. Refrigerio  <P>4:00 &#8211; 6:00 p.m. Espacios de Encuentro y Discusi\u00f3n (continuaci\u00f3n)  <P><STRONG>D\u00eda 2. Agosto 22<\/STRONG>  <P>9:00 a.m. &#8211; 10:00 a.m. Conferencia \u00abPol\u00edticas P\u00fablicas LGBT, la experiencia de \u00c1msterdam, Holanda\u00bb. Judith Schuyf. Integrante de MOVISIE, Centro Holand\u00e9s para el Desarrollo Social  <P>10:00 a.m. &#8211; 11:00 a.m. Conferencia \u00abPol\u00edticas P\u00fablicas LGBT en Ottawa\u00bb. Alexander Munter. Periodista, activista, excandidato a la Alcald\u00eda de Ottawa (2006), Coordinador de \u00abCanadians for Equal Marriage\u00bb.  <P>11:00 &#8211; 11:30 a.m. Refrigerio  <P>11:30 a.m. &#8211; 12:30p.m. Preguntas y comentarios a conferencias de Holanda y Canad\u00e1. Modera: Jos\u00e9 Fernando Serrano, Consultor Secretaria Distrital de Planeaci\u00f3n.  <P>2:00 &#8211; 3:00 p.m. Conferencia \u00abLa experiencia de Madrid en la puesta en marcha de Pol\u00edticas P\u00fablicas LGBT\u00bb. Beatriz Gimeno, escritora, activista, integrante de COGAM (Colectivo Gay de Madrid) y Presidenta de la FELGT , (Federaci\u00f3n Estatal de lesbianas, gays, bisexuales y transexuales), Espa\u00f1a  <P>3: 00 &#8211; 3:30 p.m. Preguntas y comentarios. Modera: Camila Esguerra. Equipo t\u00e9cnico aportes ciudadanos a la PPLGBT. IDPAC  <P>3:30 &#8211; 4:00 p.m. Refrigerio  <P>4:00 &#8211; 6:00 p.m. Panel \u00abLogros y dificultades en las experiencias nacionales de pol\u00edticas p\u00fablicas para la poblaci\u00f3n LGBT-Medell\u00edn, Pasto y Cali-Valle\u00bb. Modera: Marina Talero, Directora de Diversidad Sexual de la Secretaria Distrital de Planeaci\u00f3n  <P><STRONG>D\u00eda 3. Agosto 23<\/STRONG>  <P>9:00 a.m. &#8211; 10:00 a.m.Conferencia \u00abPol\u00edticas P\u00fablicas LGBT, la experiencia de Buenos Aires\u00bb. Mario Pecheny. Docente, Investigador, Universidad de Buenos Aires. Coeditor de \u00abCiudadan\u00eda Sexual en Am\u00e9rica Latina\u00bb  <P>10:00 a.m. &#8211; 11:00 a.m. Preguntas y comentarios. Modera: Marcela S\u00e1nchez, Directora Colombia Diversa  <P>11:00 &#8211; 11:30 a.m. Refrigerio  <P>11:30 a.m. &#8211; 1:00p.m. Espacios de Encuentro y Discusi\u00f3n  <P>\u2022 Panel: Ciudadan\u00edas diversas. Beatriz Gimeno, Mario Pecheny, Camila Esguerra. Modera: Celenis Rodr\u00edguez. Pol\u00edtica P\u00fablica de Mujer y G\u00e9neros. Sala 1  <P>\u2022 Derecho a la Salud. Sala 3  <P>\u2022 Derecho al trabajo. Sala 4  <P>\u2022 Derecho a la cultura y la comunicaci\u00f3n. Sala 5  <P>1:00 p.m. &#8211; 3:30 p.m. Espacios de Encuentro y Discusi\u00f3n  <P>\u2022 Panel Articulaci\u00f3n entre organizaciones LGBT y administraciones locales. Ang\u00e9lica Lozano Alcaldesa Localidad Chapinero (por confirmar), delegado\/a Mesa LGBT, delegado\/a organizaciones independientes). Modera: Franklin Gil. Sala 1  <P>\u2022 Conversatorio Discriminaci\u00f3n institucionalizada: El caso Peruano. Belissa Andia (Por confirmar). Sala 2  <P>\u2022 Derecho a la Salud. (continuaci\u00f3n). Sala 3  <P>\u2022 Derecho al trabajo.(continuaci\u00f3n). Sala 4  <P>\u2022 Derecho a la cultura y la comunicaci\u00f3n. (continuaci\u00f3n). Lugar: Sala 5  <P>3:30 &#8211; 4:00 p.m. Refrigerio  <P>4:00 &#8211; 6:00 p.m. Relatorias de los Espacios de Encuentro y Discusi\u00f3n  <P>6:00 p.m. Cierre<\/P><\/p>\n","protected":false},"excerpt":{"rendered":"<p>&nbsp;La Alcald\u00eda Mayor de Bogot\u00e1 invitan al Encuentro nacional e internacional de pol\u00edticas p\u00fablicas para la poblaci\u00f3n LGBT a realizarse los dias 21, 22 y 23 de agosto en el Archivo Distrital de esa ciudad<\/p>\n","protected":false},"author":1,"featured_media":0,"comment_status":"open","ping_status":"open","sticky":false,"template":"","format":"standard","meta":{"_acf_changed":false,"site-sidebar-layout":"default","site-content-layout":"default","ast-global-header-display":"","ast-main-header-display":"","ast-hfb-above-header-display":"","ast-hfb-below-header-display":"","ast-hfb-mobile-header-display":"","site-post-title":"","ast-breadcrumbs-content":"","ast-featured-img":"","footer-sml-layout":"","theme-transparent-header-meta":"","adv-header-id-meta":"","stick-header-meta":"","header-above-stick-meta":"","header-main-stick-meta":"","header-below-stick-meta":"","_jetpack_memberships_contains_paid_content":false,"footnotes":""},"categories":[28],"tags":[],"class_list":["post-33603","post","type-post","status-publish","format-standard","hentry","category-agenda"],"acf":[],"yoast_head":"<!-- This site is optimized with the Yoast SEO plugin v26.1.1 - https:\/\/yoast.com\/wordpress\/plugins\/seo\/ -->\n<title>Encuentro nacional e internacional de pol\u00edticas p\u00fablicas para la poblaci\u00f3n LGBT - CLAM - ES<\/title>\n<meta name=\"robots\" content=\"index, follow, max-snippet:-1, max-image-preview:large, max-video-preview:-1\" \/>\n<link rel=\"canonical\" href=\"https:\/\/clam.org.br\/es\/agenda\/encuentro-nacional-e-internacional-de-politicas-publicas-para-la-poblacion-lgbt\/33603\/\" \/>\n<meta property=\"og:locale\" content=\"es_ES\" \/>\n<meta property=\"og:type\" content=\"article\" \/>\n<meta property=\"og:title\" content=\"Encuentro nacional e internacional de pol\u00edticas p\u00fablicas para la poblaci\u00f3n LGBT - CLAM - ES\" \/>\n<meta property=\"og:description\" content=\"&nbsp;La Alcald\u00eda Mayor de Bogot\u00e1 invitan al Encuentro nacional e internacional de pol\u00edticas p\u00fablicas para la poblaci\u00f3n LGBT a realizarse los dias 21, 22 y 23 de agosto en el Archivo Distrital de esa ciudad\" \/>\n<meta property=\"og:url\" content=\"https:\/\/clam.org.br\/es\/agenda\/encuentro-nacional-e-internacional-de-politicas-publicas-para-la-poblacion-lgbt\/33603\/\" \/>\n<meta property=\"og:site_name\" content=\"CLAM - ES\" \/>\n<meta property=\"article:published_time\" content=\"2007-08-02T03:00:00+00:00\" \/>\n<meta name=\"author\" content=\"fw2\" \/>\n<meta name=\"twitter:card\" content=\"summary_large_image\" \/>\n<meta name=\"twitter:label1\" content=\"Escrito por\" \/>\n\t<meta name=\"twitter:data1\" content=\"fw2\" \/>\n\t<meta name=\"twitter:label2\" content=\"Tiempo de lectura\" \/>\n\t<meta name=\"twitter:data2\" content=\"7 minutos\" \/>\n<script type=\"application\/ld+json\" class=\"yoast-schema-graph\">{\"@context\":\"https:\/\/schema.org\",\"@graph\":[{\"@type\":\"WebPage\",\"@id\":\"https:\/\/clam.org.br\/es\/agenda\/encuentro-nacional-e-internacional-de-politicas-publicas-para-la-poblacion-lgbt\/33603\/\",\"url\":\"https:\/\/clam.org.br\/es\/agenda\/encuentro-nacional-e-internacional-de-politicas-publicas-para-la-poblacion-lgbt\/33603\/\",\"name\":\"Encuentro nacional e internacional de pol\u00edticas p\u00fablicas para la poblaci\u00f3n LGBT - CLAM - ES\",\"isPartOf\":{\"@id\":\"https:\/\/clam.org.br\/es\/#website\"},\"datePublished\":\"2007-08-02T03:00:00+00:00\",\"author\":{\"@id\":\"https:\/\/clam.org.br\/es\/#\/schema\/person\/fbd9a86032bf7479f94b0ded196f1010\"},\"breadcrumb\":{\"@id\":\"https:\/\/clam.org.br\/es\/agenda\/encuentro-nacional-e-internacional-de-politicas-publicas-para-la-poblacion-lgbt\/33603\/#breadcrumb\"},\"inLanguage\":\"es\",\"potentialAction\":[{\"@type\":\"ReadAction\",\"target\":[\"https:\/\/clam.org.br\/es\/agenda\/encuentro-nacional-e-internacional-de-politicas-publicas-para-la-poblacion-lgbt\/33603\/\"]}]},{\"@type\":\"BreadcrumbList\",\"@id\":\"https:\/\/clam.org.br\/es\/agenda\/encuentro-nacional-e-internacional-de-politicas-publicas-para-la-poblacion-lgbt\/33603\/#breadcrumb\",\"itemListElement\":[{\"@type\":\"ListItem\",\"position\":1,\"name\":\"In\u00edcio\",\"item\":\"https:\/\/clam.org.br\/es\/\"},{\"@type\":\"ListItem\",\"position\":2,\"name\":\"Encuentro nacional e internacional de pol\u00edticas p\u00fablicas para la poblaci\u00f3n LGBT\"}]},{\"@type\":\"WebSite\",\"@id\":\"https:\/\/clam.org.br\/es\/#website\",\"url\":\"https:\/\/clam.org.br\/es\/\",\"name\":\"CLAM - ES\",\"description\":\"S\u00f3 mais um site CLAM - Centro Latino-Americano em Sexualidade e Direitos Humanos sites\",\"potentialAction\":[{\"@type\":\"SearchAction\",\"target\":{\"@type\":\"EntryPoint\",\"urlTemplate\":\"https:\/\/clam.org.br\/es\/?s={search_term_string}\"},\"query-input\":{\"@type\":\"PropertyValueSpecification\",\"valueRequired\":true,\"valueName\":\"search_term_string\"}}],\"inLanguage\":\"es\"},{\"@type\":\"Person\",\"@id\":\"https:\/\/clam.org.br\/es\/#\/schema\/person\/fbd9a86032bf7479f94b0ded196f1010\",\"name\":\"fw2\",\"image\":{\"@type\":\"ImageObject\",\"inLanguage\":\"es\",\"@id\":\"https:\/\/clam.org.br\/es\/#\/schema\/person\/image\/\",\"url\":\"https:\/\/secure.gravatar.com\/avatar\/c38472c0cdbde82d9b6fcc26adb3779d?s=96&d=mm&r=g\",\"contentUrl\":\"https:\/\/secure.gravatar.com\/avatar\/c38472c0cdbde82d9b6fcc26adb3779d?s=96&d=mm&r=g\",\"caption\":\"fw2\"},\"sameAs\":[\"https:\/\/clam.fw2web.com.br\"],\"url\":\"https:\/\/clam.org.br\/es\/author\/fw2\/\"}]}<\/script>\n<!-- \/ Yoast SEO plugin. -->","yoast_head_json":{"title":"Encuentro nacional e internacional de pol\u00edticas p\u00fablicas para la poblaci\u00f3n LGBT - CLAM - ES","robots":{"index":"index","follow":"follow","max-snippet":"max-snippet:-1","max-image-preview":"max-image-preview:large","max-video-preview":"max-video-preview:-1"},"canonical":"https:\/\/clam.org.br\/es\/agenda\/encuentro-nacional-e-internacional-de-politicas-publicas-para-la-poblacion-lgbt\/33603\/","og_locale":"es_ES","og_type":"article","og_title":"Encuentro nacional e internacional de pol\u00edticas p\u00fablicas para la poblaci\u00f3n LGBT - CLAM - ES","og_description":"&nbsp;La Alcald\u00eda Mayor de Bogot\u00e1 invitan al Encuentro nacional e internacional de pol\u00edticas p\u00fablicas para la poblaci\u00f3n LGBT a realizarse los dias 21, 22 y 23 de agosto en el Archivo Distrital de esa ciudad","og_url":"https:\/\/clam.org.br\/es\/agenda\/encuentro-nacional-e-internacional-de-politicas-publicas-para-la-poblacion-lgbt\/33603\/","og_site_name":"CLAM - ES","article_published_time":"2007-08-02T03:00:00+00:00","author":"fw2","twitter_card":"summary_large_image","twitter_misc":{"Escrito por":"fw2","Tiempo de lectura":"7 minutos"},"schema":{"@context":"https:\/\/schema.org","@graph":[{"@type":"WebPage","@id":"https:\/\/clam.org.br\/es\/agenda\/encuentro-nacional-e-internacional-de-politicas-publicas-para-la-poblacion-lgbt\/33603\/","url":"https:\/\/clam.org.br\/es\/agenda\/encuentro-nacional-e-internacional-de-politicas-publicas-para-la-poblacion-lgbt\/33603\/","name":"Encuentro nacional e internacional de pol\u00edticas p\u00fablicas para la poblaci\u00f3n LGBT - CLAM - ES","isPartOf":{"@id":"https:\/\/clam.org.br\/es\/#website"},"datePublished":"2007-08-02T03:00:00+00:00","author":{"@id":"https:\/\/clam.org.br\/es\/#\/schema\/person\/fbd9a86032bf7479f94b0ded196f1010"},"breadcrumb":{"@id":"https:\/\/clam.org.br\/es\/agenda\/encuentro-nacional-e-internacional-de-politicas-publicas-para-la-poblacion-lgbt\/33603\/#breadcrumb"},"inLanguage":"es","potentialAction":[{"@type":"ReadAction","target":["https:\/\/clam.org.br\/es\/agenda\/encuentro-nacional-e-internacional-de-politicas-publicas-para-la-poblacion-lgbt\/33603\/"]}]},{"@type":"BreadcrumbList","@id":"https:\/\/clam.org.br\/es\/agenda\/encuentro-nacional-e-internacional-de-politicas-publicas-para-la-poblacion-lgbt\/33603\/#breadcrumb","itemListElement":[{"@type":"ListItem","position":1,"name":"In\u00edcio","item":"https:\/\/clam.org.br\/es\/"},{"@type":"ListItem","position":2,"name":"Encuentro nacional e internacional de pol\u00edticas p\u00fablicas para la poblaci\u00f3n LGBT"}]},{"@type":"WebSite","@id":"https:\/\/clam.org.br\/es\/#website","url":"https:\/\/clam.org.br\/es\/","name":"CLAM - ES","description":"S\u00f3 mais um site CLAM - Centro Latino-Americano em Sexualidade e Direitos Humanos sites","potentialAction":[{"@type":"SearchAction","target":{"@type":"EntryPoint","urlTemplate":"https:\/\/clam.org.br\/es\/?s={search_term_string}"},"query-input":{"@type":"PropertyValueSpecification","valueRequired":true,"valueName":"search_term_string"}}],"inLanguage":"es"},{"@type":"Person","@id":"https:\/\/clam.org.br\/es\/#\/schema\/person\/fbd9a86032bf7479f94b0ded196f1010","name":"fw2","image":{"@type":"ImageObject","inLanguage":"es","@id":"https:\/\/clam.org.br\/es\/#\/schema\/person\/image\/","url":"https:\/\/secure.gravatar.com\/avatar\/c38472c0cdbde82d9b6fcc26adb3779d?s=96&d=mm&r=g","contentUrl":"https:\/\/secure.gravatar.com\/avatar\/c38472c0cdbde82d9b6fcc26adb3779d?s=96&d=mm&r=g","caption":"fw2"},"sameAs":["https:\/\/clam.fw2web.com.br"],"url":"https:\/\/clam.org.br\/es\/author\/fw2\/"}]}},"jetpack_featured_media_url":"","jetpack_sharing_enabled":true,"_links":{"self":[{"href":"https:\/\/clam.org.br\/es\/wp-json\/wp\/v2\/posts\/33603","targetHints":{"allow":["GET"]}}],"collection":[{"href":"https:\/\/clam.org.br\/es\/wp-json\/wp\/v2\/posts"}],"about":[{"href":"https:\/\/clam.org.br\/es\/wp-json\/wp\/v2\/types\/post"}],"author":[{"embeddable":true,"href":"https:\/\/clam.org.br\/es\/wp-json\/wp\/v2\/users\/1"}],"replies":[{"embeddable":true,"href":"https:\/\/clam.org.br\/es\/wp-json\/wp\/v2\/comments?post=33603"}],"version-history":[{"count":0,"href":"https:\/\/clam.org.br\/es\/wp-json\/wp\/v2\/posts\/33603\/revisions"}],"wp:attachment":[{"href":"https:\/\/clam.org.br\/es\/wp-json\/wp\/v2\/media?parent=33603"}],"wp:term":[{"taxonomy":"category","embeddable":true,"href":"https:\/\/clam.org.br\/es\/wp-json\/wp\/v2\/categories?post=33603"},{"taxonomy":"post_tag","embeddable":true,"href":"https:\/\/clam.org.br\/es\/wp-json\/wp\/v2\/tags?post=33603"}],"curies":[{"name":"wp","href":"https:\/\/api.w.org\/{rel}","templated":true}]}}