{"id":33608,"date":"2007-08-13T00:00:00","date_gmt":"2007-08-13T03:00:00","guid":{"rendered":"https:\/\/clam.fw2web.com.br\/es\/2007\/08\/13\/concurso-nacional-voces-y-silencios-testimonios-de-mujeres-trabajadoras\/"},"modified":"2007-08-13T00:00:00","modified_gmt":"2007-08-13T03:00:00","slug":"concurso-nacional-voces-y-silencios-testimonios-de-mujeres-trabajadoras","status":"publish","type":"post","link":"https:\/\/clam.org.br\/es\/agenda\/concurso-nacional-voces-y-silencios-testimonios-de-mujeres-trabajadoras\/33608\/","title":{"rendered":"Concurso Nacional: Voces y Silencios. Testimonios de mujeres trabajadoras"},"content":{"rendered":"<p>Igual que en el 2006 este a\u00f1o estamos invitando a las mujeres trabajadoras de los sectores formal e informal de la econom\u00eda, de las organizaciones sindicales y sociales e independientes y de diferentes regiones de Colombia, a participar en este concurso, que se premiar\u00e1 en el marco del d\u00eda del &ldquo;No a la violencia contra las mujeres&rdquo;, que se conmemora el 25 de noviembre de cada a\u00f1o.  <P>Categor\u00edas <P>MUJERES TRABAJADORAS HABLAN DE S\u00cd MISMAS <P>Mujeres que se acercan a la escritura sin experiencia previa y escriben su propia historia.  <P>ESCRITORAS NARRAN EL TRABAJO DE LAS MUJERES  <P>Mujeres con experiencia y trayectoria en la escritura que planteen su propia historia o la de otras mujeres trabajadoras.  <P>MUJERES J\u00d3VENES CONSTRUYEN SUS HISTORIAS SOBRE TRABAJO <P>J\u00f3venes entre catorce y veintis\u00e9is a\u00f1os, que escriban sus experiencias y acercamientos en el mundo del trabajo.  <P>Premios <P>PARA CADA UNA DE LAS CATEGOR\u00cdAS <P>Primer puesto: $500.000 <P>Segundo puesto: $300.000 <P>Tercer puesto: $200.000 <P>Cronograma <P>15 de agosto a 30 de septiembre: Recepci\u00f3n de trabajos escritos.  <P>18 de agosto: Talleres para mujeres j\u00f3venes.  <P>25 y 26 de agosto: Talleres para mujeres trabajadoras que hablan de s\u00ed mismas.  <P>22 de noviembre: Evento de premiaci\u00f3n en Medell\u00edn <P>Para m\u00e1s informaciones:  <P>Escuela Nacional Sindical <P>Calle 51 N\u00ba 55-78 <P>Tel: 513 31 00 &#8211; Fax: 512 23 30 <P>E-mail: <A href=\"mailto:vocesysilencios@ens.org.co\">vocesysilencios@ens.org.co<\/A> &nbsp; <P><a href=\"http:\/\/www.ens.org.co\" target=\"_blank\" rel=\"noopener\">www.ens.org.co<\/A>  <P>Apartado A\u00e9reo 12 175 <P>Medell\u00edn, Colombia <P>Corporaci\u00f3n Educativa Combos <P>Calle 51 N\u00ba 56A-35 <P>Tel: 514 16 72 &#8211; 512 62 51 <P>E-mail: <A href=\"mailto:combos@une.net.co\">combos@une.net.co<\/A>  <P><A href=\"mailto:areamujercombos@une.net.co\">areamujercombos@une.net.co<\/A>  <P><a href=\"http:\/\/www.combosconvoz.org\/\" target=\"_blank\" rel=\"noopener\">www.combosconvoz.org <\/A> <P>A.A. 67814 <P>Medell\u00edn-Colombia <P>Concurso Nacional  <P>VOCES Y SILENCIOS <P>Informaci\u00f3n Tel 4-5133100 <P><\/P><\/p>\n","protected":false},"excerpt":{"rendered":"<p>La Escuela Nacional Sindical y la Corporaci\u00f3n Educativa Combos, abren la convocatoria al concurso &ldquo;Voces y silencios de mujeres trabajadoras&rdquo; para promover la escritura de las experiencias de violencia y discriminaci\u00f3n de las mujeres en el mundo del trabajo como una manera de elevar su palabra.<\/p>\n","protected":false},"author":1,"featured_media":0,"comment_status":"open","ping_status":"open","sticky":false,"template":"","format":"standard","meta":{"_acf_changed":false,"site-sidebar-layout":"default","site-content-layout":"default","ast-global-header-display":"","ast-main-header-display":"","ast-hfb-above-header-display":"","ast-hfb-below-header-display":"","ast-hfb-mobile-header-display":"","site-post-title":"","ast-breadcrumbs-content":"","ast-featured-img":"","footer-sml-layout":"","theme-transparent-header-meta":"","adv-header-id-meta":"","stick-header-meta":"","header-above-stick-meta":"","header-main-stick-meta":"","header-below-stick-meta":"","_jetpack_memberships_contains_paid_content":false,"footnotes":""},"categories":[28],"tags":[],"class_list":["post-33608","post","type-post","status-publish","format-standard","hentry","category-agenda"],"acf":[],"yoast_head":"<!-- This site is optimized with the Yoast SEO plugin v26.1.1 - https:\/\/yoast.com\/wordpress\/plugins\/seo\/ -->\n<title>Concurso Nacional: Voces y Silencios. Testimonios de mujeres trabajadoras - CLAM - ES<\/title>\n<meta name=\"robots\" content=\"index, follow, max-snippet:-1, max-image-preview:large, max-video-preview:-1\" \/>\n<link rel=\"canonical\" href=\"https:\/\/clam.org.br\/es\/agenda\/concurso-nacional-voces-y-silencios-testimonios-de-mujeres-trabajadoras\/33608\/\" \/>\n<meta property=\"og:locale\" content=\"es_ES\" \/>\n<meta property=\"og:type\" content=\"article\" \/>\n<meta property=\"og:title\" content=\"Concurso Nacional: Voces y Silencios. Testimonios de mujeres trabajadoras - CLAM - ES\" \/>\n<meta property=\"og:description\" content=\"La Escuela Nacional Sindical y la Corporaci\u00f3n Educativa Combos, abren la convocatoria al concurso &ldquo;Voces y silencios de mujeres trabajadoras&rdquo; para promover la escritura de las experiencias de violencia y discriminaci\u00f3n de las mujeres en el mundo del trabajo como una manera de elevar su palabra.\" \/>\n<meta property=\"og:url\" content=\"https:\/\/clam.org.br\/es\/agenda\/concurso-nacional-voces-y-silencios-testimonios-de-mujeres-trabajadoras\/33608\/\" \/>\n<meta property=\"og:site_name\" content=\"CLAM - ES\" \/>\n<meta property=\"article:published_time\" content=\"2007-08-13T03:00:00+00:00\" \/>\n<meta name=\"author\" content=\"fw2\" \/>\n<meta name=\"twitter:card\" content=\"summary_large_image\" \/>\n<meta name=\"twitter:label1\" content=\"Escrito por\" \/>\n\t<meta name=\"twitter:data1\" content=\"fw2\" \/>\n\t<meta name=\"twitter:label2\" content=\"Tiempo de lectura\" \/>\n\t<meta name=\"twitter:data2\" content=\"1 minuto\" \/>\n<script type=\"application\/ld+json\" class=\"yoast-schema-graph\">{\"@context\":\"https:\/\/schema.org\",\"@graph\":[{\"@type\":\"WebPage\",\"@id\":\"https:\/\/clam.org.br\/es\/agenda\/concurso-nacional-voces-y-silencios-testimonios-de-mujeres-trabajadoras\/33608\/\",\"url\":\"https:\/\/clam.org.br\/es\/agenda\/concurso-nacional-voces-y-silencios-testimonios-de-mujeres-trabajadoras\/33608\/\",\"name\":\"Concurso Nacional: Voces y Silencios. Testimonios de mujeres trabajadoras - CLAM - ES\",\"isPartOf\":{\"@id\":\"https:\/\/clam.org.br\/es\/#website\"},\"datePublished\":\"2007-08-13T03:00:00+00:00\",\"author\":{\"@id\":\"https:\/\/clam.org.br\/es\/#\/schema\/person\/fbd9a86032bf7479f94b0ded196f1010\"},\"breadcrumb\":{\"@id\":\"https:\/\/clam.org.br\/es\/agenda\/concurso-nacional-voces-y-silencios-testimonios-de-mujeres-trabajadoras\/33608\/#breadcrumb\"},\"inLanguage\":\"es\",\"potentialAction\":[{\"@type\":\"ReadAction\",\"target\":[\"https:\/\/clam.org.br\/es\/agenda\/concurso-nacional-voces-y-silencios-testimonios-de-mujeres-trabajadoras\/33608\/\"]}]},{\"@type\":\"BreadcrumbList\",\"@id\":\"https:\/\/clam.org.br\/es\/agenda\/concurso-nacional-voces-y-silencios-testimonios-de-mujeres-trabajadoras\/33608\/#breadcrumb\",\"itemListElement\":[{\"@type\":\"ListItem\",\"position\":1,\"name\":\"In\u00edcio\",\"item\":\"https:\/\/clam.org.br\/es\/\"},{\"@type\":\"ListItem\",\"position\":2,\"name\":\"Concurso Nacional: Voces y Silencios. Testimonios de mujeres trabajadoras\"}]},{\"@type\":\"WebSite\",\"@id\":\"https:\/\/clam.org.br\/es\/#website\",\"url\":\"https:\/\/clam.org.br\/es\/\",\"name\":\"CLAM - ES\",\"description\":\"S\u00f3 mais um site CLAM - Centro Latino-Americano em Sexualidade e Direitos Humanos sites\",\"potentialAction\":[{\"@type\":\"SearchAction\",\"target\":{\"@type\":\"EntryPoint\",\"urlTemplate\":\"https:\/\/clam.org.br\/es\/?s={search_term_string}\"},\"query-input\":{\"@type\":\"PropertyValueSpecification\",\"valueRequired\":true,\"valueName\":\"search_term_string\"}}],\"inLanguage\":\"es\"},{\"@type\":\"Person\",\"@id\":\"https:\/\/clam.org.br\/es\/#\/schema\/person\/fbd9a86032bf7479f94b0ded196f1010\",\"name\":\"fw2\",\"image\":{\"@type\":\"ImageObject\",\"inLanguage\":\"es\",\"@id\":\"https:\/\/clam.org.br\/es\/#\/schema\/person\/image\/\",\"url\":\"https:\/\/secure.gravatar.com\/avatar\/c38472c0cdbde82d9b6fcc26adb3779d?s=96&d=mm&r=g\",\"contentUrl\":\"https:\/\/secure.gravatar.com\/avatar\/c38472c0cdbde82d9b6fcc26adb3779d?s=96&d=mm&r=g\",\"caption\":\"fw2\"},\"sameAs\":[\"https:\/\/clam.fw2web.com.br\"],\"url\":\"https:\/\/clam.org.br\/es\/author\/fw2\/\"}]}<\/script>\n<!-- \/ Yoast SEO plugin. -->","yoast_head_json":{"title":"Concurso Nacional: Voces y Silencios. Testimonios de mujeres trabajadoras - CLAM - ES","robots":{"index":"index","follow":"follow","max-snippet":"max-snippet:-1","max-image-preview":"max-image-preview:large","max-video-preview":"max-video-preview:-1"},"canonical":"https:\/\/clam.org.br\/es\/agenda\/concurso-nacional-voces-y-silencios-testimonios-de-mujeres-trabajadoras\/33608\/","og_locale":"es_ES","og_type":"article","og_title":"Concurso Nacional: Voces y Silencios. Testimonios de mujeres trabajadoras - CLAM - ES","og_description":"La Escuela Nacional Sindical y la Corporaci\u00f3n Educativa Combos, abren la convocatoria al concurso &ldquo;Voces y silencios de mujeres trabajadoras&rdquo; para promover la escritura de las experiencias de violencia y discriminaci\u00f3n de las mujeres en el mundo del trabajo como una manera de elevar su palabra.","og_url":"https:\/\/clam.org.br\/es\/agenda\/concurso-nacional-voces-y-silencios-testimonios-de-mujeres-trabajadoras\/33608\/","og_site_name":"CLAM - ES","article_published_time":"2007-08-13T03:00:00+00:00","author":"fw2","twitter_card":"summary_large_image","twitter_misc":{"Escrito por":"fw2","Tiempo de lectura":"1 minuto"},"schema":{"@context":"https:\/\/schema.org","@graph":[{"@type":"WebPage","@id":"https:\/\/clam.org.br\/es\/agenda\/concurso-nacional-voces-y-silencios-testimonios-de-mujeres-trabajadoras\/33608\/","url":"https:\/\/clam.org.br\/es\/agenda\/concurso-nacional-voces-y-silencios-testimonios-de-mujeres-trabajadoras\/33608\/","name":"Concurso Nacional: Voces y Silencios. Testimonios de mujeres trabajadoras - CLAM - ES","isPartOf":{"@id":"https:\/\/clam.org.br\/es\/#website"},"datePublished":"2007-08-13T03:00:00+00:00","author":{"@id":"https:\/\/clam.org.br\/es\/#\/schema\/person\/fbd9a86032bf7479f94b0ded196f1010"},"breadcrumb":{"@id":"https:\/\/clam.org.br\/es\/agenda\/concurso-nacional-voces-y-silencios-testimonios-de-mujeres-trabajadoras\/33608\/#breadcrumb"},"inLanguage":"es","potentialAction":[{"@type":"ReadAction","target":["https:\/\/clam.org.br\/es\/agenda\/concurso-nacional-voces-y-silencios-testimonios-de-mujeres-trabajadoras\/33608\/"]}]},{"@type":"BreadcrumbList","@id":"https:\/\/clam.org.br\/es\/agenda\/concurso-nacional-voces-y-silencios-testimonios-de-mujeres-trabajadoras\/33608\/#breadcrumb","itemListElement":[{"@type":"ListItem","position":1,"name":"In\u00edcio","item":"https:\/\/clam.org.br\/es\/"},{"@type":"ListItem","position":2,"name":"Concurso Nacional: Voces y Silencios. Testimonios de mujeres trabajadoras"}]},{"@type":"WebSite","@id":"https:\/\/clam.org.br\/es\/#website","url":"https:\/\/clam.org.br\/es\/","name":"CLAM - ES","description":"S\u00f3 mais um site CLAM - Centro Latino-Americano em Sexualidade e Direitos Humanos sites","potentialAction":[{"@type":"SearchAction","target":{"@type":"EntryPoint","urlTemplate":"https:\/\/clam.org.br\/es\/?s={search_term_string}"},"query-input":{"@type":"PropertyValueSpecification","valueRequired":true,"valueName":"search_term_string"}}],"inLanguage":"es"},{"@type":"Person","@id":"https:\/\/clam.org.br\/es\/#\/schema\/person\/fbd9a86032bf7479f94b0ded196f1010","name":"fw2","image":{"@type":"ImageObject","inLanguage":"es","@id":"https:\/\/clam.org.br\/es\/#\/schema\/person\/image\/","url":"https:\/\/secure.gravatar.com\/avatar\/c38472c0cdbde82d9b6fcc26adb3779d?s=96&d=mm&r=g","contentUrl":"https:\/\/secure.gravatar.com\/avatar\/c38472c0cdbde82d9b6fcc26adb3779d?s=96&d=mm&r=g","caption":"fw2"},"sameAs":["https:\/\/clam.fw2web.com.br"],"url":"https:\/\/clam.org.br\/es\/author\/fw2\/"}]}},"jetpack_featured_media_url":"","jetpack_sharing_enabled":true,"_links":{"self":[{"href":"https:\/\/clam.org.br\/es\/wp-json\/wp\/v2\/posts\/33608","targetHints":{"allow":["GET"]}}],"collection":[{"href":"https:\/\/clam.org.br\/es\/wp-json\/wp\/v2\/posts"}],"about":[{"href":"https:\/\/clam.org.br\/es\/wp-json\/wp\/v2\/types\/post"}],"author":[{"embeddable":true,"href":"https:\/\/clam.org.br\/es\/wp-json\/wp\/v2\/users\/1"}],"replies":[{"embeddable":true,"href":"https:\/\/clam.org.br\/es\/wp-json\/wp\/v2\/comments?post=33608"}],"version-history":[{"count":0,"href":"https:\/\/clam.org.br\/es\/wp-json\/wp\/v2\/posts\/33608\/revisions"}],"wp:attachment":[{"href":"https:\/\/clam.org.br\/es\/wp-json\/wp\/v2\/media?parent=33608"}],"wp:term":[{"taxonomy":"category","embeddable":true,"href":"https:\/\/clam.org.br\/es\/wp-json\/wp\/v2\/categories?post=33608"},{"taxonomy":"post_tag","embeddable":true,"href":"https:\/\/clam.org.br\/es\/wp-json\/wp\/v2\/tags?post=33608"}],"curies":[{"name":"wp","href":"https:\/\/api.w.org\/{rel}","templated":true}]}}