{"id":33626,"date":"2007-09-03T00:00:00","date_gmt":"2007-09-03T03:00:00","guid":{"rendered":"https:\/\/clam.fw2web.com.br\/es\/2007\/09\/03\/ii-seminario-de-pesquisa-do-ims\/"},"modified":"2007-09-03T00:00:00","modified_gmt":"2007-09-03T03:00:00","slug":"ii-seminario-de-pesquisa-do-ims","status":"publish","type":"post","link":"https:\/\/clam.org.br\/es\/agenda\/ii-seminario-de-pesquisa-do-ims\/33626\/","title":{"rendered":"II Semin\u00e1rio de Pesquisa do IMS"},"content":{"rendered":"<p><P>O II Semin\u00e1rio de Pesquisa do IMS tem por objetivo a divulga\u00e7\u00e3o de projetos e pesquisas de mestrandos(as) e doutorandos(as) em \u00abCi\u00eancias Humanas e Sa\u00fade\u00bb, \u00abEpidemiologia\u00bb e \u00abPol\u00edtica, Planejamento e Administra\u00e7\u00e3o em Sa\u00fade\u00bb.<\/P> <P>O evento ocorrer\u00e1 de 05 a 07 de Novembro de 2007 no Audit\u00f3rio do IMS (Rua S\u00e3o Francisco Xavier, 524. 7\u00ba andar &#8211; Bloco D).<\/P><\/p>\n","protected":false},"excerpt":{"rendered":"<p>O II Semin\u00e1rio de Pesquisa do IMS tem por objetivo a divulga\u00e7\u00e3o de projetos e pesquisas de mestrandos(as) e doutorandos(as) em \u00abCi\u00eancias Humanas e Sa\u00fade\u00bb, \u00abEpidemiologia\u00bb e \u00abPol\u00edtica, Planejamento e Administra\u00e7\u00e3o em Sa\u00fade\u00bb. O evento ocorrer\u00e1 de 05 a 07 de Novembro de 2007 no Audit\u00f3rio do IMS (Rua S\u00e3o Francisco Xavier, 524. 7\u00ba andar &#8211; Bloco D).<\/p>\n","protected":false},"author":1,"featured_media":0,"comment_status":"open","ping_status":"open","sticky":false,"template":"","format":"standard","meta":{"_acf_changed":false,"site-sidebar-layout":"default","site-content-layout":"default","ast-global-header-display":"","ast-main-header-display":"","ast-hfb-above-header-display":"","ast-hfb-below-header-display":"","ast-hfb-mobile-header-display":"","site-post-title":"","ast-breadcrumbs-content":"","ast-featured-img":"","footer-sml-layout":"","theme-transparent-header-meta":"","adv-header-id-meta":"","stick-header-meta":"","header-above-stick-meta":"","header-main-stick-meta":"","header-below-stick-meta":"","_jetpack_memberships_contains_paid_content":false,"footnotes":""},"categories":[28],"tags":[],"class_list":["post-33626","post","type-post","status-publish","format-standard","hentry","category-agenda"],"acf":[],"yoast_head":"<!-- This site is optimized with the Yoast SEO plugin v26.1.1 - https:\/\/yoast.com\/wordpress\/plugins\/seo\/ -->\n<title>II Semin\u00e1rio de Pesquisa do IMS - CLAM - ES<\/title>\n<meta name=\"robots\" content=\"index, follow, max-snippet:-1, max-image-preview:large, max-video-preview:-1\" \/>\n<link rel=\"canonical\" href=\"https:\/\/clam.org.br\/es\/agenda\/ii-seminario-de-pesquisa-do-ims\/33626\/\" \/>\n<meta property=\"og:locale\" content=\"es_ES\" \/>\n<meta property=\"og:type\" content=\"article\" \/>\n<meta property=\"og:title\" content=\"II Semin\u00e1rio de Pesquisa do IMS - CLAM - ES\" \/>\n<meta property=\"og:description\" content=\"O II Semin\u00e1rio de Pesquisa do IMS tem por objetivo a divulga\u00e7\u00e3o de projetos e pesquisas de mestrandos(as) e doutorandos(as) em &quot;Ci\u00eancias Humanas e Sa\u00fade&quot;, &quot;Epidemiologia&quot; e &quot;Pol\u00edtica, Planejamento e Administra\u00e7\u00e3o em Sa\u00fade&quot;. O evento ocorrer\u00e1 de 05 a 07 de Novembro de 2007 no Audit\u00f3rio do IMS (Rua S\u00e3o Francisco Xavier, 524. 7\u00ba andar - Bloco D).\" \/>\n<meta property=\"og:url\" content=\"https:\/\/clam.org.br\/es\/agenda\/ii-seminario-de-pesquisa-do-ims\/33626\/\" \/>\n<meta property=\"og:site_name\" content=\"CLAM - ES\" \/>\n<meta property=\"article:published_time\" content=\"2007-09-03T03:00:00+00:00\" \/>\n<meta name=\"author\" content=\"fw2\" \/>\n<meta name=\"twitter:card\" content=\"summary_large_image\" \/>\n<meta name=\"twitter:label1\" content=\"Escrito por\" \/>\n\t<meta name=\"twitter:data1\" content=\"fw2\" \/>\n<script type=\"application\/ld+json\" class=\"yoast-schema-graph\">{\"@context\":\"https:\/\/schema.org\",\"@graph\":[{\"@type\":\"WebPage\",\"@id\":\"https:\/\/clam.org.br\/es\/agenda\/ii-seminario-de-pesquisa-do-ims\/33626\/\",\"url\":\"https:\/\/clam.org.br\/es\/agenda\/ii-seminario-de-pesquisa-do-ims\/33626\/\",\"name\":\"II Semin\u00e1rio de Pesquisa do IMS - CLAM - ES\",\"isPartOf\":{\"@id\":\"https:\/\/clam.org.br\/es\/#website\"},\"datePublished\":\"2007-09-03T03:00:00+00:00\",\"author\":{\"@id\":\"https:\/\/clam.org.br\/es\/#\/schema\/person\/fbd9a86032bf7479f94b0ded196f1010\"},\"breadcrumb\":{\"@id\":\"https:\/\/clam.org.br\/es\/agenda\/ii-seminario-de-pesquisa-do-ims\/33626\/#breadcrumb\"},\"inLanguage\":\"es\",\"potentialAction\":[{\"@type\":\"ReadAction\",\"target\":[\"https:\/\/clam.org.br\/es\/agenda\/ii-seminario-de-pesquisa-do-ims\/33626\/\"]}]},{\"@type\":\"BreadcrumbList\",\"@id\":\"https:\/\/clam.org.br\/es\/agenda\/ii-seminario-de-pesquisa-do-ims\/33626\/#breadcrumb\",\"itemListElement\":[{\"@type\":\"ListItem\",\"position\":1,\"name\":\"In\u00edcio\",\"item\":\"https:\/\/clam.org.br\/es\/\"},{\"@type\":\"ListItem\",\"position\":2,\"name\":\"II Semin\u00e1rio de Pesquisa do IMS\"}]},{\"@type\":\"WebSite\",\"@id\":\"https:\/\/clam.org.br\/es\/#website\",\"url\":\"https:\/\/clam.org.br\/es\/\",\"name\":\"CLAM - ES\",\"description\":\"S\u00f3 mais um site CLAM - Centro Latino-Americano em Sexualidade e Direitos Humanos sites\",\"potentialAction\":[{\"@type\":\"SearchAction\",\"target\":{\"@type\":\"EntryPoint\",\"urlTemplate\":\"https:\/\/clam.org.br\/es\/?s={search_term_string}\"},\"query-input\":{\"@type\":\"PropertyValueSpecification\",\"valueRequired\":true,\"valueName\":\"search_term_string\"}}],\"inLanguage\":\"es\"},{\"@type\":\"Person\",\"@id\":\"https:\/\/clam.org.br\/es\/#\/schema\/person\/fbd9a86032bf7479f94b0ded196f1010\",\"name\":\"fw2\",\"image\":{\"@type\":\"ImageObject\",\"inLanguage\":\"es\",\"@id\":\"https:\/\/clam.org.br\/es\/#\/schema\/person\/image\/\",\"url\":\"https:\/\/secure.gravatar.com\/avatar\/c38472c0cdbde82d9b6fcc26adb3779d?s=96&d=mm&r=g\",\"contentUrl\":\"https:\/\/secure.gravatar.com\/avatar\/c38472c0cdbde82d9b6fcc26adb3779d?s=96&d=mm&r=g\",\"caption\":\"fw2\"},\"sameAs\":[\"https:\/\/clam.fw2web.com.br\"],\"url\":\"https:\/\/clam.org.br\/es\/author\/fw2\/\"}]}<\/script>\n<!-- \/ Yoast SEO plugin. -->","yoast_head_json":{"title":"II Semin\u00e1rio de Pesquisa do IMS - CLAM - ES","robots":{"index":"index","follow":"follow","max-snippet":"max-snippet:-1","max-image-preview":"max-image-preview:large","max-video-preview":"max-video-preview:-1"},"canonical":"https:\/\/clam.org.br\/es\/agenda\/ii-seminario-de-pesquisa-do-ims\/33626\/","og_locale":"es_ES","og_type":"article","og_title":"II Semin\u00e1rio de Pesquisa do IMS - CLAM - ES","og_description":"O II Semin\u00e1rio de Pesquisa do IMS tem por objetivo a divulga\u00e7\u00e3o de projetos e pesquisas de mestrandos(as) e doutorandos(as) em \"Ci\u00eancias Humanas e Sa\u00fade\", \"Epidemiologia\" e \"Pol\u00edtica, Planejamento e Administra\u00e7\u00e3o em Sa\u00fade\". O evento ocorrer\u00e1 de 05 a 07 de Novembro de 2007 no Audit\u00f3rio do IMS (Rua S\u00e3o Francisco Xavier, 524. 7\u00ba andar - Bloco D).","og_url":"https:\/\/clam.org.br\/es\/agenda\/ii-seminario-de-pesquisa-do-ims\/33626\/","og_site_name":"CLAM - ES","article_published_time":"2007-09-03T03:00:00+00:00","author":"fw2","twitter_card":"summary_large_image","twitter_misc":{"Escrito por":"fw2"},"schema":{"@context":"https:\/\/schema.org","@graph":[{"@type":"WebPage","@id":"https:\/\/clam.org.br\/es\/agenda\/ii-seminario-de-pesquisa-do-ims\/33626\/","url":"https:\/\/clam.org.br\/es\/agenda\/ii-seminario-de-pesquisa-do-ims\/33626\/","name":"II Semin\u00e1rio de Pesquisa do IMS - CLAM - ES","isPartOf":{"@id":"https:\/\/clam.org.br\/es\/#website"},"datePublished":"2007-09-03T03:00:00+00:00","author":{"@id":"https:\/\/clam.org.br\/es\/#\/schema\/person\/fbd9a86032bf7479f94b0ded196f1010"},"breadcrumb":{"@id":"https:\/\/clam.org.br\/es\/agenda\/ii-seminario-de-pesquisa-do-ims\/33626\/#breadcrumb"},"inLanguage":"es","potentialAction":[{"@type":"ReadAction","target":["https:\/\/clam.org.br\/es\/agenda\/ii-seminario-de-pesquisa-do-ims\/33626\/"]}]},{"@type":"BreadcrumbList","@id":"https:\/\/clam.org.br\/es\/agenda\/ii-seminario-de-pesquisa-do-ims\/33626\/#breadcrumb","itemListElement":[{"@type":"ListItem","position":1,"name":"In\u00edcio","item":"https:\/\/clam.org.br\/es\/"},{"@type":"ListItem","position":2,"name":"II Semin\u00e1rio de Pesquisa do IMS"}]},{"@type":"WebSite","@id":"https:\/\/clam.org.br\/es\/#website","url":"https:\/\/clam.org.br\/es\/","name":"CLAM - ES","description":"S\u00f3 mais um site CLAM - Centro Latino-Americano em Sexualidade e Direitos Humanos sites","potentialAction":[{"@type":"SearchAction","target":{"@type":"EntryPoint","urlTemplate":"https:\/\/clam.org.br\/es\/?s={search_term_string}"},"query-input":{"@type":"PropertyValueSpecification","valueRequired":true,"valueName":"search_term_string"}}],"inLanguage":"es"},{"@type":"Person","@id":"https:\/\/clam.org.br\/es\/#\/schema\/person\/fbd9a86032bf7479f94b0ded196f1010","name":"fw2","image":{"@type":"ImageObject","inLanguage":"es","@id":"https:\/\/clam.org.br\/es\/#\/schema\/person\/image\/","url":"https:\/\/secure.gravatar.com\/avatar\/c38472c0cdbde82d9b6fcc26adb3779d?s=96&d=mm&r=g","contentUrl":"https:\/\/secure.gravatar.com\/avatar\/c38472c0cdbde82d9b6fcc26adb3779d?s=96&d=mm&r=g","caption":"fw2"},"sameAs":["https:\/\/clam.fw2web.com.br"],"url":"https:\/\/clam.org.br\/es\/author\/fw2\/"}]}},"jetpack_featured_media_url":"","jetpack_sharing_enabled":true,"_links":{"self":[{"href":"https:\/\/clam.org.br\/es\/wp-json\/wp\/v2\/posts\/33626","targetHints":{"allow":["GET"]}}],"collection":[{"href":"https:\/\/clam.org.br\/es\/wp-json\/wp\/v2\/posts"}],"about":[{"href":"https:\/\/clam.org.br\/es\/wp-json\/wp\/v2\/types\/post"}],"author":[{"embeddable":true,"href":"https:\/\/clam.org.br\/es\/wp-json\/wp\/v2\/users\/1"}],"replies":[{"embeddable":true,"href":"https:\/\/clam.org.br\/es\/wp-json\/wp\/v2\/comments?post=33626"}],"version-history":[{"count":0,"href":"https:\/\/clam.org.br\/es\/wp-json\/wp\/v2\/posts\/33626\/revisions"}],"wp:attachment":[{"href":"https:\/\/clam.org.br\/es\/wp-json\/wp\/v2\/media?parent=33626"}],"wp:term":[{"taxonomy":"category","embeddable":true,"href":"https:\/\/clam.org.br\/es\/wp-json\/wp\/v2\/categories?post=33626"},{"taxonomy":"post_tag","embeddable":true,"href":"https:\/\/clam.org.br\/es\/wp-json\/wp\/v2\/tags?post=33626"}],"curies":[{"name":"wp","href":"https:\/\/api.w.org\/{rel}","templated":true}]}}