{"id":33629,"date":"2007-09-04T00:00:00","date_gmt":"2007-09-04T03:00:00","guid":{"rendered":"https:\/\/clam.fw2web.com.br\/es\/2007\/09\/04\/seminario-nacional-a-mulher-e-a-midia-4\/"},"modified":"2007-09-04T00:00:00","modified_gmt":"2007-09-04T03:00:00","slug":"seminario-nacional-a-mulher-e-a-midia-4","status":"publish","type":"post","link":"https:\/\/clam.org.br\/es\/agenda\/seminario-nacional-a-mulher-e-a-midia-4\/33629\/","title":{"rendered":"Semin\u00e1rio Nacional: A Mulher e a M\u00eddia 4"},"content":{"rendered":"<p>A Secretaria Especial de Pol\u00edticas para Mulheres (SPM), o Instituto Patr\u00edcia Galv\u00e3o e o Fundo de Desenvolvimento das Na\u00e7\u00f5es Unidas para a Mulher (UNIFEM) realizar\u00e3o a 4\u00aa edi\u00e7\u00e3o do Semin\u00e1rio Nacional <B>A Mulher e a M\u00eddia<\/B>, no Rio de Janeiro, nos dias 22 e 23 de setembro de 2007, no Hotel Novo Mundo &#8211; Praia do Flamengo, 20.<BR>  <P>Realizados desde 2004, esses encontros t\u00eam proporcionado diversas reflex\u00f5es sobre o comportamento da m\u00eddia brasileira e latino-americana em rela\u00e7\u00e3o \u00e0s mulheres e t\u00eam contado com a participa\u00e7\u00e3o de profissionais qualificadas\/os na \u00e1rea de comunica\u00e7\u00e3o.<BR>  <P><B>A Mulher e a M\u00eddia 4<\/B> ter\u00e1 em pauta os seguintes temas:<BR>  <P><B>TV p\u00fablica: Amplia\u00e7\u00e3o dos canais de express\u00e3o para mulheres?<\/B>Valores, opini\u00e3o e o protagonismo das mulheres; TV e as quest\u00f5es que envolvem os direitos das mulheres;<BR>  <P><B>A m\u00eddia desqualifica as mulheres no poder<\/B>A falta de sintonia frente aos novos tempos e a insensibilidade da m\u00eddia na rela\u00e7\u00e3o com as mulheres no poder;<BR>  <P><B>Cultura, comunica\u00e7\u00e3o e uma m\u00eddia n\u00e3o-discriminat\u00f3ria<\/B>Difus\u00e3o de imagens n\u00e3o-discriminat\u00f3rias e n\u00e3o-estereotipadas das mulheres; constru\u00e7\u00e3o de mecanismos de controle social nos meios de comunica\u00e7\u00e3o;<BR>  <P><B>As mulheres e as novas fronteiras da m\u00eddia<\/B>Interatividade; informa\u00e7\u00e3o e retorno instant\u00e2neo; acessibilidade; not\u00edcia cidad\u00e3.<BR>  <P>A Programa\u00e7\u00e3o detalhada do Semin\u00e1rio ser\u00e1 divulgada em breve, j\u00e1 com os nomes das\/os palestrantes confirmadas\/os<BR>  <P><B>P\u00fablico<\/B>O Semin\u00e1rio \u00e9 voltado especialmente para quem atua nas \u00e1reas de comunica\u00e7\u00e3o e g\u00eanero.<BR>  <P><B>Alimenta\u00e7\u00e3o e hospedagem<\/B>A organiza\u00e7\u00e3o do evento oferecer\u00e1 almo\u00e7o e coffee break para as\/os participantes nos dois dias do evento, mas n\u00e3o arcar\u00e1 com nenhuma outra despesa relativa a transporte, alimenta\u00e7\u00e3o etc.<BR>  <P>Para as\/os participantes que n\u00e3o residem na cidade do Rio de Janeiro, ser\u00e1 oferecida hospedagem no Hotel Novo Mundo, a partir da noite do dia 21 de setembro at\u00e9 o dia 23\/9.<BR>  <P><B>Pr\u00e9-inscri\u00e7\u00f5es<\/B>O Semin\u00e1rio tem n\u00famero limitado de vagas e as inscri\u00e7\u00f5es s\u00e3o gratuitas. \u00c9 necess\u00e1rio fazer uma pr\u00e9-inscri\u00e7\u00e3o atrav\u00e9s dos endere\u00e7os <a href=\"http:\/\/www.planalto.gov.br\/spmulheres\" target=\"_blank\" rel=\"noopener\">www.planalto.gov.br\/spmulheres<\/A>&nbsp;e&nbsp;<a href=\"http:\/\/www.patriciagalvao.org.br\/\" target=\"_blank\" rel=\"noopener\">www.patriciagalvao.org.br<\/A> e aguardar a confirma\u00e7\u00e3o de sua inscri\u00e7\u00e3o pela organiza\u00e7\u00e3o do evento.<BR>  <P><B>Mais informa\u00e7\u00f5es:<\/B> <A href=\"mailto:mulhermidia.2007@globo.com\">mulhermidia.2007@globo.com<\/A>  <P><a href=\"http:\/\/www.patriciagalvao.org.br\/novo2\/formulario.php\" target=\"_blank\" rel=\"noopener\">Fa\u00e7a j\u00e1 a sua pr\u00e9-inscri\u00e7\u00e3o!<\/A><\/P><\/p>\n","protected":false},"excerpt":{"rendered":"<p>A Secretaria Especial de Pol\u00edticas para Mulheres (SPM), o Instituto Patr\u00edcia Galv\u00e3o e o Fundo de Desenvolvimento das Na\u00e7\u00f5es Unidas para a Mulher (UNIFEM) realizar\u00e3o a 4\u00aa edi\u00e7\u00e3o do Semin\u00e1rio Nacional A Mulher e a M\u00eddia, no Rio de Janeiro, nos dias 22 e 23 de setembro de 2007, no Hotel Novo Mundo &#8211; Praia do Flamengo, 20.<\/p>\n","protected":false},"author":1,"featured_media":0,"comment_status":"open","ping_status":"open","sticky":false,"template":"","format":"standard","meta":{"_acf_changed":false,"site-sidebar-layout":"default","site-content-layout":"default","ast-global-header-display":"","ast-main-header-display":"","ast-hfb-above-header-display":"","ast-hfb-below-header-display":"","ast-hfb-mobile-header-display":"","site-post-title":"","ast-breadcrumbs-content":"","ast-featured-img":"","footer-sml-layout":"","theme-transparent-header-meta":"","adv-header-id-meta":"","stick-header-meta":"","header-above-stick-meta":"","header-main-stick-meta":"","header-below-stick-meta":"","_jetpack_memberships_contains_paid_content":false,"footnotes":""},"categories":[28],"tags":[],"class_list":["post-33629","post","type-post","status-publish","format-standard","hentry","category-agenda"],"acf":[],"yoast_head":"<!-- This site is optimized with the Yoast SEO plugin v26.1.1 - https:\/\/yoast.com\/wordpress\/plugins\/seo\/ -->\n<title>Semin\u00e1rio Nacional: A Mulher e a M\u00eddia 4 - CLAM - ES<\/title>\n<meta name=\"robots\" content=\"index, follow, max-snippet:-1, max-image-preview:large, max-video-preview:-1\" \/>\n<link rel=\"canonical\" href=\"https:\/\/clam.org.br\/es\/agenda\/seminario-nacional-a-mulher-e-a-midia-4\/33629\/\" \/>\n<meta property=\"og:locale\" content=\"es_ES\" \/>\n<meta property=\"og:type\" content=\"article\" \/>\n<meta property=\"og:title\" content=\"Semin\u00e1rio Nacional: A Mulher e a M\u00eddia 4 - CLAM - ES\" \/>\n<meta property=\"og:description\" content=\"A Secretaria Especial de Pol\u00edticas para Mulheres (SPM), o Instituto Patr\u00edcia Galv\u00e3o e o Fundo de Desenvolvimento das Na\u00e7\u00f5es Unidas para a Mulher (UNIFEM) realizar\u00e3o a 4\u00aa edi\u00e7\u00e3o do Semin\u00e1rio Nacional A Mulher e a M\u00eddia, no Rio de Janeiro, nos dias 22 e 23 de setembro de 2007, no Hotel Novo Mundo - Praia do Flamengo, 20.\" \/>\n<meta property=\"og:url\" content=\"https:\/\/clam.org.br\/es\/agenda\/seminario-nacional-a-mulher-e-a-midia-4\/33629\/\" \/>\n<meta property=\"og:site_name\" content=\"CLAM - ES\" \/>\n<meta property=\"article:published_time\" content=\"2007-09-04T03:00:00+00:00\" \/>\n<meta name=\"author\" content=\"fw2\" \/>\n<meta name=\"twitter:card\" content=\"summary_large_image\" \/>\n<meta name=\"twitter:label1\" content=\"Escrito por\" \/>\n\t<meta name=\"twitter:data1\" content=\"fw2\" \/>\n\t<meta name=\"twitter:label2\" content=\"Tiempo de lectura\" \/>\n\t<meta name=\"twitter:data2\" content=\"2 minutos\" \/>\n<script type=\"application\/ld+json\" class=\"yoast-schema-graph\">{\"@context\":\"https:\/\/schema.org\",\"@graph\":[{\"@type\":\"WebPage\",\"@id\":\"https:\/\/clam.org.br\/es\/agenda\/seminario-nacional-a-mulher-e-a-midia-4\/33629\/\",\"url\":\"https:\/\/clam.org.br\/es\/agenda\/seminario-nacional-a-mulher-e-a-midia-4\/33629\/\",\"name\":\"Semin\u00e1rio Nacional: A Mulher e a M\u00eddia 4 - CLAM - ES\",\"isPartOf\":{\"@id\":\"https:\/\/clam.org.br\/es\/#website\"},\"datePublished\":\"2007-09-04T03:00:00+00:00\",\"author\":{\"@id\":\"https:\/\/clam.org.br\/es\/#\/schema\/person\/fbd9a86032bf7479f94b0ded196f1010\"},\"breadcrumb\":{\"@id\":\"https:\/\/clam.org.br\/es\/agenda\/seminario-nacional-a-mulher-e-a-midia-4\/33629\/#breadcrumb\"},\"inLanguage\":\"es\",\"potentialAction\":[{\"@type\":\"ReadAction\",\"target\":[\"https:\/\/clam.org.br\/es\/agenda\/seminario-nacional-a-mulher-e-a-midia-4\/33629\/\"]}]},{\"@type\":\"BreadcrumbList\",\"@id\":\"https:\/\/clam.org.br\/es\/agenda\/seminario-nacional-a-mulher-e-a-midia-4\/33629\/#breadcrumb\",\"itemListElement\":[{\"@type\":\"ListItem\",\"position\":1,\"name\":\"In\u00edcio\",\"item\":\"https:\/\/clam.org.br\/es\/\"},{\"@type\":\"ListItem\",\"position\":2,\"name\":\"Semin\u00e1rio Nacional: A Mulher e a M\u00eddia 4\"}]},{\"@type\":\"WebSite\",\"@id\":\"https:\/\/clam.org.br\/es\/#website\",\"url\":\"https:\/\/clam.org.br\/es\/\",\"name\":\"CLAM - ES\",\"description\":\"S\u00f3 mais um site CLAM - Centro Latino-Americano em Sexualidade e Direitos Humanos sites\",\"potentialAction\":[{\"@type\":\"SearchAction\",\"target\":{\"@type\":\"EntryPoint\",\"urlTemplate\":\"https:\/\/clam.org.br\/es\/?s={search_term_string}\"},\"query-input\":{\"@type\":\"PropertyValueSpecification\",\"valueRequired\":true,\"valueName\":\"search_term_string\"}}],\"inLanguage\":\"es\"},{\"@type\":\"Person\",\"@id\":\"https:\/\/clam.org.br\/es\/#\/schema\/person\/fbd9a86032bf7479f94b0ded196f1010\",\"name\":\"fw2\",\"image\":{\"@type\":\"ImageObject\",\"inLanguage\":\"es\",\"@id\":\"https:\/\/clam.org.br\/es\/#\/schema\/person\/image\/\",\"url\":\"https:\/\/secure.gravatar.com\/avatar\/c38472c0cdbde82d9b6fcc26adb3779d?s=96&d=mm&r=g\",\"contentUrl\":\"https:\/\/secure.gravatar.com\/avatar\/c38472c0cdbde82d9b6fcc26adb3779d?s=96&d=mm&r=g\",\"caption\":\"fw2\"},\"sameAs\":[\"https:\/\/clam.fw2web.com.br\"],\"url\":\"https:\/\/clam.org.br\/es\/author\/fw2\/\"}]}<\/script>\n<!-- \/ Yoast SEO plugin. -->","yoast_head_json":{"title":"Semin\u00e1rio Nacional: A Mulher e a M\u00eddia 4 - CLAM - ES","robots":{"index":"index","follow":"follow","max-snippet":"max-snippet:-1","max-image-preview":"max-image-preview:large","max-video-preview":"max-video-preview:-1"},"canonical":"https:\/\/clam.org.br\/es\/agenda\/seminario-nacional-a-mulher-e-a-midia-4\/33629\/","og_locale":"es_ES","og_type":"article","og_title":"Semin\u00e1rio Nacional: A Mulher e a M\u00eddia 4 - CLAM - ES","og_description":"A Secretaria Especial de Pol\u00edticas para Mulheres (SPM), o Instituto Patr\u00edcia Galv\u00e3o e o Fundo de Desenvolvimento das Na\u00e7\u00f5es Unidas para a Mulher (UNIFEM) realizar\u00e3o a 4\u00aa edi\u00e7\u00e3o do Semin\u00e1rio Nacional A Mulher e a M\u00eddia, no Rio de Janeiro, nos dias 22 e 23 de setembro de 2007, no Hotel Novo Mundo - Praia do Flamengo, 20.","og_url":"https:\/\/clam.org.br\/es\/agenda\/seminario-nacional-a-mulher-e-a-midia-4\/33629\/","og_site_name":"CLAM - ES","article_published_time":"2007-09-04T03:00:00+00:00","author":"fw2","twitter_card":"summary_large_image","twitter_misc":{"Escrito por":"fw2","Tiempo de lectura":"2 minutos"},"schema":{"@context":"https:\/\/schema.org","@graph":[{"@type":"WebPage","@id":"https:\/\/clam.org.br\/es\/agenda\/seminario-nacional-a-mulher-e-a-midia-4\/33629\/","url":"https:\/\/clam.org.br\/es\/agenda\/seminario-nacional-a-mulher-e-a-midia-4\/33629\/","name":"Semin\u00e1rio Nacional: A Mulher e a M\u00eddia 4 - CLAM - ES","isPartOf":{"@id":"https:\/\/clam.org.br\/es\/#website"},"datePublished":"2007-09-04T03:00:00+00:00","author":{"@id":"https:\/\/clam.org.br\/es\/#\/schema\/person\/fbd9a86032bf7479f94b0ded196f1010"},"breadcrumb":{"@id":"https:\/\/clam.org.br\/es\/agenda\/seminario-nacional-a-mulher-e-a-midia-4\/33629\/#breadcrumb"},"inLanguage":"es","potentialAction":[{"@type":"ReadAction","target":["https:\/\/clam.org.br\/es\/agenda\/seminario-nacional-a-mulher-e-a-midia-4\/33629\/"]}]},{"@type":"BreadcrumbList","@id":"https:\/\/clam.org.br\/es\/agenda\/seminario-nacional-a-mulher-e-a-midia-4\/33629\/#breadcrumb","itemListElement":[{"@type":"ListItem","position":1,"name":"In\u00edcio","item":"https:\/\/clam.org.br\/es\/"},{"@type":"ListItem","position":2,"name":"Semin\u00e1rio Nacional: A Mulher e a M\u00eddia 4"}]},{"@type":"WebSite","@id":"https:\/\/clam.org.br\/es\/#website","url":"https:\/\/clam.org.br\/es\/","name":"CLAM - ES","description":"S\u00f3 mais um site CLAM - Centro Latino-Americano em Sexualidade e Direitos Humanos sites","potentialAction":[{"@type":"SearchAction","target":{"@type":"EntryPoint","urlTemplate":"https:\/\/clam.org.br\/es\/?s={search_term_string}"},"query-input":{"@type":"PropertyValueSpecification","valueRequired":true,"valueName":"search_term_string"}}],"inLanguage":"es"},{"@type":"Person","@id":"https:\/\/clam.org.br\/es\/#\/schema\/person\/fbd9a86032bf7479f94b0ded196f1010","name":"fw2","image":{"@type":"ImageObject","inLanguage":"es","@id":"https:\/\/clam.org.br\/es\/#\/schema\/person\/image\/","url":"https:\/\/secure.gravatar.com\/avatar\/c38472c0cdbde82d9b6fcc26adb3779d?s=96&d=mm&r=g","contentUrl":"https:\/\/secure.gravatar.com\/avatar\/c38472c0cdbde82d9b6fcc26adb3779d?s=96&d=mm&r=g","caption":"fw2"},"sameAs":["https:\/\/clam.fw2web.com.br"],"url":"https:\/\/clam.org.br\/es\/author\/fw2\/"}]}},"jetpack_featured_media_url":"","jetpack_sharing_enabled":true,"_links":{"self":[{"href":"https:\/\/clam.org.br\/es\/wp-json\/wp\/v2\/posts\/33629","targetHints":{"allow":["GET"]}}],"collection":[{"href":"https:\/\/clam.org.br\/es\/wp-json\/wp\/v2\/posts"}],"about":[{"href":"https:\/\/clam.org.br\/es\/wp-json\/wp\/v2\/types\/post"}],"author":[{"embeddable":true,"href":"https:\/\/clam.org.br\/es\/wp-json\/wp\/v2\/users\/1"}],"replies":[{"embeddable":true,"href":"https:\/\/clam.org.br\/es\/wp-json\/wp\/v2\/comments?post=33629"}],"version-history":[{"count":0,"href":"https:\/\/clam.org.br\/es\/wp-json\/wp\/v2\/posts\/33629\/revisions"}],"wp:attachment":[{"href":"https:\/\/clam.org.br\/es\/wp-json\/wp\/v2\/media?parent=33629"}],"wp:term":[{"taxonomy":"category","embeddable":true,"href":"https:\/\/clam.org.br\/es\/wp-json\/wp\/v2\/categories?post=33629"},{"taxonomy":"post_tag","embeddable":true,"href":"https:\/\/clam.org.br\/es\/wp-json\/wp\/v2\/tags?post=33629"}],"curies":[{"name":"wp","href":"https:\/\/api.w.org\/{rel}","templated":true}]}}