{"id":33637,"date":"2007-09-18T00:00:00","date_gmt":"2007-09-18T03:00:00","guid":{"rendered":"https:\/\/clam.fw2web.com.br\/es\/2007\/09\/18\/taller-prostitucion-sexualidad-y-mitos\/"},"modified":"2007-09-18T00:00:00","modified_gmt":"2007-09-18T03:00:00","slug":"taller-prostitucion-sexualidad-y-mitos","status":"publish","type":"post","link":"https:\/\/clam.org.br\/es\/agenda\/taller-prostitucion-sexualidad-y-mitos\/33637\/","title":{"rendered":"Taller: Prostituci\u00f3n, sexualidad y mitos"},"content":{"rendered":"<p>Es una jornada de todo un d\u00eda en el que se reflexionar\u00e1 y analizar\u00e1 el significado de la problem\u00e1tica de la prostituci\u00f3n, y se brindar\u00e1n las herramientas b\u00e1sicas para su prevenci\u00f3n en nuestra juventud. La cita es el s\u00e1bado 29 de setiembre de 2007, en el Hotel Col\u00f3n, ubicado en Calle Col\u00f3n 600 Esquina con Juan Fanning (Alt. Cdra. 12 de Larco) en Miraflores.<BR>  <P>La participaci\u00f3n en el taller incluye la entrega de materiales, constancia de asistencia, refrigerios y almuerzo. Este a\u00f1o el donativo es de S\/.15.00, que se har\u00e1 efectivo el mismo d\u00eda del taller al momento de ingresar.<BR>  <P>Las personas interesadas en participar deber\u00e1n llenar completamente la Ficha de Inscripci\u00f3n y enviarla por correo electr\u00f3nico a talleres@movimientoelpozo.org , tambi\u00e9n pueden imprimirlo y enviarlo por fax al 423-5852 o llamar al mismo n\u00famero (423-5852) y brindar sus datos a las se\u00f1oritas Sadith Salda\u00f1a o Lucy J\u00e1uregui.<BR>  <P>Las vacantes son limitadas.<BR>  <P>Para obtener la ficha de inscripci\u00f3n visite el sitio web&nbsp;<SPAN style=\"FONT-SIZE: 10pt; FONT-FAMILY: Verdana; mso-ansi-language: ES\"><SPAN style=\"mso-spacerun: yes\"><a href=\"http:\/\/www.movimientoelpozo.org\/taller.htm\" target=\"_blank\" rel=\"noopener\">http:\/\/www.movimientoelpozo.org\/taller.htm<\/A><\/SPAN><SPAN lang=ES><SPAN style=\"COLOR: #333333\"> <\/SPAN><?xml:namespace prefix = o ns = \"urn:schemas-microsoft-com:office:office\" \/><o_p><\/o_p><\/SPAN><\/SPAN><\/P><\/p>\n","protected":false},"excerpt":{"rendered":"<p>El Movimiento &ldquo;El Pozo&rdquo; invita a participar del taller &ldquo;Prostituci\u00f3n, sexualidad y mitos&rdquo;, dirigido a maestras, maestros de educaci\u00f3n secundaria y profesionales que trabajan con j\u00f3venes. El mismo se llevar\u00e1 a cabo el 29 de septiembre en jornada completa.<\/p>\n","protected":false},"author":1,"featured_media":0,"comment_status":"open","ping_status":"open","sticky":false,"template":"","format":"standard","meta":{"_acf_changed":false,"site-sidebar-layout":"default","site-content-layout":"default","ast-global-header-display":"","ast-main-header-display":"","ast-hfb-above-header-display":"","ast-hfb-below-header-display":"","ast-hfb-mobile-header-display":"","site-post-title":"","ast-breadcrumbs-content":"","ast-featured-img":"","footer-sml-layout":"","theme-transparent-header-meta":"","adv-header-id-meta":"","stick-header-meta":"","header-above-stick-meta":"","header-main-stick-meta":"","header-below-stick-meta":"","_jetpack_memberships_contains_paid_content":false,"footnotes":""},"categories":[28],"tags":[],"class_list":["post-33637","post","type-post","status-publish","format-standard","hentry","category-agenda"],"acf":[],"yoast_head":"<!-- This site is optimized with the Yoast SEO plugin v26.1.1 - https:\/\/yoast.com\/wordpress\/plugins\/seo\/ -->\n<title>Taller: Prostituci\u00f3n, sexualidad y mitos - CLAM - ES<\/title>\n<meta name=\"robots\" content=\"index, follow, max-snippet:-1, max-image-preview:large, max-video-preview:-1\" \/>\n<link rel=\"canonical\" href=\"https:\/\/clam.org.br\/es\/agenda\/taller-prostitucion-sexualidad-y-mitos\/33637\/\" \/>\n<meta property=\"og:locale\" content=\"es_ES\" \/>\n<meta property=\"og:type\" content=\"article\" \/>\n<meta property=\"og:title\" content=\"Taller: Prostituci\u00f3n, sexualidad y mitos - CLAM - ES\" \/>\n<meta property=\"og:description\" content=\"El Movimiento &ldquo;El Pozo&rdquo; invita a participar del taller &ldquo;Prostituci\u00f3n, sexualidad y mitos&rdquo;, dirigido a maestras, maestros de educaci\u00f3n secundaria y profesionales que trabajan con j\u00f3venes. El mismo se llevar\u00e1 a cabo el 29 de septiembre en jornada completa.\" \/>\n<meta property=\"og:url\" content=\"https:\/\/clam.org.br\/es\/agenda\/taller-prostitucion-sexualidad-y-mitos\/33637\/\" \/>\n<meta property=\"og:site_name\" content=\"CLAM - ES\" \/>\n<meta property=\"article:published_time\" content=\"2007-09-18T03:00:00+00:00\" \/>\n<meta name=\"author\" content=\"fw2\" \/>\n<meta name=\"twitter:card\" content=\"summary_large_image\" \/>\n<meta name=\"twitter:label1\" content=\"Escrito por\" \/>\n\t<meta name=\"twitter:data1\" content=\"fw2\" \/>\n\t<meta name=\"twitter:label2\" content=\"Tiempo de lectura\" \/>\n\t<meta name=\"twitter:data2\" content=\"1 minuto\" \/>\n<script type=\"application\/ld+json\" class=\"yoast-schema-graph\">{\"@context\":\"https:\/\/schema.org\",\"@graph\":[{\"@type\":\"WebPage\",\"@id\":\"https:\/\/clam.org.br\/es\/agenda\/taller-prostitucion-sexualidad-y-mitos\/33637\/\",\"url\":\"https:\/\/clam.org.br\/es\/agenda\/taller-prostitucion-sexualidad-y-mitos\/33637\/\",\"name\":\"Taller: Prostituci\u00f3n, sexualidad y mitos - CLAM - ES\",\"isPartOf\":{\"@id\":\"https:\/\/clam.org.br\/es\/#website\"},\"datePublished\":\"2007-09-18T03:00:00+00:00\",\"author\":{\"@id\":\"https:\/\/clam.org.br\/es\/#\/schema\/person\/fbd9a86032bf7479f94b0ded196f1010\"},\"breadcrumb\":{\"@id\":\"https:\/\/clam.org.br\/es\/agenda\/taller-prostitucion-sexualidad-y-mitos\/33637\/#breadcrumb\"},\"inLanguage\":\"es\",\"potentialAction\":[{\"@type\":\"ReadAction\",\"target\":[\"https:\/\/clam.org.br\/es\/agenda\/taller-prostitucion-sexualidad-y-mitos\/33637\/\"]}]},{\"@type\":\"BreadcrumbList\",\"@id\":\"https:\/\/clam.org.br\/es\/agenda\/taller-prostitucion-sexualidad-y-mitos\/33637\/#breadcrumb\",\"itemListElement\":[{\"@type\":\"ListItem\",\"position\":1,\"name\":\"In\u00edcio\",\"item\":\"https:\/\/clam.org.br\/es\/\"},{\"@type\":\"ListItem\",\"position\":2,\"name\":\"Taller: Prostituci\u00f3n, sexualidad y mitos\"}]},{\"@type\":\"WebSite\",\"@id\":\"https:\/\/clam.org.br\/es\/#website\",\"url\":\"https:\/\/clam.org.br\/es\/\",\"name\":\"CLAM - ES\",\"description\":\"S\u00f3 mais um site CLAM - Centro Latino-Americano em Sexualidade e Direitos Humanos sites\",\"potentialAction\":[{\"@type\":\"SearchAction\",\"target\":{\"@type\":\"EntryPoint\",\"urlTemplate\":\"https:\/\/clam.org.br\/es\/?s={search_term_string}\"},\"query-input\":{\"@type\":\"PropertyValueSpecification\",\"valueRequired\":true,\"valueName\":\"search_term_string\"}}],\"inLanguage\":\"es\"},{\"@type\":\"Person\",\"@id\":\"https:\/\/clam.org.br\/es\/#\/schema\/person\/fbd9a86032bf7479f94b0ded196f1010\",\"name\":\"fw2\",\"image\":{\"@type\":\"ImageObject\",\"inLanguage\":\"es\",\"@id\":\"https:\/\/clam.org.br\/es\/#\/schema\/person\/image\/\",\"url\":\"https:\/\/secure.gravatar.com\/avatar\/c38472c0cdbde82d9b6fcc26adb3779d?s=96&d=mm&r=g\",\"contentUrl\":\"https:\/\/secure.gravatar.com\/avatar\/c38472c0cdbde82d9b6fcc26adb3779d?s=96&d=mm&r=g\",\"caption\":\"fw2\"},\"sameAs\":[\"https:\/\/clam.fw2web.com.br\"],\"url\":\"https:\/\/clam.org.br\/es\/author\/fw2\/\"}]}<\/script>\n<!-- \/ Yoast SEO plugin. -->","yoast_head_json":{"title":"Taller: Prostituci\u00f3n, sexualidad y mitos - CLAM - ES","robots":{"index":"index","follow":"follow","max-snippet":"max-snippet:-1","max-image-preview":"max-image-preview:large","max-video-preview":"max-video-preview:-1"},"canonical":"https:\/\/clam.org.br\/es\/agenda\/taller-prostitucion-sexualidad-y-mitos\/33637\/","og_locale":"es_ES","og_type":"article","og_title":"Taller: Prostituci\u00f3n, sexualidad y mitos - CLAM - ES","og_description":"El Movimiento &ldquo;El Pozo&rdquo; invita a participar del taller &ldquo;Prostituci\u00f3n, sexualidad y mitos&rdquo;, dirigido a maestras, maestros de educaci\u00f3n secundaria y profesionales que trabajan con j\u00f3venes. El mismo se llevar\u00e1 a cabo el 29 de septiembre en jornada completa.","og_url":"https:\/\/clam.org.br\/es\/agenda\/taller-prostitucion-sexualidad-y-mitos\/33637\/","og_site_name":"CLAM - ES","article_published_time":"2007-09-18T03:00:00+00:00","author":"fw2","twitter_card":"summary_large_image","twitter_misc":{"Escrito por":"fw2","Tiempo de lectura":"1 minuto"},"schema":{"@context":"https:\/\/schema.org","@graph":[{"@type":"WebPage","@id":"https:\/\/clam.org.br\/es\/agenda\/taller-prostitucion-sexualidad-y-mitos\/33637\/","url":"https:\/\/clam.org.br\/es\/agenda\/taller-prostitucion-sexualidad-y-mitos\/33637\/","name":"Taller: Prostituci\u00f3n, sexualidad y mitos - CLAM - ES","isPartOf":{"@id":"https:\/\/clam.org.br\/es\/#website"},"datePublished":"2007-09-18T03:00:00+00:00","author":{"@id":"https:\/\/clam.org.br\/es\/#\/schema\/person\/fbd9a86032bf7479f94b0ded196f1010"},"breadcrumb":{"@id":"https:\/\/clam.org.br\/es\/agenda\/taller-prostitucion-sexualidad-y-mitos\/33637\/#breadcrumb"},"inLanguage":"es","potentialAction":[{"@type":"ReadAction","target":["https:\/\/clam.org.br\/es\/agenda\/taller-prostitucion-sexualidad-y-mitos\/33637\/"]}]},{"@type":"BreadcrumbList","@id":"https:\/\/clam.org.br\/es\/agenda\/taller-prostitucion-sexualidad-y-mitos\/33637\/#breadcrumb","itemListElement":[{"@type":"ListItem","position":1,"name":"In\u00edcio","item":"https:\/\/clam.org.br\/es\/"},{"@type":"ListItem","position":2,"name":"Taller: Prostituci\u00f3n, sexualidad y mitos"}]},{"@type":"WebSite","@id":"https:\/\/clam.org.br\/es\/#website","url":"https:\/\/clam.org.br\/es\/","name":"CLAM - ES","description":"S\u00f3 mais um site CLAM - Centro Latino-Americano em Sexualidade e Direitos Humanos sites","potentialAction":[{"@type":"SearchAction","target":{"@type":"EntryPoint","urlTemplate":"https:\/\/clam.org.br\/es\/?s={search_term_string}"},"query-input":{"@type":"PropertyValueSpecification","valueRequired":true,"valueName":"search_term_string"}}],"inLanguage":"es"},{"@type":"Person","@id":"https:\/\/clam.org.br\/es\/#\/schema\/person\/fbd9a86032bf7479f94b0ded196f1010","name":"fw2","image":{"@type":"ImageObject","inLanguage":"es","@id":"https:\/\/clam.org.br\/es\/#\/schema\/person\/image\/","url":"https:\/\/secure.gravatar.com\/avatar\/c38472c0cdbde82d9b6fcc26adb3779d?s=96&d=mm&r=g","contentUrl":"https:\/\/secure.gravatar.com\/avatar\/c38472c0cdbde82d9b6fcc26adb3779d?s=96&d=mm&r=g","caption":"fw2"},"sameAs":["https:\/\/clam.fw2web.com.br"],"url":"https:\/\/clam.org.br\/es\/author\/fw2\/"}]}},"jetpack_featured_media_url":"","jetpack_sharing_enabled":true,"_links":{"self":[{"href":"https:\/\/clam.org.br\/es\/wp-json\/wp\/v2\/posts\/33637","targetHints":{"allow":["GET"]}}],"collection":[{"href":"https:\/\/clam.org.br\/es\/wp-json\/wp\/v2\/posts"}],"about":[{"href":"https:\/\/clam.org.br\/es\/wp-json\/wp\/v2\/types\/post"}],"author":[{"embeddable":true,"href":"https:\/\/clam.org.br\/es\/wp-json\/wp\/v2\/users\/1"}],"replies":[{"embeddable":true,"href":"https:\/\/clam.org.br\/es\/wp-json\/wp\/v2\/comments?post=33637"}],"version-history":[{"count":0,"href":"https:\/\/clam.org.br\/es\/wp-json\/wp\/v2\/posts\/33637\/revisions"}],"wp:attachment":[{"href":"https:\/\/clam.org.br\/es\/wp-json\/wp\/v2\/media?parent=33637"}],"wp:term":[{"taxonomy":"category","embeddable":true,"href":"https:\/\/clam.org.br\/es\/wp-json\/wp\/v2\/categories?post=33637"},{"taxonomy":"post_tag","embeddable":true,"href":"https:\/\/clam.org.br\/es\/wp-json\/wp\/v2\/tags?post=33637"}],"curies":[{"name":"wp","href":"https:\/\/api.w.org\/{rel}","templated":true}]}}