{"id":33639,"date":"2007-09-18T00:00:00","date_gmt":"2007-09-18T03:00:00","guid":{"rendered":"https:\/\/clam.fw2web.com.br\/es\/2007\/09\/18\/reflexiones-criticas-sobre-feminismo-y-politica-de-identidad-en-america-latina\/"},"modified":"2007-09-18T00:00:00","modified_gmt":"2007-09-18T03:00:00","slug":"reflexiones-criticas-sobre-feminismo-y-politica-de-identidad-en-america-latina","status":"publish","type":"post","link":"https:\/\/clam.org.br\/es\/agenda\/reflexiones-criticas-sobre-feminismo-y-politica-de-identidad-en-america-latina\/33639\/","title":{"rendered":"Reflexiones cr\u00edticas sobre feminismo y pol\u00edtica de identidad en Am\u00e9rica Latina"},"content":{"rendered":"<p><P>En ocasi\u00f3n de la publicaci\u00f3n del libro Escritos de una lesbiana oscura: reflexiones cr\u00edticas sobre feminismo y pol\u00edtica de identidad en Am\u00e9rica Latina, su autora Yuderkys Espinosa Mi\u00f1oso y la editorial en la frontera, invitan a activistas feministas a compartir dos mesas redondas para debatir en torno a cuestiones que marcaron la agenda pol\u00edtica del moviento a lo largo de los \u00faltimos quince a\u00f1os.  <P>Cronograma <P>18 hs:  <P>La disputa en torno a autonom\u00eda-institucionalizaci\u00f3n en el devenir del feminismo latinoamericano.  <P>Comentaristas-expositoras: M\u00f3nica Tarducci, Alejandra Ciriza, Maira Leci\u00f1ana <P>19.30 hs.  <P>Pol\u00edtica de identidad y debates en torno al sujeto del feminismo.  <P>Comentaristas-expositoras: M\u00f3nica d&rsquo;Uva, Leonor Silvestri, Marlene Wayar.  <P>Sobre el libro:  <P>Es una compilaci\u00f3n de art\u00edculos elaborados a lo largo de once a\u00f1os en los que la autora expresa sus preocupaciones respecto la pr\u00e1ctica feminista y l\u00e9sbica feminista en la regi\u00f3n latinoamericana y caribe\u00f1a.  <P>Sobre la autora:  <P>Yuderkys Espinosa Mi\u00f1oso, naci\u00f3 en Santo Domingo, Rep\u00fablica Dominicana y vive junto a su hija, desde el 2001 en Buenos Aires, Argentina. Es activista feminista desde finales de los 80\u00b4s y desde 1995 incursiona en la teor\u00eda feminista y lesbiana.  <P>Sobre la editorial:  <P>El proyecto editorial en la frontera se propone abrir el abanico de voces de las mujeres hacia sus pares y hacia lugares donde menos se las ha escuchado o reconocido, como un gesto pol\u00edtico de legitimaci\u00f3n de la existencia de las escritoras y de su obra.  <P>Entrada gratuita <P>Informes:  <P>Centro Cultural Ricardo Rojas <P>Av. Corrientes 2038, ciudad de Buenos Aires <P>Tel\u00e9fono: 4953-3556 <P>Correo electr\u00f3nico: <A href=\"mailto:tecgenerorojas@rec.uba.ar\">tecgenerorojas@rec.uba.ar<\/A>  <P>P\u00e1gina web: <a href=\"http:\/\/www.rojas.uba.ar\/\" target=\"_blank\" rel=\"noopener\">www.rojas.uba.ar <\/A><\/P><\/p>\n","protected":false},"excerpt":{"rendered":"<p>&nbsp;El \u00e1rea Tecnolog\u00edas del G\u00e9nero del Centro Cultural Ricardo Rojas invita a participar del Ciclo de Mesas redondas &ldquo;Reflexiones cr\u00edticas sobre feminismo y pol\u00edtica de identidad en Am\u00e9rica Latina&rdquo; a realizarse el viernes 28 de septiembre 18 y 19.30 hs en la sala Abuelas de Plaza de Mayo<\/p>\n","protected":false},"author":1,"featured_media":0,"comment_status":"open","ping_status":"open","sticky":false,"template":"","format":"standard","meta":{"_acf_changed":false,"site-sidebar-layout":"default","site-content-layout":"default","ast-global-header-display":"","ast-main-header-display":"","ast-hfb-above-header-display":"","ast-hfb-below-header-display":"","ast-hfb-mobile-header-display":"","site-post-title":"","ast-breadcrumbs-content":"","ast-featured-img":"","footer-sml-layout":"","theme-transparent-header-meta":"","adv-header-id-meta":"","stick-header-meta":"","header-above-stick-meta":"","header-main-stick-meta":"","header-below-stick-meta":"","_jetpack_memberships_contains_paid_content":false,"footnotes":""},"categories":[28],"tags":[],"class_list":["post-33639","post","type-post","status-publish","format-standard","hentry","category-agenda"],"acf":[],"yoast_head":"<!-- This site is optimized with the Yoast SEO plugin v26.1.1 - https:\/\/yoast.com\/wordpress\/plugins\/seo\/ -->\n<title>Reflexiones cr\u00edticas sobre feminismo y pol\u00edtica de identidad en Am\u00e9rica Latina - CLAM - ES<\/title>\n<meta name=\"robots\" content=\"index, follow, max-snippet:-1, max-image-preview:large, max-video-preview:-1\" \/>\n<link rel=\"canonical\" href=\"https:\/\/clam.org.br\/es\/agenda\/reflexiones-criticas-sobre-feminismo-y-politica-de-identidad-en-america-latina\/33639\/\" \/>\n<meta property=\"og:locale\" content=\"es_ES\" \/>\n<meta property=\"og:type\" content=\"article\" \/>\n<meta property=\"og:title\" content=\"Reflexiones cr\u00edticas sobre feminismo y pol\u00edtica de identidad en Am\u00e9rica Latina - CLAM - ES\" \/>\n<meta property=\"og:description\" content=\"&nbsp;El \u00e1rea Tecnolog\u00edas del G\u00e9nero del Centro Cultural Ricardo Rojas invita a participar del Ciclo de Mesas redondas &ldquo;Reflexiones cr\u00edticas sobre feminismo y pol\u00edtica de identidad en Am\u00e9rica Latina&rdquo; a realizarse el viernes 28 de septiembre 18 y 19.30 hs en la sala Abuelas de Plaza de Mayo\" \/>\n<meta property=\"og:url\" content=\"https:\/\/clam.org.br\/es\/agenda\/reflexiones-criticas-sobre-feminismo-y-politica-de-identidad-en-america-latina\/33639\/\" \/>\n<meta property=\"og:site_name\" content=\"CLAM - ES\" \/>\n<meta property=\"article:published_time\" content=\"2007-09-18T03:00:00+00:00\" \/>\n<meta name=\"author\" content=\"fw2\" \/>\n<meta name=\"twitter:card\" content=\"summary_large_image\" \/>\n<meta name=\"twitter:label1\" content=\"Escrito por\" \/>\n\t<meta name=\"twitter:data1\" content=\"fw2\" \/>\n\t<meta name=\"twitter:label2\" content=\"Tiempo de lectura\" \/>\n\t<meta name=\"twitter:data2\" content=\"1 minuto\" \/>\n<script type=\"application\/ld+json\" class=\"yoast-schema-graph\">{\"@context\":\"https:\/\/schema.org\",\"@graph\":[{\"@type\":\"WebPage\",\"@id\":\"https:\/\/clam.org.br\/es\/agenda\/reflexiones-criticas-sobre-feminismo-y-politica-de-identidad-en-america-latina\/33639\/\",\"url\":\"https:\/\/clam.org.br\/es\/agenda\/reflexiones-criticas-sobre-feminismo-y-politica-de-identidad-en-america-latina\/33639\/\",\"name\":\"Reflexiones cr\u00edticas sobre feminismo y pol\u00edtica de identidad en Am\u00e9rica Latina - CLAM - ES\",\"isPartOf\":{\"@id\":\"https:\/\/clam.org.br\/es\/#website\"},\"datePublished\":\"2007-09-18T03:00:00+00:00\",\"author\":{\"@id\":\"https:\/\/clam.org.br\/es\/#\/schema\/person\/fbd9a86032bf7479f94b0ded196f1010\"},\"breadcrumb\":{\"@id\":\"https:\/\/clam.org.br\/es\/agenda\/reflexiones-criticas-sobre-feminismo-y-politica-de-identidad-en-america-latina\/33639\/#breadcrumb\"},\"inLanguage\":\"es\",\"potentialAction\":[{\"@type\":\"ReadAction\",\"target\":[\"https:\/\/clam.org.br\/es\/agenda\/reflexiones-criticas-sobre-feminismo-y-politica-de-identidad-en-america-latina\/33639\/\"]}]},{\"@type\":\"BreadcrumbList\",\"@id\":\"https:\/\/clam.org.br\/es\/agenda\/reflexiones-criticas-sobre-feminismo-y-politica-de-identidad-en-america-latina\/33639\/#breadcrumb\",\"itemListElement\":[{\"@type\":\"ListItem\",\"position\":1,\"name\":\"In\u00edcio\",\"item\":\"https:\/\/clam.org.br\/es\/\"},{\"@type\":\"ListItem\",\"position\":2,\"name\":\"Reflexiones cr\u00edticas sobre feminismo y pol\u00edtica de identidad en Am\u00e9rica Latina\"}]},{\"@type\":\"WebSite\",\"@id\":\"https:\/\/clam.org.br\/es\/#website\",\"url\":\"https:\/\/clam.org.br\/es\/\",\"name\":\"CLAM - ES\",\"description\":\"S\u00f3 mais um site CLAM - Centro Latino-Americano em Sexualidade e Direitos Humanos sites\",\"potentialAction\":[{\"@type\":\"SearchAction\",\"target\":{\"@type\":\"EntryPoint\",\"urlTemplate\":\"https:\/\/clam.org.br\/es\/?s={search_term_string}\"},\"query-input\":{\"@type\":\"PropertyValueSpecification\",\"valueRequired\":true,\"valueName\":\"search_term_string\"}}],\"inLanguage\":\"es\"},{\"@type\":\"Person\",\"@id\":\"https:\/\/clam.org.br\/es\/#\/schema\/person\/fbd9a86032bf7479f94b0ded196f1010\",\"name\":\"fw2\",\"image\":{\"@type\":\"ImageObject\",\"inLanguage\":\"es\",\"@id\":\"https:\/\/clam.org.br\/es\/#\/schema\/person\/image\/\",\"url\":\"https:\/\/secure.gravatar.com\/avatar\/c38472c0cdbde82d9b6fcc26adb3779d?s=96&d=mm&r=g\",\"contentUrl\":\"https:\/\/secure.gravatar.com\/avatar\/c38472c0cdbde82d9b6fcc26adb3779d?s=96&d=mm&r=g\",\"caption\":\"fw2\"},\"sameAs\":[\"https:\/\/clam.fw2web.com.br\"],\"url\":\"https:\/\/clam.org.br\/es\/author\/fw2\/\"}]}<\/script>\n<!-- \/ Yoast SEO plugin. -->","yoast_head_json":{"title":"Reflexiones cr\u00edticas sobre feminismo y pol\u00edtica de identidad en Am\u00e9rica Latina - CLAM - ES","robots":{"index":"index","follow":"follow","max-snippet":"max-snippet:-1","max-image-preview":"max-image-preview:large","max-video-preview":"max-video-preview:-1"},"canonical":"https:\/\/clam.org.br\/es\/agenda\/reflexiones-criticas-sobre-feminismo-y-politica-de-identidad-en-america-latina\/33639\/","og_locale":"es_ES","og_type":"article","og_title":"Reflexiones cr\u00edticas sobre feminismo y pol\u00edtica de identidad en Am\u00e9rica Latina - CLAM - ES","og_description":"&nbsp;El \u00e1rea Tecnolog\u00edas del G\u00e9nero del Centro Cultural Ricardo Rojas invita a participar del Ciclo de Mesas redondas &ldquo;Reflexiones cr\u00edticas sobre feminismo y pol\u00edtica de identidad en Am\u00e9rica Latina&rdquo; a realizarse el viernes 28 de septiembre 18 y 19.30 hs en la sala Abuelas de Plaza de Mayo","og_url":"https:\/\/clam.org.br\/es\/agenda\/reflexiones-criticas-sobre-feminismo-y-politica-de-identidad-en-america-latina\/33639\/","og_site_name":"CLAM - ES","article_published_time":"2007-09-18T03:00:00+00:00","author":"fw2","twitter_card":"summary_large_image","twitter_misc":{"Escrito por":"fw2","Tiempo de lectura":"1 minuto"},"schema":{"@context":"https:\/\/schema.org","@graph":[{"@type":"WebPage","@id":"https:\/\/clam.org.br\/es\/agenda\/reflexiones-criticas-sobre-feminismo-y-politica-de-identidad-en-america-latina\/33639\/","url":"https:\/\/clam.org.br\/es\/agenda\/reflexiones-criticas-sobre-feminismo-y-politica-de-identidad-en-america-latina\/33639\/","name":"Reflexiones cr\u00edticas sobre feminismo y pol\u00edtica de identidad en Am\u00e9rica Latina - CLAM - ES","isPartOf":{"@id":"https:\/\/clam.org.br\/es\/#website"},"datePublished":"2007-09-18T03:00:00+00:00","author":{"@id":"https:\/\/clam.org.br\/es\/#\/schema\/person\/fbd9a86032bf7479f94b0ded196f1010"},"breadcrumb":{"@id":"https:\/\/clam.org.br\/es\/agenda\/reflexiones-criticas-sobre-feminismo-y-politica-de-identidad-en-america-latina\/33639\/#breadcrumb"},"inLanguage":"es","potentialAction":[{"@type":"ReadAction","target":["https:\/\/clam.org.br\/es\/agenda\/reflexiones-criticas-sobre-feminismo-y-politica-de-identidad-en-america-latina\/33639\/"]}]},{"@type":"BreadcrumbList","@id":"https:\/\/clam.org.br\/es\/agenda\/reflexiones-criticas-sobre-feminismo-y-politica-de-identidad-en-america-latina\/33639\/#breadcrumb","itemListElement":[{"@type":"ListItem","position":1,"name":"In\u00edcio","item":"https:\/\/clam.org.br\/es\/"},{"@type":"ListItem","position":2,"name":"Reflexiones cr\u00edticas sobre feminismo y pol\u00edtica de identidad en Am\u00e9rica Latina"}]},{"@type":"WebSite","@id":"https:\/\/clam.org.br\/es\/#website","url":"https:\/\/clam.org.br\/es\/","name":"CLAM - ES","description":"S\u00f3 mais um site CLAM - Centro Latino-Americano em Sexualidade e Direitos Humanos sites","potentialAction":[{"@type":"SearchAction","target":{"@type":"EntryPoint","urlTemplate":"https:\/\/clam.org.br\/es\/?s={search_term_string}"},"query-input":{"@type":"PropertyValueSpecification","valueRequired":true,"valueName":"search_term_string"}}],"inLanguage":"es"},{"@type":"Person","@id":"https:\/\/clam.org.br\/es\/#\/schema\/person\/fbd9a86032bf7479f94b0ded196f1010","name":"fw2","image":{"@type":"ImageObject","inLanguage":"es","@id":"https:\/\/clam.org.br\/es\/#\/schema\/person\/image\/","url":"https:\/\/secure.gravatar.com\/avatar\/c38472c0cdbde82d9b6fcc26adb3779d?s=96&d=mm&r=g","contentUrl":"https:\/\/secure.gravatar.com\/avatar\/c38472c0cdbde82d9b6fcc26adb3779d?s=96&d=mm&r=g","caption":"fw2"},"sameAs":["https:\/\/clam.fw2web.com.br"],"url":"https:\/\/clam.org.br\/es\/author\/fw2\/"}]}},"jetpack_featured_media_url":"","jetpack_sharing_enabled":true,"_links":{"self":[{"href":"https:\/\/clam.org.br\/es\/wp-json\/wp\/v2\/posts\/33639","targetHints":{"allow":["GET"]}}],"collection":[{"href":"https:\/\/clam.org.br\/es\/wp-json\/wp\/v2\/posts"}],"about":[{"href":"https:\/\/clam.org.br\/es\/wp-json\/wp\/v2\/types\/post"}],"author":[{"embeddable":true,"href":"https:\/\/clam.org.br\/es\/wp-json\/wp\/v2\/users\/1"}],"replies":[{"embeddable":true,"href":"https:\/\/clam.org.br\/es\/wp-json\/wp\/v2\/comments?post=33639"}],"version-history":[{"count":0,"href":"https:\/\/clam.org.br\/es\/wp-json\/wp\/v2\/posts\/33639\/revisions"}],"wp:attachment":[{"href":"https:\/\/clam.org.br\/es\/wp-json\/wp\/v2\/media?parent=33639"}],"wp:term":[{"taxonomy":"category","embeddable":true,"href":"https:\/\/clam.org.br\/es\/wp-json\/wp\/v2\/categories?post=33639"},{"taxonomy":"post_tag","embeddable":true,"href":"https:\/\/clam.org.br\/es\/wp-json\/wp\/v2\/tags?post=33639"}],"curies":[{"name":"wp","href":"https:\/\/api.w.org\/{rel}","templated":true}]}}