{"id":33640,"date":"2007-09-18T00:00:00","date_gmt":"2007-09-18T03:00:00","guid":{"rendered":"https:\/\/clam.fw2web.com.br\/es\/2007\/09\/18\/salud-sexual-y-reproductiva-compromisos-y-perspectivas\/"},"modified":"2007-09-18T00:00:00","modified_gmt":"2007-09-18T03:00:00","slug":"salud-sexual-y-reproductiva-compromisos-y-perspectivas","status":"publish","type":"post","link":"https:\/\/clam.org.br\/es\/agenda\/salud-sexual-y-reproductiva-compromisos-y-perspectivas\/33640\/","title":{"rendered":"Salud Sexual y Reproductiva: compromisos y perspectivas"},"content":{"rendered":"<p><P>El Acto de Apertura comenzar\u00e1 a las 10 hs., seguido de la Mesa de Disertaci\u00f3n: &ldquo;Salud Sexual y Reproductiva: compromisos y perspectivas&rdquo; a cargo de autoridades, legisladores e integrantes del Programa.  <P>Sal\u00f3n Dorado de la Legislatura Porte\u00f1a <P>Per\u00fa 130 <P>Confirmar asistencia:  <P>Ministerio de Salud G.C.A.B.A.  <P>C. Pellegrini 313 &#8211; Piso 11 <P>4323-9000 Int. 3504 &#8211; 155 949 7621 <P><A href=\"mailto:smarangelli@buenosaires.gov.ar\">smarangelli@buenosaires.gov.ar<\/A> &nbsp;<\/P><\/p>\n","protected":false},"excerpt":{"rendered":"<p>&nbsp;El Ministerio de Salud del Gobierno de la Ciudad de Buenos Aires, tiene el agrado de invitar a usted al acto conmemorativo de los &ldquo;20 a\u00f1os del Programa de Salud Sexual y Reproductiva&rdquo; que se llevar\u00e1 a cabo el d\u00eda martes 25 de septiembre a las 10 hs.<\/p>\n","protected":false},"author":1,"featured_media":0,"comment_status":"open","ping_status":"open","sticky":false,"template":"","format":"standard","meta":{"_acf_changed":false,"site-sidebar-layout":"default","site-content-layout":"default","ast-global-header-display":"","ast-main-header-display":"","ast-hfb-above-header-display":"","ast-hfb-below-header-display":"","ast-hfb-mobile-header-display":"","site-post-title":"","ast-breadcrumbs-content":"","ast-featured-img":"","footer-sml-layout":"","theme-transparent-header-meta":"","adv-header-id-meta":"","stick-header-meta":"","header-above-stick-meta":"","header-main-stick-meta":"","header-below-stick-meta":"","_jetpack_memberships_contains_paid_content":false,"footnotes":""},"categories":[28],"tags":[],"class_list":["post-33640","post","type-post","status-publish","format-standard","hentry","category-agenda"],"acf":[],"yoast_head":"<!-- This site is optimized with the Yoast SEO plugin v26.1.1 - https:\/\/yoast.com\/wordpress\/plugins\/seo\/ -->\n<title>Salud Sexual y Reproductiva: compromisos y perspectivas - CLAM - ES<\/title>\n<meta name=\"robots\" content=\"index, follow, max-snippet:-1, max-image-preview:large, max-video-preview:-1\" \/>\n<link rel=\"canonical\" href=\"https:\/\/clam.org.br\/es\/agenda\/salud-sexual-y-reproductiva-compromisos-y-perspectivas\/33640\/\" \/>\n<meta property=\"og:locale\" content=\"es_ES\" \/>\n<meta property=\"og:type\" content=\"article\" \/>\n<meta property=\"og:title\" content=\"Salud Sexual y Reproductiva: compromisos y perspectivas - CLAM - ES\" \/>\n<meta property=\"og:description\" content=\"&nbsp;El Ministerio de Salud del Gobierno de la Ciudad de Buenos Aires, tiene el agrado de invitar a usted al acto conmemorativo de los &ldquo;20 a\u00f1os del Programa de Salud Sexual y Reproductiva&rdquo; que se llevar\u00e1 a cabo el d\u00eda martes 25 de septiembre a las 10 hs.\" \/>\n<meta property=\"og:url\" content=\"https:\/\/clam.org.br\/es\/agenda\/salud-sexual-y-reproductiva-compromisos-y-perspectivas\/33640\/\" \/>\n<meta property=\"og:site_name\" content=\"CLAM - ES\" \/>\n<meta property=\"article:published_time\" content=\"2007-09-18T03:00:00+00:00\" \/>\n<meta name=\"author\" content=\"fw2\" \/>\n<meta name=\"twitter:card\" content=\"summary_large_image\" \/>\n<meta name=\"twitter:label1\" content=\"Escrito por\" \/>\n\t<meta name=\"twitter:data1\" content=\"fw2\" \/>\n<script type=\"application\/ld+json\" class=\"yoast-schema-graph\">{\"@context\":\"https:\/\/schema.org\",\"@graph\":[{\"@type\":\"WebPage\",\"@id\":\"https:\/\/clam.org.br\/es\/agenda\/salud-sexual-y-reproductiva-compromisos-y-perspectivas\/33640\/\",\"url\":\"https:\/\/clam.org.br\/es\/agenda\/salud-sexual-y-reproductiva-compromisos-y-perspectivas\/33640\/\",\"name\":\"Salud Sexual y Reproductiva: compromisos y perspectivas - CLAM - ES\",\"isPartOf\":{\"@id\":\"https:\/\/clam.org.br\/es\/#website\"},\"datePublished\":\"2007-09-18T03:00:00+00:00\",\"author\":{\"@id\":\"https:\/\/clam.org.br\/es\/#\/schema\/person\/fbd9a86032bf7479f94b0ded196f1010\"},\"breadcrumb\":{\"@id\":\"https:\/\/clam.org.br\/es\/agenda\/salud-sexual-y-reproductiva-compromisos-y-perspectivas\/33640\/#breadcrumb\"},\"inLanguage\":\"es\",\"potentialAction\":[{\"@type\":\"ReadAction\",\"target\":[\"https:\/\/clam.org.br\/es\/agenda\/salud-sexual-y-reproductiva-compromisos-y-perspectivas\/33640\/\"]}]},{\"@type\":\"BreadcrumbList\",\"@id\":\"https:\/\/clam.org.br\/es\/agenda\/salud-sexual-y-reproductiva-compromisos-y-perspectivas\/33640\/#breadcrumb\",\"itemListElement\":[{\"@type\":\"ListItem\",\"position\":1,\"name\":\"In\u00edcio\",\"item\":\"https:\/\/clam.org.br\/es\/\"},{\"@type\":\"ListItem\",\"position\":2,\"name\":\"Salud Sexual y Reproductiva: compromisos y perspectivas\"}]},{\"@type\":\"WebSite\",\"@id\":\"https:\/\/clam.org.br\/es\/#website\",\"url\":\"https:\/\/clam.org.br\/es\/\",\"name\":\"CLAM - ES\",\"description\":\"S\u00f3 mais um site CLAM - Centro Latino-Americano em Sexualidade e Direitos Humanos sites\",\"potentialAction\":[{\"@type\":\"SearchAction\",\"target\":{\"@type\":\"EntryPoint\",\"urlTemplate\":\"https:\/\/clam.org.br\/es\/?s={search_term_string}\"},\"query-input\":{\"@type\":\"PropertyValueSpecification\",\"valueRequired\":true,\"valueName\":\"search_term_string\"}}],\"inLanguage\":\"es\"},{\"@type\":\"Person\",\"@id\":\"https:\/\/clam.org.br\/es\/#\/schema\/person\/fbd9a86032bf7479f94b0ded196f1010\",\"name\":\"fw2\",\"image\":{\"@type\":\"ImageObject\",\"inLanguage\":\"es\",\"@id\":\"https:\/\/clam.org.br\/es\/#\/schema\/person\/image\/\",\"url\":\"https:\/\/secure.gravatar.com\/avatar\/c38472c0cdbde82d9b6fcc26adb3779d?s=96&d=mm&r=g\",\"contentUrl\":\"https:\/\/secure.gravatar.com\/avatar\/c38472c0cdbde82d9b6fcc26adb3779d?s=96&d=mm&r=g\",\"caption\":\"fw2\"},\"sameAs\":[\"https:\/\/clam.fw2web.com.br\"],\"url\":\"https:\/\/clam.org.br\/es\/author\/fw2\/\"}]}<\/script>\n<!-- \/ Yoast SEO plugin. -->","yoast_head_json":{"title":"Salud Sexual y Reproductiva: compromisos y perspectivas - CLAM - ES","robots":{"index":"index","follow":"follow","max-snippet":"max-snippet:-1","max-image-preview":"max-image-preview:large","max-video-preview":"max-video-preview:-1"},"canonical":"https:\/\/clam.org.br\/es\/agenda\/salud-sexual-y-reproductiva-compromisos-y-perspectivas\/33640\/","og_locale":"es_ES","og_type":"article","og_title":"Salud Sexual y Reproductiva: compromisos y perspectivas - CLAM - ES","og_description":"&nbsp;El Ministerio de Salud del Gobierno de la Ciudad de Buenos Aires, tiene el agrado de invitar a usted al acto conmemorativo de los &ldquo;20 a\u00f1os del Programa de Salud Sexual y Reproductiva&rdquo; que se llevar\u00e1 a cabo el d\u00eda martes 25 de septiembre a las 10 hs.","og_url":"https:\/\/clam.org.br\/es\/agenda\/salud-sexual-y-reproductiva-compromisos-y-perspectivas\/33640\/","og_site_name":"CLAM - ES","article_published_time":"2007-09-18T03:00:00+00:00","author":"fw2","twitter_card":"summary_large_image","twitter_misc":{"Escrito por":"fw2"},"schema":{"@context":"https:\/\/schema.org","@graph":[{"@type":"WebPage","@id":"https:\/\/clam.org.br\/es\/agenda\/salud-sexual-y-reproductiva-compromisos-y-perspectivas\/33640\/","url":"https:\/\/clam.org.br\/es\/agenda\/salud-sexual-y-reproductiva-compromisos-y-perspectivas\/33640\/","name":"Salud Sexual y Reproductiva: compromisos y perspectivas - CLAM - ES","isPartOf":{"@id":"https:\/\/clam.org.br\/es\/#website"},"datePublished":"2007-09-18T03:00:00+00:00","author":{"@id":"https:\/\/clam.org.br\/es\/#\/schema\/person\/fbd9a86032bf7479f94b0ded196f1010"},"breadcrumb":{"@id":"https:\/\/clam.org.br\/es\/agenda\/salud-sexual-y-reproductiva-compromisos-y-perspectivas\/33640\/#breadcrumb"},"inLanguage":"es","potentialAction":[{"@type":"ReadAction","target":["https:\/\/clam.org.br\/es\/agenda\/salud-sexual-y-reproductiva-compromisos-y-perspectivas\/33640\/"]}]},{"@type":"BreadcrumbList","@id":"https:\/\/clam.org.br\/es\/agenda\/salud-sexual-y-reproductiva-compromisos-y-perspectivas\/33640\/#breadcrumb","itemListElement":[{"@type":"ListItem","position":1,"name":"In\u00edcio","item":"https:\/\/clam.org.br\/es\/"},{"@type":"ListItem","position":2,"name":"Salud Sexual y Reproductiva: compromisos y perspectivas"}]},{"@type":"WebSite","@id":"https:\/\/clam.org.br\/es\/#website","url":"https:\/\/clam.org.br\/es\/","name":"CLAM - ES","description":"S\u00f3 mais um site CLAM - Centro Latino-Americano em Sexualidade e Direitos Humanos sites","potentialAction":[{"@type":"SearchAction","target":{"@type":"EntryPoint","urlTemplate":"https:\/\/clam.org.br\/es\/?s={search_term_string}"},"query-input":{"@type":"PropertyValueSpecification","valueRequired":true,"valueName":"search_term_string"}}],"inLanguage":"es"},{"@type":"Person","@id":"https:\/\/clam.org.br\/es\/#\/schema\/person\/fbd9a86032bf7479f94b0ded196f1010","name":"fw2","image":{"@type":"ImageObject","inLanguage":"es","@id":"https:\/\/clam.org.br\/es\/#\/schema\/person\/image\/","url":"https:\/\/secure.gravatar.com\/avatar\/c38472c0cdbde82d9b6fcc26adb3779d?s=96&d=mm&r=g","contentUrl":"https:\/\/secure.gravatar.com\/avatar\/c38472c0cdbde82d9b6fcc26adb3779d?s=96&d=mm&r=g","caption":"fw2"},"sameAs":["https:\/\/clam.fw2web.com.br"],"url":"https:\/\/clam.org.br\/es\/author\/fw2\/"}]}},"jetpack_featured_media_url":"","jetpack_sharing_enabled":true,"_links":{"self":[{"href":"https:\/\/clam.org.br\/es\/wp-json\/wp\/v2\/posts\/33640","targetHints":{"allow":["GET"]}}],"collection":[{"href":"https:\/\/clam.org.br\/es\/wp-json\/wp\/v2\/posts"}],"about":[{"href":"https:\/\/clam.org.br\/es\/wp-json\/wp\/v2\/types\/post"}],"author":[{"embeddable":true,"href":"https:\/\/clam.org.br\/es\/wp-json\/wp\/v2\/users\/1"}],"replies":[{"embeddable":true,"href":"https:\/\/clam.org.br\/es\/wp-json\/wp\/v2\/comments?post=33640"}],"version-history":[{"count":0,"href":"https:\/\/clam.org.br\/es\/wp-json\/wp\/v2\/posts\/33640\/revisions"}],"wp:attachment":[{"href":"https:\/\/clam.org.br\/es\/wp-json\/wp\/v2\/media?parent=33640"}],"wp:term":[{"taxonomy":"category","embeddable":true,"href":"https:\/\/clam.org.br\/es\/wp-json\/wp\/v2\/categories?post=33640"},{"taxonomy":"post_tag","embeddable":true,"href":"https:\/\/clam.org.br\/es\/wp-json\/wp\/v2\/tags?post=33640"}],"curies":[{"name":"wp","href":"https:\/\/api.w.org\/{rel}","templated":true}]}}