{"id":33650,"date":"2007-10-03T00:00:00","date_gmt":"2007-10-03T03:00:00","guid":{"rendered":"https:\/\/clam.fw2web.com.br\/es\/2007\/10\/03\/seminario-internacional-equidad-en-salud-posiciones-e-implicaciones\/"},"modified":"2007-10-03T00:00:00","modified_gmt":"2007-10-03T03:00:00","slug":"seminario-internacional-equidad-en-salud-posiciones-e-implicaciones","status":"publish","type":"post","link":"https:\/\/clam.org.br\/es\/agenda\/seminario-internacional-equidad-en-salud-posiciones-e-implicaciones\/33650\/","title":{"rendered":"Seminario Internacional Equidad en Salud: posiciones e implicaciones"},"content":{"rendered":"<p>El reconocimiento de desigualdades intolerables entre las condiciones de vida de las poblaciones y los resultados en salud es hoy un asunto de dimensi\u00f3n global. No es tolerable que una ni\u00f1a nacida en Jap\u00f3n pueda vivir m\u00e1s de 80 a\u00f1os, mientras que otra nacida en Sri Lanka no tenga la esperanza de pasar de los 40. Esta situaci\u00f3n obliga a repensar las desigualdades entre localidades, ciudades, regiones, naciones y grandes \u00e1reas del planeta, y valorarlas desde alguna manera de entender lo justo para calificarlas como inequidades. Esta valoraci\u00f3n no es un\u00edvoca. Las diferentes posiciones \u00e9ticas y pol\u00edticas, sean o no concientes por parte de los involucrados, tienen implicaciones en todos los niveles. Pero tanto las posiciones como sus implicaciones son resultados hist\u00f3rico-sociales que dependen de la correlaci\u00f3n de fuerzas dentro y entre las naciones en el mundo globalizado contempor\u00e1neo.  <P>El Doctorado Interfacultades en Salud P\u00fablica quiere contribuir a este debate por medio de la convocatoria al Seminario Internacional \u00abEquidad en Salud: posiciones e implicaciones\u00bb, en el cual se espera reunir a algunos de los m\u00e1s importantes autores que han participado y promovido el an\u00e1lisis de las relaciones entre equidad y salud, con la idea de hacer evidente la diversidad de posiciones \u00e9tico-pol\u00edticas, sus or\u00edgenes, sus desarrollos y sus implicaciones, tanto en el \u00e1mbito de las pol\u00edticas p\u00fablicas, como en el de la acci\u00f3n colectiva y la movilizaci\u00f3n transformadora de origen social y comunitario en pro de la equidad en salud.  <P>Informe de Inscripciones: Doctorado Interfacultades en Salud P\u00fablica, Carrera 50 No. 27-70, Unidad Camilo Torres, Modulo 2, Oficina 501; tel\u00e9fono 3165683 &ndash; 3165000 ext. 10532-10533.  <P>Programaci\u00f3n completa en:<a href=\"http:\/\/salud.univalle.edu.co\/pdf\/seminario_internacional.pdf\" target=\"_blank\" rel=\"noopener\">http:\/\/salud.univalle.edu.co\/pdf\/seminario_internacional.pdf <\/A><\/P><\/p>\n","protected":false},"excerpt":{"rendered":"<p>&nbsp;Los d\u00edas 16 y 17 de octubre de 2007, se realizar\u00e1 el Seminario Internacional \u00abEquidad en Salud\u00bb: posiciones e implicaciones\u00bb en el Auditorio Virginia Guti\u00e9rrez de Pineda, Edificio de posgrados de la Facultad de Ciencias Humanas, Universidad Nacional de Colombia, Sede Bogot\u00e1, Colombia.<\/p>\n","protected":false},"author":1,"featured_media":0,"comment_status":"open","ping_status":"open","sticky":false,"template":"","format":"standard","meta":{"_acf_changed":false,"site-sidebar-layout":"default","site-content-layout":"default","ast-global-header-display":"","ast-main-header-display":"","ast-hfb-above-header-display":"","ast-hfb-below-header-display":"","ast-hfb-mobile-header-display":"","site-post-title":"","ast-breadcrumbs-content":"","ast-featured-img":"","footer-sml-layout":"","theme-transparent-header-meta":"","adv-header-id-meta":"","stick-header-meta":"","header-above-stick-meta":"","header-main-stick-meta":"","header-below-stick-meta":"","_jetpack_memberships_contains_paid_content":false,"footnotes":""},"categories":[28],"tags":[],"class_list":["post-33650","post","type-post","status-publish","format-standard","hentry","category-agenda"],"acf":[],"yoast_head":"<!-- This site is optimized with the Yoast SEO plugin v26.1.1 - https:\/\/yoast.com\/wordpress\/plugins\/seo\/ -->\n<title>Seminario Internacional Equidad en Salud: posiciones e implicaciones - CLAM - ES<\/title>\n<meta name=\"robots\" content=\"index, follow, max-snippet:-1, max-image-preview:large, max-video-preview:-1\" \/>\n<link rel=\"canonical\" href=\"https:\/\/clam.org.br\/es\/agenda\/seminario-internacional-equidad-en-salud-posiciones-e-implicaciones\/33650\/\" \/>\n<meta property=\"og:locale\" content=\"es_ES\" \/>\n<meta property=\"og:type\" content=\"article\" \/>\n<meta property=\"og:title\" content=\"Seminario Internacional Equidad en Salud: posiciones e implicaciones - CLAM - ES\" \/>\n<meta property=\"og:description\" content=\"&nbsp;Los d\u00edas 16 y 17 de octubre de 2007, se realizar\u00e1 el Seminario Internacional &quot;Equidad en Salud&quot;: posiciones e implicaciones&quot; en el Auditorio Virginia Guti\u00e9rrez de Pineda, Edificio de posgrados de la Facultad de Ciencias Humanas, Universidad Nacional de Colombia, Sede Bogot\u00e1, Colombia.\" \/>\n<meta property=\"og:url\" content=\"https:\/\/clam.org.br\/es\/agenda\/seminario-internacional-equidad-en-salud-posiciones-e-implicaciones\/33650\/\" \/>\n<meta property=\"og:site_name\" content=\"CLAM - ES\" \/>\n<meta property=\"article:published_time\" content=\"2007-10-03T03:00:00+00:00\" \/>\n<meta name=\"author\" content=\"fw2\" \/>\n<meta name=\"twitter:card\" content=\"summary_large_image\" \/>\n<meta name=\"twitter:label1\" content=\"Escrito por\" \/>\n\t<meta name=\"twitter:data1\" content=\"fw2\" \/>\n\t<meta name=\"twitter:label2\" content=\"Tiempo de lectura\" \/>\n\t<meta name=\"twitter:data2\" content=\"1 minuto\" \/>\n<script type=\"application\/ld+json\" class=\"yoast-schema-graph\">{\"@context\":\"https:\/\/schema.org\",\"@graph\":[{\"@type\":\"WebPage\",\"@id\":\"https:\/\/clam.org.br\/es\/agenda\/seminario-internacional-equidad-en-salud-posiciones-e-implicaciones\/33650\/\",\"url\":\"https:\/\/clam.org.br\/es\/agenda\/seminario-internacional-equidad-en-salud-posiciones-e-implicaciones\/33650\/\",\"name\":\"Seminario Internacional Equidad en Salud: posiciones e implicaciones - CLAM - ES\",\"isPartOf\":{\"@id\":\"https:\/\/clam.org.br\/es\/#website\"},\"datePublished\":\"2007-10-03T03:00:00+00:00\",\"author\":{\"@id\":\"https:\/\/clam.org.br\/es\/#\/schema\/person\/fbd9a86032bf7479f94b0ded196f1010\"},\"breadcrumb\":{\"@id\":\"https:\/\/clam.org.br\/es\/agenda\/seminario-internacional-equidad-en-salud-posiciones-e-implicaciones\/33650\/#breadcrumb\"},\"inLanguage\":\"es\",\"potentialAction\":[{\"@type\":\"ReadAction\",\"target\":[\"https:\/\/clam.org.br\/es\/agenda\/seminario-internacional-equidad-en-salud-posiciones-e-implicaciones\/33650\/\"]}]},{\"@type\":\"BreadcrumbList\",\"@id\":\"https:\/\/clam.org.br\/es\/agenda\/seminario-internacional-equidad-en-salud-posiciones-e-implicaciones\/33650\/#breadcrumb\",\"itemListElement\":[{\"@type\":\"ListItem\",\"position\":1,\"name\":\"In\u00edcio\",\"item\":\"https:\/\/clam.org.br\/es\/\"},{\"@type\":\"ListItem\",\"position\":2,\"name\":\"Seminario Internacional Equidad en Salud: posiciones e implicaciones\"}]},{\"@type\":\"WebSite\",\"@id\":\"https:\/\/clam.org.br\/es\/#website\",\"url\":\"https:\/\/clam.org.br\/es\/\",\"name\":\"CLAM - ES\",\"description\":\"S\u00f3 mais um site CLAM - Centro Latino-Americano em Sexualidade e Direitos Humanos sites\",\"potentialAction\":[{\"@type\":\"SearchAction\",\"target\":{\"@type\":\"EntryPoint\",\"urlTemplate\":\"https:\/\/clam.org.br\/es\/?s={search_term_string}\"},\"query-input\":{\"@type\":\"PropertyValueSpecification\",\"valueRequired\":true,\"valueName\":\"search_term_string\"}}],\"inLanguage\":\"es\"},{\"@type\":\"Person\",\"@id\":\"https:\/\/clam.org.br\/es\/#\/schema\/person\/fbd9a86032bf7479f94b0ded196f1010\",\"name\":\"fw2\",\"image\":{\"@type\":\"ImageObject\",\"inLanguage\":\"es\",\"@id\":\"https:\/\/clam.org.br\/es\/#\/schema\/person\/image\/\",\"url\":\"https:\/\/secure.gravatar.com\/avatar\/c38472c0cdbde82d9b6fcc26adb3779d?s=96&d=mm&r=g\",\"contentUrl\":\"https:\/\/secure.gravatar.com\/avatar\/c38472c0cdbde82d9b6fcc26adb3779d?s=96&d=mm&r=g\",\"caption\":\"fw2\"},\"sameAs\":[\"https:\/\/clam.fw2web.com.br\"],\"url\":\"https:\/\/clam.org.br\/es\/author\/fw2\/\"}]}<\/script>\n<!-- \/ Yoast SEO plugin. -->","yoast_head_json":{"title":"Seminario Internacional Equidad en Salud: posiciones e implicaciones - CLAM - ES","robots":{"index":"index","follow":"follow","max-snippet":"max-snippet:-1","max-image-preview":"max-image-preview:large","max-video-preview":"max-video-preview:-1"},"canonical":"https:\/\/clam.org.br\/es\/agenda\/seminario-internacional-equidad-en-salud-posiciones-e-implicaciones\/33650\/","og_locale":"es_ES","og_type":"article","og_title":"Seminario Internacional Equidad en Salud: posiciones e implicaciones - CLAM - ES","og_description":"&nbsp;Los d\u00edas 16 y 17 de octubre de 2007, se realizar\u00e1 el Seminario Internacional \"Equidad en Salud\": posiciones e implicaciones\" en el Auditorio Virginia Guti\u00e9rrez de Pineda, Edificio de posgrados de la Facultad de Ciencias Humanas, Universidad Nacional de Colombia, Sede Bogot\u00e1, Colombia.","og_url":"https:\/\/clam.org.br\/es\/agenda\/seminario-internacional-equidad-en-salud-posiciones-e-implicaciones\/33650\/","og_site_name":"CLAM - ES","article_published_time":"2007-10-03T03:00:00+00:00","author":"fw2","twitter_card":"summary_large_image","twitter_misc":{"Escrito por":"fw2","Tiempo de lectura":"1 minuto"},"schema":{"@context":"https:\/\/schema.org","@graph":[{"@type":"WebPage","@id":"https:\/\/clam.org.br\/es\/agenda\/seminario-internacional-equidad-en-salud-posiciones-e-implicaciones\/33650\/","url":"https:\/\/clam.org.br\/es\/agenda\/seminario-internacional-equidad-en-salud-posiciones-e-implicaciones\/33650\/","name":"Seminario Internacional Equidad en Salud: posiciones e implicaciones - CLAM - ES","isPartOf":{"@id":"https:\/\/clam.org.br\/es\/#website"},"datePublished":"2007-10-03T03:00:00+00:00","author":{"@id":"https:\/\/clam.org.br\/es\/#\/schema\/person\/fbd9a86032bf7479f94b0ded196f1010"},"breadcrumb":{"@id":"https:\/\/clam.org.br\/es\/agenda\/seminario-internacional-equidad-en-salud-posiciones-e-implicaciones\/33650\/#breadcrumb"},"inLanguage":"es","potentialAction":[{"@type":"ReadAction","target":["https:\/\/clam.org.br\/es\/agenda\/seminario-internacional-equidad-en-salud-posiciones-e-implicaciones\/33650\/"]}]},{"@type":"BreadcrumbList","@id":"https:\/\/clam.org.br\/es\/agenda\/seminario-internacional-equidad-en-salud-posiciones-e-implicaciones\/33650\/#breadcrumb","itemListElement":[{"@type":"ListItem","position":1,"name":"In\u00edcio","item":"https:\/\/clam.org.br\/es\/"},{"@type":"ListItem","position":2,"name":"Seminario Internacional Equidad en Salud: posiciones e implicaciones"}]},{"@type":"WebSite","@id":"https:\/\/clam.org.br\/es\/#website","url":"https:\/\/clam.org.br\/es\/","name":"CLAM - ES","description":"S\u00f3 mais um site CLAM - Centro Latino-Americano em Sexualidade e Direitos Humanos sites","potentialAction":[{"@type":"SearchAction","target":{"@type":"EntryPoint","urlTemplate":"https:\/\/clam.org.br\/es\/?s={search_term_string}"},"query-input":{"@type":"PropertyValueSpecification","valueRequired":true,"valueName":"search_term_string"}}],"inLanguage":"es"},{"@type":"Person","@id":"https:\/\/clam.org.br\/es\/#\/schema\/person\/fbd9a86032bf7479f94b0ded196f1010","name":"fw2","image":{"@type":"ImageObject","inLanguage":"es","@id":"https:\/\/clam.org.br\/es\/#\/schema\/person\/image\/","url":"https:\/\/secure.gravatar.com\/avatar\/c38472c0cdbde82d9b6fcc26adb3779d?s=96&d=mm&r=g","contentUrl":"https:\/\/secure.gravatar.com\/avatar\/c38472c0cdbde82d9b6fcc26adb3779d?s=96&d=mm&r=g","caption":"fw2"},"sameAs":["https:\/\/clam.fw2web.com.br"],"url":"https:\/\/clam.org.br\/es\/author\/fw2\/"}]}},"jetpack_featured_media_url":"","jetpack_sharing_enabled":true,"_links":{"self":[{"href":"https:\/\/clam.org.br\/es\/wp-json\/wp\/v2\/posts\/33650","targetHints":{"allow":["GET"]}}],"collection":[{"href":"https:\/\/clam.org.br\/es\/wp-json\/wp\/v2\/posts"}],"about":[{"href":"https:\/\/clam.org.br\/es\/wp-json\/wp\/v2\/types\/post"}],"author":[{"embeddable":true,"href":"https:\/\/clam.org.br\/es\/wp-json\/wp\/v2\/users\/1"}],"replies":[{"embeddable":true,"href":"https:\/\/clam.org.br\/es\/wp-json\/wp\/v2\/comments?post=33650"}],"version-history":[{"count":0,"href":"https:\/\/clam.org.br\/es\/wp-json\/wp\/v2\/posts\/33650\/revisions"}],"wp:attachment":[{"href":"https:\/\/clam.org.br\/es\/wp-json\/wp\/v2\/media?parent=33650"}],"wp:term":[{"taxonomy":"category","embeddable":true,"href":"https:\/\/clam.org.br\/es\/wp-json\/wp\/v2\/categories?post=33650"},{"taxonomy":"post_tag","embeddable":true,"href":"https:\/\/clam.org.br\/es\/wp-json\/wp\/v2\/tags?post=33650"}],"curies":[{"name":"wp","href":"https:\/\/api.w.org\/{rel}","templated":true}]}}