{"id":33652,"date":"2007-10-03T00:00:00","date_gmt":"2007-10-03T03:00:00","guid":{"rendered":"https:\/\/clam.fw2web.com.br\/es\/2007\/10\/03\/foro-de-analisis-y-discusion-sobre-el-trabajo-sexual-en-apizaco-tlaxcala\/"},"modified":"2007-10-03T00:00:00","modified_gmt":"2007-10-03T03:00:00","slug":"foro-de-analisis-y-discusion-sobre-el-trabajo-sexual-en-apizaco-tlaxcala","status":"publish","type":"post","link":"https:\/\/clam.org.br\/es\/agenda\/foro-de-analisis-y-discusion-sobre-el-trabajo-sexual-en-apizaco-tlaxcala\/33652\/","title":{"rendered":"Foro de An\u00e1lisis y Discusi\u00f3n sobre el Trabajo Sexual en Apizaco, Tlaxcala"},"content":{"rendered":"<p><P>La evento se realizar\u00e1 en el Z\u00f3calo de la ciudad de Tlaxcala, de 9:30 a 12:00 horas y es convocado por el Colectivo de trabajadoras sexuales Mujeres en Pro de sus Derechos, de Apizaco Tlaxcala; el Consejo Nacional Urbano y Campesino (CNUC) de Tlaxcala; Brigada Callejera de Apoyo a la Mujer \u00abElisa Mart\u00ednez\u00bb AC, del D.F. y Guadalajara Jalisco, y diez organizaciones m\u00e1s.  <P>Para mayores informes, se puede llamar al 5542-7835 y 5542-4096 en la ciudad de M\u00e9xico, o al celular 04455 2212-0422, as\u00ed como al 246 462-7976, de Tlaxcala. Tambi\u00e9n a los correos <A href=\"mailto:brigada.callejera@gmail.com\">brigada.callejera@gmail.com<\/A>, <A href=\"mailto:colectivoacertijo@yahoo.com\">colectivoacertijo@yahoo.com<\/A>&nbsp;y&nbsp; <A href=\"mailto:otrastrabajadorassexuales@yahoo.com.mx\">otrastrabajadorassexuales@yahoo.com.mx<\/A> &nbsp; <P>P\u00e1gina de Internet: <a href=\"http:\/\/mx.groups.yahoo.com\/group\/brigadacallejera\" target=\"_blank\" rel=\"noopener\">http:\/\/mx.groups.yahoo.com\/group\/brigadacallejera<\/A><\/P><\/p>\n","protected":false},"excerpt":{"rendered":"<p>&nbsp;El pr\u00f3ximo viernes 5 de octubre se llevar\u00e1 a cabo un foro en la ciudad de Tlaxcala, en el estado oriental del mismo nombre, sobre trabajo sexual, tema de debate en la regi\u00f3n luego de que autoridades municipales del municipio de Apizaco propusieran la creaci\u00f3n de una &ldquo;zona de tolerancia&rdquo; a lo que se oponen colectivos de trabajadoras sexuales, quienes consideran que con eso se &ldquo;legalizar\u00eda&rdquo; el lenocinio.<\/p>\n","protected":false},"author":1,"featured_media":0,"comment_status":"open","ping_status":"open","sticky":false,"template":"","format":"standard","meta":{"_acf_changed":false,"site-sidebar-layout":"default","site-content-layout":"default","ast-global-header-display":"","ast-main-header-display":"","ast-hfb-above-header-display":"","ast-hfb-below-header-display":"","ast-hfb-mobile-header-display":"","site-post-title":"","ast-breadcrumbs-content":"","ast-featured-img":"","footer-sml-layout":"","theme-transparent-header-meta":"","adv-header-id-meta":"","stick-header-meta":"","header-above-stick-meta":"","header-main-stick-meta":"","header-below-stick-meta":"","_jetpack_memberships_contains_paid_content":false,"footnotes":""},"categories":[28],"tags":[],"class_list":["post-33652","post","type-post","status-publish","format-standard","hentry","category-agenda"],"acf":[],"yoast_head":"<!-- This site is optimized with the Yoast SEO plugin v26.1.1 - https:\/\/yoast.com\/wordpress\/plugins\/seo\/ -->\n<title>Foro de An\u00e1lisis y Discusi\u00f3n sobre el Trabajo Sexual en Apizaco, Tlaxcala - CLAM - ES<\/title>\n<meta name=\"robots\" content=\"index, follow, max-snippet:-1, max-image-preview:large, max-video-preview:-1\" \/>\n<link rel=\"canonical\" href=\"https:\/\/clam.org.br\/es\/agenda\/foro-de-analisis-y-discusion-sobre-el-trabajo-sexual-en-apizaco-tlaxcala\/33652\/\" \/>\n<meta property=\"og:locale\" content=\"es_ES\" \/>\n<meta property=\"og:type\" content=\"article\" \/>\n<meta property=\"og:title\" content=\"Foro de An\u00e1lisis y Discusi\u00f3n sobre el Trabajo Sexual en Apizaco, Tlaxcala - CLAM - ES\" \/>\n<meta property=\"og:description\" content=\"&nbsp;El pr\u00f3ximo viernes 5 de octubre se llevar\u00e1 a cabo un foro en la ciudad de Tlaxcala, en el estado oriental del mismo nombre, sobre trabajo sexual, tema de debate en la regi\u00f3n luego de que autoridades municipales del municipio de Apizaco propusieran la creaci\u00f3n de una &ldquo;zona de tolerancia&rdquo; a lo que se oponen colectivos de trabajadoras sexuales, quienes consideran que con eso se &ldquo;legalizar\u00eda&rdquo; el lenocinio.\" \/>\n<meta property=\"og:url\" content=\"https:\/\/clam.org.br\/es\/agenda\/foro-de-analisis-y-discusion-sobre-el-trabajo-sexual-en-apizaco-tlaxcala\/33652\/\" \/>\n<meta property=\"og:site_name\" content=\"CLAM - ES\" \/>\n<meta property=\"article:published_time\" content=\"2007-10-03T03:00:00+00:00\" \/>\n<meta name=\"author\" content=\"fw2\" \/>\n<meta name=\"twitter:card\" content=\"summary_large_image\" \/>\n<meta name=\"twitter:label1\" content=\"Escrito por\" \/>\n\t<meta name=\"twitter:data1\" content=\"fw2\" \/>\n\t<meta name=\"twitter:label2\" content=\"Tiempo de lectura\" \/>\n\t<meta name=\"twitter:data2\" content=\"1 minuto\" \/>\n<script type=\"application\/ld+json\" class=\"yoast-schema-graph\">{\"@context\":\"https:\/\/schema.org\",\"@graph\":[{\"@type\":\"WebPage\",\"@id\":\"https:\/\/clam.org.br\/es\/agenda\/foro-de-analisis-y-discusion-sobre-el-trabajo-sexual-en-apizaco-tlaxcala\/33652\/\",\"url\":\"https:\/\/clam.org.br\/es\/agenda\/foro-de-analisis-y-discusion-sobre-el-trabajo-sexual-en-apizaco-tlaxcala\/33652\/\",\"name\":\"Foro de An\u00e1lisis y Discusi\u00f3n sobre el Trabajo Sexual en Apizaco, Tlaxcala - CLAM - ES\",\"isPartOf\":{\"@id\":\"https:\/\/clam.org.br\/es\/#website\"},\"datePublished\":\"2007-10-03T03:00:00+00:00\",\"author\":{\"@id\":\"https:\/\/clam.org.br\/es\/#\/schema\/person\/fbd9a86032bf7479f94b0ded196f1010\"},\"breadcrumb\":{\"@id\":\"https:\/\/clam.org.br\/es\/agenda\/foro-de-analisis-y-discusion-sobre-el-trabajo-sexual-en-apizaco-tlaxcala\/33652\/#breadcrumb\"},\"inLanguage\":\"es\",\"potentialAction\":[{\"@type\":\"ReadAction\",\"target\":[\"https:\/\/clam.org.br\/es\/agenda\/foro-de-analisis-y-discusion-sobre-el-trabajo-sexual-en-apizaco-tlaxcala\/33652\/\"]}]},{\"@type\":\"BreadcrumbList\",\"@id\":\"https:\/\/clam.org.br\/es\/agenda\/foro-de-analisis-y-discusion-sobre-el-trabajo-sexual-en-apizaco-tlaxcala\/33652\/#breadcrumb\",\"itemListElement\":[{\"@type\":\"ListItem\",\"position\":1,\"name\":\"In\u00edcio\",\"item\":\"https:\/\/clam.org.br\/es\/\"},{\"@type\":\"ListItem\",\"position\":2,\"name\":\"Foro de An\u00e1lisis y Discusi\u00f3n sobre el Trabajo Sexual en Apizaco, Tlaxcala\"}]},{\"@type\":\"WebSite\",\"@id\":\"https:\/\/clam.org.br\/es\/#website\",\"url\":\"https:\/\/clam.org.br\/es\/\",\"name\":\"CLAM - ES\",\"description\":\"S\u00f3 mais um site CLAM - Centro Latino-Americano em Sexualidade e Direitos Humanos sites\",\"potentialAction\":[{\"@type\":\"SearchAction\",\"target\":{\"@type\":\"EntryPoint\",\"urlTemplate\":\"https:\/\/clam.org.br\/es\/?s={search_term_string}\"},\"query-input\":{\"@type\":\"PropertyValueSpecification\",\"valueRequired\":true,\"valueName\":\"search_term_string\"}}],\"inLanguage\":\"es\"},{\"@type\":\"Person\",\"@id\":\"https:\/\/clam.org.br\/es\/#\/schema\/person\/fbd9a86032bf7479f94b0ded196f1010\",\"name\":\"fw2\",\"image\":{\"@type\":\"ImageObject\",\"inLanguage\":\"es\",\"@id\":\"https:\/\/clam.org.br\/es\/#\/schema\/person\/image\/\",\"url\":\"https:\/\/secure.gravatar.com\/avatar\/c38472c0cdbde82d9b6fcc26adb3779d?s=96&d=mm&r=g\",\"contentUrl\":\"https:\/\/secure.gravatar.com\/avatar\/c38472c0cdbde82d9b6fcc26adb3779d?s=96&d=mm&r=g\",\"caption\":\"fw2\"},\"sameAs\":[\"https:\/\/clam.fw2web.com.br\"],\"url\":\"https:\/\/clam.org.br\/es\/author\/fw2\/\"}]}<\/script>\n<!-- \/ Yoast SEO plugin. -->","yoast_head_json":{"title":"Foro de An\u00e1lisis y Discusi\u00f3n sobre el Trabajo Sexual en Apizaco, Tlaxcala - CLAM - ES","robots":{"index":"index","follow":"follow","max-snippet":"max-snippet:-1","max-image-preview":"max-image-preview:large","max-video-preview":"max-video-preview:-1"},"canonical":"https:\/\/clam.org.br\/es\/agenda\/foro-de-analisis-y-discusion-sobre-el-trabajo-sexual-en-apizaco-tlaxcala\/33652\/","og_locale":"es_ES","og_type":"article","og_title":"Foro de An\u00e1lisis y Discusi\u00f3n sobre el Trabajo Sexual en Apizaco, Tlaxcala - CLAM - ES","og_description":"&nbsp;El pr\u00f3ximo viernes 5 de octubre se llevar\u00e1 a cabo un foro en la ciudad de Tlaxcala, en el estado oriental del mismo nombre, sobre trabajo sexual, tema de debate en la regi\u00f3n luego de que autoridades municipales del municipio de Apizaco propusieran la creaci\u00f3n de una &ldquo;zona de tolerancia&rdquo; a lo que se oponen colectivos de trabajadoras sexuales, quienes consideran que con eso se &ldquo;legalizar\u00eda&rdquo; el lenocinio.","og_url":"https:\/\/clam.org.br\/es\/agenda\/foro-de-analisis-y-discusion-sobre-el-trabajo-sexual-en-apizaco-tlaxcala\/33652\/","og_site_name":"CLAM - ES","article_published_time":"2007-10-03T03:00:00+00:00","author":"fw2","twitter_card":"summary_large_image","twitter_misc":{"Escrito por":"fw2","Tiempo de lectura":"1 minuto"},"schema":{"@context":"https:\/\/schema.org","@graph":[{"@type":"WebPage","@id":"https:\/\/clam.org.br\/es\/agenda\/foro-de-analisis-y-discusion-sobre-el-trabajo-sexual-en-apizaco-tlaxcala\/33652\/","url":"https:\/\/clam.org.br\/es\/agenda\/foro-de-analisis-y-discusion-sobre-el-trabajo-sexual-en-apizaco-tlaxcala\/33652\/","name":"Foro de An\u00e1lisis y Discusi\u00f3n sobre el Trabajo Sexual en Apizaco, Tlaxcala - CLAM - ES","isPartOf":{"@id":"https:\/\/clam.org.br\/es\/#website"},"datePublished":"2007-10-03T03:00:00+00:00","author":{"@id":"https:\/\/clam.org.br\/es\/#\/schema\/person\/fbd9a86032bf7479f94b0ded196f1010"},"breadcrumb":{"@id":"https:\/\/clam.org.br\/es\/agenda\/foro-de-analisis-y-discusion-sobre-el-trabajo-sexual-en-apizaco-tlaxcala\/33652\/#breadcrumb"},"inLanguage":"es","potentialAction":[{"@type":"ReadAction","target":["https:\/\/clam.org.br\/es\/agenda\/foro-de-analisis-y-discusion-sobre-el-trabajo-sexual-en-apizaco-tlaxcala\/33652\/"]}]},{"@type":"BreadcrumbList","@id":"https:\/\/clam.org.br\/es\/agenda\/foro-de-analisis-y-discusion-sobre-el-trabajo-sexual-en-apizaco-tlaxcala\/33652\/#breadcrumb","itemListElement":[{"@type":"ListItem","position":1,"name":"In\u00edcio","item":"https:\/\/clam.org.br\/es\/"},{"@type":"ListItem","position":2,"name":"Foro de An\u00e1lisis y Discusi\u00f3n sobre el Trabajo Sexual en Apizaco, Tlaxcala"}]},{"@type":"WebSite","@id":"https:\/\/clam.org.br\/es\/#website","url":"https:\/\/clam.org.br\/es\/","name":"CLAM - ES","description":"S\u00f3 mais um site CLAM - Centro Latino-Americano em Sexualidade e Direitos Humanos sites","potentialAction":[{"@type":"SearchAction","target":{"@type":"EntryPoint","urlTemplate":"https:\/\/clam.org.br\/es\/?s={search_term_string}"},"query-input":{"@type":"PropertyValueSpecification","valueRequired":true,"valueName":"search_term_string"}}],"inLanguage":"es"},{"@type":"Person","@id":"https:\/\/clam.org.br\/es\/#\/schema\/person\/fbd9a86032bf7479f94b0ded196f1010","name":"fw2","image":{"@type":"ImageObject","inLanguage":"es","@id":"https:\/\/clam.org.br\/es\/#\/schema\/person\/image\/","url":"https:\/\/secure.gravatar.com\/avatar\/c38472c0cdbde82d9b6fcc26adb3779d?s=96&d=mm&r=g","contentUrl":"https:\/\/secure.gravatar.com\/avatar\/c38472c0cdbde82d9b6fcc26adb3779d?s=96&d=mm&r=g","caption":"fw2"},"sameAs":["https:\/\/clam.fw2web.com.br"],"url":"https:\/\/clam.org.br\/es\/author\/fw2\/"}]}},"jetpack_featured_media_url":"","jetpack_sharing_enabled":true,"_links":{"self":[{"href":"https:\/\/clam.org.br\/es\/wp-json\/wp\/v2\/posts\/33652","targetHints":{"allow":["GET"]}}],"collection":[{"href":"https:\/\/clam.org.br\/es\/wp-json\/wp\/v2\/posts"}],"about":[{"href":"https:\/\/clam.org.br\/es\/wp-json\/wp\/v2\/types\/post"}],"author":[{"embeddable":true,"href":"https:\/\/clam.org.br\/es\/wp-json\/wp\/v2\/users\/1"}],"replies":[{"embeddable":true,"href":"https:\/\/clam.org.br\/es\/wp-json\/wp\/v2\/comments?post=33652"}],"version-history":[{"count":0,"href":"https:\/\/clam.org.br\/es\/wp-json\/wp\/v2\/posts\/33652\/revisions"}],"wp:attachment":[{"href":"https:\/\/clam.org.br\/es\/wp-json\/wp\/v2\/media?parent=33652"}],"wp:term":[{"taxonomy":"category","embeddable":true,"href":"https:\/\/clam.org.br\/es\/wp-json\/wp\/v2\/categories?post=33652"},{"taxonomy":"post_tag","embeddable":true,"href":"https:\/\/clam.org.br\/es\/wp-json\/wp\/v2\/tags?post=33652"}],"curies":[{"name":"wp","href":"https:\/\/api.w.org\/{rel}","templated":true}]}}