{"id":33661,"date":"2007-10-24T00:00:00","date_gmt":"2007-10-24T02:00:00","guid":{"rendered":"https:\/\/clam.fw2web.com.br\/es\/2007\/10\/24\/mujeres-publicas-activas-proceso-de-formacion-politica-para-mujeres-lbt-bogota-colombia\/"},"modified":"2007-10-24T00:00:00","modified_gmt":"2007-10-24T02:00:00","slug":"mujeres-publicas-activas-proceso-de-formacion-politica-para-mujeres-lbt-bogota-colombia","status":"publish","type":"post","link":"https:\/\/clam.org.br\/es\/agenda\/mujeres-publicas-activas-proceso-de-formacion-politica-para-mujeres-lbt-bogota-colombia\/33661\/","title":{"rendered":"Mujeres P\u00fablicas: Activas. Proceso de formaci\u00f3n pol\u00edtica para mujeres LBT \u2013 Bogot\u00e1 \u2013 Colombia"},"content":{"rendered":"<p>Una mujer p\u00fablica es una mujer que participa, una mujer que participa es una mujer que transforma! Porque a trav\u00e9s de la participaci\u00f3n t\u00fa puedes hacer que un beso en la calle no sea un crimen. <P>Fechas: Octubre 16, 22 y 29 &#8211; Noviembre 6 y 13 <P>Hora: 5:00 &#8211; 9:00 p.m.  <P>Lugar: Calle 30 A N\u00ba 6-22 Piso 27 (Planeta Paz)  <P>Inscripciones e informes: <A href=\"mailto:mujerespublicasactivas@gmail.com\">mujerespublicasactivas@gmail.com<\/A>  <P>Tel. (57) 3124654453 &#8211; (57) 301381197 <P>Organiza: Pol\u00edtica P\u00fablica de Mujer y G\u00e9neros, Alcald\u00eda Mayor de Bogot\u00e1.  <P>Con el apoyo de: Gerencia Mujer y G\u00e9neros IDPAC, Alma Mater y Planeta Paz.  <P>Objetivos:  <P>Este proceso tiene por objeto, desplegar metodolog\u00edas para la generaci\u00f3n y potenciaci\u00f3n de conocimientos, destrezas y propuestas de acci\u00f3n para la participaci\u00f3n y la incidencia pol\u00edtica de mujeres LBT en la ciudad de Bogot\u00e1.  <P>Surge como oferta institucional, desde la necesidad de promover, informar y socializar las diferentes herramientas que desde la administraci\u00f3n distrital se han venido configurando para afianzar los derechos de las mujeres bogotanas en el conjunto de sus diversidades.  <P>Con base en lo anterior, se desarrollaran cinco encuentros para el intercambio de saberes, experiencias; en cada uno de ellos se entregaran herramientas conceptuales y metodol\u00f3gicas para potenciar la participaci\u00f3n pol\u00edtica de las mujeres LBT, pero m\u00e1s all\u00e1, se propiciar\u00e1 la construcci\u00f3n de propuestas colectivas para la incidencia pol\u00edtica en los diferentes escenarios de la participaci\u00f3n en Bogot\u00e1, as\u00ed como en la construcci\u00f3n de la pol\u00edtica p\u00fablica LGBT que est\u00e1 en proceso de formulaci\u00f3n.  <P>Estos encuentros permitir\u00e1n a la vez, identificar elementos que enriquezcan la PPMG, que incluyan de una manera m\u00e1s efectiva las necesidades de participaci\u00f3n y acci\u00f3n pol\u00edtica de las mujeres LBT, que contribuyan a potenciar sus procesos de posicionamiento publico, sus intereses en formaci\u00f3n y capacitaci\u00f3n, etc.  <P>Agenda Tem\u00e1tica:  <P>PRIMER ENCUENTRO: \u00bfQu\u00e9 significa la participaci\u00f3n pol\u00edtica en Bogot\u00e1?  <P>Temas a trabajar:  <P>-Las formas aut\u00f3nomas de participaci\u00f3n que construimos las mujeres LBT <P>-Conceptos b\u00e1sicos de participaci\u00f3n ciudadana, incidencia pol\u00edtica, representaci\u00f3n pol\u00edtica y control social.  <P>-La pol\u00edtica de la participaci\u00f3n del distrito y las rutas institucionales para el ejercicio de la ciudadan\u00eda activa.  <P>SEGUNDO ENCUENTRO: Las necesidades e intereses que tenemos las mujeres LBT en Bogot\u00e1.  <P>Temas a trabajar:  <P>-Necesidades pr\u00e1cticas y estrat\u00e9gicas de g\u00e9nero desde la perspectiva de la diversidad sexual <P>-Pol\u00edtica Publica de Mujer y G\u00e9neros, PIO y proceso de construcci\u00f3n de la pol\u00edtica publica LGBT <P>-La incidencia pol\u00edtica como herramienta para la inclusi\u00f3n de las diversidades sexuales <P>TERCER ENCUENTRO: De la teor\u00eda a la pr\u00e1ctica de las pol\u00edticas p\u00fablicas. Balance y perspectivas de las pol\u00edticas publicas con perspectiva de g\u00e9nero y diversidad sexual en Bogot\u00e1 <P>Temas a trabajar:  <P>-Pol\u00edtica publica de mujer y g\u00e9neros y plan de igualdad de oportunidades 2004 &ndash; 2016 <P>-Avances en materia de pol\u00edticas de diversidad sexual en Bogot\u00e1 <P>-Posturas criticas frente a las pol\u00edticas publicas con perspectiva de genero y diversidad sexual en el distrito <P>CUARTO ENCUENTRO: El camino andado, la invitaci\u00f3n a caminar\u2026 <P>Temas a trabajar:  <P>-Todos los resultados de trabajos grupales realizados hasta el momento <P>QUINTO ENCUENTRO: Hacia la construcci\u00f3n de estrategias para la incidencia pol\u00edtica de las mujeres LBT en los escenarios de participaci\u00f3n y decisi\u00f3n en la ciudad.  <P>Temas a trabajar:  <P>-Alianzas que deben hacer las mujeres LBT para la incidencia pol\u00edtica efectiva <P>-Escenario y actores en los que se debe hacer la incidencia <P>-Acciones puntuales que deben desarrollarse en el corto y mediano plazo para lograr efectividad y continuidad de este proceso<\/P><\/p>\n","protected":false},"excerpt":{"rendered":"<p>Del 16 de octubre al 13 de noviembre se llevar\u00e1 a cabo el encuentro Mujeres P\u00fablicas: Activas. Proceso de formaci\u00f3n pol\u00edtica para mujeres LBT, proceso de formaci\u00f3n pol\u00edtica para mujeres Lesbianas, Bisexuales y Transgeneristas.<\/p>\n","protected":false},"author":1,"featured_media":0,"comment_status":"open","ping_status":"open","sticky":false,"template":"","format":"standard","meta":{"_acf_changed":false,"site-sidebar-layout":"default","site-content-layout":"default","ast-global-header-display":"","ast-main-header-display":"","ast-hfb-above-header-display":"","ast-hfb-below-header-display":"","ast-hfb-mobile-header-display":"","site-post-title":"","ast-breadcrumbs-content":"","ast-featured-img":"","footer-sml-layout":"","theme-transparent-header-meta":"","adv-header-id-meta":"","stick-header-meta":"","header-above-stick-meta":"","header-main-stick-meta":"","header-below-stick-meta":"","_jetpack_memberships_contains_paid_content":false,"footnotes":""},"categories":[28],"tags":[],"class_list":["post-33661","post","type-post","status-publish","format-standard","hentry","category-agenda"],"acf":[],"yoast_head":"<!-- This site is optimized with the Yoast SEO plugin v26.1.1 - https:\/\/yoast.com\/wordpress\/plugins\/seo\/ -->\n<title>Mujeres P\u00fablicas: Activas. Proceso de formaci\u00f3n pol\u00edtica para mujeres LBT \u2013 Bogot\u00e1 \u2013 Colombia - CLAM - ES<\/title>\n<meta name=\"robots\" content=\"index, follow, max-snippet:-1, max-image-preview:large, max-video-preview:-1\" \/>\n<link rel=\"canonical\" href=\"https:\/\/clam.org.br\/es\/agenda\/mujeres-publicas-activas-proceso-de-formacion-politica-para-mujeres-lbt-bogota-colombia\/33661\/\" \/>\n<meta property=\"og:locale\" content=\"es_ES\" \/>\n<meta property=\"og:type\" content=\"article\" \/>\n<meta property=\"og:title\" content=\"Mujeres P\u00fablicas: Activas. Proceso de formaci\u00f3n pol\u00edtica para mujeres LBT \u2013 Bogot\u00e1 \u2013 Colombia - CLAM - ES\" \/>\n<meta property=\"og:description\" content=\"Del 16 de octubre al 13 de noviembre se llevar\u00e1 a cabo el encuentro Mujeres P\u00fablicas: Activas. Proceso de formaci\u00f3n pol\u00edtica para mujeres LBT, proceso de formaci\u00f3n pol\u00edtica para mujeres Lesbianas, Bisexuales y Transgeneristas.\" \/>\n<meta property=\"og:url\" content=\"https:\/\/clam.org.br\/es\/agenda\/mujeres-publicas-activas-proceso-de-formacion-politica-para-mujeres-lbt-bogota-colombia\/33661\/\" \/>\n<meta property=\"og:site_name\" content=\"CLAM - ES\" \/>\n<meta property=\"article:published_time\" content=\"2007-10-24T02:00:00+00:00\" \/>\n<meta name=\"author\" content=\"fw2\" \/>\n<meta name=\"twitter:card\" content=\"summary_large_image\" \/>\n<meta name=\"twitter:label1\" content=\"Escrito por\" \/>\n\t<meta name=\"twitter:data1\" content=\"fw2\" \/>\n\t<meta name=\"twitter:label2\" content=\"Tiempo de lectura\" \/>\n\t<meta name=\"twitter:data2\" content=\"3 minutos\" \/>\n<script type=\"application\/ld+json\" class=\"yoast-schema-graph\">{\"@context\":\"https:\/\/schema.org\",\"@graph\":[{\"@type\":\"WebPage\",\"@id\":\"https:\/\/clam.org.br\/es\/agenda\/mujeres-publicas-activas-proceso-de-formacion-politica-para-mujeres-lbt-bogota-colombia\/33661\/\",\"url\":\"https:\/\/clam.org.br\/es\/agenda\/mujeres-publicas-activas-proceso-de-formacion-politica-para-mujeres-lbt-bogota-colombia\/33661\/\",\"name\":\"Mujeres P\u00fablicas: Activas. Proceso de formaci\u00f3n pol\u00edtica para mujeres LBT \u2013 Bogot\u00e1 \u2013 Colombia - CLAM - ES\",\"isPartOf\":{\"@id\":\"https:\/\/clam.org.br\/es\/#website\"},\"datePublished\":\"2007-10-24T02:00:00+00:00\",\"author\":{\"@id\":\"https:\/\/clam.org.br\/es\/#\/schema\/person\/fbd9a86032bf7479f94b0ded196f1010\"},\"breadcrumb\":{\"@id\":\"https:\/\/clam.org.br\/es\/agenda\/mujeres-publicas-activas-proceso-de-formacion-politica-para-mujeres-lbt-bogota-colombia\/33661\/#breadcrumb\"},\"inLanguage\":\"es\",\"potentialAction\":[{\"@type\":\"ReadAction\",\"target\":[\"https:\/\/clam.org.br\/es\/agenda\/mujeres-publicas-activas-proceso-de-formacion-politica-para-mujeres-lbt-bogota-colombia\/33661\/\"]}]},{\"@type\":\"BreadcrumbList\",\"@id\":\"https:\/\/clam.org.br\/es\/agenda\/mujeres-publicas-activas-proceso-de-formacion-politica-para-mujeres-lbt-bogota-colombia\/33661\/#breadcrumb\",\"itemListElement\":[{\"@type\":\"ListItem\",\"position\":1,\"name\":\"In\u00edcio\",\"item\":\"https:\/\/clam.org.br\/es\/\"},{\"@type\":\"ListItem\",\"position\":2,\"name\":\"Mujeres P\u00fablicas: Activas. Proceso de formaci\u00f3n pol\u00edtica para mujeres LBT \u2013 Bogot\u00e1 \u2013 Colombia\"}]},{\"@type\":\"WebSite\",\"@id\":\"https:\/\/clam.org.br\/es\/#website\",\"url\":\"https:\/\/clam.org.br\/es\/\",\"name\":\"CLAM - ES\",\"description\":\"S\u00f3 mais um site CLAM - Centro Latino-Americano em Sexualidade e Direitos Humanos sites\",\"potentialAction\":[{\"@type\":\"SearchAction\",\"target\":{\"@type\":\"EntryPoint\",\"urlTemplate\":\"https:\/\/clam.org.br\/es\/?s={search_term_string}\"},\"query-input\":{\"@type\":\"PropertyValueSpecification\",\"valueRequired\":true,\"valueName\":\"search_term_string\"}}],\"inLanguage\":\"es\"},{\"@type\":\"Person\",\"@id\":\"https:\/\/clam.org.br\/es\/#\/schema\/person\/fbd9a86032bf7479f94b0ded196f1010\",\"name\":\"fw2\",\"image\":{\"@type\":\"ImageObject\",\"inLanguage\":\"es\",\"@id\":\"https:\/\/clam.org.br\/es\/#\/schema\/person\/image\/\",\"url\":\"https:\/\/secure.gravatar.com\/avatar\/c38472c0cdbde82d9b6fcc26adb3779d?s=96&d=mm&r=g\",\"contentUrl\":\"https:\/\/secure.gravatar.com\/avatar\/c38472c0cdbde82d9b6fcc26adb3779d?s=96&d=mm&r=g\",\"caption\":\"fw2\"},\"sameAs\":[\"https:\/\/clam.fw2web.com.br\"],\"url\":\"https:\/\/clam.org.br\/es\/author\/fw2\/\"}]}<\/script>\n<!-- \/ Yoast SEO plugin. -->","yoast_head_json":{"title":"Mujeres P\u00fablicas: Activas. Proceso de formaci\u00f3n pol\u00edtica para mujeres LBT \u2013 Bogot\u00e1 \u2013 Colombia - CLAM - ES","robots":{"index":"index","follow":"follow","max-snippet":"max-snippet:-1","max-image-preview":"max-image-preview:large","max-video-preview":"max-video-preview:-1"},"canonical":"https:\/\/clam.org.br\/es\/agenda\/mujeres-publicas-activas-proceso-de-formacion-politica-para-mujeres-lbt-bogota-colombia\/33661\/","og_locale":"es_ES","og_type":"article","og_title":"Mujeres P\u00fablicas: Activas. Proceso de formaci\u00f3n pol\u00edtica para mujeres LBT \u2013 Bogot\u00e1 \u2013 Colombia - CLAM - ES","og_description":"Del 16 de octubre al 13 de noviembre se llevar\u00e1 a cabo el encuentro Mujeres P\u00fablicas: Activas. Proceso de formaci\u00f3n pol\u00edtica para mujeres LBT, proceso de formaci\u00f3n pol\u00edtica para mujeres Lesbianas, Bisexuales y Transgeneristas.","og_url":"https:\/\/clam.org.br\/es\/agenda\/mujeres-publicas-activas-proceso-de-formacion-politica-para-mujeres-lbt-bogota-colombia\/33661\/","og_site_name":"CLAM - ES","article_published_time":"2007-10-24T02:00:00+00:00","author":"fw2","twitter_card":"summary_large_image","twitter_misc":{"Escrito por":"fw2","Tiempo de lectura":"3 minutos"},"schema":{"@context":"https:\/\/schema.org","@graph":[{"@type":"WebPage","@id":"https:\/\/clam.org.br\/es\/agenda\/mujeres-publicas-activas-proceso-de-formacion-politica-para-mujeres-lbt-bogota-colombia\/33661\/","url":"https:\/\/clam.org.br\/es\/agenda\/mujeres-publicas-activas-proceso-de-formacion-politica-para-mujeres-lbt-bogota-colombia\/33661\/","name":"Mujeres P\u00fablicas: Activas. Proceso de formaci\u00f3n pol\u00edtica para mujeres LBT \u2013 Bogot\u00e1 \u2013 Colombia - CLAM - ES","isPartOf":{"@id":"https:\/\/clam.org.br\/es\/#website"},"datePublished":"2007-10-24T02:00:00+00:00","author":{"@id":"https:\/\/clam.org.br\/es\/#\/schema\/person\/fbd9a86032bf7479f94b0ded196f1010"},"breadcrumb":{"@id":"https:\/\/clam.org.br\/es\/agenda\/mujeres-publicas-activas-proceso-de-formacion-politica-para-mujeres-lbt-bogota-colombia\/33661\/#breadcrumb"},"inLanguage":"es","potentialAction":[{"@type":"ReadAction","target":["https:\/\/clam.org.br\/es\/agenda\/mujeres-publicas-activas-proceso-de-formacion-politica-para-mujeres-lbt-bogota-colombia\/33661\/"]}]},{"@type":"BreadcrumbList","@id":"https:\/\/clam.org.br\/es\/agenda\/mujeres-publicas-activas-proceso-de-formacion-politica-para-mujeres-lbt-bogota-colombia\/33661\/#breadcrumb","itemListElement":[{"@type":"ListItem","position":1,"name":"In\u00edcio","item":"https:\/\/clam.org.br\/es\/"},{"@type":"ListItem","position":2,"name":"Mujeres P\u00fablicas: Activas. Proceso de formaci\u00f3n pol\u00edtica para mujeres LBT \u2013 Bogot\u00e1 \u2013 Colombia"}]},{"@type":"WebSite","@id":"https:\/\/clam.org.br\/es\/#website","url":"https:\/\/clam.org.br\/es\/","name":"CLAM - ES","description":"S\u00f3 mais um site CLAM - Centro Latino-Americano em Sexualidade e Direitos Humanos sites","potentialAction":[{"@type":"SearchAction","target":{"@type":"EntryPoint","urlTemplate":"https:\/\/clam.org.br\/es\/?s={search_term_string}"},"query-input":{"@type":"PropertyValueSpecification","valueRequired":true,"valueName":"search_term_string"}}],"inLanguage":"es"},{"@type":"Person","@id":"https:\/\/clam.org.br\/es\/#\/schema\/person\/fbd9a86032bf7479f94b0ded196f1010","name":"fw2","image":{"@type":"ImageObject","inLanguage":"es","@id":"https:\/\/clam.org.br\/es\/#\/schema\/person\/image\/","url":"https:\/\/secure.gravatar.com\/avatar\/c38472c0cdbde82d9b6fcc26adb3779d?s=96&d=mm&r=g","contentUrl":"https:\/\/secure.gravatar.com\/avatar\/c38472c0cdbde82d9b6fcc26adb3779d?s=96&d=mm&r=g","caption":"fw2"},"sameAs":["https:\/\/clam.fw2web.com.br"],"url":"https:\/\/clam.org.br\/es\/author\/fw2\/"}]}},"jetpack_featured_media_url":"","jetpack_sharing_enabled":true,"_links":{"self":[{"href":"https:\/\/clam.org.br\/es\/wp-json\/wp\/v2\/posts\/33661","targetHints":{"allow":["GET"]}}],"collection":[{"href":"https:\/\/clam.org.br\/es\/wp-json\/wp\/v2\/posts"}],"about":[{"href":"https:\/\/clam.org.br\/es\/wp-json\/wp\/v2\/types\/post"}],"author":[{"embeddable":true,"href":"https:\/\/clam.org.br\/es\/wp-json\/wp\/v2\/users\/1"}],"replies":[{"embeddable":true,"href":"https:\/\/clam.org.br\/es\/wp-json\/wp\/v2\/comments?post=33661"}],"version-history":[{"count":0,"href":"https:\/\/clam.org.br\/es\/wp-json\/wp\/v2\/posts\/33661\/revisions"}],"wp:attachment":[{"href":"https:\/\/clam.org.br\/es\/wp-json\/wp\/v2\/media?parent=33661"}],"wp:term":[{"taxonomy":"category","embeddable":true,"href":"https:\/\/clam.org.br\/es\/wp-json\/wp\/v2\/categories?post=33661"},{"taxonomy":"post_tag","embeddable":true,"href":"https:\/\/clam.org.br\/es\/wp-json\/wp\/v2\/tags?post=33661"}],"curies":[{"name":"wp","href":"https:\/\/api.w.org\/{rel}","templated":true}]}}