{"id":33667,"date":"2007-10-30T00:00:00","date_gmt":"2007-10-30T02:00:00","guid":{"rendered":"https:\/\/clam.fw2web.com.br\/es\/2007\/10\/30\/seminario-internacional-diversidad-sexual-y-socialismo\/"},"modified":"2007-10-30T00:00:00","modified_gmt":"2007-10-30T02:00:00","slug":"seminario-internacional-diversidad-sexual-y-socialismo","status":"publish","type":"post","link":"https:\/\/clam.org.br\/es\/agenda\/seminario-internacional-diversidad-sexual-y-socialismo\/33667\/","title":{"rendered":"Seminario Internacional: Diversidad Sexual y Socialismo"},"content":{"rendered":"<p>&nbsp; Viernes 2 y S\u00e1bado 3 de noviembre <P>Av. Entre R\u00edos 1039, Ciudad de Buenos Aires <P>Programaci\u00f3n:  <P>Viernes 2 de noviembre <P>19.00 hs. Apertura del Seminario <P>Palabras de Apertura:  <P>Mariela Castro &#8211; Cuba <P>Beatriz Gimeno &#8211; Espa\u00f1a <P>Fanny Edelman &#8211; Argentina <P>S\u00e1bado 3 de noviembre <P>9.30 hs a 11.30 hs. La diversidad sexual desde una perspectiva de izquierda Beatriz Gimeno, Federaci\u00f3n Estatal de Lesbianas, Gays y Trans &ndash; Espa\u00f1a Mariela Castro, Cuba <P>12.00 hs a 13.30 hs. Feminismos y diversidades sexuales <P>Silvia Elizalde, UBA\/CONyCET\/Area Queer <P>Nuria P\u00e9rez Jacky, UBA <P>13.30 hs. a 15.00 Almuerzo <P>15.00 hs. a 16.30 hs. Movimientos sociales y de diversidad sexual y gen\u00e9rica <P>Mar\u00eda Rachid, Federaci\u00f3n Argentina de Lesbianas, Gay, Bisexuales y Trans <P>Carlos Alvarez, Asociaci\u00f3n Africa y su Di\u00e1spora, Federaci\u00f3n Argentina de Lesbianas, Gays, Trans y Bisexuales <P>16.30 hs a 17.00 hs. Pausa caf\u00e9 <P>17.00 a 18.30 hs. Medios, cultura y discriminaci\u00f3n y luchas emancipatorias <P>Cristian Alarc\u00f3n, periodista de P\u00e1gina 12 y escritor <P>Juan Pablo Sutherland, escritor y activista, Chile <P>Juan Pablo Parchuc, Docente UBA y Area Queer <P>Mariana Szretter, UBA <P>18.30 hs. a 20.00 hs. Pol\u00edtica Antidiscriminatoria desde una perspectiva socialista en Argentina y Am\u00e9rica Latina <P>Diputada Silvia Augsburger, Partido Socialista <P>Patricio Echegaray, Secretario General del Partido Comunista <P>Flavio Rapisardi, Area Queer &ndash; Federaci\u00f3n Argentina de Gays, Lesbianas, Bisexuales y Trans, UBA\/UNLP <P>Esteban Paul\u00f3n, Director del Area de Diversidad Sexual de la ciudad de Rosario, miembro de Vox Asoc. Civil &ndash; Federaci\u00f3n Argentina de Gays, Lesbianas, Bisexuales y Trans.  <P>20.00 hs. CIERRE: PEDRO LEMEBEL, CHILE <P>Informes:  <P>Av. Corrientes 1785 2\u00ba P. Of. C <P>Ciudad Aut\u00f3noma de Buenos Aires <P>Correo electr\u00f3nico: <A href=\"mailto:areaqueer@yahoo.com.ar\">areaqueer@yahoo.com.ar<\/A>  <P>Organizan:  <P>Area Queer &#8211; Federaci\u00f3n Argentina de Lesbianas, Gays, Trans y Bisexuales <P>Cuadernos Marxistas <P>Liga Argentina por los Derechos del Hombre <P>Partido Socialista <P>Partido Comunista <\/P><\/p>\n","protected":false},"excerpt":{"rendered":"<p>Los d\u00edas 2 y 3 de noviembre se llevar\u00e1 a cabo en la ciudad de Buenos Aires el Seminario Internacional Diversidad Sexual y Socialismo que contar\u00e1 con la presencia de destacadas\/os activistas e investigadores de la regi\u00f3n.<\/p>\n","protected":false},"author":1,"featured_media":0,"comment_status":"open","ping_status":"open","sticky":false,"template":"","format":"standard","meta":{"_acf_changed":false,"site-sidebar-layout":"default","site-content-layout":"default","ast-global-header-display":"","ast-main-header-display":"","ast-hfb-above-header-display":"","ast-hfb-below-header-display":"","ast-hfb-mobile-header-display":"","site-post-title":"","ast-breadcrumbs-content":"","ast-featured-img":"","footer-sml-layout":"","theme-transparent-header-meta":"","adv-header-id-meta":"","stick-header-meta":"","header-above-stick-meta":"","header-main-stick-meta":"","header-below-stick-meta":"","_jetpack_memberships_contains_paid_content":false,"footnotes":""},"categories":[28],"tags":[],"class_list":["post-33667","post","type-post","status-publish","format-standard","hentry","category-agenda"],"acf":[],"yoast_head":"<!-- This site is optimized with the Yoast SEO plugin v26.1.1 - https:\/\/yoast.com\/wordpress\/plugins\/seo\/ -->\n<title>Seminario Internacional: Diversidad Sexual y Socialismo - CLAM - ES<\/title>\n<meta name=\"robots\" content=\"index, follow, max-snippet:-1, max-image-preview:large, max-video-preview:-1\" \/>\n<link rel=\"canonical\" href=\"https:\/\/clam.org.br\/es\/agenda\/seminario-internacional-diversidad-sexual-y-socialismo\/33667\/\" \/>\n<meta property=\"og:locale\" content=\"es_ES\" \/>\n<meta property=\"og:type\" content=\"article\" \/>\n<meta property=\"og:title\" content=\"Seminario Internacional: Diversidad Sexual y Socialismo - CLAM - ES\" \/>\n<meta property=\"og:description\" content=\"Los d\u00edas 2 y 3 de noviembre se llevar\u00e1 a cabo en la ciudad de Buenos Aires el Seminario Internacional Diversidad Sexual y Socialismo que contar\u00e1 con la presencia de destacadas\/os activistas e investigadores de la regi\u00f3n.\" \/>\n<meta property=\"og:url\" content=\"https:\/\/clam.org.br\/es\/agenda\/seminario-internacional-diversidad-sexual-y-socialismo\/33667\/\" \/>\n<meta property=\"og:site_name\" content=\"CLAM - ES\" \/>\n<meta property=\"article:published_time\" content=\"2007-10-30T02:00:00+00:00\" \/>\n<meta name=\"author\" content=\"fw2\" \/>\n<meta name=\"twitter:card\" content=\"summary_large_image\" \/>\n<meta name=\"twitter:label1\" content=\"Escrito por\" \/>\n\t<meta name=\"twitter:data1\" content=\"fw2\" \/>\n\t<meta name=\"twitter:label2\" content=\"Tiempo de lectura\" \/>\n\t<meta name=\"twitter:data2\" content=\"1 minuto\" \/>\n<script type=\"application\/ld+json\" class=\"yoast-schema-graph\">{\"@context\":\"https:\/\/schema.org\",\"@graph\":[{\"@type\":\"WebPage\",\"@id\":\"https:\/\/clam.org.br\/es\/agenda\/seminario-internacional-diversidad-sexual-y-socialismo\/33667\/\",\"url\":\"https:\/\/clam.org.br\/es\/agenda\/seminario-internacional-diversidad-sexual-y-socialismo\/33667\/\",\"name\":\"Seminario Internacional: Diversidad Sexual y Socialismo - CLAM - ES\",\"isPartOf\":{\"@id\":\"https:\/\/clam.org.br\/es\/#website\"},\"datePublished\":\"2007-10-30T02:00:00+00:00\",\"author\":{\"@id\":\"https:\/\/clam.org.br\/es\/#\/schema\/person\/fbd9a86032bf7479f94b0ded196f1010\"},\"breadcrumb\":{\"@id\":\"https:\/\/clam.org.br\/es\/agenda\/seminario-internacional-diversidad-sexual-y-socialismo\/33667\/#breadcrumb\"},\"inLanguage\":\"es\",\"potentialAction\":[{\"@type\":\"ReadAction\",\"target\":[\"https:\/\/clam.org.br\/es\/agenda\/seminario-internacional-diversidad-sexual-y-socialismo\/33667\/\"]}]},{\"@type\":\"BreadcrumbList\",\"@id\":\"https:\/\/clam.org.br\/es\/agenda\/seminario-internacional-diversidad-sexual-y-socialismo\/33667\/#breadcrumb\",\"itemListElement\":[{\"@type\":\"ListItem\",\"position\":1,\"name\":\"In\u00edcio\",\"item\":\"https:\/\/clam.org.br\/es\/\"},{\"@type\":\"ListItem\",\"position\":2,\"name\":\"Seminario Internacional: Diversidad Sexual y Socialismo\"}]},{\"@type\":\"WebSite\",\"@id\":\"https:\/\/clam.org.br\/es\/#website\",\"url\":\"https:\/\/clam.org.br\/es\/\",\"name\":\"CLAM - ES\",\"description\":\"S\u00f3 mais um site CLAM - Centro Latino-Americano em Sexualidade e Direitos Humanos sites\",\"potentialAction\":[{\"@type\":\"SearchAction\",\"target\":{\"@type\":\"EntryPoint\",\"urlTemplate\":\"https:\/\/clam.org.br\/es\/?s={search_term_string}\"},\"query-input\":{\"@type\":\"PropertyValueSpecification\",\"valueRequired\":true,\"valueName\":\"search_term_string\"}}],\"inLanguage\":\"es\"},{\"@type\":\"Person\",\"@id\":\"https:\/\/clam.org.br\/es\/#\/schema\/person\/fbd9a86032bf7479f94b0ded196f1010\",\"name\":\"fw2\",\"image\":{\"@type\":\"ImageObject\",\"inLanguage\":\"es\",\"@id\":\"https:\/\/clam.org.br\/es\/#\/schema\/person\/image\/\",\"url\":\"https:\/\/secure.gravatar.com\/avatar\/c38472c0cdbde82d9b6fcc26adb3779d?s=96&d=mm&r=g\",\"contentUrl\":\"https:\/\/secure.gravatar.com\/avatar\/c38472c0cdbde82d9b6fcc26adb3779d?s=96&d=mm&r=g\",\"caption\":\"fw2\"},\"sameAs\":[\"https:\/\/clam.fw2web.com.br\"],\"url\":\"https:\/\/clam.org.br\/es\/author\/fw2\/\"}]}<\/script>\n<!-- \/ Yoast SEO plugin. -->","yoast_head_json":{"title":"Seminario Internacional: Diversidad Sexual y Socialismo - CLAM - ES","robots":{"index":"index","follow":"follow","max-snippet":"max-snippet:-1","max-image-preview":"max-image-preview:large","max-video-preview":"max-video-preview:-1"},"canonical":"https:\/\/clam.org.br\/es\/agenda\/seminario-internacional-diversidad-sexual-y-socialismo\/33667\/","og_locale":"es_ES","og_type":"article","og_title":"Seminario Internacional: Diversidad Sexual y Socialismo - CLAM - ES","og_description":"Los d\u00edas 2 y 3 de noviembre se llevar\u00e1 a cabo en la ciudad de Buenos Aires el Seminario Internacional Diversidad Sexual y Socialismo que contar\u00e1 con la presencia de destacadas\/os activistas e investigadores de la regi\u00f3n.","og_url":"https:\/\/clam.org.br\/es\/agenda\/seminario-internacional-diversidad-sexual-y-socialismo\/33667\/","og_site_name":"CLAM - ES","article_published_time":"2007-10-30T02:00:00+00:00","author":"fw2","twitter_card":"summary_large_image","twitter_misc":{"Escrito por":"fw2","Tiempo de lectura":"1 minuto"},"schema":{"@context":"https:\/\/schema.org","@graph":[{"@type":"WebPage","@id":"https:\/\/clam.org.br\/es\/agenda\/seminario-internacional-diversidad-sexual-y-socialismo\/33667\/","url":"https:\/\/clam.org.br\/es\/agenda\/seminario-internacional-diversidad-sexual-y-socialismo\/33667\/","name":"Seminario Internacional: Diversidad Sexual y Socialismo - CLAM - ES","isPartOf":{"@id":"https:\/\/clam.org.br\/es\/#website"},"datePublished":"2007-10-30T02:00:00+00:00","author":{"@id":"https:\/\/clam.org.br\/es\/#\/schema\/person\/fbd9a86032bf7479f94b0ded196f1010"},"breadcrumb":{"@id":"https:\/\/clam.org.br\/es\/agenda\/seminario-internacional-diversidad-sexual-y-socialismo\/33667\/#breadcrumb"},"inLanguage":"es","potentialAction":[{"@type":"ReadAction","target":["https:\/\/clam.org.br\/es\/agenda\/seminario-internacional-diversidad-sexual-y-socialismo\/33667\/"]}]},{"@type":"BreadcrumbList","@id":"https:\/\/clam.org.br\/es\/agenda\/seminario-internacional-diversidad-sexual-y-socialismo\/33667\/#breadcrumb","itemListElement":[{"@type":"ListItem","position":1,"name":"In\u00edcio","item":"https:\/\/clam.org.br\/es\/"},{"@type":"ListItem","position":2,"name":"Seminario Internacional: Diversidad Sexual y Socialismo"}]},{"@type":"WebSite","@id":"https:\/\/clam.org.br\/es\/#website","url":"https:\/\/clam.org.br\/es\/","name":"CLAM - ES","description":"S\u00f3 mais um site CLAM - Centro Latino-Americano em Sexualidade e Direitos Humanos sites","potentialAction":[{"@type":"SearchAction","target":{"@type":"EntryPoint","urlTemplate":"https:\/\/clam.org.br\/es\/?s={search_term_string}"},"query-input":{"@type":"PropertyValueSpecification","valueRequired":true,"valueName":"search_term_string"}}],"inLanguage":"es"},{"@type":"Person","@id":"https:\/\/clam.org.br\/es\/#\/schema\/person\/fbd9a86032bf7479f94b0ded196f1010","name":"fw2","image":{"@type":"ImageObject","inLanguage":"es","@id":"https:\/\/clam.org.br\/es\/#\/schema\/person\/image\/","url":"https:\/\/secure.gravatar.com\/avatar\/c38472c0cdbde82d9b6fcc26adb3779d?s=96&d=mm&r=g","contentUrl":"https:\/\/secure.gravatar.com\/avatar\/c38472c0cdbde82d9b6fcc26adb3779d?s=96&d=mm&r=g","caption":"fw2"},"sameAs":["https:\/\/clam.fw2web.com.br"],"url":"https:\/\/clam.org.br\/es\/author\/fw2\/"}]}},"jetpack_featured_media_url":"","jetpack_sharing_enabled":true,"_links":{"self":[{"href":"https:\/\/clam.org.br\/es\/wp-json\/wp\/v2\/posts\/33667","targetHints":{"allow":["GET"]}}],"collection":[{"href":"https:\/\/clam.org.br\/es\/wp-json\/wp\/v2\/posts"}],"about":[{"href":"https:\/\/clam.org.br\/es\/wp-json\/wp\/v2\/types\/post"}],"author":[{"embeddable":true,"href":"https:\/\/clam.org.br\/es\/wp-json\/wp\/v2\/users\/1"}],"replies":[{"embeddable":true,"href":"https:\/\/clam.org.br\/es\/wp-json\/wp\/v2\/comments?post=33667"}],"version-history":[{"count":0,"href":"https:\/\/clam.org.br\/es\/wp-json\/wp\/v2\/posts\/33667\/revisions"}],"wp:attachment":[{"href":"https:\/\/clam.org.br\/es\/wp-json\/wp\/v2\/media?parent=33667"}],"wp:term":[{"taxonomy":"category","embeddable":true,"href":"https:\/\/clam.org.br\/es\/wp-json\/wp\/v2\/categories?post=33667"},{"taxonomy":"post_tag","embeddable":true,"href":"https:\/\/clam.org.br\/es\/wp-json\/wp\/v2\/tags?post=33667"}],"curies":[{"name":"wp","href":"https:\/\/api.w.org\/{rel}","templated":true}]}}