{"id":33668,"date":"2007-10-30T00:00:00","date_gmt":"2007-10-30T02:00:00","guid":{"rendered":"https:\/\/clam.fw2web.com.br\/es\/2007\/10\/30\/derechos-economicos-de-las-mujeres-y-economia-del-cuidado\/"},"modified":"2007-10-30T00:00:00","modified_gmt":"2007-10-30T02:00:00","slug":"derechos-economicos-de-las-mujeres-y-economia-del-cuidado","status":"publish","type":"post","link":"https:\/\/clam.org.br\/es\/agenda\/derechos-economicos-de-las-mujeres-y-economia-del-cuidado\/33668\/","title":{"rendered":"Derechos Econ\u00f3micos de las Mujeres y Econom\u00eda del Cuidado"},"content":{"rendered":"<p>La Pol\u00edtica Publica de Mujer y G\u00e9neros del Distrito Capital, en desarrollo del derecho al Trabajo en condiciones de Igualdad y Dignidad ha venido realizando una serie de seminarios \u00abTrueque de saberes y experiencias\u00bb de reflexi\u00f3n y dise\u00f1o de rutas para la construcci\u00f3n de lineamientos de pol\u00edtica en el reconocimiento de la Econom\u00eda del Cuidado y del Aporte de las mujeres a la econom\u00eda de la ciudad. <P>Dada la necesidad de institucionalizar este tema en el Distrito Capital, en alianza con la academia y organizaciones sociales, realizaremos el Seminario Internacional \u00abDERECHOS ECON\u00d3MICOS DE LAS MUJERES Y ECONOM\u00cdA DEL CUIDADO\u00bb. Este espacio contribuir\u00e1 al dise\u00f1o de lineamientos de Pol\u00edtica P\u00fablica y ser\u00e1 un escenario de estudio y gesti\u00f3n Distrital de la Econom\u00eda del Cuidado.  <P>Invitamos a participar en las diferentes sesiones de presentaci\u00f3n de ponencia y en las mesas de elaboraci\u00f3n de propuestas.  <P>Es muy importante para las mujeres y la Pol\u00edtica P\u00fablica de Mujer y G\u00e9neros contar con sus aportes y propuestas.  <P>El seminario se realizara los d\u00edas 8 y 9 de noviembre de 2007, en el Aula M\u00faltiple de la Universidad de la Salle Sede Chapinero, Carrera 5 No. 59A-44 Las inscripciones pueden hacerse en los tel\u00e9fonos 4801620 y 2874720, \u00f3 a trav\u00e9s de correo electr\u00f3nico <A href=\"mailto:economiadelcuidado@gmail.com\">economiadelcuidado@gmail.com<\/A> <\/P><\/p>\n","protected":false},"excerpt":{"rendered":"<p>Los d\u00edas 8 y 9 de noviembre de 2007 se llevar\u00e1 a cabo en Bogot\u00e1 el Seminario Internacional \u00abDERECHOS ECON\u00d3MICOS DE LAS MUJERES Y ECONOM\u00cdA DEL CUIDADO\u00bb organizado por la Pol\u00edtica P\u00fablica de Mujer y G\u00e9neros del Distrito Capital<\/p>\n","protected":false},"author":1,"featured_media":0,"comment_status":"open","ping_status":"open","sticky":false,"template":"","format":"standard","meta":{"_acf_changed":false,"site-sidebar-layout":"default","site-content-layout":"default","ast-global-header-display":"","ast-main-header-display":"","ast-hfb-above-header-display":"","ast-hfb-below-header-display":"","ast-hfb-mobile-header-display":"","site-post-title":"","ast-breadcrumbs-content":"","ast-featured-img":"","footer-sml-layout":"","theme-transparent-header-meta":"","adv-header-id-meta":"","stick-header-meta":"","header-above-stick-meta":"","header-main-stick-meta":"","header-below-stick-meta":"","_jetpack_memberships_contains_paid_content":false,"footnotes":""},"categories":[28],"tags":[],"class_list":["post-33668","post","type-post","status-publish","format-standard","hentry","category-agenda"],"acf":[],"yoast_head":"<!-- This site is optimized with the Yoast SEO plugin v26.1.1 - https:\/\/yoast.com\/wordpress\/plugins\/seo\/ -->\n<title>Derechos Econ\u00f3micos de las Mujeres y Econom\u00eda del Cuidado - CLAM - ES<\/title>\n<meta name=\"robots\" content=\"index, follow, max-snippet:-1, max-image-preview:large, max-video-preview:-1\" \/>\n<link rel=\"canonical\" href=\"https:\/\/clam.org.br\/es\/agenda\/derechos-economicos-de-las-mujeres-y-economia-del-cuidado\/33668\/\" \/>\n<meta property=\"og:locale\" content=\"es_ES\" \/>\n<meta property=\"og:type\" content=\"article\" \/>\n<meta property=\"og:title\" content=\"Derechos Econ\u00f3micos de las Mujeres y Econom\u00eda del Cuidado - CLAM - ES\" \/>\n<meta property=\"og:description\" content=\"Los d\u00edas 8 y 9 de noviembre de 2007 se llevar\u00e1 a cabo en Bogot\u00e1 el Seminario Internacional &quot;DERECHOS ECON\u00d3MICOS DE LAS MUJERES Y ECONOM\u00cdA DEL CUIDADO&quot; organizado por la Pol\u00edtica P\u00fablica de Mujer y G\u00e9neros del Distrito Capital\" \/>\n<meta property=\"og:url\" content=\"https:\/\/clam.org.br\/es\/agenda\/derechos-economicos-de-las-mujeres-y-economia-del-cuidado\/33668\/\" \/>\n<meta property=\"og:site_name\" content=\"CLAM - ES\" \/>\n<meta property=\"article:published_time\" content=\"2007-10-30T02:00:00+00:00\" \/>\n<meta name=\"author\" content=\"fw2\" \/>\n<meta name=\"twitter:card\" content=\"summary_large_image\" \/>\n<meta name=\"twitter:label1\" content=\"Escrito por\" \/>\n\t<meta name=\"twitter:data1\" content=\"fw2\" \/>\n\t<meta name=\"twitter:label2\" content=\"Tiempo de lectura\" \/>\n\t<meta name=\"twitter:data2\" content=\"1 minuto\" \/>\n<script type=\"application\/ld+json\" class=\"yoast-schema-graph\">{\"@context\":\"https:\/\/schema.org\",\"@graph\":[{\"@type\":\"WebPage\",\"@id\":\"https:\/\/clam.org.br\/es\/agenda\/derechos-economicos-de-las-mujeres-y-economia-del-cuidado\/33668\/\",\"url\":\"https:\/\/clam.org.br\/es\/agenda\/derechos-economicos-de-las-mujeres-y-economia-del-cuidado\/33668\/\",\"name\":\"Derechos Econ\u00f3micos de las Mujeres y Econom\u00eda del Cuidado - CLAM - ES\",\"isPartOf\":{\"@id\":\"https:\/\/clam.org.br\/es\/#website\"},\"datePublished\":\"2007-10-30T02:00:00+00:00\",\"author\":{\"@id\":\"https:\/\/clam.org.br\/es\/#\/schema\/person\/fbd9a86032bf7479f94b0ded196f1010\"},\"breadcrumb\":{\"@id\":\"https:\/\/clam.org.br\/es\/agenda\/derechos-economicos-de-las-mujeres-y-economia-del-cuidado\/33668\/#breadcrumb\"},\"inLanguage\":\"es\",\"potentialAction\":[{\"@type\":\"ReadAction\",\"target\":[\"https:\/\/clam.org.br\/es\/agenda\/derechos-economicos-de-las-mujeres-y-economia-del-cuidado\/33668\/\"]}]},{\"@type\":\"BreadcrumbList\",\"@id\":\"https:\/\/clam.org.br\/es\/agenda\/derechos-economicos-de-las-mujeres-y-economia-del-cuidado\/33668\/#breadcrumb\",\"itemListElement\":[{\"@type\":\"ListItem\",\"position\":1,\"name\":\"In\u00edcio\",\"item\":\"https:\/\/clam.org.br\/es\/\"},{\"@type\":\"ListItem\",\"position\":2,\"name\":\"Derechos Econ\u00f3micos de las Mujeres y Econom\u00eda del Cuidado\"}]},{\"@type\":\"WebSite\",\"@id\":\"https:\/\/clam.org.br\/es\/#website\",\"url\":\"https:\/\/clam.org.br\/es\/\",\"name\":\"CLAM - ES\",\"description\":\"S\u00f3 mais um site CLAM - Centro Latino-Americano em Sexualidade e Direitos Humanos sites\",\"potentialAction\":[{\"@type\":\"SearchAction\",\"target\":{\"@type\":\"EntryPoint\",\"urlTemplate\":\"https:\/\/clam.org.br\/es\/?s={search_term_string}\"},\"query-input\":{\"@type\":\"PropertyValueSpecification\",\"valueRequired\":true,\"valueName\":\"search_term_string\"}}],\"inLanguage\":\"es\"},{\"@type\":\"Person\",\"@id\":\"https:\/\/clam.org.br\/es\/#\/schema\/person\/fbd9a86032bf7479f94b0ded196f1010\",\"name\":\"fw2\",\"image\":{\"@type\":\"ImageObject\",\"inLanguage\":\"es\",\"@id\":\"https:\/\/clam.org.br\/es\/#\/schema\/person\/image\/\",\"url\":\"https:\/\/secure.gravatar.com\/avatar\/c38472c0cdbde82d9b6fcc26adb3779d?s=96&d=mm&r=g\",\"contentUrl\":\"https:\/\/secure.gravatar.com\/avatar\/c38472c0cdbde82d9b6fcc26adb3779d?s=96&d=mm&r=g\",\"caption\":\"fw2\"},\"sameAs\":[\"https:\/\/clam.fw2web.com.br\"],\"url\":\"https:\/\/clam.org.br\/es\/author\/fw2\/\"}]}<\/script>\n<!-- \/ Yoast SEO plugin. -->","yoast_head_json":{"title":"Derechos Econ\u00f3micos de las Mujeres y Econom\u00eda del Cuidado - CLAM - ES","robots":{"index":"index","follow":"follow","max-snippet":"max-snippet:-1","max-image-preview":"max-image-preview:large","max-video-preview":"max-video-preview:-1"},"canonical":"https:\/\/clam.org.br\/es\/agenda\/derechos-economicos-de-las-mujeres-y-economia-del-cuidado\/33668\/","og_locale":"es_ES","og_type":"article","og_title":"Derechos Econ\u00f3micos de las Mujeres y Econom\u00eda del Cuidado - CLAM - ES","og_description":"Los d\u00edas 8 y 9 de noviembre de 2007 se llevar\u00e1 a cabo en Bogot\u00e1 el Seminario Internacional \"DERECHOS ECON\u00d3MICOS DE LAS MUJERES Y ECONOM\u00cdA DEL CUIDADO\" organizado por la Pol\u00edtica P\u00fablica de Mujer y G\u00e9neros del Distrito Capital","og_url":"https:\/\/clam.org.br\/es\/agenda\/derechos-economicos-de-las-mujeres-y-economia-del-cuidado\/33668\/","og_site_name":"CLAM - ES","article_published_time":"2007-10-30T02:00:00+00:00","author":"fw2","twitter_card":"summary_large_image","twitter_misc":{"Escrito por":"fw2","Tiempo de lectura":"1 minuto"},"schema":{"@context":"https:\/\/schema.org","@graph":[{"@type":"WebPage","@id":"https:\/\/clam.org.br\/es\/agenda\/derechos-economicos-de-las-mujeres-y-economia-del-cuidado\/33668\/","url":"https:\/\/clam.org.br\/es\/agenda\/derechos-economicos-de-las-mujeres-y-economia-del-cuidado\/33668\/","name":"Derechos Econ\u00f3micos de las Mujeres y Econom\u00eda del Cuidado - CLAM - ES","isPartOf":{"@id":"https:\/\/clam.org.br\/es\/#website"},"datePublished":"2007-10-30T02:00:00+00:00","author":{"@id":"https:\/\/clam.org.br\/es\/#\/schema\/person\/fbd9a86032bf7479f94b0ded196f1010"},"breadcrumb":{"@id":"https:\/\/clam.org.br\/es\/agenda\/derechos-economicos-de-las-mujeres-y-economia-del-cuidado\/33668\/#breadcrumb"},"inLanguage":"es","potentialAction":[{"@type":"ReadAction","target":["https:\/\/clam.org.br\/es\/agenda\/derechos-economicos-de-las-mujeres-y-economia-del-cuidado\/33668\/"]}]},{"@type":"BreadcrumbList","@id":"https:\/\/clam.org.br\/es\/agenda\/derechos-economicos-de-las-mujeres-y-economia-del-cuidado\/33668\/#breadcrumb","itemListElement":[{"@type":"ListItem","position":1,"name":"In\u00edcio","item":"https:\/\/clam.org.br\/es\/"},{"@type":"ListItem","position":2,"name":"Derechos Econ\u00f3micos de las Mujeres y Econom\u00eda del Cuidado"}]},{"@type":"WebSite","@id":"https:\/\/clam.org.br\/es\/#website","url":"https:\/\/clam.org.br\/es\/","name":"CLAM - ES","description":"S\u00f3 mais um site CLAM - Centro Latino-Americano em Sexualidade e Direitos Humanos sites","potentialAction":[{"@type":"SearchAction","target":{"@type":"EntryPoint","urlTemplate":"https:\/\/clam.org.br\/es\/?s={search_term_string}"},"query-input":{"@type":"PropertyValueSpecification","valueRequired":true,"valueName":"search_term_string"}}],"inLanguage":"es"},{"@type":"Person","@id":"https:\/\/clam.org.br\/es\/#\/schema\/person\/fbd9a86032bf7479f94b0ded196f1010","name":"fw2","image":{"@type":"ImageObject","inLanguage":"es","@id":"https:\/\/clam.org.br\/es\/#\/schema\/person\/image\/","url":"https:\/\/secure.gravatar.com\/avatar\/c38472c0cdbde82d9b6fcc26adb3779d?s=96&d=mm&r=g","contentUrl":"https:\/\/secure.gravatar.com\/avatar\/c38472c0cdbde82d9b6fcc26adb3779d?s=96&d=mm&r=g","caption":"fw2"},"sameAs":["https:\/\/clam.fw2web.com.br"],"url":"https:\/\/clam.org.br\/es\/author\/fw2\/"}]}},"jetpack_featured_media_url":"","jetpack_sharing_enabled":true,"_links":{"self":[{"href":"https:\/\/clam.org.br\/es\/wp-json\/wp\/v2\/posts\/33668","targetHints":{"allow":["GET"]}}],"collection":[{"href":"https:\/\/clam.org.br\/es\/wp-json\/wp\/v2\/posts"}],"about":[{"href":"https:\/\/clam.org.br\/es\/wp-json\/wp\/v2\/types\/post"}],"author":[{"embeddable":true,"href":"https:\/\/clam.org.br\/es\/wp-json\/wp\/v2\/users\/1"}],"replies":[{"embeddable":true,"href":"https:\/\/clam.org.br\/es\/wp-json\/wp\/v2\/comments?post=33668"}],"version-history":[{"count":0,"href":"https:\/\/clam.org.br\/es\/wp-json\/wp\/v2\/posts\/33668\/revisions"}],"wp:attachment":[{"href":"https:\/\/clam.org.br\/es\/wp-json\/wp\/v2\/media?parent=33668"}],"wp:term":[{"taxonomy":"category","embeddable":true,"href":"https:\/\/clam.org.br\/es\/wp-json\/wp\/v2\/categories?post=33668"},{"taxonomy":"post_tag","embeddable":true,"href":"https:\/\/clam.org.br\/es\/wp-json\/wp\/v2\/tags?post=33668"}],"curies":[{"name":"wp","href":"https:\/\/api.w.org\/{rel}","templated":true}]}}